{"id":227039,"date":"2024-05-29T11:27:50","date_gmt":"2024-05-29T09:27:50","guid":{"rendered":"https:\/\/www.prijedordanas.com\/?p=227039"},"modified":"2024-05-29T11:27:50","modified_gmt":"2024-05-29T09:27:50","slug":"boracka-organizacija-prijedor-inicijativa-za-izgradnju-spomenika-djeci-ubijenoj-u-drugom-svjetskom-ratu","status":"publish","type":"post","link":"https:\/\/www.prijedordanas.com\/?p=227039","title":{"rendered":"Bora\u010dka organizacija Prijedor: Inicijativa za izgradnju spomenika djeci ubijenoj u Drugom svjetskom ratu"},"content":{"rendered":"<p><a href=\"https:\/\/www.prijedordanas.com\/wp-content\/uploads\/2024\/05\/boracka-organizacija-prijedor-inicijativa-za-spomenik.jpg\"><img loading=\"lazy\" decoding=\"async\" src=\"https:\/\/www.prijedordanas.com\/wp-content\/uploads\/2024\/05\/boracka-organizacija-prijedor-inicijativa-za-spomenik-300x225.jpg\" alt=\"\" width=\"300\" height=\"225\" class=\"alignleft size-medium wp-image-227040\" srcset=\"https:\/\/www.prijedordanas.com\/wp-content\/uploads\/2024\/05\/boracka-organizacija-prijedor-inicijativa-za-spomenik-300x225.jpg 300w, https:\/\/www.prijedordanas.com\/wp-content\/uploads\/2024\/05\/boracka-organizacija-prijedor-inicijativa-za-spomenik-640x480.jpg 640w, https:\/\/www.prijedordanas.com\/wp-content\/uploads\/2024\/05\/boracka-organizacija-prijedor-inicijativa-za-spomenik.jpg 667w\" sizes=\"(max-width: 300px) 100vw, 300px\" \/><\/a>Predsjedni\u0161tvo Bora\u010dke organizacije grada Prijedora usvojilo je zaklju\u010dak da Skup\u0161tini grada bude upu\u0107ena inicijativa za izgradnju spomenika djeci do 15 godina ubijenoj u Drugom svjetskom ratu, izjavio je predsjednik ove organizacije Vojislav Kondi\u0107.<\/p>\n<p>&#8220;Rije\u010d je o vi\u0161e od 1.200 srpske djece koju su ubili muslimani, Hrvati i Nijemci iz tada\u0161njeg sreza Prijedor, a koja nikada nisu dobila zvani\u010dno obilje\u017eje na podru\u010dju grada&#8221;, rekao je novinarima Kondi\u0107 nakon sjednice Predsjedni\u0161tva gradske Bora\u010dke organizacije.<\/p>\n<p>On je dodao da namjera Bora\u010dke organizacije nije da umanji tu\u0111e \u017ertve.<\/p>\n<p>&#8220;Djeca, bez obzira na vjeru, naciju i vrijeme kada su stradali, zaslu\u017euju takvu vrstu po\u0161tovanja kao opomenu za sve budu\u0107e generacije i nara\u0161taje da se rat nikada vi\u0161e ne ponovi&#8221;, rekao je Kondi\u0107.<\/p>\n<p>On je naveo da je ovo bila redovna izvje\u0161tajna sjednica Predsjedni\u0161tva pro\u0161irena komisijama predvi\u0111enim statutom na kojoj su podneseni izvje\u0161taj o radu u prethodna dva mjeseca i planovi za naredni period.<\/p>\n<p>&#8220;Predsjedni\u0161tvo je na sjednici utvrdilo priznanje Bora\u010dke organizacije pod nazivom Plaketa poginulim i ranjenim braniocima grada Prijedora&#8221;, rekao je Kondi\u0107.<\/p>\n<p>On je dodao da \u0107e ova priznanja biti uru\u010dena porodicama 15 poginulih branioca Prijedora i za 26 ranjenih sugra\u0111ana prilikom odbrane grada tog 30. maja.<\/p>\n<p>\u010clanovi Predsjedni\u0161tva gradske Bora\u010dke organizacije su nakon sjednice prislu\u017eili svije\u0107e kod spomenika poginulim boprcima Odbrambeno-otad\u017ebisnkog rata &#8220;Za krst \u010dasni&#8221;.<\/p>\n<p>Projekcijom dokumentarnog filma &#8220;Misija- Dan odbrane grada&#8221; od 19.30 \u010dasova u bioskopu &#8220;Kozara&#8221;, u Prijedoru ove srijede po\u010dinje obilje\u017eavanje Dana odbrane grada.<\/p>\n<p>Nakon ove projekcije i prigodnih obra\u0107anja bi\u0107e uru\u010dene Plakete koje je utvrdila Bora\u010dka organizacija grada za porodice 15 poginulih i 26 ranjenih branioca grada. <\/p>\n<p>SRNA<\/p>\n","protected":false},"excerpt":{"rendered":"<p>Predsjedni\u0161tvo Bora\u010dke organizacije grada Prijedora usvojilo je zaklju\u010dak da Skup\u0161tini grada bude upu\u0107ena inicijativa za izgradnju spomenika djeci do 15 godina ubijenoj u Drugom svjetskom ratu, izjavio je predsjednik ove [&hellip;]<\/p>\n","protected":false},"author":1,"featured_media":0,"comment_status":"closed","ping_status":"open","sticky":false,"template":"","format":"standard","meta":{"_monsterinsights_skip_tracking":false,"_monsterinsights_sitenote_active":false,"_monsterinsights_sitenote_note":"","_monsterinsights_sitenote_category":0,"footnotes":""},"categories":[8],"tags":[],"yoast_head":"<!-- This site is optimized with the Yoast SEO plugin v21.6 - https:\/\/yoast.com\/wordpress\/plugins\/seo\/ -->\n<title>Bora\u010dka organizacija Prijedor: Inicijativa za izgradnju spomenika djeci ubijenoj u Drugom svjetskom ratu - PrijedorDanas.com - Prijedorski gradski portal<\/title>\n<meta name=\"robots\" content=\"index, follow, max-snippet:-1, max-image-preview:large, max-video-preview:-1\" \/>\n<link rel=\"canonical\" href=\"https:\/\/www.prijedordanas.com\/?p=227039\" \/>\n<meta property=\"og:locale\" content=\"en_US\" \/>\n<meta property=\"og:type\" content=\"article\" \/>\n<meta property=\"og:title\" content=\"Bora\u010dka organizacija Prijedor: Inicijativa za izgradnju spomenika djeci ubijenoj u Drugom svjetskom ratu - PrijedorDanas.com - Prijedorski gradski portal\" \/>\n<meta property=\"og:description\" content=\"Predsjedni\u0161tvo Bora\u010dke organizacije grada Prijedora usvojilo je zaklju\u010dak da Skup\u0161tini grada bude upu\u0107ena inicijativa za izgradnju spomenika djeci do 15 godina ubijenoj u Drugom svjetskom ratu, izjavio je predsjednik ove [&hellip;]\" \/>\n<meta property=\"og:url\" content=\"https:\/\/www.prijedordanas.com\/?p=227039\" \/>\n<meta property=\"og:site_name\" content=\"PrijedorDanas.com - Prijedorski gradski portal\" \/>\n<meta property=\"article:publisher\" content=\"https:\/\/www.facebook.com\/PrijedorDanasCom\/\" \/>\n<meta property=\"article:published_time\" content=\"2024-05-29T09:27:50+00:00\" \/>\n<meta property=\"og:image\" content=\"https:\/\/www.prijedordanas.com\/wp-content\/uploads\/2024\/05\/boracka-organizacija-prijedor-inicijativa-za-spomenik-300x225.jpg\" \/>\n<meta name=\"author\" content=\"admin\" \/>\n<meta name=\"twitter:card\" content=\"summary_large_image\" \/>\n<meta name=\"twitter:label1\" content=\"Written by\" \/>\n\t<meta name=\"twitter:data1\" content=\"admin\" \/>\n<script type=\"application\/ld+json\" class=\"yoast-schema-graph\">{\"@context\":\"https:\/\/schema.org\",\"@graph\":[{\"@type\":\"Article\",\"@id\":\"https:\/\/www.prijedordanas.com\/?p=227039#article\",\"isPartOf\":{\"@id\":\"https:\/\/www.prijedordanas.com\/?p=227039\"},\"author\":{\"name\":\"admin\",\"@id\":\"https:\/\/www.prijedordanas.com\/#\/schema\/person\/4e08ccf29b506ca916ff86d46bb700e6\"},\"headline\":\"Bora\u010dka organizacija Prijedor: Inicijativa za izgradnju spomenika djeci ubijenoj u Drugom svjetskom ratu\",\"datePublished\":\"2024-05-29T09:27:50+00:00\",\"dateModified\":\"2024-05-29T09:27:50+00:00\",\"mainEntityOfPage\":{\"@id\":\"https:\/\/www.prijedordanas.com\/?p=227039\"},\"wordCount\":304,\"publisher\":{\"@id\":\"https:\/\/www.prijedordanas.com\/#organization\"},\"articleSection\":[\"Svakodnevno\"],\"inLanguage\":\"en-US\"},{\"@type\":\"WebPage\",\"@id\":\"https:\/\/www.prijedordanas.com\/?p=227039\",\"url\":\"https:\/\/www.prijedordanas.com\/?p=227039\",\"name\":\"Bora\u010dka organizacija Prijedor: Inicijativa za izgradnju spomenika djeci ubijenoj u Drugom svjetskom ratu - PrijedorDanas.com - Prijedorski gradski portal\",\"isPartOf\":{\"@id\":\"https:\/\/www.prijedordanas.com\/#website\"},\"datePublished\":\"2024-05-29T09:27:50+00:00\",\"dateModified\":\"2024-05-29T09:27:50+00:00\",\"breadcrumb\":{\"@id\":\"https:\/\/www.prijedordanas.com\/?p=227039#breadcrumb\"},\"inLanguage\":\"en-US\",\"potentialAction\":[{\"@type\":\"ReadAction\",\"target\":[\"https:\/\/www.prijedordanas.com\/?p=227039\"]}]},{\"@type\":\"BreadcrumbList\",\"@id\":\"https:\/\/www.prijedordanas.com\/?p=227039#breadcrumb\",\"itemListElement\":[{\"@type\":\"ListItem\",\"position\":1,\"name\":\"Home\",\"item\":\"https:\/\/www.prijedordanas.com\/\"},{\"@type\":\"ListItem\",\"position\":2,\"name\":\"Bora\u010dka organizacija Prijedor: Inicijativa za izgradnju spomenika djeci ubijenoj u Drugom svjetskom ratu\"}]},{\"@type\":\"WebSite\",\"@id\":\"https:\/\/www.prijedordanas.com\/#website\",\"url\":\"https:\/\/www.prijedordanas.com\/\",\"name\":\"PrijedorDanas.com - Prijedorski gradski portal\",\"description\":\"Portal o doga\u0111anjima u gradu Prijedoru\",\"publisher\":{\"@id\":\"https:\/\/www.prijedordanas.com\/#organization\"},\"potentialAction\":[{\"@type\":\"SearchAction\",\"target\":{\"@type\":\"EntryPoint\",\"urlTemplate\":\"https:\/\/www.prijedordanas.com\/?s={search_term_string}\"},\"query-input\":\"required name=search_term_string\"}],\"inLanguage\":\"en-US\"},{\"@type\":\"Organization\",\"@id\":\"https:\/\/www.prijedordanas.com\/#organization\",\"name\":\"PrijedorDanas.com\",\"url\":\"https:\/\/www.prijedordanas.com\/\",\"logo\":{\"@type\":\"ImageObject\",\"inLanguage\":\"en-US\",\"@id\":\"https:\/\/www.prijedordanas.com\/#\/schema\/logo\/image\/\",\"url\":\"http:\/\/www.prijedordanas.com\/wp-content\/uploads\/2021\/12\/logopng.png\",\"contentUrl\":\"http:\/\/www.prijedordanas.com\/wp-content\/uploads\/2021\/12\/logopng.png\",\"width\":1019,\"height\":776,\"caption\":\"PrijedorDanas.com\"},\"image\":{\"@id\":\"https:\/\/www.prijedordanas.com\/#\/schema\/logo\/image\/\"},\"sameAs\":[\"https:\/\/www.facebook.com\/PrijedorDanasCom\/\"]},{\"@type\":\"Person\",\"@id\":\"https:\/\/www.prijedordanas.com\/#\/schema\/person\/4e08ccf29b506ca916ff86d46bb700e6\",\"name\":\"admin\",\"image\":{\"@type\":\"ImageObject\",\"inLanguage\":\"en-US\",\"@id\":\"https:\/\/www.prijedordanas.com\/#\/schema\/person\/image\/\",\"url\":\"https:\/\/secure.gravatar.com\/avatar\/1d3fc949d550f0b53a5f0d51e06dfd79?s=96&d=mm&r=g\",\"contentUrl\":\"https:\/\/secure.gravatar.com\/avatar\/1d3fc949d550f0b53a5f0d51e06dfd79?s=96&d=mm&r=g\",\"caption\":\"admin\"},\"url\":\"https:\/\/www.prijedordanas.com\/?author=1\"}]}<\/script>\n<!-- \/ Yoast SEO plugin. -->","yoast_head_json":{"title":"Bora\u010dka organizacija Prijedor: Inicijativa za izgradnju spomenika djeci ubijenoj u Drugom svjetskom ratu - PrijedorDanas.com - Prijedorski gradski portal","robots":{"index":"index","follow":"follow","max-snippet":"max-snippet:-1","max-image-preview":"max-image-preview:large","max-video-preview":"max-video-preview:-1"},"canonical":"https:\/\/www.prijedordanas.com\/?p=227039","og_locale":"en_US","og_type":"article","og_title":"Bora\u010dka organizacija Prijedor: Inicijativa za izgradnju spomenika djeci ubijenoj u Drugom svjetskom ratu - PrijedorDanas.com - Prijedorski gradski portal","og_description":"Predsjedni\u0161tvo Bora\u010dke organizacije grada Prijedora usvojilo je zaklju\u010dak da Skup\u0161tini grada bude upu\u0107ena inicijativa za izgradnju spomenika djeci do 15 godina ubijenoj u Drugom svjetskom ratu, izjavio je predsjednik ove [&hellip;]","og_url":"https:\/\/www.prijedordanas.com\/?p=227039","og_site_name":"PrijedorDanas.com - Prijedorski gradski portal","article_publisher":"https:\/\/www.facebook.com\/PrijedorDanasCom\/","article_published_time":"2024-05-29T09:27:50+00:00","og_image":[{"url":"https:\/\/www.prijedordanas.com\/wp-content\/uploads\/2024\/05\/boracka-organizacija-prijedor-inicijativa-za-spomenik-300x225.jpg"}],"author":"admin","twitter_card":"summary_large_image","twitter_misc":{"Written by":"admin"},"schema":{"@context":"https:\/\/schema.org","@graph":[{"@type":"Article","@id":"https:\/\/www.prijedordanas.com\/?p=227039#article","isPartOf":{"@id":"https:\/\/www.prijedordanas.com\/?p=227039"},"author":{"name":"admin","@id":"https:\/\/www.prijedordanas.com\/#\/schema\/person\/4e08ccf29b506ca916ff86d46bb700e6"},"headline":"Bora\u010dka organizacija Prijedor: Inicijativa za izgradnju spomenika djeci ubijenoj u Drugom svjetskom ratu","datePublished":"2024-05-29T09:27:50+00:00","dateModified":"2024-05-29T09:27:50+00:00","mainEntityOfPage":{"@id":"https:\/\/www.prijedordanas.com\/?p=227039"},"wordCount":304,"publisher":{"@id":"https:\/\/www.prijedordanas.com\/#organization"},"articleSection":["Svakodnevno"],"inLanguage":"en-US"},{"@type":"WebPage","@id":"https:\/\/www.prijedordanas.com\/?p=227039","url":"https:\/\/www.prijedordanas.com\/?p=227039","name":"Bora\u010dka organizacija Prijedor: Inicijativa za izgradnju spomenika djeci ubijenoj u Drugom svjetskom ratu - PrijedorDanas.com - Prijedorski gradski portal","isPartOf":{"@id":"https:\/\/www.prijedordanas.com\/#website"},"datePublished":"2024-05-29T09:27:50+00:00","dateModified":"2024-05-29T09:27:50+00:00","breadcrumb":{"@id":"https:\/\/www.prijedordanas.com\/?p=227039#breadcrumb"},"inLanguage":"en-US","potentialAction":[{"@type":"ReadAction","target":["https:\/\/www.prijedordanas.com\/?p=227039"]}]},{"@type":"BreadcrumbList","@id":"https:\/\/www.prijedordanas.com\/?p=227039#breadcrumb","itemListElement":[{"@type":"ListItem","position":1,"name":"Home","item":"https:\/\/www.prijedordanas.com\/"},{"@type":"ListItem","position":2,"name":"Bora\u010dka organizacija Prijedor: Inicijativa za izgradnju spomenika djeci ubijenoj u Drugom svjetskom ratu"}]},{"@type":"WebSite","@id":"https:\/\/www.prijedordanas.com\/#website","url":"https:\/\/www.prijedordanas.com\/","name":"PrijedorDanas.com - Prijedorski gradski portal","description":"Portal o doga\u0111anjima u gradu Prijedoru","publisher":{"@id":"https:\/\/www.prijedordanas.com\/#organization"},"potentialAction":[{"@type":"SearchAction","target":{"@type":"EntryPoint","urlTemplate":"https:\/\/www.prijedordanas.com\/?s={search_term_string}"},"query-input":"required name=search_term_string"}],"inLanguage":"en-US"},{"@type":"Organization","@id":"https:\/\/www.prijedordanas.com\/#organization","name":"PrijedorDanas.com","url":"https:\/\/www.prijedordanas.com\/","logo":{"@type":"ImageObject","inLanguage":"en-US","@id":"https:\/\/www.prijedordanas.com\/#\/schema\/logo\/image\/","url":"http:\/\/www.prijedordanas.com\/wp-content\/uploads\/2021\/12\/logopng.png","contentUrl":"http:\/\/www.prijedordanas.com\/wp-content\/uploads\/2021\/12\/logopng.png","width":1019,"height":776,"caption":"PrijedorDanas.com"},"image":{"@id":"https:\/\/www.prijedordanas.com\/#\/schema\/logo\/image\/"},"sameAs":["https:\/\/www.facebook.com\/PrijedorDanasCom\/"]},{"@type":"Person","@id":"https:\/\/www.prijedordanas.com\/#\/schema\/person\/4e08ccf29b506ca916ff86d46bb700e6","name":"admin","image":{"@type":"ImageObject","inLanguage":"en-US","@id":"https:\/\/www.prijedordanas.com\/#\/schema\/person\/image\/","url":"https:\/\/secure.gravatar.com\/avatar\/1d3fc949d550f0b53a5f0d51e06dfd79?s=96&d=mm&r=g","contentUrl":"https:\/\/secure.gravatar.com\/avatar\/1d3fc949d550f0b53a5f0d51e06dfd79?s=96&d=mm&r=g","caption":"admin"},"url":"https:\/\/www.prijedordanas.com\/?author=1"}]}},"_links":{"self":[{"href":"https:\/\/www.prijedordanas.com\/index.php?rest_route=\/wp\/v2\/posts\/227039"}],"collection":[{"href":"https:\/\/www.prijedordanas.com\/index.php?rest_route=\/wp\/v2\/posts"}],"about":[{"href":"https:\/\/www.prijedordanas.com\/index.php?rest_route=\/wp\/v2\/types\/post"}],"author":[{"embeddable":true,"href":"https:\/\/www.prijedordanas.com\/index.php?rest_route=\/wp\/v2\/users\/1"}],"replies":[{"embeddable":true,"href":"https:\/\/www.prijedordanas.com\/index.php?rest_route=%2Fwp%2Fv2%2Fcomments&post=227039"}],"version-history":[{"count":1,"href":"https:\/\/www.prijedordanas.com\/index.php?rest_route=\/wp\/v2\/posts\/227039\/revisions"}],"predecessor-version":[{"id":227041,"href":"https:\/\/www.prijedordanas.com\/index.php?rest_route=\/wp\/v2\/posts\/227039\/revisions\/227041"}],"wp:attachment":[{"href":"https:\/\/www.prijedordanas.com\/index.php?rest_route=%2Fwp%2Fv2%2Fmedia&parent=227039"}],"wp:term":[{"taxonomy":"category","embeddable":true,"href":"https:\/\/www.prijedordanas.com\/index.php?rest_route=%2Fwp%2Fv2%2Fcategories&post=227039"},{"taxonomy":"post_tag","embeddable":true,"href":"https:\/\/www.prijedordanas.com\/index.php?rest_route=%2Fwp%2Fv2%2Ftags&post=227039"}],"curies":[{"name":"wp","href":"https:\/\/api.w.org\/{rel}","templated":true}]}}