{"id":226981,"date":"2024-05-28T11:29:49","date_gmt":"2024-05-28T09:29:49","guid":{"rendered":"https:\/\/www.prijedordanas.com\/?p=226981"},"modified":"2024-05-28T19:03:05","modified_gmt":"2024-05-28T17:03:05","slug":"galerija-sreten-stojanovic-prijedor-odrzano-knjizevno-vece-posveceno-motivu-neba-u-knjizevnosti-foto","status":"publish","type":"post","link":"https:\/\/www.prijedordanas.com\/?p=226981","title":{"rendered":"Galerija &#8220;Sreten Stojanovi\u0107&#8221; Prijedor: Odr\u017eano knji\u017eevno ve\u010de posve\u0107eno motivu neba u knji\u017eevnosti &#8211; FOTO\/VIDEO"},"content":{"rendered":"<p><a href=\"https:\/\/www.prijedordanas.com\/wp-content\/uploads\/2024\/05\/kozarski-galerija-nebo-u-knjizevnosti-1.jpg\"><img loading=\"lazy\" decoding=\"async\" class=\"alignleft size-medium wp-image-226982\" src=\"https:\/\/www.prijedordanas.com\/wp-content\/uploads\/2024\/05\/kozarski-galerija-nebo-u-knjizevnosti-1-300x225.jpg\" alt=\"\" width=\"300\" height=\"225\" srcset=\"https:\/\/www.prijedordanas.com\/wp-content\/uploads\/2024\/05\/kozarski-galerija-nebo-u-knjizevnosti-1-300x225.jpg 300w, https:\/\/www.prijedordanas.com\/wp-content\/uploads\/2024\/05\/kozarski-galerija-nebo-u-knjizevnosti-1-640x480.jpg 640w, https:\/\/www.prijedordanas.com\/wp-content\/uploads\/2024\/05\/kozarski-galerija-nebo-u-knjizevnosti-1.jpg 667w\" sizes=\"(max-width: 300px) 100vw, 300px\" \/><\/a>\u201cIgra svjetlosti i mraka \u2013 Nebo u knji\u017eevnosti\u201d naziv je poetske ve\u010deri odr\u017eane u Galeriji \u201eSreten Stojanovi\u0107\u201c.<\/p>\n<p>\u010clanice Poetskog teatra \u201eSaputnici\u201c Valentina Koprena, Bojana Kova\u010devi\u0107, Marija Vasi\u0107, Angelina Simi\u0107, Milica Popovi\u0107 i Sanja Miki\u0107, prikazale su prijedorskoj publici, kroz djela poznatih pisaca, svoju viziju motiva neba u knji\u017eevnosti.<\/p>\n<p>\u201cPoentom \u2018Ne dam ovo nebo na dlanu\u2019, poku\u0161ale smo da u \u010dovjeku probudimo ljubav prema prirodi, prema okru\u017eenju i prema nebu svoje dr\u017eave. U tom duhu \u010ditale smo i odlomke Milo\u0161a Crnjanskog gdje spominjemo nebo Slovenije, nebo Hrvatskog zagorja, nebo Bosne i nebo Srbije. Poku\u0161avamo prona\u0107i na\u010din da probudimo ljubav prema domovini, prema svom zavi\u010daju, svom podneblju i ljubav prema ljudima, a prije svega kroz to nebesko i bo\u017eansko\u201d, rekla Sanja Miki\u0107.<\/p>\n<p><a href=\"https:\/\/www.prijedordanas.com\/wp-content\/uploads\/2024\/05\/kozarski-galerija-nebo-u-knjizevnosti-2.jpg\"><img loading=\"lazy\" decoding=\"async\" class=\"alignleft size-medium wp-image-226983\" src=\"https:\/\/www.prijedordanas.com\/wp-content\/uploads\/2024\/05\/kozarski-galerija-nebo-u-knjizevnosti-2-300x187.jpg\" alt=\"\" width=\"300\" height=\"187\" srcset=\"https:\/\/www.prijedordanas.com\/wp-content\/uploads\/2024\/05\/kozarski-galerija-nebo-u-knjizevnosti-2-300x187.jpg 300w, https:\/\/www.prijedordanas.com\/wp-content\/uploads\/2024\/05\/kozarski-galerija-nebo-u-knjizevnosti-2.jpg 600w\" sizes=\"(max-width: 300px) 100vw, 300px\" \/><\/a>Jovan Du\u010di\u0107, Vojislav Ili\u0107, Vasko Popa, Stevan Rai\u010dkovi\u0107, Mika Anti\u0107 i Milutin Boji\u0107 samo su neki od mnogobrojnih autora \u010dije su stihove \u010dlanice ovog teatra recitovale na veoma ma\u0161tovit na\u010din isprepleten scenskom sugestijom.<\/p>\n<p>\u201cNa\u0161 poetski teatar okuplja sve studente kako sa srpskog tako sa ruskog, engleskog, njema\u010dkog i ostalih jezika. Atmosfera je kolegijalna, svi smo tu jedni za druge i u\u017eivamo u poeziji. Volimo knji\u017eevnost, u\u017eivamo u njoj i govorimo knji\u017eevnost. Nebo je svakako jedan od \u010destih motiva u knji\u017eevnosti koji iza sebe ima \u0161iroku simboliku. Uklopili smo i spojili svjetlost i tamu, napravili smo i scenu da tako izgleda, da jedna strana bude tamna kao no\u0107, a druga svijetla kao dan\u201d, navela je Marija Vasi\u0107.<\/p>\n<p><a href=\"https:\/\/www.prijedordanas.com\/wp-content\/uploads\/2024\/05\/kozarski-galerija-nebo-u-knjizevnosti-3.jpg\"><img loading=\"lazy\" decoding=\"async\" src=\"https:\/\/www.prijedordanas.com\/wp-content\/uploads\/2024\/05\/kozarski-galerija-nebo-u-knjizevnosti-3-300x187.jpg\" alt=\"\" width=\"300\" height=\"187\" class=\"alignleft size-medium wp-image-226984\" srcset=\"https:\/\/www.prijedordanas.com\/wp-content\/uploads\/2024\/05\/kozarski-galerija-nebo-u-knjizevnosti-3-300x187.jpg 300w, https:\/\/www.prijedordanas.com\/wp-content\/uploads\/2024\/05\/kozarski-galerija-nebo-u-knjizevnosti-3.jpg 600w\" sizes=\"(max-width: 300px) 100vw, 300px\" \/><\/a>Iz Gradske uprave podsje\u0107aju da je Prijedor doma\u0107in velikog broja kulturnih de\u0161avanja.<\/p>\n<p>\u201cGrad Prijedor je grad koji podr\u017eava kulturne manifestacije i doga\u0111aje i ovo je samo jedna u nizu takvih. Imamo priliku da vidimo jo\u0161 uvijek izlo\u017ebu Mire Maodu\u0161 na \u0161ta smo posebno ponosni i trudimo se da oplemenjujemo na\u0161 grad svakodnevno mnogim aktivnostima i sadr\u017eajima\u201d, rekao je Aleksandar Milje\u0161i\u0107, na\u010delnik Odjeljenja za kulturu, me\u0111unarodnu saradnju, sport i nevladine organizacije.<\/p>\n<p>Jedna od aktivnosti u okviru obilje\u017eavanja deset godina postojanja Poetskog teatra \u201eSaputnici\u201c je i ovo knji\u017eevno ve\u010de koje su organizovali Galerija \u201eSreten Stojanovi\u0107\u201c i Filolo\u0161ki fakultet iz Banjaluke.<\/p>\n<p><strong><a href=\"https:\/\/kozarski.com\/odrzano-knjizevno-vece-posveceno-motivu-neba-u-knjizevnosti\/\" target=\"_blank\" rel=\"noopener\">kozarski.com<\/a><\/strong><\/p>\n<p><iframe loading=\"lazy\" title=\"ODR\u017dANO KNJI\u017dEVNO VE\u010cE POETSKOG TEATRA &quot;SAPUTNICI&quot;\" width=\"500\" height=\"281\" src=\"https:\/\/www.youtube.com\/embed\/yIp3M0g8RNU?feature=oembed\" frameborder=\"0\" allow=\"accelerometer; autoplay; clipboard-write; encrypted-media; gyroscope; picture-in-picture; web-share\" referrerpolicy=\"strict-origin-when-cross-origin\" allowfullscreen><\/iframe><\/p>\n","protected":false},"excerpt":{"rendered":"<p>\u201cIgra svjetlosti i mraka \u2013 Nebo u knji\u017eevnosti\u201d naziv je poetske ve\u010deri odr\u017eane u Galeriji \u201eSreten Stojanovi\u0107\u201c. \u010clanice Poetskog teatra \u201eSaputnici\u201c Valentina Koprena, Bojana Kova\u010devi\u0107, Marija Vasi\u0107, Angelina Simi\u0107, Milica [&hellip;]<\/p>\n","protected":false},"author":1,"featured_media":0,"comment_status":"closed","ping_status":"open","sticky":false,"template":"","format":"standard","meta":{"_monsterinsights_skip_tracking":false,"_monsterinsights_sitenote_active":false,"_monsterinsights_sitenote_note":"","_monsterinsights_sitenote_category":0,"footnotes":""},"categories":[6],"tags":[],"yoast_head":"<!-- This site is optimized with the Yoast SEO plugin v21.6 - https:\/\/yoast.com\/wordpress\/plugins\/seo\/ -->\n<title>Galerija &quot;Sreten Stojanovi\u0107&quot; Prijedor: Odr\u017eano knji\u017eevno ve\u010de posve\u0107eno motivu neba u knji\u017eevnosti - FOTO\/VIDEO - PrijedorDanas.com - Prijedorski gradski portal<\/title>\n<meta name=\"robots\" content=\"index, follow, max-snippet:-1, max-image-preview:large, max-video-preview:-1\" \/>\n<link rel=\"canonical\" href=\"https:\/\/www.prijedordanas.com\/?p=226981\" \/>\n<meta property=\"og:locale\" content=\"en_US\" \/>\n<meta property=\"og:type\" content=\"article\" \/>\n<meta property=\"og:title\" content=\"Galerija &quot;Sreten Stojanovi\u0107&quot; Prijedor: Odr\u017eano knji\u017eevno ve\u010de posve\u0107eno motivu neba u knji\u017eevnosti - FOTO\/VIDEO - PrijedorDanas.com - Prijedorski gradski portal\" \/>\n<meta property=\"og:description\" content=\"\u201cIgra svjetlosti i mraka \u2013 Nebo u knji\u017eevnosti\u201d naziv je poetske ve\u010deri odr\u017eane u Galeriji \u201eSreten Stojanovi\u0107\u201c. \u010clanice Poetskog teatra \u201eSaputnici\u201c Valentina Koprena, Bojana Kova\u010devi\u0107, Marija Vasi\u0107, Angelina Simi\u0107, Milica [&hellip;]\" \/>\n<meta property=\"og:url\" content=\"https:\/\/www.prijedordanas.com\/?p=226981\" \/>\n<meta property=\"og:site_name\" content=\"PrijedorDanas.com - Prijedorski gradski portal\" \/>\n<meta property=\"article:publisher\" content=\"https:\/\/www.facebook.com\/PrijedorDanasCom\/\" \/>\n<meta property=\"article:published_time\" content=\"2024-05-28T09:29:49+00:00\" \/>\n<meta property=\"article:modified_time\" content=\"2024-05-28T17:03:05+00:00\" \/>\n<meta property=\"og:image\" content=\"https:\/\/www.prijedordanas.com\/wp-content\/uploads\/2024\/05\/kozarski-galerija-nebo-u-knjizevnosti-1-300x225.jpg\" \/>\n<meta name=\"author\" content=\"admin\" \/>\n<meta name=\"twitter:card\" content=\"summary_large_image\" \/>\n<meta name=\"twitter:label1\" content=\"Written by\" \/>\n\t<meta name=\"twitter:data1\" content=\"admin\" \/>\n\t<meta name=\"twitter:label2\" content=\"Est. reading time\" \/>\n\t<meta name=\"twitter:data2\" content=\"3 minutes\" \/>\n<script type=\"application\/ld+json\" class=\"yoast-schema-graph\">{\"@context\":\"https:\/\/schema.org\",\"@graph\":[{\"@type\":\"Article\",\"@id\":\"https:\/\/www.prijedordanas.com\/?p=226981#article\",\"isPartOf\":{\"@id\":\"https:\/\/www.prijedordanas.com\/?p=226981\"},\"author\":{\"name\":\"admin\",\"@id\":\"https:\/\/www.prijedordanas.com\/#\/schema\/person\/4e08ccf29b506ca916ff86d46bb700e6\"},\"headline\":\"Galerija &#8220;Sreten Stojanovi\u0107&#8221; Prijedor: Odr\u017eano knji\u017eevno ve\u010de posve\u0107eno motivu neba u knji\u017eevnosti &#8211; FOTO\/VIDEO\",\"datePublished\":\"2024-05-28T09:29:49+00:00\",\"dateModified\":\"2024-05-28T17:03:05+00:00\",\"mainEntityOfPage\":{\"@id\":\"https:\/\/www.prijedordanas.com\/?p=226981\"},\"wordCount\":404,\"publisher\":{\"@id\":\"https:\/\/www.prijedordanas.com\/#organization\"},\"articleSection\":[\"Kultura\"],\"inLanguage\":\"en-US\"},{\"@type\":\"WebPage\",\"@id\":\"https:\/\/www.prijedordanas.com\/?p=226981\",\"url\":\"https:\/\/www.prijedordanas.com\/?p=226981\",\"name\":\"Galerija \\\"Sreten Stojanovi\u0107\\\" Prijedor: Odr\u017eano knji\u017eevno ve\u010de posve\u0107eno motivu neba u knji\u017eevnosti - FOTO\/VIDEO - PrijedorDanas.com - Prijedorski gradski portal\",\"isPartOf\":{\"@id\":\"https:\/\/www.prijedordanas.com\/#website\"},\"datePublished\":\"2024-05-28T09:29:49+00:00\",\"dateModified\":\"2024-05-28T17:03:05+00:00\",\"breadcrumb\":{\"@id\":\"https:\/\/www.prijedordanas.com\/?p=226981#breadcrumb\"},\"inLanguage\":\"en-US\",\"potentialAction\":[{\"@type\":\"ReadAction\",\"target\":[\"https:\/\/www.prijedordanas.com\/?p=226981\"]}]},{\"@type\":\"BreadcrumbList\",\"@id\":\"https:\/\/www.prijedordanas.com\/?p=226981#breadcrumb\",\"itemListElement\":[{\"@type\":\"ListItem\",\"position\":1,\"name\":\"Home\",\"item\":\"https:\/\/www.prijedordanas.com\/\"},{\"@type\":\"ListItem\",\"position\":2,\"name\":\"Galerija &#8220;Sreten Stojanovi\u0107&#8221; Prijedor: Odr\u017eano knji\u017eevno ve\u010de posve\u0107eno motivu neba u knji\u017eevnosti &#8211; FOTO\/VIDEO\"}]},{\"@type\":\"WebSite\",\"@id\":\"https:\/\/www.prijedordanas.com\/#website\",\"url\":\"https:\/\/www.prijedordanas.com\/\",\"name\":\"PrijedorDanas.com - Prijedorski gradski portal\",\"description\":\"Portal o doga\u0111anjima u gradu Prijedoru\",\"publisher\":{\"@id\":\"https:\/\/www.prijedordanas.com\/#organization\"},\"potentialAction\":[{\"@type\":\"SearchAction\",\"target\":{\"@type\":\"EntryPoint\",\"urlTemplate\":\"https:\/\/www.prijedordanas.com\/?s={search_term_string}\"},\"query-input\":\"required name=search_term_string\"}],\"inLanguage\":\"en-US\"},{\"@type\":\"Organization\",\"@id\":\"https:\/\/www.prijedordanas.com\/#organization\",\"name\":\"PrijedorDanas.com\",\"url\":\"https:\/\/www.prijedordanas.com\/\",\"logo\":{\"@type\":\"ImageObject\",\"inLanguage\":\"en-US\",\"@id\":\"https:\/\/www.prijedordanas.com\/#\/schema\/logo\/image\/\",\"url\":\"http:\/\/www.prijedordanas.com\/wp-content\/uploads\/2021\/12\/logopng.png\",\"contentUrl\":\"http:\/\/www.prijedordanas.com\/wp-content\/uploads\/2021\/12\/logopng.png\",\"width\":1019,\"height\":776,\"caption\":\"PrijedorDanas.com\"},\"image\":{\"@id\":\"https:\/\/www.prijedordanas.com\/#\/schema\/logo\/image\/\"},\"sameAs\":[\"https:\/\/www.facebook.com\/PrijedorDanasCom\/\"]},{\"@type\":\"Person\",\"@id\":\"https:\/\/www.prijedordanas.com\/#\/schema\/person\/4e08ccf29b506ca916ff86d46bb700e6\",\"name\":\"admin\",\"image\":{\"@type\":\"ImageObject\",\"inLanguage\":\"en-US\",\"@id\":\"https:\/\/www.prijedordanas.com\/#\/schema\/person\/image\/\",\"url\":\"https:\/\/secure.gravatar.com\/avatar\/1d3fc949d550f0b53a5f0d51e06dfd79?s=96&d=mm&r=g\",\"contentUrl\":\"https:\/\/secure.gravatar.com\/avatar\/1d3fc949d550f0b53a5f0d51e06dfd79?s=96&d=mm&r=g\",\"caption\":\"admin\"},\"url\":\"https:\/\/www.prijedordanas.com\/?author=1\"}]}<\/script>\n<!-- \/ Yoast SEO plugin. -->","yoast_head_json":{"title":"Galerija \"Sreten Stojanovi\u0107\" Prijedor: Odr\u017eano knji\u017eevno ve\u010de posve\u0107eno motivu neba u knji\u017eevnosti - FOTO\/VIDEO - PrijedorDanas.com - Prijedorski gradski portal","robots":{"index":"index","follow":"follow","max-snippet":"max-snippet:-1","max-image-preview":"max-image-preview:large","max-video-preview":"max-video-preview:-1"},"canonical":"https:\/\/www.prijedordanas.com\/?p=226981","og_locale":"en_US","og_type":"article","og_title":"Galerija \"Sreten Stojanovi\u0107\" Prijedor: Odr\u017eano knji\u017eevno ve\u010de posve\u0107eno motivu neba u knji\u017eevnosti - FOTO\/VIDEO - PrijedorDanas.com - Prijedorski gradski portal","og_description":"\u201cIgra svjetlosti i mraka \u2013 Nebo u knji\u017eevnosti\u201d naziv je poetske ve\u010deri odr\u017eane u Galeriji \u201eSreten Stojanovi\u0107\u201c. \u010clanice Poetskog teatra \u201eSaputnici\u201c Valentina Koprena, Bojana Kova\u010devi\u0107, Marija Vasi\u0107, Angelina Simi\u0107, Milica [&hellip;]","og_url":"https:\/\/www.prijedordanas.com\/?p=226981","og_site_name":"PrijedorDanas.com - Prijedorski gradski portal","article_publisher":"https:\/\/www.facebook.com\/PrijedorDanasCom\/","article_published_time":"2024-05-28T09:29:49+00:00","article_modified_time":"2024-05-28T17:03:05+00:00","og_image":[{"url":"https:\/\/www.prijedordanas.com\/wp-content\/uploads\/2024\/05\/kozarski-galerija-nebo-u-knjizevnosti-1-300x225.jpg"}],"author":"admin","twitter_card":"summary_large_image","twitter_misc":{"Written by":"admin","Est. reading time":"3 minutes"},"schema":{"@context":"https:\/\/schema.org","@graph":[{"@type":"Article","@id":"https:\/\/www.prijedordanas.com\/?p=226981#article","isPartOf":{"@id":"https:\/\/www.prijedordanas.com\/?p=226981"},"author":{"name":"admin","@id":"https:\/\/www.prijedordanas.com\/#\/schema\/person\/4e08ccf29b506ca916ff86d46bb700e6"},"headline":"Galerija &#8220;Sreten Stojanovi\u0107&#8221; Prijedor: Odr\u017eano knji\u017eevno ve\u010de posve\u0107eno motivu neba u knji\u017eevnosti &#8211; FOTO\/VIDEO","datePublished":"2024-05-28T09:29:49+00:00","dateModified":"2024-05-28T17:03:05+00:00","mainEntityOfPage":{"@id":"https:\/\/www.prijedordanas.com\/?p=226981"},"wordCount":404,"publisher":{"@id":"https:\/\/www.prijedordanas.com\/#organization"},"articleSection":["Kultura"],"inLanguage":"en-US"},{"@type":"WebPage","@id":"https:\/\/www.prijedordanas.com\/?p=226981","url":"https:\/\/www.prijedordanas.com\/?p=226981","name":"Galerija \"Sreten Stojanovi\u0107\" Prijedor: Odr\u017eano knji\u017eevno ve\u010de posve\u0107eno motivu neba u knji\u017eevnosti - FOTO\/VIDEO - PrijedorDanas.com - Prijedorski gradski portal","isPartOf":{"@id":"https:\/\/www.prijedordanas.com\/#website"},"datePublished":"2024-05-28T09:29:49+00:00","dateModified":"2024-05-28T17:03:05+00:00","breadcrumb":{"@id":"https:\/\/www.prijedordanas.com\/?p=226981#breadcrumb"},"inLanguage":"en-US","potentialAction":[{"@type":"ReadAction","target":["https:\/\/www.prijedordanas.com\/?p=226981"]}]},{"@type":"BreadcrumbList","@id":"https:\/\/www.prijedordanas.com\/?p=226981#breadcrumb","itemListElement":[{"@type":"ListItem","position":1,"name":"Home","item":"https:\/\/www.prijedordanas.com\/"},{"@type":"ListItem","position":2,"name":"Galerija &#8220;Sreten Stojanovi\u0107&#8221; Prijedor: Odr\u017eano knji\u017eevno ve\u010de posve\u0107eno motivu neba u knji\u017eevnosti &#8211; FOTO\/VIDEO"}]},{"@type":"WebSite","@id":"https:\/\/www.prijedordanas.com\/#website","url":"https:\/\/www.prijedordanas.com\/","name":"PrijedorDanas.com - Prijedorski gradski portal","description":"Portal o doga\u0111anjima u gradu Prijedoru","publisher":{"@id":"https:\/\/www.prijedordanas.com\/#organization"},"potentialAction":[{"@type":"SearchAction","target":{"@type":"EntryPoint","urlTemplate":"https:\/\/www.prijedordanas.com\/?s={search_term_string}"},"query-input":"required name=search_term_string"}],"inLanguage":"en-US"},{"@type":"Organization","@id":"https:\/\/www.prijedordanas.com\/#organization","name":"PrijedorDanas.com","url":"https:\/\/www.prijedordanas.com\/","logo":{"@type":"ImageObject","inLanguage":"en-US","@id":"https:\/\/www.prijedordanas.com\/#\/schema\/logo\/image\/","url":"http:\/\/www.prijedordanas.com\/wp-content\/uploads\/2021\/12\/logopng.png","contentUrl":"http:\/\/www.prijedordanas.com\/wp-content\/uploads\/2021\/12\/logopng.png","width":1019,"height":776,"caption":"PrijedorDanas.com"},"image":{"@id":"https:\/\/www.prijedordanas.com\/#\/schema\/logo\/image\/"},"sameAs":["https:\/\/www.facebook.com\/PrijedorDanasCom\/"]},{"@type":"Person","@id":"https:\/\/www.prijedordanas.com\/#\/schema\/person\/4e08ccf29b506ca916ff86d46bb700e6","name":"admin","image":{"@type":"ImageObject","inLanguage":"en-US","@id":"https:\/\/www.prijedordanas.com\/#\/schema\/person\/image\/","url":"https:\/\/secure.gravatar.com\/avatar\/1d3fc949d550f0b53a5f0d51e06dfd79?s=96&d=mm&r=g","contentUrl":"https:\/\/secure.gravatar.com\/avatar\/1d3fc949d550f0b53a5f0d51e06dfd79?s=96&d=mm&r=g","caption":"admin"},"url":"https:\/\/www.prijedordanas.com\/?author=1"}]}},"_links":{"self":[{"href":"https:\/\/www.prijedordanas.com\/index.php?rest_route=\/wp\/v2\/posts\/226981"}],"collection":[{"href":"https:\/\/www.prijedordanas.com\/index.php?rest_route=\/wp\/v2\/posts"}],"about":[{"href":"https:\/\/www.prijedordanas.com\/index.php?rest_route=\/wp\/v2\/types\/post"}],"author":[{"embeddable":true,"href":"https:\/\/www.prijedordanas.com\/index.php?rest_route=\/wp\/v2\/users\/1"}],"replies":[{"embeddable":true,"href":"https:\/\/www.prijedordanas.com\/index.php?rest_route=%2Fwp%2Fv2%2Fcomments&post=226981"}],"version-history":[{"count":3,"href":"https:\/\/www.prijedordanas.com\/index.php?rest_route=\/wp\/v2\/posts\/226981\/revisions"}],"predecessor-version":[{"id":227010,"href":"https:\/\/www.prijedordanas.com\/index.php?rest_route=\/wp\/v2\/posts\/226981\/revisions\/227010"}],"wp:attachment":[{"href":"https:\/\/www.prijedordanas.com\/index.php?rest_route=%2Fwp%2Fv2%2Fmedia&parent=226981"}],"wp:term":[{"taxonomy":"category","embeddable":true,"href":"https:\/\/www.prijedordanas.com\/index.php?rest_route=%2Fwp%2Fv2%2Fcategories&post=226981"},{"taxonomy":"post_tag","embeddable":true,"href":"https:\/\/www.prijedordanas.com\/index.php?rest_route=%2Fwp%2Fv2%2Ftags&post=226981"}],"curies":[{"name":"wp","href":"https:\/\/api.w.org\/{rel}","templated":true}]}}