{"id":226924,"date":"2024-05-27T17:44:56","date_gmt":"2024-05-27T15:44:56","guid":{"rendered":"https:\/\/www.prijedordanas.com\/?p=226924"},"modified":"2024-05-27T17:44:56","modified_gmt":"2024-05-27T15:44:56","slug":"prijedor-u-srijedu-i-cetvrtak-obiljezavanje-dana-odbrane-grada","status":"publish","type":"post","link":"https:\/\/www.prijedordanas.com\/?p=226924","title":{"rendered":"Prijedor: U srijedu i \u010detvrtak obilje\u017eavanje Dana odbrane grada"},"content":{"rendered":"<p><a href=\"https:\/\/www.prijedordanas.com\/wp-content\/uploads\/2024\/05\/dan-odbrane-grada-plakat2024.jpg\"><img loading=\"lazy\" decoding=\"async\" src=\"https:\/\/www.prijedordanas.com\/wp-content\/uploads\/2024\/05\/dan-odbrane-grada-plakat2024-225x300.jpg\" alt=\"\" width=\"225\" height=\"300\" class=\"alignleft size-medium wp-image-226925\" srcset=\"https:\/\/www.prijedordanas.com\/wp-content\/uploads\/2024\/05\/dan-odbrane-grada-plakat2024-225x300.jpg 225w, https:\/\/www.prijedordanas.com\/wp-content\/uploads\/2024\/05\/dan-odbrane-grada-plakat2024.jpg 450w\" sizes=\"(max-width: 225px) 100vw, 225px\" \/><\/a>U Prijedoru c\u0301e i ove godine prigodnim programom biti obilje\u017eena godi\u0161njica odbrane grada Prijedora. <\/p>\n<p>Na dana\u0161njoj sjednici Organizacionog odbora povodom obilje\u017eavanja 30.maja, Dana odbrane grada, dogovoren je program obilje\u017eavanja kojim je za srijedu 29. maja u 19,30 \u010dasova u Kinu Kozara najavljeno prikazivanje dokumentarnog filma o Danu odbrane grada Prijedora. <\/p>\n<p>Nakon toga bic\u0301e uru\u010dene plakete grada Prijedora svim porodicama poginulih boraca i borcima koji su ranjeni toga dana. <\/p>\n<p>Narednog dana, 30. maja u u devet \u010dasova biti slu\u017een parastos u crkvi Svete Trojice. <\/p>\n<p>Potom c\u0301e u 09:30 \u010dasova bic\u0301e polo\u017eeni vijenci ispred spomen plo\u010de u zgradi Policijske uprave Prijedor. <\/p>\n<p>U 10 \u010dasova bic\u0301e polo\u017eeni vijenci ispred spomeinaka \u201eZa krst \u010dasni\u201c i prislu\u017eene svijec\u0301e u spomen kompleksu \u201eKameni cvijet\u201c. <\/p>\n<p>Od 10:30 do 11 \u010dasova formira se defile koji c\u0301e krenuti u 11 \u010dasova ulicama Nikole Pa\u0161ic\u0301a, Svetosavskom, Usko\u010dkom i Kralja Petra Prvog Oslobodioca prema Trgu majora Zorana Karlice gdje je predvi\u0111eno obrac\u0301anje zvani\u010dnika i kulturno-umjetni\u010dki program. <\/p>\n<p>Na sjednici Organizacionog odbora konstatovano je da je 30. maj zna\u010dajan datum u bli\u017eoj istoriji grada Prijedora i upuc\u0301en poziv gra\u0111anima koji budu u moguc\u0301nosti da uzmu u\u010de\u0161c\u0301e u ovim de\u0161avanjima, posebno u defileu i da zajedno odamo zahvalnost svima koji su taj dan odbranili grad Prijedor.<\/p>\n<p>Kabinet gradona\u010delnika Prijedora<\/p>\n","protected":false},"excerpt":{"rendered":"<p>U Prijedoru c\u0301e i ove godine prigodnim programom biti obilje\u017eena godi\u0161njica odbrane grada Prijedora. Na dana\u0161njoj sjednici Organizacionog odbora povodom obilje\u017eavanja 30.maja, Dana odbrane grada, dogovoren je program obilje\u017eavanja kojim [&hellip;]<\/p>\n","protected":false},"author":1,"featured_media":0,"comment_status":"closed","ping_status":"open","sticky":false,"template":"","format":"standard","meta":{"_monsterinsights_skip_tracking":false,"_monsterinsights_sitenote_active":false,"_monsterinsights_sitenote_note":"","_monsterinsights_sitenote_category":0,"footnotes":""},"categories":[8],"tags":[],"yoast_head":"<!-- This site is optimized with the Yoast SEO plugin v21.6 - https:\/\/yoast.com\/wordpress\/plugins\/seo\/ -->\n<title>Prijedor: U srijedu i \u010detvrtak obilje\u017eavanje Dana odbrane grada - PrijedorDanas.com - Prijedorski gradski portal<\/title>\n<meta name=\"robots\" content=\"index, follow, max-snippet:-1, max-image-preview:large, max-video-preview:-1\" \/>\n<link rel=\"canonical\" href=\"https:\/\/www.prijedordanas.com\/?p=226924\" \/>\n<meta property=\"og:locale\" content=\"en_US\" \/>\n<meta property=\"og:type\" content=\"article\" \/>\n<meta property=\"og:title\" content=\"Prijedor: U srijedu i \u010detvrtak obilje\u017eavanje Dana odbrane grada - PrijedorDanas.com - Prijedorski gradski portal\" \/>\n<meta property=\"og:description\" content=\"U Prijedoru c\u0301e i ove godine prigodnim programom biti obilje\u017eena godi\u0161njica odbrane grada Prijedora. Na dana\u0161njoj sjednici Organizacionog odbora povodom obilje\u017eavanja 30.maja, Dana odbrane grada, dogovoren je program obilje\u017eavanja kojim [&hellip;]\" \/>\n<meta property=\"og:url\" content=\"https:\/\/www.prijedordanas.com\/?p=226924\" \/>\n<meta property=\"og:site_name\" content=\"PrijedorDanas.com - Prijedorski gradski portal\" \/>\n<meta property=\"article:publisher\" content=\"https:\/\/www.facebook.com\/PrijedorDanasCom\/\" \/>\n<meta property=\"article:published_time\" content=\"2024-05-27T15:44:56+00:00\" \/>\n<meta property=\"og:image\" content=\"https:\/\/www.prijedordanas.com\/wp-content\/uploads\/2024\/05\/dan-odbrane-grada-plakat2024-225x300.jpg\" \/>\n<meta name=\"author\" content=\"admin\" \/>\n<meta name=\"twitter:card\" content=\"summary_large_image\" \/>\n<meta name=\"twitter:label1\" content=\"Written by\" \/>\n\t<meta name=\"twitter:data1\" content=\"admin\" \/>\n<script type=\"application\/ld+json\" class=\"yoast-schema-graph\">{\"@context\":\"https:\/\/schema.org\",\"@graph\":[{\"@type\":\"Article\",\"@id\":\"https:\/\/www.prijedordanas.com\/?p=226924#article\",\"isPartOf\":{\"@id\":\"https:\/\/www.prijedordanas.com\/?p=226924\"},\"author\":{\"name\":\"admin\",\"@id\":\"https:\/\/www.prijedordanas.com\/#\/schema\/person\/4e08ccf29b506ca916ff86d46bb700e6\"},\"headline\":\"Prijedor: U srijedu i \u010detvrtak obilje\u017eavanje Dana odbrane grada\",\"datePublished\":\"2024-05-27T15:44:56+00:00\",\"dateModified\":\"2024-05-27T15:44:56+00:00\",\"mainEntityOfPage\":{\"@id\":\"https:\/\/www.prijedordanas.com\/?p=226924\"},\"wordCount\":241,\"publisher\":{\"@id\":\"https:\/\/www.prijedordanas.com\/#organization\"},\"articleSection\":[\"Svakodnevno\"],\"inLanguage\":\"en-US\"},{\"@type\":\"WebPage\",\"@id\":\"https:\/\/www.prijedordanas.com\/?p=226924\",\"url\":\"https:\/\/www.prijedordanas.com\/?p=226924\",\"name\":\"Prijedor: U srijedu i \u010detvrtak obilje\u017eavanje Dana odbrane grada - PrijedorDanas.com - Prijedorski gradski portal\",\"isPartOf\":{\"@id\":\"https:\/\/www.prijedordanas.com\/#website\"},\"datePublished\":\"2024-05-27T15:44:56+00:00\",\"dateModified\":\"2024-05-27T15:44:56+00:00\",\"breadcrumb\":{\"@id\":\"https:\/\/www.prijedordanas.com\/?p=226924#breadcrumb\"},\"inLanguage\":\"en-US\",\"potentialAction\":[{\"@type\":\"ReadAction\",\"target\":[\"https:\/\/www.prijedordanas.com\/?p=226924\"]}]},{\"@type\":\"BreadcrumbList\",\"@id\":\"https:\/\/www.prijedordanas.com\/?p=226924#breadcrumb\",\"itemListElement\":[{\"@type\":\"ListItem\",\"position\":1,\"name\":\"Home\",\"item\":\"https:\/\/www.prijedordanas.com\/\"},{\"@type\":\"ListItem\",\"position\":2,\"name\":\"Prijedor: U srijedu i \u010detvrtak obilje\u017eavanje Dana odbrane grada\"}]},{\"@type\":\"WebSite\",\"@id\":\"https:\/\/www.prijedordanas.com\/#website\",\"url\":\"https:\/\/www.prijedordanas.com\/\",\"name\":\"PrijedorDanas.com - Prijedorski gradski portal\",\"description\":\"Portal o doga\u0111anjima u gradu Prijedoru\",\"publisher\":{\"@id\":\"https:\/\/www.prijedordanas.com\/#organization\"},\"potentialAction\":[{\"@type\":\"SearchAction\",\"target\":{\"@type\":\"EntryPoint\",\"urlTemplate\":\"https:\/\/www.prijedordanas.com\/?s={search_term_string}\"},\"query-input\":\"required name=search_term_string\"}],\"inLanguage\":\"en-US\"},{\"@type\":\"Organization\",\"@id\":\"https:\/\/www.prijedordanas.com\/#organization\",\"name\":\"PrijedorDanas.com\",\"url\":\"https:\/\/www.prijedordanas.com\/\",\"logo\":{\"@type\":\"ImageObject\",\"inLanguage\":\"en-US\",\"@id\":\"https:\/\/www.prijedordanas.com\/#\/schema\/logo\/image\/\",\"url\":\"http:\/\/www.prijedordanas.com\/wp-content\/uploads\/2021\/12\/logopng.png\",\"contentUrl\":\"http:\/\/www.prijedordanas.com\/wp-content\/uploads\/2021\/12\/logopng.png\",\"width\":1019,\"height\":776,\"caption\":\"PrijedorDanas.com\"},\"image\":{\"@id\":\"https:\/\/www.prijedordanas.com\/#\/schema\/logo\/image\/\"},\"sameAs\":[\"https:\/\/www.facebook.com\/PrijedorDanasCom\/\"]},{\"@type\":\"Person\",\"@id\":\"https:\/\/www.prijedordanas.com\/#\/schema\/person\/4e08ccf29b506ca916ff86d46bb700e6\",\"name\":\"admin\",\"image\":{\"@type\":\"ImageObject\",\"inLanguage\":\"en-US\",\"@id\":\"https:\/\/www.prijedordanas.com\/#\/schema\/person\/image\/\",\"url\":\"https:\/\/secure.gravatar.com\/avatar\/1d3fc949d550f0b53a5f0d51e06dfd79?s=96&d=mm&r=g\",\"contentUrl\":\"https:\/\/secure.gravatar.com\/avatar\/1d3fc949d550f0b53a5f0d51e06dfd79?s=96&d=mm&r=g\",\"caption\":\"admin\"},\"url\":\"https:\/\/www.prijedordanas.com\/?author=1\"}]}<\/script>\n<!-- \/ Yoast SEO plugin. -->","yoast_head_json":{"title":"Prijedor: U srijedu i \u010detvrtak obilje\u017eavanje Dana odbrane grada - PrijedorDanas.com - Prijedorski gradski portal","robots":{"index":"index","follow":"follow","max-snippet":"max-snippet:-1","max-image-preview":"max-image-preview:large","max-video-preview":"max-video-preview:-1"},"canonical":"https:\/\/www.prijedordanas.com\/?p=226924","og_locale":"en_US","og_type":"article","og_title":"Prijedor: U srijedu i \u010detvrtak obilje\u017eavanje Dana odbrane grada - PrijedorDanas.com - Prijedorski gradski portal","og_description":"U Prijedoru c\u0301e i ove godine prigodnim programom biti obilje\u017eena godi\u0161njica odbrane grada Prijedora. Na dana\u0161njoj sjednici Organizacionog odbora povodom obilje\u017eavanja 30.maja, Dana odbrane grada, dogovoren je program obilje\u017eavanja kojim [&hellip;]","og_url":"https:\/\/www.prijedordanas.com\/?p=226924","og_site_name":"PrijedorDanas.com - Prijedorski gradski portal","article_publisher":"https:\/\/www.facebook.com\/PrijedorDanasCom\/","article_published_time":"2024-05-27T15:44:56+00:00","og_image":[{"url":"https:\/\/www.prijedordanas.com\/wp-content\/uploads\/2024\/05\/dan-odbrane-grada-plakat2024-225x300.jpg"}],"author":"admin","twitter_card":"summary_large_image","twitter_misc":{"Written by":"admin"},"schema":{"@context":"https:\/\/schema.org","@graph":[{"@type":"Article","@id":"https:\/\/www.prijedordanas.com\/?p=226924#article","isPartOf":{"@id":"https:\/\/www.prijedordanas.com\/?p=226924"},"author":{"name":"admin","@id":"https:\/\/www.prijedordanas.com\/#\/schema\/person\/4e08ccf29b506ca916ff86d46bb700e6"},"headline":"Prijedor: U srijedu i \u010detvrtak obilje\u017eavanje Dana odbrane grada","datePublished":"2024-05-27T15:44:56+00:00","dateModified":"2024-05-27T15:44:56+00:00","mainEntityOfPage":{"@id":"https:\/\/www.prijedordanas.com\/?p=226924"},"wordCount":241,"publisher":{"@id":"https:\/\/www.prijedordanas.com\/#organization"},"articleSection":["Svakodnevno"],"inLanguage":"en-US"},{"@type":"WebPage","@id":"https:\/\/www.prijedordanas.com\/?p=226924","url":"https:\/\/www.prijedordanas.com\/?p=226924","name":"Prijedor: U srijedu i \u010detvrtak obilje\u017eavanje Dana odbrane grada - PrijedorDanas.com - Prijedorski gradski portal","isPartOf":{"@id":"https:\/\/www.prijedordanas.com\/#website"},"datePublished":"2024-05-27T15:44:56+00:00","dateModified":"2024-05-27T15:44:56+00:00","breadcrumb":{"@id":"https:\/\/www.prijedordanas.com\/?p=226924#breadcrumb"},"inLanguage":"en-US","potentialAction":[{"@type":"ReadAction","target":["https:\/\/www.prijedordanas.com\/?p=226924"]}]},{"@type":"BreadcrumbList","@id":"https:\/\/www.prijedordanas.com\/?p=226924#breadcrumb","itemListElement":[{"@type":"ListItem","position":1,"name":"Home","item":"https:\/\/www.prijedordanas.com\/"},{"@type":"ListItem","position":2,"name":"Prijedor: U srijedu i \u010detvrtak obilje\u017eavanje Dana odbrane grada"}]},{"@type":"WebSite","@id":"https:\/\/www.prijedordanas.com\/#website","url":"https:\/\/www.prijedordanas.com\/","name":"PrijedorDanas.com - Prijedorski gradski portal","description":"Portal o doga\u0111anjima u gradu Prijedoru","publisher":{"@id":"https:\/\/www.prijedordanas.com\/#organization"},"potentialAction":[{"@type":"SearchAction","target":{"@type":"EntryPoint","urlTemplate":"https:\/\/www.prijedordanas.com\/?s={search_term_string}"},"query-input":"required name=search_term_string"}],"inLanguage":"en-US"},{"@type":"Organization","@id":"https:\/\/www.prijedordanas.com\/#organization","name":"PrijedorDanas.com","url":"https:\/\/www.prijedordanas.com\/","logo":{"@type":"ImageObject","inLanguage":"en-US","@id":"https:\/\/www.prijedordanas.com\/#\/schema\/logo\/image\/","url":"http:\/\/www.prijedordanas.com\/wp-content\/uploads\/2021\/12\/logopng.png","contentUrl":"http:\/\/www.prijedordanas.com\/wp-content\/uploads\/2021\/12\/logopng.png","width":1019,"height":776,"caption":"PrijedorDanas.com"},"image":{"@id":"https:\/\/www.prijedordanas.com\/#\/schema\/logo\/image\/"},"sameAs":["https:\/\/www.facebook.com\/PrijedorDanasCom\/"]},{"@type":"Person","@id":"https:\/\/www.prijedordanas.com\/#\/schema\/person\/4e08ccf29b506ca916ff86d46bb700e6","name":"admin","image":{"@type":"ImageObject","inLanguage":"en-US","@id":"https:\/\/www.prijedordanas.com\/#\/schema\/person\/image\/","url":"https:\/\/secure.gravatar.com\/avatar\/1d3fc949d550f0b53a5f0d51e06dfd79?s=96&d=mm&r=g","contentUrl":"https:\/\/secure.gravatar.com\/avatar\/1d3fc949d550f0b53a5f0d51e06dfd79?s=96&d=mm&r=g","caption":"admin"},"url":"https:\/\/www.prijedordanas.com\/?author=1"}]}},"_links":{"self":[{"href":"https:\/\/www.prijedordanas.com\/index.php?rest_route=\/wp\/v2\/posts\/226924"}],"collection":[{"href":"https:\/\/www.prijedordanas.com\/index.php?rest_route=\/wp\/v2\/posts"}],"about":[{"href":"https:\/\/www.prijedordanas.com\/index.php?rest_route=\/wp\/v2\/types\/post"}],"author":[{"embeddable":true,"href":"https:\/\/www.prijedordanas.com\/index.php?rest_route=\/wp\/v2\/users\/1"}],"replies":[{"embeddable":true,"href":"https:\/\/www.prijedordanas.com\/index.php?rest_route=%2Fwp%2Fv2%2Fcomments&post=226924"}],"version-history":[{"count":2,"href":"https:\/\/www.prijedordanas.com\/index.php?rest_route=\/wp\/v2\/posts\/226924\/revisions"}],"predecessor-version":[{"id":226928,"href":"https:\/\/www.prijedordanas.com\/index.php?rest_route=\/wp\/v2\/posts\/226924\/revisions\/226928"}],"wp:attachment":[{"href":"https:\/\/www.prijedordanas.com\/index.php?rest_route=%2Fwp%2Fv2%2Fmedia&parent=226924"}],"wp:term":[{"taxonomy":"category","embeddable":true,"href":"https:\/\/www.prijedordanas.com\/index.php?rest_route=%2Fwp%2Fv2%2Fcategories&post=226924"},{"taxonomy":"post_tag","embeddable":true,"href":"https:\/\/www.prijedordanas.com\/index.php?rest_route=%2Fwp%2Fv2%2Ftags&post=226924"}],"curies":[{"name":"wp","href":"https:\/\/api.w.org\/{rel}","templated":true}]}}