{"id":226909,"date":"2024-05-27T11:47:42","date_gmt":"2024-05-27T09:47:42","guid":{"rendered":"https:\/\/www.prijedordanas.com\/?p=226909"},"modified":"2024-05-27T11:47:43","modified_gmt":"2024-05-27T09:47:43","slug":"u-miskoj-glavi-odrzana-18-kotlicijada-foto-video","status":"publish","type":"post","link":"https:\/\/www.prijedordanas.com\/?p=226909","title":{"rendered":"U Miskoj Glavi odr\u017eana 18. Kotli\u0107ijada &#8211; FOTO\/VIDEO"},"content":{"rendered":"<p><a href=\"https:\/\/www.prijedordanas.com\/wp-content\/uploads\/2024\/05\/kozarski-kotlicijada-miska-glava-2024-1.jpg\"><img loading=\"lazy\" decoding=\"async\" class=\"alignleft size-medium wp-image-226912\" src=\"https:\/\/www.prijedordanas.com\/wp-content\/uploads\/2024\/05\/kozarski-kotlicijada-miska-glava-2024-1-300x225.jpg\" alt=\"\" width=\"300\" height=\"225\" srcset=\"https:\/\/www.prijedordanas.com\/wp-content\/uploads\/2024\/05\/kozarski-kotlicijada-miska-glava-2024-1-300x225.jpg 300w, https:\/\/www.prijedordanas.com\/wp-content\/uploads\/2024\/05\/kozarski-kotlicijada-miska-glava-2024-1-640x480.jpg 640w, https:\/\/www.prijedordanas.com\/wp-content\/uploads\/2024\/05\/kozarski-kotlicijada-miska-glava-2024-1.jpg 667w\" sizes=\"(max-width: 300px) 100vw, 300px\" \/><\/a>U Miskoj Glavi u nedjelju je odr\u017eana 18. po redu \u201eKotli\u0107ijada\u201c u organizaciji LU \u201eLjubija\u201c, sekcija \u201eMiska Glava\u201c.<\/p>\n<p>Predsjednik ovog lova\u010dkog udru\u017eenja \u017divko Babi\u0107 ka\u017ee da Ljubija pored ove ima jo\u0161 niz manifestacija.<\/p>\n<p>\u201eTrajemo 18 godina, manifestacija je dobro organizovana i dobro posje\u0107ena. Ove godine imamo 30 ekipa zna\u010di ve\u0107 obaramo neki rekord,. Lova\u010dka udru\u017eenja osim prijedorskih, bila su iz Dubovika, Novog Grada, Rudica, Svodne, O\u0161tre Luke, a mimo njih u spremanju kotli\u0107a su se takmi\u010dili i ekipa \u201eNikoli\u0107 namje\u0161taj\u201c iz Gradi\u0161ke, ekipa Omladinskog savjeta Prijedor i ekipa \u201eVojska\u201c.<\/p>\n<p>U spremanju gula\u0161a najbolja je bila ekipa \u201eVojska\u201c, koja ne pripada nijednom lova\u010dkom udru\u017eenju, drugo mjesto je uzela ekipa \u201eNikoli\u0107 namje\u0161taj\u201c iz Gradi\u0161ke, dok je tre\u0107e osvojila ekipa Omladinskog savjeta Prijedor.<\/p>\n<p><a href=\"https:\/\/www.prijedordanas.com\/wp-content\/uploads\/2024\/05\/kozarski-kotlicijada-miska-glava-2024-gojko-cucak.jpg\"><img loading=\"lazy\" decoding=\"async\" class=\"alignleft size-medium wp-image-226913\" src=\"https:\/\/www.prijedordanas.com\/wp-content\/uploads\/2024\/05\/kozarski-kotlicijada-miska-glava-2024-gojko-cucak-300x169.jpg\" alt=\"\" width=\"300\" height=\"169\" srcset=\"https:\/\/www.prijedordanas.com\/wp-content\/uploads\/2024\/05\/kozarski-kotlicijada-miska-glava-2024-gojko-cucak-300x169.jpg 300w, https:\/\/www.prijedordanas.com\/wp-content\/uploads\/2024\/05\/kozarski-kotlicijada-miska-glava-2024-gojko-cucak.jpg 600w\" sizes=\"(max-width: 300px) 100vw, 300px\" \/><\/a>Kapiten ekipe \u201eVojska\u201c Gojko \u010cu\u010dak ka\u017ee da su prezadovoljni i presre\u0107ni \u0161to je njihov kotli\u0107 progla\u0161en za najbolji i da tajne nema, odnosno da je tajna u kvalitetnom mesu.<\/p>\n<p>Drugoplasirana ekipa iz Gradi\u0161ke i njen kapiten Dejan Nikoli\u0107 ka\u017eu da su kotli\u0107 spremali oko \u010detiri sata i da su u\u017eivali u dana\u0161njem dru\u017eenju.<\/p>\n<p>Ministar rada i bora\u010dko-invalidske za\u0161tite Danijel Egi\u0107 je danas na ovoj manifestaciji rekao da i na ovaj na\u010din trebamo i moramo njegovati svoju tradiciju.<\/p>\n<p><a href=\"https:\/\/www.prijedordanas.com\/wp-content\/uploads\/2024\/05\/kozarski-kotlicijada-miska-glava-2024-danijel-egic.jpg\"><img loading=\"lazy\" decoding=\"async\" class=\"alignleft size-medium wp-image-226914\" src=\"https:\/\/www.prijedordanas.com\/wp-content\/uploads\/2024\/05\/kozarski-kotlicijada-miska-glava-2024-danijel-egic-300x169.jpg\" alt=\"\" width=\"300\" height=\"169\" srcset=\"https:\/\/www.prijedordanas.com\/wp-content\/uploads\/2024\/05\/kozarski-kotlicijada-miska-glava-2024-danijel-egic-300x169.jpg 300w, https:\/\/www.prijedordanas.com\/wp-content\/uploads\/2024\/05\/kozarski-kotlicijada-miska-glava-2024-danijel-egic.jpg 600w\" sizes=\"(max-width: 300px) 100vw, 300px\" \/><\/a>\u201eBitno je da se dr\u017eimo zajedno, ovo su veoma korisne manifestacije koje dokazuju na\u0161e jedinstvo. Bitno je da se ljudi sretnu, da ragovaraju, da razmijene mi\u0161ljenja, a ovo je zaista jedna vrsta na\u0161e tradicije koju nikako ne smijemo zaboraviti i koju moramo njegovati\u201c, rekao je Egi\u0107.<\/p>\n<p>Dru\u017eenje, pjesma, prisustvo sekcija i udru\u017eenja iz razli\u010ditih gradova i op\u0161tina govori o tome koliko smo jedinstveni i slo\u017eni, naglasio je danas i gradona\u010delnik Prijedora Slobodan Javor.<\/p>\n<p>\u201eTo je upravo bit ovakve manifestacije, malo istorije, malo tradicije, zaista sve na jednom mjestu, a prvenstveno dobro dru\u017eenje. Ovdje nema niko takmi\u010darski duh da je do\u0161ao da se nadme\u0107e s nekim. Simboli\u010dno koja \u010dorba bude progla\u0161ena najboljom, to je da bude podstrek svima da do\u0111u, da probaju, da vide kako drugi prave \u010dorbe, da se dru\u017ee prvenstveno. \u017delim da se zahvalim i \u010destitam na\u0161im lovcima. Grad Prijedor je ponosan na svoje lovce i na sve sekcije koje postoje u na\u0161em gradu, , a \u0161to se ti\u010de Ljubije mogu re\u0107i da imaju odli\u010dnu ekipu , da imaju odli\u010dnog predsjednika \u017divka Babi\u0107a, sa kojim grad Prijedor dugo godina i sara\u0111uje. Podr\u017eali smo ovu manifestaciju , rado sam se odazvao i drago mi je \u0161to imam priliku da vidim da su ljudi koji su do\u0161li ovdje prvenstveno do\u0161li da se dobro zabave\u201c, rekao je Javor.<\/p>\n<p>Osim za lova\u010dki, dodijeljene su i tri nagrade za ribolova\u010dki kotli\u0107, kao i zahvalnice za sve u\u010desnike.<\/p>\n<p><strong><a href=\"https:\/\/kozarski.com\/u-miskoj-glavi-odrzana-18-kotlicijada\/\" target=\"_blank\" rel=\"noopener\">kozarski.com<\/a><\/strong><\/p>\n<p><a href=\"https:\/\/www.prijedordanas.com\/wp-content\/uploads\/2024\/05\/kozarski-kotlicijada-miska-glava-2024-zivko-babic.jpg\"><img loading=\"lazy\" decoding=\"async\" src=\"https:\/\/www.prijedordanas.com\/wp-content\/uploads\/2024\/05\/kozarski-kotlicijada-miska-glava-2024-zivko-babic-300x169.jpg\" alt=\"\" width=\"300\" height=\"169\" class=\"alignleft size-medium wp-image-226915\" srcset=\"https:\/\/www.prijedordanas.com\/wp-content\/uploads\/2024\/05\/kozarski-kotlicijada-miska-glava-2024-zivko-babic-300x169.jpg 300w, https:\/\/www.prijedordanas.com\/wp-content\/uploads\/2024\/05\/kozarski-kotlicijada-miska-glava-2024-zivko-babic.jpg 600w\" sizes=\"(max-width: 300px) 100vw, 300px\" \/><\/a> <a href=\"https:\/\/www.prijedordanas.com\/wp-content\/uploads\/2024\/05\/kozarski-kotlicijada-miska-glava-2024-dejan-nikolic.jpg\"><img loading=\"lazy\" decoding=\"async\" src=\"https:\/\/www.prijedordanas.com\/wp-content\/uploads\/2024\/05\/kozarski-kotlicijada-miska-glava-2024-dejan-nikolic-300x169.jpg\" alt=\"\" width=\"300\" height=\"169\" class=\"alignleft size-medium wp-image-226916\" srcset=\"https:\/\/www.prijedordanas.com\/wp-content\/uploads\/2024\/05\/kozarski-kotlicijada-miska-glava-2024-dejan-nikolic-300x169.jpg 300w, https:\/\/www.prijedordanas.com\/wp-content\/uploads\/2024\/05\/kozarski-kotlicijada-miska-glava-2024-dejan-nikolic.jpg 600w\" sizes=\"(max-width: 300px) 100vw, 300px\" \/><\/a> <a href=\"https:\/\/www.prijedordanas.com\/wp-content\/uploads\/2024\/05\/kozarski-kotlicijada-miska-glava-2024-slobodan-javor.jpg\"><img loading=\"lazy\" decoding=\"async\" src=\"https:\/\/www.prijedordanas.com\/wp-content\/uploads\/2024\/05\/kozarski-kotlicijada-miska-glava-2024-slobodan-javor-300x169.jpg\" alt=\"\" width=\"300\" height=\"169\" class=\"alignleft size-medium wp-image-226917\" srcset=\"https:\/\/www.prijedordanas.com\/wp-content\/uploads\/2024\/05\/kozarski-kotlicijada-miska-glava-2024-slobodan-javor-300x169.jpg 300w, https:\/\/www.prijedordanas.com\/wp-content\/uploads\/2024\/05\/kozarski-kotlicijada-miska-glava-2024-slobodan-javor.jpg 600w\" sizes=\"(max-width: 300px) 100vw, 300px\" \/><\/a> <a href=\"https:\/\/www.prijedordanas.com\/wp-content\/uploads\/2024\/05\/kozarski-kotlicijada-miska-glava-2024-2.jpg\"><img loading=\"lazy\" decoding=\"async\" src=\"https:\/\/www.prijedordanas.com\/wp-content\/uploads\/2024\/05\/kozarski-kotlicijada-miska-glava-2024-2-300x169.jpg\" alt=\"\" width=\"300\" height=\"169\" class=\"alignleft size-medium wp-image-226918\" srcset=\"https:\/\/www.prijedordanas.com\/wp-content\/uploads\/2024\/05\/kozarski-kotlicijada-miska-glava-2024-2-300x169.jpg 300w, https:\/\/www.prijedordanas.com\/wp-content\/uploads\/2024\/05\/kozarski-kotlicijada-miska-glava-2024-2.jpg 600w\" sizes=\"(max-width: 300px) 100vw, 300px\" \/><\/a><\/p>\n<p><iframe loading=\"lazy\" title=\"U MISKOJ GLAVI ODR\u017dANA 18. KOTLI\u0106IJADA\" width=\"500\" height=\"281\" src=\"https:\/\/www.youtube.com\/embed\/uxOea2MpfbQ?feature=oembed\" frameborder=\"0\" allow=\"accelerometer; autoplay; clipboard-write; encrypted-media; gyroscope; picture-in-picture; web-share\" referrerpolicy=\"strict-origin-when-cross-origin\" allowfullscreen><\/iframe><\/p>\n","protected":false},"excerpt":{"rendered":"<p>U Miskoj Glavi u nedjelju je odr\u017eana 18. po redu \u201eKotli\u0107ijada\u201c u organizaciji LU \u201eLjubija\u201c, sekcija \u201eMiska Glava\u201c. Predsjednik ovog lova\u010dkog udru\u017eenja \u017divko Babi\u0107 ka\u017ee da Ljubija pored ove ima [&hellip;]<\/p>\n","protected":false},"author":1,"featured_media":0,"comment_status":"closed","ping_status":"open","sticky":false,"template":"","format":"standard","meta":{"_monsterinsights_skip_tracking":false,"_monsterinsights_sitenote_active":false,"_monsterinsights_sitenote_note":"","_monsterinsights_sitenote_category":0,"footnotes":""},"categories":[3],"tags":[],"yoast_head":"<!-- This site is optimized with the Yoast SEO plugin v21.6 - https:\/\/yoast.com\/wordpress\/plugins\/seo\/ -->\n<title>U Miskoj Glavi odr\u017eana 18. Kotli\u0107ijada - FOTO\/VIDEO - PrijedorDanas.com - Prijedorski gradski portal<\/title>\n<meta name=\"robots\" content=\"index, follow, max-snippet:-1, max-image-preview:large, max-video-preview:-1\" \/>\n<link rel=\"canonical\" href=\"https:\/\/www.prijedordanas.com\/?p=226909\" \/>\n<meta property=\"og:locale\" content=\"en_US\" \/>\n<meta property=\"og:type\" content=\"article\" \/>\n<meta property=\"og:title\" content=\"U Miskoj Glavi odr\u017eana 18. Kotli\u0107ijada - FOTO\/VIDEO - PrijedorDanas.com - Prijedorski gradski portal\" \/>\n<meta property=\"og:description\" content=\"U Miskoj Glavi u nedjelju je odr\u017eana 18. po redu \u201eKotli\u0107ijada\u201c u organizaciji LU \u201eLjubija\u201c, sekcija \u201eMiska Glava\u201c. Predsjednik ovog lova\u010dkog udru\u017eenja \u017divko Babi\u0107 ka\u017ee da Ljubija pored ove ima [&hellip;]\" \/>\n<meta property=\"og:url\" content=\"https:\/\/www.prijedordanas.com\/?p=226909\" \/>\n<meta property=\"og:site_name\" content=\"PrijedorDanas.com - Prijedorski gradski portal\" \/>\n<meta property=\"article:publisher\" content=\"https:\/\/www.facebook.com\/PrijedorDanasCom\/\" \/>\n<meta property=\"article:published_time\" content=\"2024-05-27T09:47:42+00:00\" \/>\n<meta property=\"article:modified_time\" content=\"2024-05-27T09:47:43+00:00\" \/>\n<meta property=\"og:image\" content=\"https:\/\/www.prijedordanas.com\/wp-content\/uploads\/2024\/05\/kozarski-kotlicijada-miska-glava-2024-1-300x225.jpg\" \/>\n<meta name=\"author\" content=\"admin\" \/>\n<meta name=\"twitter:card\" content=\"summary_large_image\" \/>\n<meta name=\"twitter:label1\" content=\"Written by\" \/>\n\t<meta name=\"twitter:data1\" content=\"admin\" \/>\n\t<meta name=\"twitter:label2\" content=\"Est. reading time\" \/>\n\t<meta name=\"twitter:data2\" content=\"3 minutes\" \/>\n<script type=\"application\/ld+json\" class=\"yoast-schema-graph\">{\"@context\":\"https:\/\/schema.org\",\"@graph\":[{\"@type\":\"Article\",\"@id\":\"https:\/\/www.prijedordanas.com\/?p=226909#article\",\"isPartOf\":{\"@id\":\"https:\/\/www.prijedordanas.com\/?p=226909\"},\"author\":{\"name\":\"admin\",\"@id\":\"https:\/\/www.prijedordanas.com\/#\/schema\/person\/4e08ccf29b506ca916ff86d46bb700e6\"},\"headline\":\"U Miskoj Glavi odr\u017eana 18. Kotli\u0107ijada &#8211; FOTO\/VIDEO\",\"datePublished\":\"2024-05-27T09:47:42+00:00\",\"dateModified\":\"2024-05-27T09:47:43+00:00\",\"mainEntityOfPage\":{\"@id\":\"https:\/\/www.prijedordanas.com\/?p=226909\"},\"wordCount\":509,\"publisher\":{\"@id\":\"https:\/\/www.prijedordanas.com\/#organization\"},\"articleSection\":[\"\u017divot\"],\"inLanguage\":\"en-US\"},{\"@type\":\"WebPage\",\"@id\":\"https:\/\/www.prijedordanas.com\/?p=226909\",\"url\":\"https:\/\/www.prijedordanas.com\/?p=226909\",\"name\":\"U Miskoj Glavi odr\u017eana 18. Kotli\u0107ijada - FOTO\/VIDEO - PrijedorDanas.com - Prijedorski gradski portal\",\"isPartOf\":{\"@id\":\"https:\/\/www.prijedordanas.com\/#website\"},\"datePublished\":\"2024-05-27T09:47:42+00:00\",\"dateModified\":\"2024-05-27T09:47:43+00:00\",\"breadcrumb\":{\"@id\":\"https:\/\/www.prijedordanas.com\/?p=226909#breadcrumb\"},\"inLanguage\":\"en-US\",\"potentialAction\":[{\"@type\":\"ReadAction\",\"target\":[\"https:\/\/www.prijedordanas.com\/?p=226909\"]}]},{\"@type\":\"BreadcrumbList\",\"@id\":\"https:\/\/www.prijedordanas.com\/?p=226909#breadcrumb\",\"itemListElement\":[{\"@type\":\"ListItem\",\"position\":1,\"name\":\"Home\",\"item\":\"https:\/\/www.prijedordanas.com\/\"},{\"@type\":\"ListItem\",\"position\":2,\"name\":\"U Miskoj Glavi odr\u017eana 18. Kotli\u0107ijada &#8211; FOTO\/VIDEO\"}]},{\"@type\":\"WebSite\",\"@id\":\"https:\/\/www.prijedordanas.com\/#website\",\"url\":\"https:\/\/www.prijedordanas.com\/\",\"name\":\"PrijedorDanas.com - Prijedorski gradski portal\",\"description\":\"Portal o doga\u0111anjima u gradu Prijedoru\",\"publisher\":{\"@id\":\"https:\/\/www.prijedordanas.com\/#organization\"},\"potentialAction\":[{\"@type\":\"SearchAction\",\"target\":{\"@type\":\"EntryPoint\",\"urlTemplate\":\"https:\/\/www.prijedordanas.com\/?s={search_term_string}\"},\"query-input\":\"required name=search_term_string\"}],\"inLanguage\":\"en-US\"},{\"@type\":\"Organization\",\"@id\":\"https:\/\/www.prijedordanas.com\/#organization\",\"name\":\"PrijedorDanas.com\",\"url\":\"https:\/\/www.prijedordanas.com\/\",\"logo\":{\"@type\":\"ImageObject\",\"inLanguage\":\"en-US\",\"@id\":\"https:\/\/www.prijedordanas.com\/#\/schema\/logo\/image\/\",\"url\":\"http:\/\/www.prijedordanas.com\/wp-content\/uploads\/2021\/12\/logopng.png\",\"contentUrl\":\"http:\/\/www.prijedordanas.com\/wp-content\/uploads\/2021\/12\/logopng.png\",\"width\":1019,\"height\":776,\"caption\":\"PrijedorDanas.com\"},\"image\":{\"@id\":\"https:\/\/www.prijedordanas.com\/#\/schema\/logo\/image\/\"},\"sameAs\":[\"https:\/\/www.facebook.com\/PrijedorDanasCom\/\"]},{\"@type\":\"Person\",\"@id\":\"https:\/\/www.prijedordanas.com\/#\/schema\/person\/4e08ccf29b506ca916ff86d46bb700e6\",\"name\":\"admin\",\"image\":{\"@type\":\"ImageObject\",\"inLanguage\":\"en-US\",\"@id\":\"https:\/\/www.prijedordanas.com\/#\/schema\/person\/image\/\",\"url\":\"https:\/\/secure.gravatar.com\/avatar\/1d3fc949d550f0b53a5f0d51e06dfd79?s=96&d=mm&r=g\",\"contentUrl\":\"https:\/\/secure.gravatar.com\/avatar\/1d3fc949d550f0b53a5f0d51e06dfd79?s=96&d=mm&r=g\",\"caption\":\"admin\"},\"url\":\"https:\/\/www.prijedordanas.com\/?author=1\"}]}<\/script>\n<!-- \/ Yoast SEO plugin. -->","yoast_head_json":{"title":"U Miskoj Glavi odr\u017eana 18. Kotli\u0107ijada - FOTO\/VIDEO - PrijedorDanas.com - Prijedorski gradski portal","robots":{"index":"index","follow":"follow","max-snippet":"max-snippet:-1","max-image-preview":"max-image-preview:large","max-video-preview":"max-video-preview:-1"},"canonical":"https:\/\/www.prijedordanas.com\/?p=226909","og_locale":"en_US","og_type":"article","og_title":"U Miskoj Glavi odr\u017eana 18. Kotli\u0107ijada - FOTO\/VIDEO - PrijedorDanas.com - Prijedorski gradski portal","og_description":"U Miskoj Glavi u nedjelju je odr\u017eana 18. po redu \u201eKotli\u0107ijada\u201c u organizaciji LU \u201eLjubija\u201c, sekcija \u201eMiska Glava\u201c. Predsjednik ovog lova\u010dkog udru\u017eenja \u017divko Babi\u0107 ka\u017ee da Ljubija pored ove ima [&hellip;]","og_url":"https:\/\/www.prijedordanas.com\/?p=226909","og_site_name":"PrijedorDanas.com - Prijedorski gradski portal","article_publisher":"https:\/\/www.facebook.com\/PrijedorDanasCom\/","article_published_time":"2024-05-27T09:47:42+00:00","article_modified_time":"2024-05-27T09:47:43+00:00","og_image":[{"url":"https:\/\/www.prijedordanas.com\/wp-content\/uploads\/2024\/05\/kozarski-kotlicijada-miska-glava-2024-1-300x225.jpg"}],"author":"admin","twitter_card":"summary_large_image","twitter_misc":{"Written by":"admin","Est. reading time":"3 minutes"},"schema":{"@context":"https:\/\/schema.org","@graph":[{"@type":"Article","@id":"https:\/\/www.prijedordanas.com\/?p=226909#article","isPartOf":{"@id":"https:\/\/www.prijedordanas.com\/?p=226909"},"author":{"name":"admin","@id":"https:\/\/www.prijedordanas.com\/#\/schema\/person\/4e08ccf29b506ca916ff86d46bb700e6"},"headline":"U Miskoj Glavi odr\u017eana 18. Kotli\u0107ijada &#8211; FOTO\/VIDEO","datePublished":"2024-05-27T09:47:42+00:00","dateModified":"2024-05-27T09:47:43+00:00","mainEntityOfPage":{"@id":"https:\/\/www.prijedordanas.com\/?p=226909"},"wordCount":509,"publisher":{"@id":"https:\/\/www.prijedordanas.com\/#organization"},"articleSection":["\u017divot"],"inLanguage":"en-US"},{"@type":"WebPage","@id":"https:\/\/www.prijedordanas.com\/?p=226909","url":"https:\/\/www.prijedordanas.com\/?p=226909","name":"U Miskoj Glavi odr\u017eana 18. Kotli\u0107ijada - FOTO\/VIDEO - PrijedorDanas.com - Prijedorski gradski portal","isPartOf":{"@id":"https:\/\/www.prijedordanas.com\/#website"},"datePublished":"2024-05-27T09:47:42+00:00","dateModified":"2024-05-27T09:47:43+00:00","breadcrumb":{"@id":"https:\/\/www.prijedordanas.com\/?p=226909#breadcrumb"},"inLanguage":"en-US","potentialAction":[{"@type":"ReadAction","target":["https:\/\/www.prijedordanas.com\/?p=226909"]}]},{"@type":"BreadcrumbList","@id":"https:\/\/www.prijedordanas.com\/?p=226909#breadcrumb","itemListElement":[{"@type":"ListItem","position":1,"name":"Home","item":"https:\/\/www.prijedordanas.com\/"},{"@type":"ListItem","position":2,"name":"U Miskoj Glavi odr\u017eana 18. Kotli\u0107ijada &#8211; FOTO\/VIDEO"}]},{"@type":"WebSite","@id":"https:\/\/www.prijedordanas.com\/#website","url":"https:\/\/www.prijedordanas.com\/","name":"PrijedorDanas.com - Prijedorski gradski portal","description":"Portal o doga\u0111anjima u gradu Prijedoru","publisher":{"@id":"https:\/\/www.prijedordanas.com\/#organization"},"potentialAction":[{"@type":"SearchAction","target":{"@type":"EntryPoint","urlTemplate":"https:\/\/www.prijedordanas.com\/?s={search_term_string}"},"query-input":"required name=search_term_string"}],"inLanguage":"en-US"},{"@type":"Organization","@id":"https:\/\/www.prijedordanas.com\/#organization","name":"PrijedorDanas.com","url":"https:\/\/www.prijedordanas.com\/","logo":{"@type":"ImageObject","inLanguage":"en-US","@id":"https:\/\/www.prijedordanas.com\/#\/schema\/logo\/image\/","url":"http:\/\/www.prijedordanas.com\/wp-content\/uploads\/2021\/12\/logopng.png","contentUrl":"http:\/\/www.prijedordanas.com\/wp-content\/uploads\/2021\/12\/logopng.png","width":1019,"height":776,"caption":"PrijedorDanas.com"},"image":{"@id":"https:\/\/www.prijedordanas.com\/#\/schema\/logo\/image\/"},"sameAs":["https:\/\/www.facebook.com\/PrijedorDanasCom\/"]},{"@type":"Person","@id":"https:\/\/www.prijedordanas.com\/#\/schema\/person\/4e08ccf29b506ca916ff86d46bb700e6","name":"admin","image":{"@type":"ImageObject","inLanguage":"en-US","@id":"https:\/\/www.prijedordanas.com\/#\/schema\/person\/image\/","url":"https:\/\/secure.gravatar.com\/avatar\/1d3fc949d550f0b53a5f0d51e06dfd79?s=96&d=mm&r=g","contentUrl":"https:\/\/secure.gravatar.com\/avatar\/1d3fc949d550f0b53a5f0d51e06dfd79?s=96&d=mm&r=g","caption":"admin"},"url":"https:\/\/www.prijedordanas.com\/?author=1"}]}},"_links":{"self":[{"href":"https:\/\/www.prijedordanas.com\/index.php?rest_route=\/wp\/v2\/posts\/226909"}],"collection":[{"href":"https:\/\/www.prijedordanas.com\/index.php?rest_route=\/wp\/v2\/posts"}],"about":[{"href":"https:\/\/www.prijedordanas.com\/index.php?rest_route=\/wp\/v2\/types\/post"}],"author":[{"embeddable":true,"href":"https:\/\/www.prijedordanas.com\/index.php?rest_route=\/wp\/v2\/users\/1"}],"replies":[{"embeddable":true,"href":"https:\/\/www.prijedordanas.com\/index.php?rest_route=%2Fwp%2Fv2%2Fcomments&post=226909"}],"version-history":[{"count":1,"href":"https:\/\/www.prijedordanas.com\/index.php?rest_route=\/wp\/v2\/posts\/226909\/revisions"}],"predecessor-version":[{"id":226919,"href":"https:\/\/www.prijedordanas.com\/index.php?rest_route=\/wp\/v2\/posts\/226909\/revisions\/226919"}],"wp:attachment":[{"href":"https:\/\/www.prijedordanas.com\/index.php?rest_route=%2Fwp%2Fv2%2Fmedia&parent=226909"}],"wp:term":[{"taxonomy":"category","embeddable":true,"href":"https:\/\/www.prijedordanas.com\/index.php?rest_route=%2Fwp%2Fv2%2Fcategories&post=226909"},{"taxonomy":"post_tag","embeddable":true,"href":"https:\/\/www.prijedordanas.com\/index.php?rest_route=%2Fwp%2Fv2%2Ftags&post=226909"}],"curies":[{"name":"wp","href":"https:\/\/api.w.org\/{rel}","templated":true}]}}