{"id":226851,"date":"2024-05-26T10:03:43","date_gmt":"2024-05-26T08:03:43","guid":{"rendered":"https:\/\/www.prijedordanas.com\/?p=226851"},"modified":"2024-05-26T10:03:43","modified_gmt":"2024-05-26T08:03:43","slug":"uz-jubilej-40-godina-ucesca-prijedora-na-proslavi-dana-mladosti-u-beogradu-domovina-srcem-se-ljubi-zar-ne-drugovi-moji","status":"publish","type":"post","link":"https:\/\/www.prijedordanas.com\/?p=226851","title":{"rendered":"Uz jubilej, 40 godina u\u010de\u0161\u0107a Prijedora na proslavi Dana mladosti u Beogradu: &#8220;Domovina srcem se ljubi, zar ne, drugovi moji?\u201c"},"content":{"rendered":"<p><a href=\"https:\/\/www.prijedordanas.com\/wp-content\/uploads\/2024\/05\/prijedorske-srednjoskolke-spremne-za-slet.jpg\"><img loading=\"lazy\" decoding=\"async\" class=\"alignleft size-medium wp-image-226852\" src=\"https:\/\/www.prijedordanas.com\/wp-content\/uploads\/2024\/05\/prijedorske-srednjoskolke-spremne-za-slet-300x225.jpg\" alt=\"\" width=\"300\" height=\"225\" srcset=\"https:\/\/www.prijedordanas.com\/wp-content\/uploads\/2024\/05\/prijedorske-srednjoskolke-spremne-za-slet-300x225.jpg 300w, https:\/\/www.prijedordanas.com\/wp-content\/uploads\/2024\/05\/prijedorske-srednjoskolke-spremne-za-slet-640x480.jpg 640w, https:\/\/www.prijedordanas.com\/wp-content\/uploads\/2024\/05\/prijedorske-srednjoskolke-spremne-za-slet.jpg 667w\" sizes=\"(max-width: 300px) 100vw, 300px\" \/><\/a>Prijedor\u010danka Tanja Obradovi\u0107 decenijama \u017eivi u inostranstvu, ali rado posje\u0107uje rodni kraj za koji je ve\u017eu lijepe uspomene.<\/p>\n<p>Mnoge od njih odnose se na bezbri\u017ene srednjo\u0161kolske dane, dru\u017eenja i putovanja.<\/p>\n<p>Posebno se izdvaja sje\u0107anje na proslavu Dana mladosti u Beogradu, davne 1984. godine, na kojoj su u\u010destvovali najbol\u0458i prijedorski srednjo\u0161kolci.<\/p>\n<p>Me\u0111u njima je bila i Tanja. Ona je na\u0161oj redakciji poslala autorski tekst sa \u017eel\u0458om da sa \u010ditaocima \u201cKozarskog vjesnika\u201d i na\u0161eg portala podijeli ove uspomene, a mi ga objavl\u0458ujemo u cijelosti.<\/p>\n<p>E, kad se sjetim tih vremena. Bili smo mladi, pametni, poletni, puni snage i energije. \u017durili smo da odrastemo, otkrijemo svijet, u\u010dinimo ga bol\u0458im i l\u0458ep\u0161im! Nekako s prol\u0458e\u0107a kad priroda o\u017eivi, o\u017eive i na\u0161a sje\u0107anja na mladost i Dan mladosti, ro\u0111endan druga Tita i put \u0161tafete sa najl\u0458ep\u0161im \u017eel\u0458ama za njegov ro\u0111endan!<\/p>\n<p><a href=\"https:\/\/www.prijedordanas.com\/wp-content\/uploads\/2024\/05\/tanja-obradovic-sa-skolskim-drugovima.jpg\"><img loading=\"lazy\" decoding=\"async\" class=\"alignleft size-medium wp-image-226853\" src=\"https:\/\/www.prijedordanas.com\/wp-content\/uploads\/2024\/05\/tanja-obradovic-sa-skolskim-drugovima-300x225.jpg\" alt=\"\" width=\"300\" height=\"225\" srcset=\"https:\/\/www.prijedordanas.com\/wp-content\/uploads\/2024\/05\/tanja-obradovic-sa-skolskim-drugovima-300x225.jpg 300w, https:\/\/www.prijedordanas.com\/wp-content\/uploads\/2024\/05\/tanja-obradovic-sa-skolskim-drugovima-640x480.jpg 640w, https:\/\/www.prijedordanas.com\/wp-content\/uploads\/2024\/05\/tanja-obradovic-sa-skolskim-drugovima.jpg 667w\" sizes=\"(max-width: 300px) 100vw, 300px\" \/><\/a>Te 1984. godine Prijedor je imao veliku \u010dast da bude izabran da u\u010destvuje na proslavi Dana mladosti u Beogradu. Iz na\u0161eg grada iz svih srednjih \u0161kola bilo je odabrano 300 najbol\u0458ih \u0111aka. Niko nije bio sre\u0107niji i ponosniji na tu odluku. Velika \u010dast, ali i odgovornost i rad od skoro tri mjeseca, stajali su ispred nas. Spremali smo se za slet. Rije\u010d SLET nikad ni prije ni poslije nije imala takvo zna\u010denje kao slet za Titov ro\u0111endan. Program je bio mladala\u010dki, sa pop i rok muzikom kao na\u010dinom \u017eivota. Koreografi Damir Zlatar Frej i Petar Slaj. \u017durili smo motivisano svaki dan na treninge u na\u0161oj dvorani \u201cMladost\u201d i nismo se ba\u0161 previ\u0161e \u017ealili \u0161to smo bili oslobo\u0111eni nekih \u010dasova, pogotovo matematike. Raspolo\u017eenje je bilo fenomenalno! Odu\u0161evl\u0458enje od prvog dana do povratka iz Beograda. Kasnije smo trenirali na stadionu i ve\u0107 po\u010detkom prol\u0458e\u0107a bili dobrano pocrnili od sunca. Nije nam smetala ni ki\u0161a ni varl\u0458ivo prol\u0458etno vrijeme.<\/p>\n<p>U Beograd smo stigli sedam dana ranije. Tu smo nastavili treninge prije i poslije podne na pomo\u0107nom stadionu. Nije bilo zezanja! Radilo se svojski po ki\u0161i i suncu. Trening ujutro, nazad na ru\u010dak, pa popodne opet na travu. Bili smo Jugoslavija u malom. Osje\u0107aj je bio veli\u010danstven, da smo tu na mjestu gdje se ne\u0161to veliko i va\u017eno de\u0161ava. Bili smo smje\u0161teni u kasarnama JNA. Imali smo poseban tretman i odli\u010dnu hranu. Sa radija nam je pjevala Jasna Zloki\u0107: \u201eI ni\u0161ta ne bi bilo me\u0111u nama, vjeruj mi, da nije bio maj\u201c. Mo\u017eda se zbog toga desila i poneka l\u0458ubav. Na treninge smo i\u0161li autobusima pod pratnjom vojne policije. Al\u2019 smo bili va\u017eni! Sve je bilo kao u nekom snu, ali na javi. Bili smo Jugoslavija, sve nacije i vjere na jednom zadatku i srcem i du\u0161om. \u201cDivl\u0458e jagode\u201d su pjevale o \u201c\u010carobnjacima\u201d i mi smo bili ti \u010darobnjaci. Vol\u0458eli smo i istok i zapad, planine, more i ravnice na\u0161e predivne Jugice.<\/p>\n<p><a href=\"https:\/\/www.prijedordanas.com\/wp-content\/uploads\/2024\/05\/prijedorcani-na-naslovnici-borbe.jpg\"><img loading=\"lazy\" decoding=\"async\" src=\"https:\/\/www.prijedordanas.com\/wp-content\/uploads\/2024\/05\/prijedorcani-na-naslovnici-borbe-225x300.jpg\" alt=\"\" width=\"225\" height=\"300\" class=\"alignleft size-medium wp-image-226854\" srcset=\"https:\/\/www.prijedordanas.com\/wp-content\/uploads\/2024\/05\/prijedorcani-na-naslovnici-borbe-225x300.jpg 225w, https:\/\/www.prijedordanas.com\/wp-content\/uploads\/2024\/05\/prijedorcani-na-naslovnici-borbe.jpg 450w\" sizes=\"(max-width: 225px) 100vw, 225px\" \/><\/a>Uo\u010di samog Dana mladosti izvodili smo program u punoj opremi. Sve se snimalo kao da je sam 25. maj, za slu\u010daj da na taj dan pada ki\u0161a. Prijedor je bio u bijelo-crvenim kostimima. Veli\u010dine patika nam i nisu ba\u0161 odgovorale, ili si dobio desnu i lijevu u razli\u010ditim veli\u010dinama, ali sve to nije bilo va\u017eno. Sre\u0107om nije padala ki\u0161a na Dan mladosti, a u Prijedoru su svi sjedili ispred televizora, nadaju\u0107i se da \u0107e vidjeti nekog svog ili bar nekog poznatog.<\/p>\n<p>U programu \u201ePramaletje \u0161to si mi zelene\u201c u\u010destvovali su u\u010denici, studenti, radnici i pripadnici JNA, Stefan Milenkovi\u0107, Dubravka Zubovi\u0107, \u201cFilm\u201d, \u201cDivl\u0458e jagode\u201d i nas 300 Prijedor\u010dana! I \u017del\u0458ko Bebek je pjevao \u201eNe treba rat da nam se desi, da poka\u017eemo da smo rodol\u0458ubi, ne treba rat da nam se desi, da bi umjeli biti heroji, zar ne, drugovi moji?\u201c E, moj \u017del\u0458ko, d\u017eaba si pjevao, ispade puno \u0161ta druga\u010dije. Nisu te mnogi slu\u0161ali.<\/p>\n<p>Vratili smo se 26. maja vozom Jugoslovenske \u017eel\u0458eznice u Prijedor. Pregorjeli od sunca, umorni, prepuni utisaka, novih prijatel\u0458stava i l\u0458ubavi, ali prezadovol\u0458ni i ponosni \u0161to smo mogli u\u010destvovati u tako velikom spektaklu koji se de\u0161ava jednom u \u017eivotu! To nam niko vi\u0161e nije mogao oduzeti.<\/p>\n<p>Neki su se vratili u \u0161kolske klupe, a za nas maturante \u0161kolska godina je prakti\u010dno bila zavr\u0161ena. Sje\u0107anja su ostala i \u017eive. I poneka fotografija sa presretnim mladim l\u0458udima, koji su sada svi redom 40 godina stariji. Sretnemo se u prolazu, i na ponekoj proslavi mature. Sjetimo se tih dana i jednog drugog sistema, jedne dr\u017eave koju smo vol\u0458eli i po\u0161tovali, a koje odavno nema. I sa kojom su umrli, ubijeni, nestali mnogi na\u0161i ro\u0111aci i prijatel\u0458i. I kad pri\u010damo o tim dalekim vremenima, zaiskre nam o\u010di i padne ponekad iskrena i nostalgi\u010dna suza. Bila su to ba\u0161 neka druga vremena\u2026<\/p>\n<p>Tanja Obradovi\u0107, maturant Gimnazije 1984.<\/p>\n<p><strong><a href=\"https:\/\/kozarski.com\/uz-jubilej-40-godina-ucesca-prijedora-na-proslavi-dana-mladosti-u-beogradu-domovina-srcem-se-ljubi-zar-ne-drugovi-moji\/\" target=\"_blank\" rel=\"noopener\">kozarski.com<\/a><\/strong><\/p>\n","protected":false},"excerpt":{"rendered":"<p>Prijedor\u010danka Tanja Obradovi\u0107 decenijama \u017eivi u inostranstvu, ali rado posje\u0107uje rodni kraj za koji je ve\u017eu lijepe uspomene. Mnoge od njih odnose se na bezbri\u017ene srednjo\u0161kolske dane, dru\u017eenja i putovanja. [&hellip;]<\/p>\n","protected":false},"author":1,"featured_media":0,"comment_status":"closed","ping_status":"open","sticky":false,"template":"","format":"standard","meta":{"_monsterinsights_skip_tracking":false,"_monsterinsights_sitenote_active":false,"_monsterinsights_sitenote_note":"","_monsterinsights_sitenote_category":0,"footnotes":""},"categories":[3],"tags":[],"yoast_head":"<!-- This site is optimized with the Yoast SEO plugin v21.6 - https:\/\/yoast.com\/wordpress\/plugins\/seo\/ -->\n<title>Uz jubilej, 40 godina u\u010de\u0161\u0107a Prijedora na proslavi Dana mladosti u Beogradu: &quot;Domovina srcem se ljubi, zar ne, drugovi moji?\u201c - PrijedorDanas.com - Prijedorski gradski portal<\/title>\n<meta name=\"robots\" content=\"index, follow, max-snippet:-1, max-image-preview:large, max-video-preview:-1\" \/>\n<link rel=\"canonical\" href=\"https:\/\/www.prijedordanas.com\/?p=226851\" \/>\n<meta property=\"og:locale\" content=\"en_US\" \/>\n<meta property=\"og:type\" content=\"article\" \/>\n<meta property=\"og:title\" content=\"Uz jubilej, 40 godina u\u010de\u0161\u0107a Prijedora na proslavi Dana mladosti u Beogradu: &quot;Domovina srcem se ljubi, zar ne, drugovi moji?\u201c - PrijedorDanas.com - Prijedorski gradski portal\" \/>\n<meta property=\"og:description\" content=\"Prijedor\u010danka Tanja Obradovi\u0107 decenijama \u017eivi u inostranstvu, ali rado posje\u0107uje rodni kraj za koji je ve\u017eu lijepe uspomene. Mnoge od njih odnose se na bezbri\u017ene srednjo\u0161kolske dane, dru\u017eenja i putovanja. [&hellip;]\" \/>\n<meta property=\"og:url\" content=\"https:\/\/www.prijedordanas.com\/?p=226851\" \/>\n<meta property=\"og:site_name\" content=\"PrijedorDanas.com - Prijedorski gradski portal\" \/>\n<meta property=\"article:publisher\" content=\"https:\/\/www.facebook.com\/PrijedorDanasCom\/\" \/>\n<meta property=\"article:published_time\" content=\"2024-05-26T08:03:43+00:00\" \/>\n<meta property=\"og:image\" content=\"https:\/\/www.prijedordanas.com\/wp-content\/uploads\/2024\/05\/prijedorske-srednjoskolke-spremne-za-slet-300x225.jpg\" \/>\n<meta name=\"author\" content=\"admin\" \/>\n<meta name=\"twitter:card\" content=\"summary_large_image\" \/>\n<meta name=\"twitter:label1\" content=\"Written by\" \/>\n\t<meta name=\"twitter:data1\" content=\"admin\" \/>\n\t<meta name=\"twitter:label2\" content=\"Est. reading time\" \/>\n\t<meta name=\"twitter:data2\" content=\"4 minutes\" \/>\n<script type=\"application\/ld+json\" class=\"yoast-schema-graph\">{\"@context\":\"https:\/\/schema.org\",\"@graph\":[{\"@type\":\"Article\",\"@id\":\"https:\/\/www.prijedordanas.com\/?p=226851#article\",\"isPartOf\":{\"@id\":\"https:\/\/www.prijedordanas.com\/?p=226851\"},\"author\":{\"name\":\"admin\",\"@id\":\"https:\/\/www.prijedordanas.com\/#\/schema\/person\/4e08ccf29b506ca916ff86d46bb700e6\"},\"headline\":\"Uz jubilej, 40 godina u\u010de\u0161\u0107a Prijedora na proslavi Dana mladosti u Beogradu: &#8220;Domovina srcem se ljubi, zar ne, drugovi moji?\u201c\",\"datePublished\":\"2024-05-26T08:03:43+00:00\",\"dateModified\":\"2024-05-26T08:03:43+00:00\",\"mainEntityOfPage\":{\"@id\":\"https:\/\/www.prijedordanas.com\/?p=226851\"},\"wordCount\":884,\"publisher\":{\"@id\":\"https:\/\/www.prijedordanas.com\/#organization\"},\"articleSection\":[\"\u017divot\"],\"inLanguage\":\"en-US\"},{\"@type\":\"WebPage\",\"@id\":\"https:\/\/www.prijedordanas.com\/?p=226851\",\"url\":\"https:\/\/www.prijedordanas.com\/?p=226851\",\"name\":\"Uz jubilej, 40 godina u\u010de\u0161\u0107a Prijedora na proslavi Dana mladosti u Beogradu: \\\"Domovina srcem se ljubi, zar ne, drugovi moji?\u201c - PrijedorDanas.com - Prijedorski gradski portal\",\"isPartOf\":{\"@id\":\"https:\/\/www.prijedordanas.com\/#website\"},\"datePublished\":\"2024-05-26T08:03:43+00:00\",\"dateModified\":\"2024-05-26T08:03:43+00:00\",\"breadcrumb\":{\"@id\":\"https:\/\/www.prijedordanas.com\/?p=226851#breadcrumb\"},\"inLanguage\":\"en-US\",\"potentialAction\":[{\"@type\":\"ReadAction\",\"target\":[\"https:\/\/www.prijedordanas.com\/?p=226851\"]}]},{\"@type\":\"BreadcrumbList\",\"@id\":\"https:\/\/www.prijedordanas.com\/?p=226851#breadcrumb\",\"itemListElement\":[{\"@type\":\"ListItem\",\"position\":1,\"name\":\"Home\",\"item\":\"https:\/\/www.prijedordanas.com\/\"},{\"@type\":\"ListItem\",\"position\":2,\"name\":\"Uz jubilej, 40 godina u\u010de\u0161\u0107a Prijedora na proslavi Dana mladosti u Beogradu: &#8220;Domovina srcem se ljubi, zar ne, drugovi moji?\u201c\"}]},{\"@type\":\"WebSite\",\"@id\":\"https:\/\/www.prijedordanas.com\/#website\",\"url\":\"https:\/\/www.prijedordanas.com\/\",\"name\":\"PrijedorDanas.com - Prijedorski gradski portal\",\"description\":\"Portal o doga\u0111anjima u gradu Prijedoru\",\"publisher\":{\"@id\":\"https:\/\/www.prijedordanas.com\/#organization\"},\"potentialAction\":[{\"@type\":\"SearchAction\",\"target\":{\"@type\":\"EntryPoint\",\"urlTemplate\":\"https:\/\/www.prijedordanas.com\/?s={search_term_string}\"},\"query-input\":\"required name=search_term_string\"}],\"inLanguage\":\"en-US\"},{\"@type\":\"Organization\",\"@id\":\"https:\/\/www.prijedordanas.com\/#organization\",\"name\":\"PrijedorDanas.com\",\"url\":\"https:\/\/www.prijedordanas.com\/\",\"logo\":{\"@type\":\"ImageObject\",\"inLanguage\":\"en-US\",\"@id\":\"https:\/\/www.prijedordanas.com\/#\/schema\/logo\/image\/\",\"url\":\"http:\/\/www.prijedordanas.com\/wp-content\/uploads\/2021\/12\/logopng.png\",\"contentUrl\":\"http:\/\/www.prijedordanas.com\/wp-content\/uploads\/2021\/12\/logopng.png\",\"width\":1019,\"height\":776,\"caption\":\"PrijedorDanas.com\"},\"image\":{\"@id\":\"https:\/\/www.prijedordanas.com\/#\/schema\/logo\/image\/\"},\"sameAs\":[\"https:\/\/www.facebook.com\/PrijedorDanasCom\/\"]},{\"@type\":\"Person\",\"@id\":\"https:\/\/www.prijedordanas.com\/#\/schema\/person\/4e08ccf29b506ca916ff86d46bb700e6\",\"name\":\"admin\",\"image\":{\"@type\":\"ImageObject\",\"inLanguage\":\"en-US\",\"@id\":\"https:\/\/www.prijedordanas.com\/#\/schema\/person\/image\/\",\"url\":\"https:\/\/secure.gravatar.com\/avatar\/1d3fc949d550f0b53a5f0d51e06dfd79?s=96&d=mm&r=g\",\"contentUrl\":\"https:\/\/secure.gravatar.com\/avatar\/1d3fc949d550f0b53a5f0d51e06dfd79?s=96&d=mm&r=g\",\"caption\":\"admin\"},\"url\":\"https:\/\/www.prijedordanas.com\/?author=1\"}]}<\/script>\n<!-- \/ Yoast SEO plugin. -->","yoast_head_json":{"title":"Uz jubilej, 40 godina u\u010de\u0161\u0107a Prijedora na proslavi Dana mladosti u Beogradu: \"Domovina srcem se ljubi, zar ne, drugovi moji?\u201c - PrijedorDanas.com - Prijedorski gradski portal","robots":{"index":"index","follow":"follow","max-snippet":"max-snippet:-1","max-image-preview":"max-image-preview:large","max-video-preview":"max-video-preview:-1"},"canonical":"https:\/\/www.prijedordanas.com\/?p=226851","og_locale":"en_US","og_type":"article","og_title":"Uz jubilej, 40 godina u\u010de\u0161\u0107a Prijedora na proslavi Dana mladosti u Beogradu: \"Domovina srcem se ljubi, zar ne, drugovi moji?\u201c - PrijedorDanas.com - Prijedorski gradski portal","og_description":"Prijedor\u010danka Tanja Obradovi\u0107 decenijama \u017eivi u inostranstvu, ali rado posje\u0107uje rodni kraj za koji je ve\u017eu lijepe uspomene. Mnoge od njih odnose se na bezbri\u017ene srednjo\u0161kolske dane, dru\u017eenja i putovanja. [&hellip;]","og_url":"https:\/\/www.prijedordanas.com\/?p=226851","og_site_name":"PrijedorDanas.com - Prijedorski gradski portal","article_publisher":"https:\/\/www.facebook.com\/PrijedorDanasCom\/","article_published_time":"2024-05-26T08:03:43+00:00","og_image":[{"url":"https:\/\/www.prijedordanas.com\/wp-content\/uploads\/2024\/05\/prijedorske-srednjoskolke-spremne-za-slet-300x225.jpg"}],"author":"admin","twitter_card":"summary_large_image","twitter_misc":{"Written by":"admin","Est. reading time":"4 minutes"},"schema":{"@context":"https:\/\/schema.org","@graph":[{"@type":"Article","@id":"https:\/\/www.prijedordanas.com\/?p=226851#article","isPartOf":{"@id":"https:\/\/www.prijedordanas.com\/?p=226851"},"author":{"name":"admin","@id":"https:\/\/www.prijedordanas.com\/#\/schema\/person\/4e08ccf29b506ca916ff86d46bb700e6"},"headline":"Uz jubilej, 40 godina u\u010de\u0161\u0107a Prijedora na proslavi Dana mladosti u Beogradu: &#8220;Domovina srcem se ljubi, zar ne, drugovi moji?\u201c","datePublished":"2024-05-26T08:03:43+00:00","dateModified":"2024-05-26T08:03:43+00:00","mainEntityOfPage":{"@id":"https:\/\/www.prijedordanas.com\/?p=226851"},"wordCount":884,"publisher":{"@id":"https:\/\/www.prijedordanas.com\/#organization"},"articleSection":["\u017divot"],"inLanguage":"en-US"},{"@type":"WebPage","@id":"https:\/\/www.prijedordanas.com\/?p=226851","url":"https:\/\/www.prijedordanas.com\/?p=226851","name":"Uz jubilej, 40 godina u\u010de\u0161\u0107a Prijedora na proslavi Dana mladosti u Beogradu: \"Domovina srcem se ljubi, zar ne, drugovi moji?\u201c - PrijedorDanas.com - Prijedorski gradski portal","isPartOf":{"@id":"https:\/\/www.prijedordanas.com\/#website"},"datePublished":"2024-05-26T08:03:43+00:00","dateModified":"2024-05-26T08:03:43+00:00","breadcrumb":{"@id":"https:\/\/www.prijedordanas.com\/?p=226851#breadcrumb"},"inLanguage":"en-US","potentialAction":[{"@type":"ReadAction","target":["https:\/\/www.prijedordanas.com\/?p=226851"]}]},{"@type":"BreadcrumbList","@id":"https:\/\/www.prijedordanas.com\/?p=226851#breadcrumb","itemListElement":[{"@type":"ListItem","position":1,"name":"Home","item":"https:\/\/www.prijedordanas.com\/"},{"@type":"ListItem","position":2,"name":"Uz jubilej, 40 godina u\u010de\u0161\u0107a Prijedora na proslavi Dana mladosti u Beogradu: &#8220;Domovina srcem se ljubi, zar ne, drugovi moji?\u201c"}]},{"@type":"WebSite","@id":"https:\/\/www.prijedordanas.com\/#website","url":"https:\/\/www.prijedordanas.com\/","name":"PrijedorDanas.com - Prijedorski gradski portal","description":"Portal o doga\u0111anjima u gradu Prijedoru","publisher":{"@id":"https:\/\/www.prijedordanas.com\/#organization"},"potentialAction":[{"@type":"SearchAction","target":{"@type":"EntryPoint","urlTemplate":"https:\/\/www.prijedordanas.com\/?s={search_term_string}"},"query-input":"required name=search_term_string"}],"inLanguage":"en-US"},{"@type":"Organization","@id":"https:\/\/www.prijedordanas.com\/#organization","name":"PrijedorDanas.com","url":"https:\/\/www.prijedordanas.com\/","logo":{"@type":"ImageObject","inLanguage":"en-US","@id":"https:\/\/www.prijedordanas.com\/#\/schema\/logo\/image\/","url":"http:\/\/www.prijedordanas.com\/wp-content\/uploads\/2021\/12\/logopng.png","contentUrl":"http:\/\/www.prijedordanas.com\/wp-content\/uploads\/2021\/12\/logopng.png","width":1019,"height":776,"caption":"PrijedorDanas.com"},"image":{"@id":"https:\/\/www.prijedordanas.com\/#\/schema\/logo\/image\/"},"sameAs":["https:\/\/www.facebook.com\/PrijedorDanasCom\/"]},{"@type":"Person","@id":"https:\/\/www.prijedordanas.com\/#\/schema\/person\/4e08ccf29b506ca916ff86d46bb700e6","name":"admin","image":{"@type":"ImageObject","inLanguage":"en-US","@id":"https:\/\/www.prijedordanas.com\/#\/schema\/person\/image\/","url":"https:\/\/secure.gravatar.com\/avatar\/1d3fc949d550f0b53a5f0d51e06dfd79?s=96&d=mm&r=g","contentUrl":"https:\/\/secure.gravatar.com\/avatar\/1d3fc949d550f0b53a5f0d51e06dfd79?s=96&d=mm&r=g","caption":"admin"},"url":"https:\/\/www.prijedordanas.com\/?author=1"}]}},"_links":{"self":[{"href":"https:\/\/www.prijedordanas.com\/index.php?rest_route=\/wp\/v2\/posts\/226851"}],"collection":[{"href":"https:\/\/www.prijedordanas.com\/index.php?rest_route=\/wp\/v2\/posts"}],"about":[{"href":"https:\/\/www.prijedordanas.com\/index.php?rest_route=\/wp\/v2\/types\/post"}],"author":[{"embeddable":true,"href":"https:\/\/www.prijedordanas.com\/index.php?rest_route=\/wp\/v2\/users\/1"}],"replies":[{"embeddable":true,"href":"https:\/\/www.prijedordanas.com\/index.php?rest_route=%2Fwp%2Fv2%2Fcomments&post=226851"}],"version-history":[{"count":1,"href":"https:\/\/www.prijedordanas.com\/index.php?rest_route=\/wp\/v2\/posts\/226851\/revisions"}],"predecessor-version":[{"id":226855,"href":"https:\/\/www.prijedordanas.com\/index.php?rest_route=\/wp\/v2\/posts\/226851\/revisions\/226855"}],"wp:attachment":[{"href":"https:\/\/www.prijedordanas.com\/index.php?rest_route=%2Fwp%2Fv2%2Fmedia&parent=226851"}],"wp:term":[{"taxonomy":"category","embeddable":true,"href":"https:\/\/www.prijedordanas.com\/index.php?rest_route=%2Fwp%2Fv2%2Fcategories&post=226851"},{"taxonomy":"post_tag","embeddable":true,"href":"https:\/\/www.prijedordanas.com\/index.php?rest_route=%2Fwp%2Fv2%2Ftags&post=226851"}],"curies":[{"name":"wp","href":"https:\/\/api.w.org\/{rel}","templated":true}]}}