{"id":226666,"date":"2024-05-24T06:57:30","date_gmt":"2024-05-24T04:57:30","guid":{"rendered":"https:\/\/www.prijedordanas.com\/?p=226666"},"modified":"2024-05-24T06:57:30","modified_gmt":"2024-05-24T04:57:30","slug":"udruzenje-gradana-don-prijedor-osnaziti-mlade-u-reagovanju-na-svaku-vrstu-nasilja","status":"publish","type":"post","link":"https:\/\/www.prijedordanas.com\/?p=226666","title":{"rendered":"Udru\u017eenje gra\u0111ana \u201eDON\u201c Prijedor: Osna\u017eiti mlade u reagovanju na svaku vrstu nasilja"},"content":{"rendered":"<p><a href=\"https:\/\/www.prijedordanas.com\/wp-content\/uploads\/2024\/05\/debata-za-mlade-o-borbi-protiv-svih-oblika-nasilja-2.jpg\"><img loading=\"lazy\" decoding=\"async\" class=\"alignleft size-medium wp-image-226671\" src=\"https:\/\/www.prijedordanas.com\/wp-content\/uploads\/2024\/05\/debata-za-mlade-o-borbi-protiv-svih-oblika-nasilja-2-300x225.jpg\" alt=\"\" width=\"300\" height=\"225\" srcset=\"https:\/\/www.prijedordanas.com\/wp-content\/uploads\/2024\/05\/debata-za-mlade-o-borbi-protiv-svih-oblika-nasilja-2-300x225.jpg 300w, https:\/\/www.prijedordanas.com\/wp-content\/uploads\/2024\/05\/debata-za-mlade-o-borbi-protiv-svih-oblika-nasilja-2-640x480.jpg 640w, https:\/\/www.prijedordanas.com\/wp-content\/uploads\/2024\/05\/debata-za-mlade-o-borbi-protiv-svih-oblika-nasilja-2.jpg 666w\" sizes=\"(max-width: 300px) 100vw, 300px\" \/><\/a>Ja\u010danje otvorenog dijaloga me\u0111u mladim ljudima, vlastima, stru\u010dnjacima, privatnim sektorom, nevladinim organizacijama i akademskom zajednicom cilj je javne debate koja je odr\u017eana u Prijedoru u organizaciji nevladinih udru\u017eenja \u201eDON\u201c iz Prijedora i \u201eStop mobing\u201c iz Trebinja.<\/p>\n<p>Direktorica Ugostiteljsko-ekonomske \u0161kole Prijedor Dra\u017eena Mr\u0161ic\u0301 rekla je da u Republici Srpskoj ima oko 20.000 prosvjetnih radnika i da u tako brojnoj grupi sigurno ima i onih koji su zalutali, ali da djeca i mladi ljudi treba da znaju da itekako ima onih koji su posvec\u0301eni i to ne samo nastavnom radu.<\/p>\n<p>\u201eMe\u0111u prosvjetnim radnicima ima ljudi koji su spremni i posvec\u0301eni da podr\u017ee, pomognu, na\u0111u se na raspolaganju u\u010denicima i ima prostora da se njeguje i ono ljudsko. Raduje nas da to djeca i sama prepoznaju i da nisu samo negativni primjeri tema\u201c, rekla je Mr\u0161ic\u0301eva.<\/p>\n<p>Ona je podsjetila na slu\u010daj profesora koji je seksualno uznemiravao u\u010denice.<\/p>\n<p>\u201eTa agonija je trajala godinama, ali se samo pri\u010dalo po hodnicima i djeca me\u0111usobno komunicirala. Kada je uprava \u0161kole kona\u010dno dobila i formalnu prijavu, uradila je sve \u0161to je mogla i \u0161to joj je od postupanja na raspolaganju, a na kraju se predmet zavr\u0161io tako \u0161to su roditelji o\u0161tec\u0301ene djece povukli prijavu i profesor nastavio da radi sve do penzije\u201c, navela je Mr\u0161ic\u0301eva.<\/p>\n<p><a href=\"https:\/\/www.prijedordanas.com\/wp-content\/uploads\/2024\/05\/debata-za-mlade-o-borbi-protiv-svih-oblika-nasilja-1.jpg\"><img loading=\"lazy\" decoding=\"async\" src=\"https:\/\/www.prijedordanas.com\/wp-content\/uploads\/2024\/05\/debata-za-mlade-o-borbi-protiv-svih-oblika-nasilja-1-300x225.jpg\" alt=\"\" width=\"300\" height=\"225\" class=\"alignleft size-medium wp-image-226672\" srcset=\"https:\/\/www.prijedordanas.com\/wp-content\/uploads\/2024\/05\/debata-za-mlade-o-borbi-protiv-svih-oblika-nasilja-1-300x225.jpg 300w, https:\/\/www.prijedordanas.com\/wp-content\/uploads\/2024\/05\/debata-za-mlade-o-borbi-protiv-svih-oblika-nasilja-1-640x480.jpg 640w, https:\/\/www.prijedordanas.com\/wp-content\/uploads\/2024\/05\/debata-za-mlade-o-borbi-protiv-svih-oblika-nasilja-1.jpg 666w\" sizes=\"(max-width: 300px) 100vw, 300px\" \/><\/a>Ona je podsjetila da je za prosvjetne radnike obavezan ljekarski sistematski pregled jednom godi\u0161nje, ali da to vi\u0161e izgleda kao formalnost.<\/p>\n<p>\u201eZa 15 godina koliko radim broj prosvjetnih radnika koji nisu pro\u0161li ovu vrstu provjere sposobnosti za rad sa djecom je nula\u201c, dodala je Mr\u0161ic\u0301eva.<\/p>\n<p>Upozorila je i na druge krajnosti koje prosvjetne radnike vode ka tome da postanu roboti.<\/p>\n<p>\u201eU\u010denica je dobila epi napad, pala je na pod hodnika, kolega mi ka\u017ee da je ja uzmem za noge, a on c\u0301e za ruke, jer tu je video nadzor, pa da ne bi bilo eventualno pogre\u0161nih tuma\u010denja. Ili, na primjer, staviti ruku na rame u\u010deniku koji je tu\u017ean danas tra\u017ei dodatni oprez\u201c, dodala je Mr\u0161ic\u0301eva.<\/p>\n<p>U\u010desnici debate &#8211; srednjo\u0161kolci i \u010dlanovi Omladinskog savjeta grada Prijedora, kao situacije u kojima prepoznaju uznemiravanje, navodili su naj\u010de\u0161c\u0301e iskustva sa pojedinim profesorima, i to ispoljavanje li\u010dnih frustracija tokom nastave, stvaranje osjec\u0301aja nesigurnosti kod \u0111aka, nebriga za njihovo mentalno zdravlje, izostanak reakcije stru\u010dnih slu\u017ebi u \u0161kolama kada u\u010denici prijave problem i neblagovremeno reagovanje uprave \u2013 tek kada problem eskalira.<\/p>\n<p>Tako\u0111e su kao pozitivne primjere izdvojili profesore koji nemaju nu\u017eno prijateljski odnos s \u0111acima, nego dr\u017ee distancu, ali imaju autoritet i po\u0161tovanje koji su sami izgradili i zaslu\u017eili odnosom i prema poslu i prema djeci i prema zbornici.<\/p>\n<p>Izvr\u0161na direktorica udru\u017eenja \u201eDON\u201d Murisa Maric\u0301 rekla je da se dana\u0161nja debata svela na primjere iz srednjih \u0161kola \u2013 i dobre i lo\u0161e, da je to zato \u0161to su u\u010desnici \u0111aci, a da se manje ili vi\u0161e jednake situacije de\u0161avaju u svim drugim okru\u017eenjima.<\/p>\n<p>\u201ePoruka mladim ljudima je da nisu sami i da ih c\u0301utanje nec\u0301e za\u0161tititi. Oni vi\u0161e nisu djeca, veoma dobro razumiju stvari i znaju razlikovati dobro od lo\u0161eg. Ovakve diskusije poti\u010du ih da se bore za to da ne do\u0111e do re\u010denice vi\u0161ka, bilo od roditelja, profesora, vr\u0161njaka ili bilo koga drugog\u201c, dodala je Maric\u0301eva.<\/p>\n<p>Tekst I foto \u2013 Katarina Pani\u0107 &#8211; <a href=\"https:\/\/www.prijedordanas.com\" target=\"_blank\" rel=\"noopener noreferrer\">www.prijedordanas.com<\/a><\/p>\n","protected":false},"excerpt":{"rendered":"<p>Ja\u010danje otvorenog dijaloga me\u0111u mladim ljudima, vlastima, stru\u010dnjacima, privatnim sektorom, nevladinim organizacijama i akademskom zajednicom cilj je javne debate koja je odr\u017eana u Prijedoru u organizaciji nevladinih udru\u017eenja \u201eDON\u201c iz [&hellip;]<\/p>\n","protected":false},"author":1,"featured_media":0,"comment_status":"closed","ping_status":"open","sticky":false,"template":"","format":"standard","meta":{"_monsterinsights_skip_tracking":false,"_monsterinsights_sitenote_active":false,"_monsterinsights_sitenote_note":"","_monsterinsights_sitenote_category":0,"footnotes":""},"categories":[7518],"tags":[],"yoast_head":"<!-- This site is optimized with the Yoast SEO plugin v21.6 - https:\/\/yoast.com\/wordpress\/plugins\/seo\/ -->\n<title>Udru\u017eenje gra\u0111ana \u201eDON\u201c Prijedor: Osna\u017eiti mlade u reagovanju na svaku vrstu nasilja - PrijedorDanas.com - Prijedorski gradski portal<\/title>\n<meta name=\"robots\" content=\"index, follow, max-snippet:-1, max-image-preview:large, max-video-preview:-1\" \/>\n<link rel=\"canonical\" href=\"https:\/\/www.prijedordanas.com\/?p=226666\" \/>\n<meta property=\"og:locale\" content=\"en_US\" \/>\n<meta property=\"og:type\" content=\"article\" \/>\n<meta property=\"og:title\" content=\"Udru\u017eenje gra\u0111ana \u201eDON\u201c Prijedor: Osna\u017eiti mlade u reagovanju na svaku vrstu nasilja - PrijedorDanas.com - Prijedorski gradski portal\" \/>\n<meta property=\"og:description\" content=\"Ja\u010danje otvorenog dijaloga me\u0111u mladim ljudima, vlastima, stru\u010dnjacima, privatnim sektorom, nevladinim organizacijama i akademskom zajednicom cilj je javne debate koja je odr\u017eana u Prijedoru u organizaciji nevladinih udru\u017eenja \u201eDON\u201c iz [&hellip;]\" \/>\n<meta property=\"og:url\" content=\"https:\/\/www.prijedordanas.com\/?p=226666\" \/>\n<meta property=\"og:site_name\" content=\"PrijedorDanas.com - Prijedorski gradski portal\" \/>\n<meta property=\"article:publisher\" content=\"https:\/\/www.facebook.com\/PrijedorDanasCom\/\" \/>\n<meta property=\"article:published_time\" content=\"2024-05-24T04:57:30+00:00\" \/>\n<meta property=\"og:image\" content=\"https:\/\/www.prijedordanas.com\/wp-content\/uploads\/2024\/05\/debata-za-mlade-o-borbi-protiv-svih-oblika-nasilja-2-300x225.jpg\" \/>\n<meta name=\"author\" content=\"admin\" \/>\n<meta name=\"twitter:card\" content=\"summary_large_image\" \/>\n<meta name=\"twitter:label1\" content=\"Written by\" \/>\n\t<meta name=\"twitter:data1\" content=\"admin\" \/>\n\t<meta name=\"twitter:label2\" content=\"Est. reading time\" \/>\n\t<meta name=\"twitter:data2\" content=\"3 minutes\" \/>\n<script type=\"application\/ld+json\" class=\"yoast-schema-graph\">{\"@context\":\"https:\/\/schema.org\",\"@graph\":[{\"@type\":\"Article\",\"@id\":\"https:\/\/www.prijedordanas.com\/?p=226666#article\",\"isPartOf\":{\"@id\":\"https:\/\/www.prijedordanas.com\/?p=226666\"},\"author\":{\"name\":\"admin\",\"@id\":\"https:\/\/www.prijedordanas.com\/#\/schema\/person\/4e08ccf29b506ca916ff86d46bb700e6\"},\"headline\":\"Udru\u017eenje gra\u0111ana \u201eDON\u201c Prijedor: Osna\u017eiti mlade u reagovanju na svaku vrstu nasilja\",\"datePublished\":\"2024-05-24T04:57:30+00:00\",\"dateModified\":\"2024-05-24T04:57:30+00:00\",\"mainEntityOfPage\":{\"@id\":\"https:\/\/www.prijedordanas.com\/?p=226666\"},\"wordCount\":611,\"publisher\":{\"@id\":\"https:\/\/www.prijedordanas.com\/#organization\"},\"articleSection\":[\"Mladi\"],\"inLanguage\":\"en-US\"},{\"@type\":\"WebPage\",\"@id\":\"https:\/\/www.prijedordanas.com\/?p=226666\",\"url\":\"https:\/\/www.prijedordanas.com\/?p=226666\",\"name\":\"Udru\u017eenje gra\u0111ana \u201eDON\u201c Prijedor: Osna\u017eiti mlade u reagovanju na svaku vrstu nasilja - PrijedorDanas.com - Prijedorski gradski portal\",\"isPartOf\":{\"@id\":\"https:\/\/www.prijedordanas.com\/#website\"},\"datePublished\":\"2024-05-24T04:57:30+00:00\",\"dateModified\":\"2024-05-24T04:57:30+00:00\",\"breadcrumb\":{\"@id\":\"https:\/\/www.prijedordanas.com\/?p=226666#breadcrumb\"},\"inLanguage\":\"en-US\",\"potentialAction\":[{\"@type\":\"ReadAction\",\"target\":[\"https:\/\/www.prijedordanas.com\/?p=226666\"]}]},{\"@type\":\"BreadcrumbList\",\"@id\":\"https:\/\/www.prijedordanas.com\/?p=226666#breadcrumb\",\"itemListElement\":[{\"@type\":\"ListItem\",\"position\":1,\"name\":\"Home\",\"item\":\"https:\/\/www.prijedordanas.com\/\"},{\"@type\":\"ListItem\",\"position\":2,\"name\":\"Udru\u017eenje gra\u0111ana \u201eDON\u201c Prijedor: Osna\u017eiti mlade u reagovanju na svaku vrstu nasilja\"}]},{\"@type\":\"WebSite\",\"@id\":\"https:\/\/www.prijedordanas.com\/#website\",\"url\":\"https:\/\/www.prijedordanas.com\/\",\"name\":\"PrijedorDanas.com - Prijedorski gradski portal\",\"description\":\"Portal o doga\u0111anjima u gradu Prijedoru\",\"publisher\":{\"@id\":\"https:\/\/www.prijedordanas.com\/#organization\"},\"potentialAction\":[{\"@type\":\"SearchAction\",\"target\":{\"@type\":\"EntryPoint\",\"urlTemplate\":\"https:\/\/www.prijedordanas.com\/?s={search_term_string}\"},\"query-input\":\"required name=search_term_string\"}],\"inLanguage\":\"en-US\"},{\"@type\":\"Organization\",\"@id\":\"https:\/\/www.prijedordanas.com\/#organization\",\"name\":\"PrijedorDanas.com\",\"url\":\"https:\/\/www.prijedordanas.com\/\",\"logo\":{\"@type\":\"ImageObject\",\"inLanguage\":\"en-US\",\"@id\":\"https:\/\/www.prijedordanas.com\/#\/schema\/logo\/image\/\",\"url\":\"http:\/\/www.prijedordanas.com\/wp-content\/uploads\/2021\/12\/logopng.png\",\"contentUrl\":\"http:\/\/www.prijedordanas.com\/wp-content\/uploads\/2021\/12\/logopng.png\",\"width\":1019,\"height\":776,\"caption\":\"PrijedorDanas.com\"},\"image\":{\"@id\":\"https:\/\/www.prijedordanas.com\/#\/schema\/logo\/image\/\"},\"sameAs\":[\"https:\/\/www.facebook.com\/PrijedorDanasCom\/\"]},{\"@type\":\"Person\",\"@id\":\"https:\/\/www.prijedordanas.com\/#\/schema\/person\/4e08ccf29b506ca916ff86d46bb700e6\",\"name\":\"admin\",\"image\":{\"@type\":\"ImageObject\",\"inLanguage\":\"en-US\",\"@id\":\"https:\/\/www.prijedordanas.com\/#\/schema\/person\/image\/\",\"url\":\"https:\/\/secure.gravatar.com\/avatar\/1d3fc949d550f0b53a5f0d51e06dfd79?s=96&d=mm&r=g\",\"contentUrl\":\"https:\/\/secure.gravatar.com\/avatar\/1d3fc949d550f0b53a5f0d51e06dfd79?s=96&d=mm&r=g\",\"caption\":\"admin\"},\"url\":\"https:\/\/www.prijedordanas.com\/?author=1\"}]}<\/script>\n<!-- \/ Yoast SEO plugin. -->","yoast_head_json":{"title":"Udru\u017eenje gra\u0111ana \u201eDON\u201c Prijedor: Osna\u017eiti mlade u reagovanju na svaku vrstu nasilja - PrijedorDanas.com - Prijedorski gradski portal","robots":{"index":"index","follow":"follow","max-snippet":"max-snippet:-1","max-image-preview":"max-image-preview:large","max-video-preview":"max-video-preview:-1"},"canonical":"https:\/\/www.prijedordanas.com\/?p=226666","og_locale":"en_US","og_type":"article","og_title":"Udru\u017eenje gra\u0111ana \u201eDON\u201c Prijedor: Osna\u017eiti mlade u reagovanju na svaku vrstu nasilja - PrijedorDanas.com - Prijedorski gradski portal","og_description":"Ja\u010danje otvorenog dijaloga me\u0111u mladim ljudima, vlastima, stru\u010dnjacima, privatnim sektorom, nevladinim organizacijama i akademskom zajednicom cilj je javne debate koja je odr\u017eana u Prijedoru u organizaciji nevladinih udru\u017eenja \u201eDON\u201c iz [&hellip;]","og_url":"https:\/\/www.prijedordanas.com\/?p=226666","og_site_name":"PrijedorDanas.com - Prijedorski gradski portal","article_publisher":"https:\/\/www.facebook.com\/PrijedorDanasCom\/","article_published_time":"2024-05-24T04:57:30+00:00","og_image":[{"url":"https:\/\/www.prijedordanas.com\/wp-content\/uploads\/2024\/05\/debata-za-mlade-o-borbi-protiv-svih-oblika-nasilja-2-300x225.jpg"}],"author":"admin","twitter_card":"summary_large_image","twitter_misc":{"Written by":"admin","Est. reading time":"3 minutes"},"schema":{"@context":"https:\/\/schema.org","@graph":[{"@type":"Article","@id":"https:\/\/www.prijedordanas.com\/?p=226666#article","isPartOf":{"@id":"https:\/\/www.prijedordanas.com\/?p=226666"},"author":{"name":"admin","@id":"https:\/\/www.prijedordanas.com\/#\/schema\/person\/4e08ccf29b506ca916ff86d46bb700e6"},"headline":"Udru\u017eenje gra\u0111ana \u201eDON\u201c Prijedor: Osna\u017eiti mlade u reagovanju na svaku vrstu nasilja","datePublished":"2024-05-24T04:57:30+00:00","dateModified":"2024-05-24T04:57:30+00:00","mainEntityOfPage":{"@id":"https:\/\/www.prijedordanas.com\/?p=226666"},"wordCount":611,"publisher":{"@id":"https:\/\/www.prijedordanas.com\/#organization"},"articleSection":["Mladi"],"inLanguage":"en-US"},{"@type":"WebPage","@id":"https:\/\/www.prijedordanas.com\/?p=226666","url":"https:\/\/www.prijedordanas.com\/?p=226666","name":"Udru\u017eenje gra\u0111ana \u201eDON\u201c Prijedor: Osna\u017eiti mlade u reagovanju na svaku vrstu nasilja - PrijedorDanas.com - Prijedorski gradski portal","isPartOf":{"@id":"https:\/\/www.prijedordanas.com\/#website"},"datePublished":"2024-05-24T04:57:30+00:00","dateModified":"2024-05-24T04:57:30+00:00","breadcrumb":{"@id":"https:\/\/www.prijedordanas.com\/?p=226666#breadcrumb"},"inLanguage":"en-US","potentialAction":[{"@type":"ReadAction","target":["https:\/\/www.prijedordanas.com\/?p=226666"]}]},{"@type":"BreadcrumbList","@id":"https:\/\/www.prijedordanas.com\/?p=226666#breadcrumb","itemListElement":[{"@type":"ListItem","position":1,"name":"Home","item":"https:\/\/www.prijedordanas.com\/"},{"@type":"ListItem","position":2,"name":"Udru\u017eenje gra\u0111ana \u201eDON\u201c Prijedor: Osna\u017eiti mlade u reagovanju na svaku vrstu nasilja"}]},{"@type":"WebSite","@id":"https:\/\/www.prijedordanas.com\/#website","url":"https:\/\/www.prijedordanas.com\/","name":"PrijedorDanas.com - Prijedorski gradski portal","description":"Portal o doga\u0111anjima u gradu Prijedoru","publisher":{"@id":"https:\/\/www.prijedordanas.com\/#organization"},"potentialAction":[{"@type":"SearchAction","target":{"@type":"EntryPoint","urlTemplate":"https:\/\/www.prijedordanas.com\/?s={search_term_string}"},"query-input":"required name=search_term_string"}],"inLanguage":"en-US"},{"@type":"Organization","@id":"https:\/\/www.prijedordanas.com\/#organization","name":"PrijedorDanas.com","url":"https:\/\/www.prijedordanas.com\/","logo":{"@type":"ImageObject","inLanguage":"en-US","@id":"https:\/\/www.prijedordanas.com\/#\/schema\/logo\/image\/","url":"http:\/\/www.prijedordanas.com\/wp-content\/uploads\/2021\/12\/logopng.png","contentUrl":"http:\/\/www.prijedordanas.com\/wp-content\/uploads\/2021\/12\/logopng.png","width":1019,"height":776,"caption":"PrijedorDanas.com"},"image":{"@id":"https:\/\/www.prijedordanas.com\/#\/schema\/logo\/image\/"},"sameAs":["https:\/\/www.facebook.com\/PrijedorDanasCom\/"]},{"@type":"Person","@id":"https:\/\/www.prijedordanas.com\/#\/schema\/person\/4e08ccf29b506ca916ff86d46bb700e6","name":"admin","image":{"@type":"ImageObject","inLanguage":"en-US","@id":"https:\/\/www.prijedordanas.com\/#\/schema\/person\/image\/","url":"https:\/\/secure.gravatar.com\/avatar\/1d3fc949d550f0b53a5f0d51e06dfd79?s=96&d=mm&r=g","contentUrl":"https:\/\/secure.gravatar.com\/avatar\/1d3fc949d550f0b53a5f0d51e06dfd79?s=96&d=mm&r=g","caption":"admin"},"url":"https:\/\/www.prijedordanas.com\/?author=1"}]}},"_links":{"self":[{"href":"https:\/\/www.prijedordanas.com\/index.php?rest_route=\/wp\/v2\/posts\/226666"}],"collection":[{"href":"https:\/\/www.prijedordanas.com\/index.php?rest_route=\/wp\/v2\/posts"}],"about":[{"href":"https:\/\/www.prijedordanas.com\/index.php?rest_route=\/wp\/v2\/types\/post"}],"author":[{"embeddable":true,"href":"https:\/\/www.prijedordanas.com\/index.php?rest_route=\/wp\/v2\/users\/1"}],"replies":[{"embeddable":true,"href":"https:\/\/www.prijedordanas.com\/index.php?rest_route=%2Fwp%2Fv2%2Fcomments&post=226666"}],"version-history":[{"count":2,"href":"https:\/\/www.prijedordanas.com\/index.php?rest_route=\/wp\/v2\/posts\/226666\/revisions"}],"predecessor-version":[{"id":226673,"href":"https:\/\/www.prijedordanas.com\/index.php?rest_route=\/wp\/v2\/posts\/226666\/revisions\/226673"}],"wp:attachment":[{"href":"https:\/\/www.prijedordanas.com\/index.php?rest_route=%2Fwp%2Fv2%2Fmedia&parent=226666"}],"wp:term":[{"taxonomy":"category","embeddable":true,"href":"https:\/\/www.prijedordanas.com\/index.php?rest_route=%2Fwp%2Fv2%2Fcategories&post=226666"},{"taxonomy":"post_tag","embeddable":true,"href":"https:\/\/www.prijedordanas.com\/index.php?rest_route=%2Fwp%2Fv2%2Ftags&post=226666"}],"curies":[{"name":"wp","href":"https:\/\/api.w.org\/{rel}","templated":true}]}}