{"id":226577,"date":"2024-05-23T13:11:49","date_gmt":"2024-05-23T11:11:49","guid":{"rendered":"https:\/\/www.prijedordanas.com\/?p=226577"},"modified":"2024-05-23T13:11:49","modified_gmt":"2024-05-23T11:11:49","slug":"prijedor-odrzani-jubilarni-20-majski-susreti-foto","status":"publish","type":"post","link":"https:\/\/www.prijedordanas.com\/?p=226577","title":{"rendered":"Prijedor: Odr\u017eani jubilarni 20. &#8220;Majski susreti&#8221; &#8211; FOTO"},"content":{"rendered":"<p><a href=\"https:\/\/www.prijedordanas.com\/wp-content\/uploads\/2024\/05\/kozarski-majski-susreti-2024-1.jpg\"><img loading=\"lazy\" decoding=\"async\" class=\"alignleft size-medium wp-image-226579\" src=\"https:\/\/www.prijedordanas.com\/wp-content\/uploads\/2024\/05\/kozarski-majski-susreti-2024-1-300x225.jpg\" alt=\"\" width=\"300\" height=\"225\" srcset=\"https:\/\/www.prijedordanas.com\/wp-content\/uploads\/2024\/05\/kozarski-majski-susreti-2024-1-300x225.jpg 300w, https:\/\/www.prijedordanas.com\/wp-content\/uploads\/2024\/05\/kozarski-majski-susreti-2024-1-640x480.jpg 640w, https:\/\/www.prijedordanas.com\/wp-content\/uploads\/2024\/05\/kozarski-majski-susreti-2024-1.jpg 667w\" sizes=\"(max-width: 300px) 100vw, 300px\" \/><\/a>U okviru obilje\u017eavanja Dana biblioteke \u201e\u0106irilo i Metodije\u201c, u Gradskoj \u010ditaonici u Prijedoru odr\u017eani su dvadeseti \u201cMajski susreti\u201d.<\/p>\n<p>Ove godine u\u010destvovalo je petnaest autora, me\u0111u kojima se na\u0161ao i gimnazijalac iz Novog Grada, Slobodan Drlja\u010da.<\/p>\n<p>\u201cSpontano sam se po\u010deo baviti knji\u017eevno\u0161\u0107u i poezijom. To je neki moj na\u010din da izrazim svoju viziju svijeta i nekako mi je najlak\u0161e kada to dobije formu poezije. Ve\u010deras \u0107u pro\u010ditati svoje dvije pjesme jer su obe simboli mog rada i predstavljaju moju inspiraciju u su\u0161tini\u201d, rekao je Drlja\u010da.<\/p>\n<p>Pored autora prijedorske regije, na ovogodi\u0161njim \u201eMajskim susretima\u201c u\u010destvovali su gosti iz Banjaluke i Dvora.<\/p>\n<p><a href=\"https:\/\/www.prijedordanas.com\/wp-content\/uploads\/2024\/05\/kozarski-majski-susreti-2024-2.jpg\"><img loading=\"lazy\" decoding=\"async\" class=\"alignleft size-medium wp-image-226580\" src=\"https:\/\/www.prijedordanas.com\/wp-content\/uploads\/2024\/05\/kozarski-majski-susreti-2024-2-300x175.jpg\" alt=\"\" width=\"300\" height=\"175\" srcset=\"https:\/\/www.prijedordanas.com\/wp-content\/uploads\/2024\/05\/kozarski-majski-susreti-2024-2-300x175.jpg 300w, https:\/\/www.prijedordanas.com\/wp-content\/uploads\/2024\/05\/kozarski-majski-susreti-2024-2.jpg 600w\" sizes=\"(max-width: 300px) 100vw, 300px\" \/><\/a>Knji\u017eevna manifestacija posve\u0107ena promociji afirmisanih i neafirmisanih mladih autora ove godine \u0107e biti prikazana kroz ve\u010de kola\u017enog tipa, gdje je poezija upotpunjena muzi\u010dkom podr\u0161kom Udru\u017eenja za o\u010duvanje tradicije i izlo\u017ebom likovnih radova Vere Karan.<\/p>\n<p>\u201cMoja prijateljica i koleginica po peru Anela Sejari\u0107 Vujinovi\u0107, pozvala me je na knji\u017eevne susrete kada sam bila srednjo\u0161kolac i po\u010detnik u pisanju stihova. Ostala sam vjerna na\u0161im susretima sve do danas. Imam objavljene tri zbirke poezije, tako da su mi \u2018Majski susreti\u2019 dali vjetar u le\u0111a da pi\u0161em i da ostanem vjerna poeziji\u201d, rekla je pjesnikinja Irena Stankovi\u0107.<\/p>\n<p>Idejni tvorac ove manifestacije, pjesnik i moderator Anela Sejari\u0107 Vujinovi\u0107 izrazila je zadovoljstvo da se na ovaj na\u010din tradicionalno daje podr\u0161ka mladim ljudima i njihovom stvarala\u0161tvu.<\/p>\n<p><a href=\"https:\/\/www.prijedordanas.com\/wp-content\/uploads\/2024\/05\/biblioteka-prijedor-majski-susreti-2024-1.jpg\"><img loading=\"lazy\" decoding=\"async\" src=\"https:\/\/www.prijedordanas.com\/wp-content\/uploads\/2024\/05\/biblioteka-prijedor-majski-susreti-2024-1-300x139.jpg\" alt=\"\" width=\"300\" height=\"139\" class=\"alignleft size-medium wp-image-226581\" srcset=\"https:\/\/www.prijedordanas.com\/wp-content\/uploads\/2024\/05\/biblioteka-prijedor-majski-susreti-2024-1-300x139.jpg 300w, https:\/\/www.prijedordanas.com\/wp-content\/uploads\/2024\/05\/biblioteka-prijedor-majski-susreti-2024-1.jpg 600w\" sizes=\"(max-width: 300px) 100vw, 300px\" \/><\/a>\u201cOsnovni cilj ove manifestacije jeste animiranje i podr\u0161ka mladima, kako bismo im pomogli u njihovom stvarala\u010dkom radu. Da budemo imperativ za njihov dalji rad, da ih podr\u017eavamo i uklju\u010dujemo u sve kulturne programe. Trebamo pokazati da knjiga nije zaboravljena, da je knjiga prva, a ne dru\u0161tvene mre\u017ee\u201d, navela je Vujinovi\u0107eva.<\/p>\n<p>Povodom Dana biblioteke, za 23. maj najavljeno je dru\u017eenje sa knji\u017eevnicom i novinarkom Vesnom Dedi\u0107, dok je 24. maj rezervisan za dodjelu nagrada najvjernijim \u010ditaocima Biblioteke, posjetiocima gradske \u010citaonice i vijernim saradnicima ustanove.<\/p>\n<p>Na sam Dan biblioteke ova ustanova svojim sugra\u0111anima poklanja besplatno u\u010dlanjenje.<\/p>\n<p><strong><a href=\"https:\/\/kozarski.com\/odrzani-jubilarni-dvadeseti-majski-susreti\/\" target=\"_blank\" rel=\"noopener\">kozarski.com<\/a><\/strong><\/p>\n<p><a href=\"https:\/\/www.prijedordanas.com\/wp-content\/uploads\/2024\/05\/biblioteka-prijedor-majski-susreti-2024-3.jpg\"><img loading=\"lazy\" decoding=\"async\" src=\"https:\/\/www.prijedordanas.com\/wp-content\/uploads\/2024\/05\/biblioteka-prijedor-majski-susreti-2024-3-300x139.jpg\" alt=\"\" width=\"300\" height=\"139\" class=\"alignleft size-medium wp-image-226582\" srcset=\"https:\/\/www.prijedordanas.com\/wp-content\/uploads\/2024\/05\/biblioteka-prijedor-majski-susreti-2024-3-300x139.jpg 300w, https:\/\/www.prijedordanas.com\/wp-content\/uploads\/2024\/05\/biblioteka-prijedor-majski-susreti-2024-3.jpg 600w\" sizes=\"(max-width: 300px) 100vw, 300px\" \/><\/a> <a href=\"https:\/\/www.prijedordanas.com\/wp-content\/uploads\/2024\/05\/biblioteka-prijedor-majski-susreti-2024-2.jpg\"><img loading=\"lazy\" decoding=\"async\" src=\"https:\/\/www.prijedordanas.com\/wp-content\/uploads\/2024\/05\/biblioteka-prijedor-majski-susreti-2024-2-300x139.jpg\" alt=\"\" width=\"300\" height=\"139\" class=\"alignleft size-medium wp-image-226583\" srcset=\"https:\/\/www.prijedordanas.com\/wp-content\/uploads\/2024\/05\/biblioteka-prijedor-majski-susreti-2024-2-300x139.jpg 300w, https:\/\/www.prijedordanas.com\/wp-content\/uploads\/2024\/05\/biblioteka-prijedor-majski-susreti-2024-2.jpg 600w\" sizes=\"(max-width: 300px) 100vw, 300px\" \/><\/a><\/p>\n","protected":false},"excerpt":{"rendered":"<p>U okviru obilje\u017eavanja Dana biblioteke \u201e\u0106irilo i Metodije\u201c, u Gradskoj \u010ditaonici u Prijedoru odr\u017eani su dvadeseti \u201cMajski susreti\u201d. Ove godine u\u010destvovalo je petnaest autora, me\u0111u kojima se na\u0161ao i gimnazijalac [&hellip;]<\/p>\n","protected":false},"author":1,"featured_media":0,"comment_status":"closed","ping_status":"open","sticky":false,"template":"","format":"standard","meta":{"_monsterinsights_skip_tracking":false,"_monsterinsights_sitenote_active":false,"_monsterinsights_sitenote_note":"","_monsterinsights_sitenote_category":0,"footnotes":""},"categories":[6,7518],"tags":[],"yoast_head":"<!-- This site is optimized with the Yoast SEO plugin v21.6 - https:\/\/yoast.com\/wordpress\/plugins\/seo\/ -->\n<title>Prijedor: Odr\u017eani jubilarni 20. &quot;Majski susreti&quot; - FOTO - PrijedorDanas.com - Prijedorski gradski portal<\/title>\n<meta name=\"robots\" content=\"index, follow, max-snippet:-1, max-image-preview:large, max-video-preview:-1\" \/>\n<link rel=\"canonical\" href=\"https:\/\/www.prijedordanas.com\/?p=226577\" \/>\n<meta property=\"og:locale\" content=\"en_US\" \/>\n<meta property=\"og:type\" content=\"article\" \/>\n<meta property=\"og:title\" content=\"Prijedor: Odr\u017eani jubilarni 20. &quot;Majski susreti&quot; - FOTO - PrijedorDanas.com - Prijedorski gradski portal\" \/>\n<meta property=\"og:description\" content=\"U okviru obilje\u017eavanja Dana biblioteke \u201e\u0106irilo i Metodije\u201c, u Gradskoj \u010ditaonici u Prijedoru odr\u017eani su dvadeseti \u201cMajski susreti\u201d. Ove godine u\u010destvovalo je petnaest autora, me\u0111u kojima se na\u0161ao i gimnazijalac [&hellip;]\" \/>\n<meta property=\"og:url\" content=\"https:\/\/www.prijedordanas.com\/?p=226577\" \/>\n<meta property=\"og:site_name\" content=\"PrijedorDanas.com - Prijedorski gradski portal\" \/>\n<meta property=\"article:publisher\" content=\"https:\/\/www.facebook.com\/PrijedorDanasCom\/\" \/>\n<meta property=\"article:published_time\" content=\"2024-05-23T11:11:49+00:00\" \/>\n<meta property=\"og:image\" content=\"https:\/\/www.prijedordanas.com\/wp-content\/uploads\/2024\/05\/kozarski-majski-susreti-2024-1-300x225.jpg\" \/>\n<meta name=\"author\" content=\"admin\" \/>\n<meta name=\"twitter:card\" content=\"summary_large_image\" \/>\n<meta name=\"twitter:label1\" content=\"Written by\" \/>\n\t<meta name=\"twitter:data1\" content=\"admin\" \/>\n\t<meta name=\"twitter:label2\" content=\"Est. reading time\" \/>\n\t<meta name=\"twitter:data2\" content=\"2 minutes\" \/>\n<script type=\"application\/ld+json\" class=\"yoast-schema-graph\">{\"@context\":\"https:\/\/schema.org\",\"@graph\":[{\"@type\":\"Article\",\"@id\":\"https:\/\/www.prijedordanas.com\/?p=226577#article\",\"isPartOf\":{\"@id\":\"https:\/\/www.prijedordanas.com\/?p=226577\"},\"author\":{\"name\":\"admin\",\"@id\":\"https:\/\/www.prijedordanas.com\/#\/schema\/person\/4e08ccf29b506ca916ff86d46bb700e6\"},\"headline\":\"Prijedor: Odr\u017eani jubilarni 20. &#8220;Majski susreti&#8221; &#8211; FOTO\",\"datePublished\":\"2024-05-23T11:11:49+00:00\",\"dateModified\":\"2024-05-23T11:11:49+00:00\",\"mainEntityOfPage\":{\"@id\":\"https:\/\/www.prijedordanas.com\/?p=226577\"},\"wordCount\":366,\"publisher\":{\"@id\":\"https:\/\/www.prijedordanas.com\/#organization\"},\"articleSection\":[\"Kultura\",\"Mladi\"],\"inLanguage\":\"en-US\"},{\"@type\":\"WebPage\",\"@id\":\"https:\/\/www.prijedordanas.com\/?p=226577\",\"url\":\"https:\/\/www.prijedordanas.com\/?p=226577\",\"name\":\"Prijedor: Odr\u017eani jubilarni 20. \\\"Majski susreti\\\" - FOTO - PrijedorDanas.com - Prijedorski gradski portal\",\"isPartOf\":{\"@id\":\"https:\/\/www.prijedordanas.com\/#website\"},\"datePublished\":\"2024-05-23T11:11:49+00:00\",\"dateModified\":\"2024-05-23T11:11:49+00:00\",\"breadcrumb\":{\"@id\":\"https:\/\/www.prijedordanas.com\/?p=226577#breadcrumb\"},\"inLanguage\":\"en-US\",\"potentialAction\":[{\"@type\":\"ReadAction\",\"target\":[\"https:\/\/www.prijedordanas.com\/?p=226577\"]}]},{\"@type\":\"BreadcrumbList\",\"@id\":\"https:\/\/www.prijedordanas.com\/?p=226577#breadcrumb\",\"itemListElement\":[{\"@type\":\"ListItem\",\"position\":1,\"name\":\"Home\",\"item\":\"https:\/\/www.prijedordanas.com\/\"},{\"@type\":\"ListItem\",\"position\":2,\"name\":\"Prijedor: Odr\u017eani jubilarni 20. &#8220;Majski susreti&#8221; &#8211; FOTO\"}]},{\"@type\":\"WebSite\",\"@id\":\"https:\/\/www.prijedordanas.com\/#website\",\"url\":\"https:\/\/www.prijedordanas.com\/\",\"name\":\"PrijedorDanas.com - Prijedorski gradski portal\",\"description\":\"Portal o doga\u0111anjima u gradu Prijedoru\",\"publisher\":{\"@id\":\"https:\/\/www.prijedordanas.com\/#organization\"},\"potentialAction\":[{\"@type\":\"SearchAction\",\"target\":{\"@type\":\"EntryPoint\",\"urlTemplate\":\"https:\/\/www.prijedordanas.com\/?s={search_term_string}\"},\"query-input\":\"required name=search_term_string\"}],\"inLanguage\":\"en-US\"},{\"@type\":\"Organization\",\"@id\":\"https:\/\/www.prijedordanas.com\/#organization\",\"name\":\"PrijedorDanas.com\",\"url\":\"https:\/\/www.prijedordanas.com\/\",\"logo\":{\"@type\":\"ImageObject\",\"inLanguage\":\"en-US\",\"@id\":\"https:\/\/www.prijedordanas.com\/#\/schema\/logo\/image\/\",\"url\":\"http:\/\/www.prijedordanas.com\/wp-content\/uploads\/2021\/12\/logopng.png\",\"contentUrl\":\"http:\/\/www.prijedordanas.com\/wp-content\/uploads\/2021\/12\/logopng.png\",\"width\":1019,\"height\":776,\"caption\":\"PrijedorDanas.com\"},\"image\":{\"@id\":\"https:\/\/www.prijedordanas.com\/#\/schema\/logo\/image\/\"},\"sameAs\":[\"https:\/\/www.facebook.com\/PrijedorDanasCom\/\"]},{\"@type\":\"Person\",\"@id\":\"https:\/\/www.prijedordanas.com\/#\/schema\/person\/4e08ccf29b506ca916ff86d46bb700e6\",\"name\":\"admin\",\"image\":{\"@type\":\"ImageObject\",\"inLanguage\":\"en-US\",\"@id\":\"https:\/\/www.prijedordanas.com\/#\/schema\/person\/image\/\",\"url\":\"https:\/\/secure.gravatar.com\/avatar\/1d3fc949d550f0b53a5f0d51e06dfd79?s=96&d=mm&r=g\",\"contentUrl\":\"https:\/\/secure.gravatar.com\/avatar\/1d3fc949d550f0b53a5f0d51e06dfd79?s=96&d=mm&r=g\",\"caption\":\"admin\"},\"url\":\"https:\/\/www.prijedordanas.com\/?author=1\"}]}<\/script>\n<!-- \/ Yoast SEO plugin. -->","yoast_head_json":{"title":"Prijedor: Odr\u017eani jubilarni 20. \"Majski susreti\" - FOTO - PrijedorDanas.com - Prijedorski gradski portal","robots":{"index":"index","follow":"follow","max-snippet":"max-snippet:-1","max-image-preview":"max-image-preview:large","max-video-preview":"max-video-preview:-1"},"canonical":"https:\/\/www.prijedordanas.com\/?p=226577","og_locale":"en_US","og_type":"article","og_title":"Prijedor: Odr\u017eani jubilarni 20. \"Majski susreti\" - FOTO - PrijedorDanas.com - Prijedorski gradski portal","og_description":"U okviru obilje\u017eavanja Dana biblioteke \u201e\u0106irilo i Metodije\u201c, u Gradskoj \u010ditaonici u Prijedoru odr\u017eani su dvadeseti \u201cMajski susreti\u201d. Ove godine u\u010destvovalo je petnaest autora, me\u0111u kojima se na\u0161ao i gimnazijalac [&hellip;]","og_url":"https:\/\/www.prijedordanas.com\/?p=226577","og_site_name":"PrijedorDanas.com - Prijedorski gradski portal","article_publisher":"https:\/\/www.facebook.com\/PrijedorDanasCom\/","article_published_time":"2024-05-23T11:11:49+00:00","og_image":[{"url":"https:\/\/www.prijedordanas.com\/wp-content\/uploads\/2024\/05\/kozarski-majski-susreti-2024-1-300x225.jpg"}],"author":"admin","twitter_card":"summary_large_image","twitter_misc":{"Written by":"admin","Est. reading time":"2 minutes"},"schema":{"@context":"https:\/\/schema.org","@graph":[{"@type":"Article","@id":"https:\/\/www.prijedordanas.com\/?p=226577#article","isPartOf":{"@id":"https:\/\/www.prijedordanas.com\/?p=226577"},"author":{"name":"admin","@id":"https:\/\/www.prijedordanas.com\/#\/schema\/person\/4e08ccf29b506ca916ff86d46bb700e6"},"headline":"Prijedor: Odr\u017eani jubilarni 20. &#8220;Majski susreti&#8221; &#8211; FOTO","datePublished":"2024-05-23T11:11:49+00:00","dateModified":"2024-05-23T11:11:49+00:00","mainEntityOfPage":{"@id":"https:\/\/www.prijedordanas.com\/?p=226577"},"wordCount":366,"publisher":{"@id":"https:\/\/www.prijedordanas.com\/#organization"},"articleSection":["Kultura","Mladi"],"inLanguage":"en-US"},{"@type":"WebPage","@id":"https:\/\/www.prijedordanas.com\/?p=226577","url":"https:\/\/www.prijedordanas.com\/?p=226577","name":"Prijedor: Odr\u017eani jubilarni 20. \"Majski susreti\" - FOTO - PrijedorDanas.com - Prijedorski gradski portal","isPartOf":{"@id":"https:\/\/www.prijedordanas.com\/#website"},"datePublished":"2024-05-23T11:11:49+00:00","dateModified":"2024-05-23T11:11:49+00:00","breadcrumb":{"@id":"https:\/\/www.prijedordanas.com\/?p=226577#breadcrumb"},"inLanguage":"en-US","potentialAction":[{"@type":"ReadAction","target":["https:\/\/www.prijedordanas.com\/?p=226577"]}]},{"@type":"BreadcrumbList","@id":"https:\/\/www.prijedordanas.com\/?p=226577#breadcrumb","itemListElement":[{"@type":"ListItem","position":1,"name":"Home","item":"https:\/\/www.prijedordanas.com\/"},{"@type":"ListItem","position":2,"name":"Prijedor: Odr\u017eani jubilarni 20. &#8220;Majski susreti&#8221; &#8211; FOTO"}]},{"@type":"WebSite","@id":"https:\/\/www.prijedordanas.com\/#website","url":"https:\/\/www.prijedordanas.com\/","name":"PrijedorDanas.com - Prijedorski gradski portal","description":"Portal o doga\u0111anjima u gradu Prijedoru","publisher":{"@id":"https:\/\/www.prijedordanas.com\/#organization"},"potentialAction":[{"@type":"SearchAction","target":{"@type":"EntryPoint","urlTemplate":"https:\/\/www.prijedordanas.com\/?s={search_term_string}"},"query-input":"required name=search_term_string"}],"inLanguage":"en-US"},{"@type":"Organization","@id":"https:\/\/www.prijedordanas.com\/#organization","name":"PrijedorDanas.com","url":"https:\/\/www.prijedordanas.com\/","logo":{"@type":"ImageObject","inLanguage":"en-US","@id":"https:\/\/www.prijedordanas.com\/#\/schema\/logo\/image\/","url":"http:\/\/www.prijedordanas.com\/wp-content\/uploads\/2021\/12\/logopng.png","contentUrl":"http:\/\/www.prijedordanas.com\/wp-content\/uploads\/2021\/12\/logopng.png","width":1019,"height":776,"caption":"PrijedorDanas.com"},"image":{"@id":"https:\/\/www.prijedordanas.com\/#\/schema\/logo\/image\/"},"sameAs":["https:\/\/www.facebook.com\/PrijedorDanasCom\/"]},{"@type":"Person","@id":"https:\/\/www.prijedordanas.com\/#\/schema\/person\/4e08ccf29b506ca916ff86d46bb700e6","name":"admin","image":{"@type":"ImageObject","inLanguage":"en-US","@id":"https:\/\/www.prijedordanas.com\/#\/schema\/person\/image\/","url":"https:\/\/secure.gravatar.com\/avatar\/1d3fc949d550f0b53a5f0d51e06dfd79?s=96&d=mm&r=g","contentUrl":"https:\/\/secure.gravatar.com\/avatar\/1d3fc949d550f0b53a5f0d51e06dfd79?s=96&d=mm&r=g","caption":"admin"},"url":"https:\/\/www.prijedordanas.com\/?author=1"}]}},"_links":{"self":[{"href":"https:\/\/www.prijedordanas.com\/index.php?rest_route=\/wp\/v2\/posts\/226577"}],"collection":[{"href":"https:\/\/www.prijedordanas.com\/index.php?rest_route=\/wp\/v2\/posts"}],"about":[{"href":"https:\/\/www.prijedordanas.com\/index.php?rest_route=\/wp\/v2\/types\/post"}],"author":[{"embeddable":true,"href":"https:\/\/www.prijedordanas.com\/index.php?rest_route=\/wp\/v2\/users\/1"}],"replies":[{"embeddable":true,"href":"https:\/\/www.prijedordanas.com\/index.php?rest_route=%2Fwp%2Fv2%2Fcomments&post=226577"}],"version-history":[{"count":1,"href":"https:\/\/www.prijedordanas.com\/index.php?rest_route=\/wp\/v2\/posts\/226577\/revisions"}],"predecessor-version":[{"id":226584,"href":"https:\/\/www.prijedordanas.com\/index.php?rest_route=\/wp\/v2\/posts\/226577\/revisions\/226584"}],"wp:attachment":[{"href":"https:\/\/www.prijedordanas.com\/index.php?rest_route=%2Fwp%2Fv2%2Fmedia&parent=226577"}],"wp:term":[{"taxonomy":"category","embeddable":true,"href":"https:\/\/www.prijedordanas.com\/index.php?rest_route=%2Fwp%2Fv2%2Fcategories&post=226577"},{"taxonomy":"post_tag","embeddable":true,"href":"https:\/\/www.prijedordanas.com\/index.php?rest_route=%2Fwp%2Fv2%2Ftags&post=226577"}],"curies":[{"name":"wp","href":"https:\/\/api.w.org\/{rel}","templated":true}]}}