{"id":226500,"date":"2024-05-22T21:14:34","date_gmt":"2024-05-22T19:14:34","guid":{"rendered":"https:\/\/www.prijedordanas.com\/?p=226500"},"modified":"2024-05-22T21:14:34","modified_gmt":"2024-05-22T19:14:34","slug":"prijedor-tri-stotine-saksija-ukrasnog-cvijeca-uljepsalo-grad-foto-video","status":"publish","type":"post","link":"https:\/\/www.prijedordanas.com\/?p=226500","title":{"rendered":"Prijedor: Tri stotine saksija ukrasnog cvije\u0107a uljep\u0161alo grad &#8211; FOTO\/VIDEO"},"content":{"rendered":"<p><a href=\"https:\/\/www.prijedordanas.com\/wp-content\/uploads\/2024\/05\/kozarski-saksije-sa-cvijecem-maj2024.jpg\"><img loading=\"lazy\" decoding=\"async\" class=\"alignleft size-medium wp-image-226520\" src=\"https:\/\/www.prijedordanas.com\/wp-content\/uploads\/2024\/05\/kozarski-saksije-sa-cvijecem-maj2024-300x225.jpg\" alt=\"\" width=\"300\" height=\"225\" srcset=\"https:\/\/www.prijedordanas.com\/wp-content\/uploads\/2024\/05\/kozarski-saksije-sa-cvijecem-maj2024-300x225.jpg 300w, https:\/\/www.prijedordanas.com\/wp-content\/uploads\/2024\/05\/kozarski-saksije-sa-cvijecem-maj2024-640x480.jpg 640w, https:\/\/www.prijedordanas.com\/wp-content\/uploads\/2024\/05\/kozarski-saksije-sa-cvijecem-maj2024.jpg 667w\" sizes=\"(max-width: 300px) 100vw, 300px\" \/><\/a>Preduze\u0107e \u201eKomunalne usluge\u201c u saradnji sa nadle\u017enim gradskim odjeljenjem i ove godine je realizovalo akciju proljetnog ure\u0111enja grada.<\/p>\n<p>Pored ko\u0161enja zelenih povr\u0161ina, orezivanja drve\u0107a, sadnje novih cvjetnjaka, postavljene su i saksije ukrasnog cvije\u0107a. Ovo je druga godina zaredom kako ove saksije krase gradske ulice, s tim da je ove godine njihov broj pove\u0107an na 300, kao i broj ulica u kojima su saksije raspore\u0111ene.<\/p>\n<p>\u201cUneseno je preko stotinu drvenastih vrsta, tako\u0111e preko stotinu vi\u0161egodi\u0161njih trajnica i ukrasnih grmova. U samoj akciji proljetnog ure\u0111enja grada, u saradnji sa Odjeljenjem za stambeno-komunalne poslove, podijelili smo oko 8.500 sadnica ukrasnog cvije\u0107a, na osnovu zahtjeva koje smo dobijali. Podijelili smo oko 45 parkovskih klupa, dok je pedesetak novih kanti za otpatke postavljeno po gradu, kao i odre\u0111en broj stolova\u201d, rekao je Dalibor Grabe\u017e, direktor preduze\u0107a \u201eKomunalne usluge\u201c.<\/p>\n<p><a href=\"https:\/\/www.prijedordanas.com\/wp-content\/uploads\/2024\/05\/kozarski-radnice-komunalnog-rasadjuju-cvijece.jpg\"><img loading=\"lazy\" decoding=\"async\" class=\"alignleft size-medium wp-image-226521\" src=\"https:\/\/www.prijedordanas.com\/wp-content\/uploads\/2024\/05\/kozarski-radnice-komunalnog-rasadjuju-cvijece-300x176.jpg\" alt=\"\" width=\"300\" height=\"176\" srcset=\"https:\/\/www.prijedordanas.com\/wp-content\/uploads\/2024\/05\/kozarski-radnice-komunalnog-rasadjuju-cvijece-300x176.jpg 300w, https:\/\/www.prijedordanas.com\/wp-content\/uploads\/2024\/05\/kozarski-radnice-komunalnog-rasadjuju-cvijece.jpg 600w\" sizes=\"(max-width: 300px) 100vw, 300px\" \/><\/a>U toku akcije proljetnog ure\u0111enja grada, svakog aprila bude podijeljeno od 8.000 do 10.000 sadnica cvije\u0107a mjesnim zajednicama, gradskim udru\u017eenjim, \u0161kolama, vrti\u0107ima i zajednicama eta\u017enih vlasnika.<\/p>\n<p>Ukupno je za ovu akciju izdvojeno oko 20.000 KM.<\/p>\n<p>Preduze\u0107e \u201cKomunalne usluge\u201d u svom sastavu imu Radnu jedinicu \u201cRasadnik i zelenilo\u201d koja se, pored odr\u017eavanja gradskih zelenih povr\u0161ina, bavi proizvodnjom sadnica sezonskog cvije\u0107a u Donjoj Puharskoj, gdje imaju oko 350 kvadrata za\u0161ti\u0107enog prostora.<\/p>\n<p><a href=\"https:\/\/www.prijedordanas.com\/wp-content\/uploads\/2024\/05\/kozarski-rasadnik-komunalnog-preduzeca.jpg\"><img loading=\"lazy\" decoding=\"async\" src=\"https:\/\/www.prijedordanas.com\/wp-content\/uploads\/2024\/05\/kozarski-rasadnik-komunalnog-preduzeca-300x168.jpg\" alt=\"\" width=\"300\" height=\"168\" class=\"alignleft size-medium wp-image-226522\" srcset=\"https:\/\/www.prijedordanas.com\/wp-content\/uploads\/2024\/05\/kozarski-rasadnik-komunalnog-preduzeca-300x168.jpg 300w, https:\/\/www.prijedordanas.com\/wp-content\/uploads\/2024\/05\/kozarski-rasadnik-komunalnog-preduzeca.jpg 600w\" sizes=\"(max-width: 300px) 100vw, 300px\" \/><\/a>\u201cCvije\u0107e proizvodimo u dva proizvodna ciklusa tokom godine. Ukupno proizvedemo oko 45.000 sadnica sezonskog cvije\u0107a. Jedan ciklus se radi tokom zime i to je cvije\u0107e koje se sadi u gradu Prijedoru sredinom petog mjeseca, dok drugi proizvodni ciklus kre\u0107e tokom ljeta. Cvije\u0107e se sadi u gradske aleje i \u017eardinjere sredinom oktobra\u201d, naveo je stru\u010dni saradnik za hortikulturu Davor Rajli\u0107.<\/p>\n<p>Ve\u0107ina sadnica cvije\u0107a koje proizvedu u komunalnom preduze\u0107u, koristi se za potrebe grada Prijedora i okolnih mjesnih zajednica, dok jedan dio cvije\u0107a ide u slobodnu prodaju tre\u0107im licima.<\/p>\n<p>Po cijeni od 0.70 KM po komadu, Prijedor\u010dani mogu da kupe cvije\u0107e i da ukrase svoje vrtove i balkone. Viola, begonija, petuniju, ageratum, impatiens, myosotis, bellis i katarantus samo su neke od sorti cvije\u0107a koje godinama uzgajaju u okviru prijedorskog komunalnog preduze\u0107a.<\/p>\n<p><strong><a href=\"https:\/\/kozarski.com\/tri-stotine-saksija-ukrasnog-cvijeca-uljepsalo-grad\/\" target=\"_blank\" rel=\"noopener\">kozarski.com<\/a><\/strong><\/p>\n<p><iframe loading=\"lazy\" title=\"TRI STOTINE SAKSIJA UKRASNOG CVIJE\u0106A ULJEP\u0160ALO GRAD\" width=\"500\" height=\"281\" src=\"https:\/\/www.youtube.com\/embed\/0Rag9mY50MM?feature=oembed\" frameborder=\"0\" allow=\"accelerometer; autoplay; clipboard-write; encrypted-media; gyroscope; picture-in-picture; web-share\" referrerpolicy=\"strict-origin-when-cross-origin\" allowfullscreen><\/iframe><\/p>\n","protected":false},"excerpt":{"rendered":"<p>Preduze\u0107e \u201eKomunalne usluge\u201c u saradnji sa nadle\u017enim gradskim odjeljenjem i ove godine je realizovalo akciju proljetnog ure\u0111enja grada. Pored ko\u0161enja zelenih povr\u0161ina, orezivanja drve\u0107a, sadnje novih cvjetnjaka, postavljene su i [&hellip;]<\/p>\n","protected":false},"author":1,"featured_media":0,"comment_status":"closed","ping_status":"open","sticky":false,"template":"","format":"standard","meta":{"_monsterinsights_skip_tracking":false,"_monsterinsights_sitenote_active":false,"_monsterinsights_sitenote_note":"","_monsterinsights_sitenote_category":0,"footnotes":""},"categories":[4],"tags":[],"yoast_head":"<!-- This site is optimized with the Yoast SEO plugin v21.6 - https:\/\/yoast.com\/wordpress\/plugins\/seo\/ -->\n<title>Prijedor: Tri stotine saksija ukrasnog cvije\u0107a uljep\u0161alo grad - FOTO\/VIDEO - PrijedorDanas.com - Prijedorski gradski portal<\/title>\n<meta name=\"robots\" content=\"index, follow, max-snippet:-1, max-image-preview:large, max-video-preview:-1\" \/>\n<link rel=\"canonical\" href=\"https:\/\/www.prijedordanas.com\/?p=226500\" \/>\n<meta property=\"og:locale\" content=\"en_US\" \/>\n<meta property=\"og:type\" content=\"article\" \/>\n<meta property=\"og:title\" content=\"Prijedor: Tri stotine saksija ukrasnog cvije\u0107a uljep\u0161alo grad - FOTO\/VIDEO - PrijedorDanas.com - Prijedorski gradski portal\" \/>\n<meta property=\"og:description\" content=\"Preduze\u0107e \u201eKomunalne usluge\u201c u saradnji sa nadle\u017enim gradskim odjeljenjem i ove godine je realizovalo akciju proljetnog ure\u0111enja grada. Pored ko\u0161enja zelenih povr\u0161ina, orezivanja drve\u0107a, sadnje novih cvjetnjaka, postavljene su i [&hellip;]\" \/>\n<meta property=\"og:url\" content=\"https:\/\/www.prijedordanas.com\/?p=226500\" \/>\n<meta property=\"og:site_name\" content=\"PrijedorDanas.com - Prijedorski gradski portal\" \/>\n<meta property=\"article:publisher\" content=\"https:\/\/www.facebook.com\/PrijedorDanasCom\/\" \/>\n<meta property=\"article:published_time\" content=\"2024-05-22T19:14:34+00:00\" \/>\n<meta property=\"og:image\" content=\"https:\/\/www.prijedordanas.com\/wp-content\/uploads\/2024\/05\/kozarski-saksije-sa-cvijecem-maj2024-300x225.jpg\" \/>\n<meta name=\"author\" content=\"admin\" \/>\n<meta name=\"twitter:card\" content=\"summary_large_image\" \/>\n<meta name=\"twitter:label1\" content=\"Written by\" \/>\n\t<meta name=\"twitter:data1\" content=\"admin\" \/>\n\t<meta name=\"twitter:label2\" content=\"Est. reading time\" \/>\n\t<meta name=\"twitter:data2\" content=\"2 minutes\" \/>\n<script type=\"application\/ld+json\" class=\"yoast-schema-graph\">{\"@context\":\"https:\/\/schema.org\",\"@graph\":[{\"@type\":\"Article\",\"@id\":\"https:\/\/www.prijedordanas.com\/?p=226500#article\",\"isPartOf\":{\"@id\":\"https:\/\/www.prijedordanas.com\/?p=226500\"},\"author\":{\"name\":\"admin\",\"@id\":\"https:\/\/www.prijedordanas.com\/#\/schema\/person\/4e08ccf29b506ca916ff86d46bb700e6\"},\"headline\":\"Prijedor: Tri stotine saksija ukrasnog cvije\u0107a uljep\u0161alo grad &#8211; FOTO\/VIDEO\",\"datePublished\":\"2024-05-22T19:14:34+00:00\",\"dateModified\":\"2024-05-22T19:14:34+00:00\",\"mainEntityOfPage\":{\"@id\":\"https:\/\/www.prijedordanas.com\/?p=226500\"},\"wordCount\":388,\"publisher\":{\"@id\":\"https:\/\/www.prijedordanas.com\/#organization\"},\"articleSection\":[\"Dru\u0161tvo\"],\"inLanguage\":\"en-US\"},{\"@type\":\"WebPage\",\"@id\":\"https:\/\/www.prijedordanas.com\/?p=226500\",\"url\":\"https:\/\/www.prijedordanas.com\/?p=226500\",\"name\":\"Prijedor: Tri stotine saksija ukrasnog cvije\u0107a uljep\u0161alo grad - FOTO\/VIDEO - PrijedorDanas.com - Prijedorski gradski portal\",\"isPartOf\":{\"@id\":\"https:\/\/www.prijedordanas.com\/#website\"},\"datePublished\":\"2024-05-22T19:14:34+00:00\",\"dateModified\":\"2024-05-22T19:14:34+00:00\",\"breadcrumb\":{\"@id\":\"https:\/\/www.prijedordanas.com\/?p=226500#breadcrumb\"},\"inLanguage\":\"en-US\",\"potentialAction\":[{\"@type\":\"ReadAction\",\"target\":[\"https:\/\/www.prijedordanas.com\/?p=226500\"]}]},{\"@type\":\"BreadcrumbList\",\"@id\":\"https:\/\/www.prijedordanas.com\/?p=226500#breadcrumb\",\"itemListElement\":[{\"@type\":\"ListItem\",\"position\":1,\"name\":\"Home\",\"item\":\"https:\/\/www.prijedordanas.com\/\"},{\"@type\":\"ListItem\",\"position\":2,\"name\":\"Prijedor: Tri stotine saksija ukrasnog cvije\u0107a uljep\u0161alo grad &#8211; FOTO\/VIDEO\"}]},{\"@type\":\"WebSite\",\"@id\":\"https:\/\/www.prijedordanas.com\/#website\",\"url\":\"https:\/\/www.prijedordanas.com\/\",\"name\":\"PrijedorDanas.com - Prijedorski gradski portal\",\"description\":\"Portal o doga\u0111anjima u gradu Prijedoru\",\"publisher\":{\"@id\":\"https:\/\/www.prijedordanas.com\/#organization\"},\"potentialAction\":[{\"@type\":\"SearchAction\",\"target\":{\"@type\":\"EntryPoint\",\"urlTemplate\":\"https:\/\/www.prijedordanas.com\/?s={search_term_string}\"},\"query-input\":\"required name=search_term_string\"}],\"inLanguage\":\"en-US\"},{\"@type\":\"Organization\",\"@id\":\"https:\/\/www.prijedordanas.com\/#organization\",\"name\":\"PrijedorDanas.com\",\"url\":\"https:\/\/www.prijedordanas.com\/\",\"logo\":{\"@type\":\"ImageObject\",\"inLanguage\":\"en-US\",\"@id\":\"https:\/\/www.prijedordanas.com\/#\/schema\/logo\/image\/\",\"url\":\"http:\/\/www.prijedordanas.com\/wp-content\/uploads\/2021\/12\/logopng.png\",\"contentUrl\":\"http:\/\/www.prijedordanas.com\/wp-content\/uploads\/2021\/12\/logopng.png\",\"width\":1019,\"height\":776,\"caption\":\"PrijedorDanas.com\"},\"image\":{\"@id\":\"https:\/\/www.prijedordanas.com\/#\/schema\/logo\/image\/\"},\"sameAs\":[\"https:\/\/www.facebook.com\/PrijedorDanasCom\/\"]},{\"@type\":\"Person\",\"@id\":\"https:\/\/www.prijedordanas.com\/#\/schema\/person\/4e08ccf29b506ca916ff86d46bb700e6\",\"name\":\"admin\",\"image\":{\"@type\":\"ImageObject\",\"inLanguage\":\"en-US\",\"@id\":\"https:\/\/www.prijedordanas.com\/#\/schema\/person\/image\/\",\"url\":\"https:\/\/secure.gravatar.com\/avatar\/1d3fc949d550f0b53a5f0d51e06dfd79?s=96&d=mm&r=g\",\"contentUrl\":\"https:\/\/secure.gravatar.com\/avatar\/1d3fc949d550f0b53a5f0d51e06dfd79?s=96&d=mm&r=g\",\"caption\":\"admin\"},\"url\":\"https:\/\/www.prijedordanas.com\/?author=1\"}]}<\/script>\n<!-- \/ Yoast SEO plugin. -->","yoast_head_json":{"title":"Prijedor: Tri stotine saksija ukrasnog cvije\u0107a uljep\u0161alo grad - FOTO\/VIDEO - PrijedorDanas.com - Prijedorski gradski portal","robots":{"index":"index","follow":"follow","max-snippet":"max-snippet:-1","max-image-preview":"max-image-preview:large","max-video-preview":"max-video-preview:-1"},"canonical":"https:\/\/www.prijedordanas.com\/?p=226500","og_locale":"en_US","og_type":"article","og_title":"Prijedor: Tri stotine saksija ukrasnog cvije\u0107a uljep\u0161alo grad - FOTO\/VIDEO - PrijedorDanas.com - Prijedorski gradski portal","og_description":"Preduze\u0107e \u201eKomunalne usluge\u201c u saradnji sa nadle\u017enim gradskim odjeljenjem i ove godine je realizovalo akciju proljetnog ure\u0111enja grada. Pored ko\u0161enja zelenih povr\u0161ina, orezivanja drve\u0107a, sadnje novih cvjetnjaka, postavljene su i [&hellip;]","og_url":"https:\/\/www.prijedordanas.com\/?p=226500","og_site_name":"PrijedorDanas.com - Prijedorski gradski portal","article_publisher":"https:\/\/www.facebook.com\/PrijedorDanasCom\/","article_published_time":"2024-05-22T19:14:34+00:00","og_image":[{"url":"https:\/\/www.prijedordanas.com\/wp-content\/uploads\/2024\/05\/kozarski-saksije-sa-cvijecem-maj2024-300x225.jpg"}],"author":"admin","twitter_card":"summary_large_image","twitter_misc":{"Written by":"admin","Est. reading time":"2 minutes"},"schema":{"@context":"https:\/\/schema.org","@graph":[{"@type":"Article","@id":"https:\/\/www.prijedordanas.com\/?p=226500#article","isPartOf":{"@id":"https:\/\/www.prijedordanas.com\/?p=226500"},"author":{"name":"admin","@id":"https:\/\/www.prijedordanas.com\/#\/schema\/person\/4e08ccf29b506ca916ff86d46bb700e6"},"headline":"Prijedor: Tri stotine saksija ukrasnog cvije\u0107a uljep\u0161alo grad &#8211; FOTO\/VIDEO","datePublished":"2024-05-22T19:14:34+00:00","dateModified":"2024-05-22T19:14:34+00:00","mainEntityOfPage":{"@id":"https:\/\/www.prijedordanas.com\/?p=226500"},"wordCount":388,"publisher":{"@id":"https:\/\/www.prijedordanas.com\/#organization"},"articleSection":["Dru\u0161tvo"],"inLanguage":"en-US"},{"@type":"WebPage","@id":"https:\/\/www.prijedordanas.com\/?p=226500","url":"https:\/\/www.prijedordanas.com\/?p=226500","name":"Prijedor: Tri stotine saksija ukrasnog cvije\u0107a uljep\u0161alo grad - FOTO\/VIDEO - PrijedorDanas.com - Prijedorski gradski portal","isPartOf":{"@id":"https:\/\/www.prijedordanas.com\/#website"},"datePublished":"2024-05-22T19:14:34+00:00","dateModified":"2024-05-22T19:14:34+00:00","breadcrumb":{"@id":"https:\/\/www.prijedordanas.com\/?p=226500#breadcrumb"},"inLanguage":"en-US","potentialAction":[{"@type":"ReadAction","target":["https:\/\/www.prijedordanas.com\/?p=226500"]}]},{"@type":"BreadcrumbList","@id":"https:\/\/www.prijedordanas.com\/?p=226500#breadcrumb","itemListElement":[{"@type":"ListItem","position":1,"name":"Home","item":"https:\/\/www.prijedordanas.com\/"},{"@type":"ListItem","position":2,"name":"Prijedor: Tri stotine saksija ukrasnog cvije\u0107a uljep\u0161alo grad &#8211; FOTO\/VIDEO"}]},{"@type":"WebSite","@id":"https:\/\/www.prijedordanas.com\/#website","url":"https:\/\/www.prijedordanas.com\/","name":"PrijedorDanas.com - Prijedorski gradski portal","description":"Portal o doga\u0111anjima u gradu Prijedoru","publisher":{"@id":"https:\/\/www.prijedordanas.com\/#organization"},"potentialAction":[{"@type":"SearchAction","target":{"@type":"EntryPoint","urlTemplate":"https:\/\/www.prijedordanas.com\/?s={search_term_string}"},"query-input":"required name=search_term_string"}],"inLanguage":"en-US"},{"@type":"Organization","@id":"https:\/\/www.prijedordanas.com\/#organization","name":"PrijedorDanas.com","url":"https:\/\/www.prijedordanas.com\/","logo":{"@type":"ImageObject","inLanguage":"en-US","@id":"https:\/\/www.prijedordanas.com\/#\/schema\/logo\/image\/","url":"http:\/\/www.prijedordanas.com\/wp-content\/uploads\/2021\/12\/logopng.png","contentUrl":"http:\/\/www.prijedordanas.com\/wp-content\/uploads\/2021\/12\/logopng.png","width":1019,"height":776,"caption":"PrijedorDanas.com"},"image":{"@id":"https:\/\/www.prijedordanas.com\/#\/schema\/logo\/image\/"},"sameAs":["https:\/\/www.facebook.com\/PrijedorDanasCom\/"]},{"@type":"Person","@id":"https:\/\/www.prijedordanas.com\/#\/schema\/person\/4e08ccf29b506ca916ff86d46bb700e6","name":"admin","image":{"@type":"ImageObject","inLanguage":"en-US","@id":"https:\/\/www.prijedordanas.com\/#\/schema\/person\/image\/","url":"https:\/\/secure.gravatar.com\/avatar\/1d3fc949d550f0b53a5f0d51e06dfd79?s=96&d=mm&r=g","contentUrl":"https:\/\/secure.gravatar.com\/avatar\/1d3fc949d550f0b53a5f0d51e06dfd79?s=96&d=mm&r=g","caption":"admin"},"url":"https:\/\/www.prijedordanas.com\/?author=1"}]}},"_links":{"self":[{"href":"https:\/\/www.prijedordanas.com\/index.php?rest_route=\/wp\/v2\/posts\/226500"}],"collection":[{"href":"https:\/\/www.prijedordanas.com\/index.php?rest_route=\/wp\/v2\/posts"}],"about":[{"href":"https:\/\/www.prijedordanas.com\/index.php?rest_route=\/wp\/v2\/types\/post"}],"author":[{"embeddable":true,"href":"https:\/\/www.prijedordanas.com\/index.php?rest_route=\/wp\/v2\/users\/1"}],"replies":[{"embeddable":true,"href":"https:\/\/www.prijedordanas.com\/index.php?rest_route=%2Fwp%2Fv2%2Fcomments&post=226500"}],"version-history":[{"count":1,"href":"https:\/\/www.prijedordanas.com\/index.php?rest_route=\/wp\/v2\/posts\/226500\/revisions"}],"predecessor-version":[{"id":226523,"href":"https:\/\/www.prijedordanas.com\/index.php?rest_route=\/wp\/v2\/posts\/226500\/revisions\/226523"}],"wp:attachment":[{"href":"https:\/\/www.prijedordanas.com\/index.php?rest_route=%2Fwp%2Fv2%2Fmedia&parent=226500"}],"wp:term":[{"taxonomy":"category","embeddable":true,"href":"https:\/\/www.prijedordanas.com\/index.php?rest_route=%2Fwp%2Fv2%2Fcategories&post=226500"},{"taxonomy":"post_tag","embeddable":true,"href":"https:\/\/www.prijedordanas.com\/index.php?rest_route=%2Fwp%2Fv2%2Ftags&post=226500"}],"curies":[{"name":"wp","href":"https:\/\/api.w.org\/{rel}","templated":true}]}}