{"id":226361,"date":"2024-05-20T17:31:24","date_gmt":"2024-05-20T15:31:24","guid":{"rendered":"https:\/\/www.prijedordanas.com\/?p=226361"},"modified":"2024-05-20T17:31:24","modified_gmt":"2024-05-20T15:31:24","slug":"ribnjak-sanicani-prijedor-o-uslovima-prodaje-krajem-juna-ili-pocetkom-jula","status":"publish","type":"post","link":"https:\/\/www.prijedordanas.com\/?p=226361","title":{"rendered":"Ribnjak &#8220;Sani\u010dani&#8221; Prijedor: O uslovima prodaje krajem juna ili po\u010detkom jula"},"content":{"rendered":"<p><a href=\"https:\/\/www.prijedordanas.com\/wp-content\/uploads\/2024\/05\/ribnjak-sanicani-pres20maj.jpg\"><img loading=\"lazy\" decoding=\"async\" class=\"alignleft size-medium wp-image-226363\" src=\"https:\/\/www.prijedordanas.com\/wp-content\/uploads\/2024\/05\/ribnjak-sanicani-pres20maj-300x225.jpg\" alt=\"\" width=\"300\" height=\"225\" srcset=\"https:\/\/www.prijedordanas.com\/wp-content\/uploads\/2024\/05\/ribnjak-sanicani-pres20maj-300x225.jpg 300w, https:\/\/www.prijedordanas.com\/wp-content\/uploads\/2024\/05\/ribnjak-sanicani-pres20maj-640x480.jpg 640w, https:\/\/www.prijedordanas.com\/wp-content\/uploads\/2024\/05\/ribnjak-sanicani-pres20maj.jpg 666w\" sizes=\"(max-width: 300px) 100vw, 300px\" \/><\/a>Ste\u010dajni upravnik prijedorskog ribnjaka &#8220;Sani\u010dani&#8221; Mirko Mar\u010deta izjavio je danas da bi Skup\u0161tina akcionara, na kojoj \u0107e biti razmatrani uslovi prodaje ovog preduze\u0107a, trebala da bude odr\u017eana krajem juna ili po\u010detkom jula.<\/p>\n<p>On je podsjetio da je Skup\u0161tina akcionara donijela odluku o prodaji ribnjaka kao pravnog lica, da je odbor povjerilaca predlo\u017eio uslove prodaje i da o tom prijedlogu kona\u010dnu odluku treba da donese skup\u0161tina akcionara, nakon \u010dega se raspisuje licitacija.<\/p>\n<p>&#8220;Izmirili smo plate za pro\u0161lu godinu, a ove \u010detiri nismo&#8221;, rekao je Mar\u010deta novinarima u Sani\u010danima kod Prijedora.<\/p>\n<p>On je dodao da je u toku prodaja oko 10.000 tona drvne sje\u010dke i oko 300 metara kubnih ogrevnog drveta, gdje se o\u010dekuje 156.000 KM prihoda i od \u010dega bi trebalo da se namire davanja radnicima.<\/p>\n<p>&#8220;Bila je jedna licitacija, nije se niko javio. Onda je odbor povjerilaca donio odluku da se smanji cijena za 10 odsto i sad se na drugoj licitaciji javilo jedno pravno lice koje je uplatilo taj depozit i koje \u0107e u roku od \u0161est mjeseci da izveze to i da uplati&#8221;, naveo je Mar\u010deta.<\/p>\n<p>Vr\u0161ilac du\u017enosti na\u010delnika gradskog Odjeljenja za saobra\u0107aj, komunalne poslove i za\u0161titu \u017eivotne sredine i imovinsko-stambene poslove Aleksandar \u0160obot izjavio je da je ribnja\u010dki kompleks ogroman hidrotehni\u010dki objekat \u010diji kanali i nasipi imaju nekoliko desetina kilometara.<\/p>\n<p><a href=\"https:\/\/www.prijedordanas.com\/wp-content\/uploads\/2023\/08\/ribnjak-sanicani-2023.jpg\"><img loading=\"lazy\" decoding=\"async\" src=\"https:\/\/www.prijedordanas.com\/wp-content\/uploads\/2023\/08\/ribnjak-sanicani-2023-300x225.jpg\" alt=\"\" width=\"300\" height=\"225\" class=\"alignleft size-medium wp-image-210675\" srcset=\"https:\/\/www.prijedordanas.com\/wp-content\/uploads\/2023\/08\/ribnjak-sanicani-2023-300x225.jpg 300w, https:\/\/www.prijedordanas.com\/wp-content\/uploads\/2023\/08\/ribnjak-sanicani-2023-640x480.jpg 640w, https:\/\/www.prijedordanas.com\/wp-content\/uploads\/2023\/08\/ribnjak-sanicani-2023.jpg 667w\" sizes=\"(max-width: 300px) 100vw, 300px\" \/><\/a>&#8220;Na\u017ealost, nemamo pravu sliku u kakvom je to stanju i koliko mo\u017ee da izdr\u017ei i da zadovoljava standarde. Mi se kao lokalna zajednica nadamo da \u0107e svi koji su trenutno uklju\u010deni u rje\u0161avanje tog problema ulo\u017eiti dodatne napore da se u \u0161to kra\u0107em roku zavr\u0161e procedure da bi novi vlasnik mogao, prije svega, da sagleda stanje na terenu i da preuzme brigu o nasipima&#8221;, rekao je \u0160obot.<\/p>\n<p>Na\u010delnik Odjeljenja za poljoprivredu i ruralni razvoj \u017darko Tubin ocijenio je da ste\u010dajni postupak u ribnjaku dugo traje, da su radnici ve\u0107 du\u017ei period bez ikakvih primanja i da takva situacija samo doprinosi daljem propadanju raspolo\u017eive infrastrukture.<\/p>\n<p>Mje\u0161tanin Sani\u010dana i odbornik SNSD-a u Skup\u0161tini grada Prijedora Nenad Gvozden pozvao je ste\u010dajnog upravnika da zavr\u0161i, kako je rekao, agoniju, podsje\u0107aju\u0107i da je ste\u010dajni postupak otvoren u martu 2021. godine.<\/p>\n<p>&#8220;Da li je normalno u dana\u0161nje vrijeme, kada svi znate da metar drveta ko\u0161ta 120 KM, da sje\u010dka iz ribnjaka Sani\u010dani ide za 14 maraka i 90 feninga po toni? Ja ne znam da li je to dobra namjera njegova \/ste\u010dajnog upravnika\/&#8221;, izjavio je Gvozden.<\/p>\n<p>On je najavio da \u0107e tra\u017eiti posebnu sjednicu Skup\u0161tine grada o ribnjaku Sani\u010dani.<\/p>\n<p>Veljko Dragi\u0107, jedan je od pet radnika zaposlenih u ribnjaku na \u010duvau imovine i pra\u0107enju protoka vode, rekao je da su posljednju platu dobili 31. decembra i da im nisu upla\u0107eni doprinosi za ovaj period.<\/p>\n<p>Radnik LJuban Vranje\u0161 rekao je da je imenovan za \u010dlana komisije koja \u0107e pratiti prodaju drvne mase, ali da je sje\u010da po\u010dela, a da ga niko nije obavijestio, niti pozvao da prisustvuje vaganju.<\/p>\n<p>Predstavnici gradske vlasti u Prijedoru u vi\u0161e navrata su od pokretanja ste\u010daja izra\u017eavale interesovanje da ovo preduze\u0107e kupi Vlada Republike Srpske i preda na upravljanje gradu.<\/p>\n<p>Prijedorski ribnjak osnovala je 1903. godine porodica \u010de\u0161kih doseljenika Burda i za 120 godina postojanja pro\u0161ao je niz vlasni\u010dkih i organizacionih transformacija, a upravlja posjedom povr\u0161ine 1.367 hektara.<\/p>\n<p>Ste\u010daj je otvoren u martu 2021. godine, a protiv ve\u0107inskog vlasnika Radojice Ratkovca Okru\u017eno javno tu\u017eila\u0161tvo Prijedor u februaru pro\u0161le godine podiglo je optu\u017enicu zbog krivi\u010dnog djela nezakonito postupanje u privrednom poslovanju kojim je o\u0161tetio javne prihode za oko pola miliona maraka.<\/p>\n<p>SRNA<\/p>\n","protected":false},"excerpt":{"rendered":"<p>Ste\u010dajni upravnik prijedorskog ribnjaka &#8220;Sani\u010dani&#8221; Mirko Mar\u010deta izjavio je danas da bi Skup\u0161tina akcionara, na kojoj \u0107e biti razmatrani uslovi prodaje ovog preduze\u0107a, trebala da bude odr\u017eana krajem juna ili [&hellip;]<\/p>\n","protected":false},"author":1,"featured_media":0,"comment_status":"closed","ping_status":"open","sticky":false,"template":"","format":"standard","meta":{"_monsterinsights_skip_tracking":false,"_monsterinsights_sitenote_active":false,"_monsterinsights_sitenote_note":"","_monsterinsights_sitenote_category":0,"footnotes":""},"categories":[4],"tags":[],"yoast_head":"<!-- This site is optimized with the Yoast SEO plugin v21.6 - https:\/\/yoast.com\/wordpress\/plugins\/seo\/ -->\n<title>Ribnjak &quot;Sani\u010dani&quot; Prijedor: O uslovima prodaje krajem juna ili po\u010detkom jula - PrijedorDanas.com - Prijedorski gradski portal<\/title>\n<meta name=\"robots\" content=\"index, follow, max-snippet:-1, max-image-preview:large, max-video-preview:-1\" \/>\n<link rel=\"canonical\" href=\"https:\/\/www.prijedordanas.com\/?p=226361\" \/>\n<meta property=\"og:locale\" content=\"en_US\" \/>\n<meta property=\"og:type\" content=\"article\" \/>\n<meta property=\"og:title\" content=\"Ribnjak &quot;Sani\u010dani&quot; Prijedor: O uslovima prodaje krajem juna ili po\u010detkom jula - PrijedorDanas.com - Prijedorski gradski portal\" \/>\n<meta property=\"og:description\" content=\"Ste\u010dajni upravnik prijedorskog ribnjaka &#8220;Sani\u010dani&#8221; Mirko Mar\u010deta izjavio je danas da bi Skup\u0161tina akcionara, na kojoj \u0107e biti razmatrani uslovi prodaje ovog preduze\u0107a, trebala da bude odr\u017eana krajem juna ili [&hellip;]\" \/>\n<meta property=\"og:url\" content=\"https:\/\/www.prijedordanas.com\/?p=226361\" \/>\n<meta property=\"og:site_name\" content=\"PrijedorDanas.com - Prijedorski gradski portal\" \/>\n<meta property=\"article:publisher\" content=\"https:\/\/www.facebook.com\/PrijedorDanasCom\/\" \/>\n<meta property=\"article:published_time\" content=\"2024-05-20T15:31:24+00:00\" \/>\n<meta property=\"og:image\" content=\"https:\/\/www.prijedordanas.com\/wp-content\/uploads\/2024\/05\/ribnjak-sanicani-pres20maj-300x225.jpg\" \/>\n<meta name=\"author\" content=\"admin\" \/>\n<meta name=\"twitter:card\" content=\"summary_large_image\" \/>\n<meta name=\"twitter:label1\" content=\"Written by\" \/>\n\t<meta name=\"twitter:data1\" content=\"admin\" \/>\n\t<meta name=\"twitter:label2\" content=\"Est. reading time\" \/>\n\t<meta name=\"twitter:data2\" content=\"3 minutes\" \/>\n<script type=\"application\/ld+json\" class=\"yoast-schema-graph\">{\"@context\":\"https:\/\/schema.org\",\"@graph\":[{\"@type\":\"Article\",\"@id\":\"https:\/\/www.prijedordanas.com\/?p=226361#article\",\"isPartOf\":{\"@id\":\"https:\/\/www.prijedordanas.com\/?p=226361\"},\"author\":{\"name\":\"admin\",\"@id\":\"https:\/\/www.prijedordanas.com\/#\/schema\/person\/4e08ccf29b506ca916ff86d46bb700e6\"},\"headline\":\"Ribnjak &#8220;Sani\u010dani&#8221; Prijedor: O uslovima prodaje krajem juna ili po\u010detkom jula\",\"datePublished\":\"2024-05-20T15:31:24+00:00\",\"dateModified\":\"2024-05-20T15:31:24+00:00\",\"mainEntityOfPage\":{\"@id\":\"https:\/\/www.prijedordanas.com\/?p=226361\"},\"wordCount\":644,\"publisher\":{\"@id\":\"https:\/\/www.prijedordanas.com\/#organization\"},\"articleSection\":[\"Dru\u0161tvo\"],\"inLanguage\":\"en-US\"},{\"@type\":\"WebPage\",\"@id\":\"https:\/\/www.prijedordanas.com\/?p=226361\",\"url\":\"https:\/\/www.prijedordanas.com\/?p=226361\",\"name\":\"Ribnjak \\\"Sani\u010dani\\\" Prijedor: O uslovima prodaje krajem juna ili po\u010detkom jula - PrijedorDanas.com - Prijedorski gradski portal\",\"isPartOf\":{\"@id\":\"https:\/\/www.prijedordanas.com\/#website\"},\"datePublished\":\"2024-05-20T15:31:24+00:00\",\"dateModified\":\"2024-05-20T15:31:24+00:00\",\"breadcrumb\":{\"@id\":\"https:\/\/www.prijedordanas.com\/?p=226361#breadcrumb\"},\"inLanguage\":\"en-US\",\"potentialAction\":[{\"@type\":\"ReadAction\",\"target\":[\"https:\/\/www.prijedordanas.com\/?p=226361\"]}]},{\"@type\":\"BreadcrumbList\",\"@id\":\"https:\/\/www.prijedordanas.com\/?p=226361#breadcrumb\",\"itemListElement\":[{\"@type\":\"ListItem\",\"position\":1,\"name\":\"Home\",\"item\":\"https:\/\/www.prijedordanas.com\/\"},{\"@type\":\"ListItem\",\"position\":2,\"name\":\"Ribnjak &#8220;Sani\u010dani&#8221; Prijedor: O uslovima prodaje krajem juna ili po\u010detkom jula\"}]},{\"@type\":\"WebSite\",\"@id\":\"https:\/\/www.prijedordanas.com\/#website\",\"url\":\"https:\/\/www.prijedordanas.com\/\",\"name\":\"PrijedorDanas.com - Prijedorski gradski portal\",\"description\":\"Portal o doga\u0111anjima u gradu Prijedoru\",\"publisher\":{\"@id\":\"https:\/\/www.prijedordanas.com\/#organization\"},\"potentialAction\":[{\"@type\":\"SearchAction\",\"target\":{\"@type\":\"EntryPoint\",\"urlTemplate\":\"https:\/\/www.prijedordanas.com\/?s={search_term_string}\"},\"query-input\":\"required name=search_term_string\"}],\"inLanguage\":\"en-US\"},{\"@type\":\"Organization\",\"@id\":\"https:\/\/www.prijedordanas.com\/#organization\",\"name\":\"PrijedorDanas.com\",\"url\":\"https:\/\/www.prijedordanas.com\/\",\"logo\":{\"@type\":\"ImageObject\",\"inLanguage\":\"en-US\",\"@id\":\"https:\/\/www.prijedordanas.com\/#\/schema\/logo\/image\/\",\"url\":\"http:\/\/www.prijedordanas.com\/wp-content\/uploads\/2021\/12\/logopng.png\",\"contentUrl\":\"http:\/\/www.prijedordanas.com\/wp-content\/uploads\/2021\/12\/logopng.png\",\"width\":1019,\"height\":776,\"caption\":\"PrijedorDanas.com\"},\"image\":{\"@id\":\"https:\/\/www.prijedordanas.com\/#\/schema\/logo\/image\/\"},\"sameAs\":[\"https:\/\/www.facebook.com\/PrijedorDanasCom\/\"]},{\"@type\":\"Person\",\"@id\":\"https:\/\/www.prijedordanas.com\/#\/schema\/person\/4e08ccf29b506ca916ff86d46bb700e6\",\"name\":\"admin\",\"image\":{\"@type\":\"ImageObject\",\"inLanguage\":\"en-US\",\"@id\":\"https:\/\/www.prijedordanas.com\/#\/schema\/person\/image\/\",\"url\":\"https:\/\/secure.gravatar.com\/avatar\/1d3fc949d550f0b53a5f0d51e06dfd79?s=96&d=mm&r=g\",\"contentUrl\":\"https:\/\/secure.gravatar.com\/avatar\/1d3fc949d550f0b53a5f0d51e06dfd79?s=96&d=mm&r=g\",\"caption\":\"admin\"},\"url\":\"https:\/\/www.prijedordanas.com\/?author=1\"}]}<\/script>\n<!-- \/ Yoast SEO plugin. -->","yoast_head_json":{"title":"Ribnjak \"Sani\u010dani\" Prijedor: O uslovima prodaje krajem juna ili po\u010detkom jula - PrijedorDanas.com - Prijedorski gradski portal","robots":{"index":"index","follow":"follow","max-snippet":"max-snippet:-1","max-image-preview":"max-image-preview:large","max-video-preview":"max-video-preview:-1"},"canonical":"https:\/\/www.prijedordanas.com\/?p=226361","og_locale":"en_US","og_type":"article","og_title":"Ribnjak \"Sani\u010dani\" Prijedor: O uslovima prodaje krajem juna ili po\u010detkom jula - PrijedorDanas.com - Prijedorski gradski portal","og_description":"Ste\u010dajni upravnik prijedorskog ribnjaka &#8220;Sani\u010dani&#8221; Mirko Mar\u010deta izjavio je danas da bi Skup\u0161tina akcionara, na kojoj \u0107e biti razmatrani uslovi prodaje ovog preduze\u0107a, trebala da bude odr\u017eana krajem juna ili [&hellip;]","og_url":"https:\/\/www.prijedordanas.com\/?p=226361","og_site_name":"PrijedorDanas.com - Prijedorski gradski portal","article_publisher":"https:\/\/www.facebook.com\/PrijedorDanasCom\/","article_published_time":"2024-05-20T15:31:24+00:00","og_image":[{"url":"https:\/\/www.prijedordanas.com\/wp-content\/uploads\/2024\/05\/ribnjak-sanicani-pres20maj-300x225.jpg"}],"author":"admin","twitter_card":"summary_large_image","twitter_misc":{"Written by":"admin","Est. reading time":"3 minutes"},"schema":{"@context":"https:\/\/schema.org","@graph":[{"@type":"Article","@id":"https:\/\/www.prijedordanas.com\/?p=226361#article","isPartOf":{"@id":"https:\/\/www.prijedordanas.com\/?p=226361"},"author":{"name":"admin","@id":"https:\/\/www.prijedordanas.com\/#\/schema\/person\/4e08ccf29b506ca916ff86d46bb700e6"},"headline":"Ribnjak &#8220;Sani\u010dani&#8221; Prijedor: O uslovima prodaje krajem juna ili po\u010detkom jula","datePublished":"2024-05-20T15:31:24+00:00","dateModified":"2024-05-20T15:31:24+00:00","mainEntityOfPage":{"@id":"https:\/\/www.prijedordanas.com\/?p=226361"},"wordCount":644,"publisher":{"@id":"https:\/\/www.prijedordanas.com\/#organization"},"articleSection":["Dru\u0161tvo"],"inLanguage":"en-US"},{"@type":"WebPage","@id":"https:\/\/www.prijedordanas.com\/?p=226361","url":"https:\/\/www.prijedordanas.com\/?p=226361","name":"Ribnjak \"Sani\u010dani\" Prijedor: O uslovima prodaje krajem juna ili po\u010detkom jula - PrijedorDanas.com - Prijedorski gradski portal","isPartOf":{"@id":"https:\/\/www.prijedordanas.com\/#website"},"datePublished":"2024-05-20T15:31:24+00:00","dateModified":"2024-05-20T15:31:24+00:00","breadcrumb":{"@id":"https:\/\/www.prijedordanas.com\/?p=226361#breadcrumb"},"inLanguage":"en-US","potentialAction":[{"@type":"ReadAction","target":["https:\/\/www.prijedordanas.com\/?p=226361"]}]},{"@type":"BreadcrumbList","@id":"https:\/\/www.prijedordanas.com\/?p=226361#breadcrumb","itemListElement":[{"@type":"ListItem","position":1,"name":"Home","item":"https:\/\/www.prijedordanas.com\/"},{"@type":"ListItem","position":2,"name":"Ribnjak &#8220;Sani\u010dani&#8221; Prijedor: O uslovima prodaje krajem juna ili po\u010detkom jula"}]},{"@type":"WebSite","@id":"https:\/\/www.prijedordanas.com\/#website","url":"https:\/\/www.prijedordanas.com\/","name":"PrijedorDanas.com - Prijedorski gradski portal","description":"Portal o doga\u0111anjima u gradu Prijedoru","publisher":{"@id":"https:\/\/www.prijedordanas.com\/#organization"},"potentialAction":[{"@type":"SearchAction","target":{"@type":"EntryPoint","urlTemplate":"https:\/\/www.prijedordanas.com\/?s={search_term_string}"},"query-input":"required name=search_term_string"}],"inLanguage":"en-US"},{"@type":"Organization","@id":"https:\/\/www.prijedordanas.com\/#organization","name":"PrijedorDanas.com","url":"https:\/\/www.prijedordanas.com\/","logo":{"@type":"ImageObject","inLanguage":"en-US","@id":"https:\/\/www.prijedordanas.com\/#\/schema\/logo\/image\/","url":"http:\/\/www.prijedordanas.com\/wp-content\/uploads\/2021\/12\/logopng.png","contentUrl":"http:\/\/www.prijedordanas.com\/wp-content\/uploads\/2021\/12\/logopng.png","width":1019,"height":776,"caption":"PrijedorDanas.com"},"image":{"@id":"https:\/\/www.prijedordanas.com\/#\/schema\/logo\/image\/"},"sameAs":["https:\/\/www.facebook.com\/PrijedorDanasCom\/"]},{"@type":"Person","@id":"https:\/\/www.prijedordanas.com\/#\/schema\/person\/4e08ccf29b506ca916ff86d46bb700e6","name":"admin","image":{"@type":"ImageObject","inLanguage":"en-US","@id":"https:\/\/www.prijedordanas.com\/#\/schema\/person\/image\/","url":"https:\/\/secure.gravatar.com\/avatar\/1d3fc949d550f0b53a5f0d51e06dfd79?s=96&d=mm&r=g","contentUrl":"https:\/\/secure.gravatar.com\/avatar\/1d3fc949d550f0b53a5f0d51e06dfd79?s=96&d=mm&r=g","caption":"admin"},"url":"https:\/\/www.prijedordanas.com\/?author=1"}]}},"_links":{"self":[{"href":"https:\/\/www.prijedordanas.com\/index.php?rest_route=\/wp\/v2\/posts\/226361"}],"collection":[{"href":"https:\/\/www.prijedordanas.com\/index.php?rest_route=\/wp\/v2\/posts"}],"about":[{"href":"https:\/\/www.prijedordanas.com\/index.php?rest_route=\/wp\/v2\/types\/post"}],"author":[{"embeddable":true,"href":"https:\/\/www.prijedordanas.com\/index.php?rest_route=\/wp\/v2\/users\/1"}],"replies":[{"embeddable":true,"href":"https:\/\/www.prijedordanas.com\/index.php?rest_route=%2Fwp%2Fv2%2Fcomments&post=226361"}],"version-history":[{"count":1,"href":"https:\/\/www.prijedordanas.com\/index.php?rest_route=\/wp\/v2\/posts\/226361\/revisions"}],"predecessor-version":[{"id":226364,"href":"https:\/\/www.prijedordanas.com\/index.php?rest_route=\/wp\/v2\/posts\/226361\/revisions\/226364"}],"wp:attachment":[{"href":"https:\/\/www.prijedordanas.com\/index.php?rest_route=%2Fwp%2Fv2%2Fmedia&parent=226361"}],"wp:term":[{"taxonomy":"category","embeddable":true,"href":"https:\/\/www.prijedordanas.com\/index.php?rest_route=%2Fwp%2Fv2%2Fcategories&post=226361"},{"taxonomy":"post_tag","embeddable":true,"href":"https:\/\/www.prijedordanas.com\/index.php?rest_route=%2Fwp%2Fv2%2Ftags&post=226361"}],"curies":[{"name":"wp","href":"https:\/\/api.w.org\/{rel}","templated":true}]}}