{"id":226092,"date":"2024-05-17T15:59:30","date_gmt":"2024-05-17T13:59:30","guid":{"rendered":"https:\/\/www.prijedordanas.com\/?p=226092"},"modified":"2024-05-17T15:59:30","modified_gmt":"2024-05-17T13:59:30","slug":"atv-saznaje-prijedor-bio-naredna-meta-pljackasima-iz-gruzije","status":"publish","type":"post","link":"https:\/\/www.prijedordanas.com\/?p=226092","title":{"rendered":"ATV saznaje: Prijedor bio naredna meta plja\u010dka\u0161ima iz Gruzije"},"content":{"rendered":"<p><a href=\"https:\/\/www.prijedordanas.com\/wp-content\/uploads\/2024\/05\/muprs-osumnjiceni-za-tesku-kradju-1.jpg\"><img loading=\"lazy\" decoding=\"async\" class=\"alignleft size-medium wp-image-226093\" src=\"https:\/\/www.prijedordanas.com\/wp-content\/uploads\/2024\/05\/muprs-osumnjiceni-za-tesku-kradju-1-300x225.jpg\" alt=\"\" width=\"300\" height=\"225\" srcset=\"https:\/\/www.prijedordanas.com\/wp-content\/uploads\/2024\/05\/muprs-osumnjiceni-za-tesku-kradju-1-300x225.jpg 300w, https:\/\/www.prijedordanas.com\/wp-content\/uploads\/2024\/05\/muprs-osumnjiceni-za-tesku-kradju-1-640x480.jpg 640w, https:\/\/www.prijedordanas.com\/wp-content\/uploads\/2024\/05\/muprs-osumnjiceni-za-tesku-kradju-1.jpg 667w\" sizes=\"(max-width: 300px) 100vw, 300px\" \/><\/a>Nakon kra\u0111e dva miliona maraka u Banjaluci ogranizovana grupa lopova iz Gruzije planirala je da se \u201dpreseli\u201d u Prijedor gdje su najvjerovatnije tra\u017eili novu pogodnu metu za napad, saznaje ATV.<\/p>\n<p>Istra\u017euju\u0107i kra\u0111u u Banjaluci policija je do\u0161la do dokaza koji ukazuju da su \u010dlanovi ove kriminalne grupe u posljednjih nekoliko dana vozilima dolazili u Prijedor, vjerovatno kako bi pripremili potrebnu logistiku.<\/p>\n<p>\u201dProna\u0111eni su snimci s nadzornih kamera koji ukazuju da su osumnji\u010deni odlazili u Prijedor, gdje su osmatrali teren, vjerovatno tra\u017ee\u0107i idu\u0107u pogodnu metu. Mogu\u0107e je i da su pripremali teren za dolazak izvr\u0161ioca\u201d, otkriva izvor ATV-a.<\/p>\n<p>Koristili stan u Kozarskoj ulici<\/p>\n<p>On navodi da tokom boravka u Banjaluci plja\u010dka\u0161i koristili iznajmljeni stan u novoj zgradi u Kozarskoj ulici u Banjaluci, odakle su krenuli u planiranje i realizaciju napada. Policija je taj stan otkrila, kao stan u Sarajevu koji su tako\u0111e iznajmili, ali lopovi i novac u njima nisu zate\u010deni.<\/p>\n<p>Dosada\u0161nja istraga ukazuje da su Gruzini, prije plja\u010dke u Banjaluci, po\u010dinili nekoliko krivi\u010dnih djela u Federaciji BiH. Sumnja se da je jedna od plja\u010dki izvr\u0161ena u Kalesiji, na podru\u010dju Tuzlanskog kantona, gdje je pro\u0161le godine ukradeno oko 300.000 maraka, a ne isklju\u010duje se mogu\u0107nost da su odgovorni za pojedine kra\u0111e u Zeni\u010dko-dobojskom kantonu.<\/p>\n<p>Podsjetimo, zbog sumnje da je u\u010destvovao u kra\u0111i dva miliona maraka u Banjaluci uhap\u0161en je Noe Tvalbei\u0161vili (41), a traga se za jo\u0161 deset dr\u017eljavljana Gruzije. Svi su identifikovani i za njima su raspisane centralne potjernice.<\/p>\n<p><a href=\"https:\/\/www.prijedordanas.com\/wp-content\/uploads\/2024\/05\/muprs-osumnjiceni-za-tesku-kradju-2.jpg\"><img loading=\"lazy\" decoding=\"async\" class=\"alignleft size-medium wp-image-226094\" src=\"https:\/\/www.prijedordanas.com\/wp-content\/uploads\/2024\/05\/muprs-osumnjiceni-za-tesku-kradju-2-300x300.jpg\" alt=\"\" width=\"300\" height=\"300\" srcset=\"https:\/\/www.prijedordanas.com\/wp-content\/uploads\/2024\/05\/muprs-osumnjiceni-za-tesku-kradju-2-300x300.jpg 300w, https:\/\/www.prijedordanas.com\/wp-content\/uploads\/2024\/05\/muprs-osumnjiceni-za-tesku-kradju-2-150x150.jpg 150w, https:\/\/www.prijedordanas.com\/wp-content\/uploads\/2024\/05\/muprs-osumnjiceni-za-tesku-kradju-2-50x50.jpg 50w, https:\/\/www.prijedordanas.com\/wp-content\/uploads\/2024\/05\/muprs-osumnjiceni-za-tesku-kradju-2.jpg 600w\" sizes=\"(max-width: 300px) 100vw, 300px\" \/><\/a>Tvalbei\u0161vili &#8220;pri\u010dao&#8221; i pred tu\u017eiocem<\/p>\n<p>Sumnja se da je Noe bio organizator kriminalne grupe koja je izvela kra\u0111u dva miliona maraka u Banjaluci. Osim njega traga se za trojicom izvr\u0161ilaca plja\u010dke, te jo\u0161 sedam pomaga\u010da koji su im pru\u017eali logisti\u010dku podr\u0161ku.<\/p>\n<p>Banjalu\u010dko Tu\u017eila\u0161tvo je za Tvalbei\u0161vilija tra\u017eilo odre\u0111ivanje jednomjese\u010dnog pritvora. Kako saznajemo on je i tokom ispitivanja pred tu\u017eiocem dao \u201daktivan iskaz\u201d u kojem je otkrio odre\u0111ene detalje o funkcionisanju ove kriminalne grupe.<\/p>\n<p>Na\u010delnik PU Banjaluka \u0110urica Vukeli\u0107 na konferenciji za medije je rekao da je uhap\u0161eni Gruzin otkrio detalje o ovoj organizovanoj kriminalnoj grupi, te da je njegov iskaz potvr\u0111en dokazima, kao i snimcima nadzornih kamera.<\/p>\n<p><a href=\"https:\/\/www.prijedordanas.com\/wp-content\/uploads\/2024\/05\/muprs-osumnjiceni-za-tesku-kradju-3.jpg\"><img loading=\"lazy\" decoding=\"async\" src=\"https:\/\/www.prijedordanas.com\/wp-content\/uploads\/2024\/05\/muprs-osumnjiceni-za-tesku-kradju-3-300x300.jpg\" alt=\"\" width=\"300\" height=\"300\" class=\"alignleft size-medium wp-image-226095\" srcset=\"https:\/\/www.prijedordanas.com\/wp-content\/uploads\/2024\/05\/muprs-osumnjiceni-za-tesku-kradju-3-300x300.jpg 300w, https:\/\/www.prijedordanas.com\/wp-content\/uploads\/2024\/05\/muprs-osumnjiceni-za-tesku-kradju-3-150x150.jpg 150w, https:\/\/www.prijedordanas.com\/wp-content\/uploads\/2024\/05\/muprs-osumnjiceni-za-tesku-kradju-3-50x50.jpg 50w, https:\/\/www.prijedordanas.com\/wp-content\/uploads\/2024\/05\/muprs-osumnjiceni-za-tesku-kradju-3.jpg 600w\" sizes=\"(max-width: 300px) 100vw, 300px\" \/><\/a>Imali podijeljene uloge<\/p>\n<p>Da se radi o dobro organizovanoj grupi svjedo\u010di i \u010dinjenica da su svi \u010dlanovi imali jasno podijeljene uloge. Tako je nekolicina osumnji\u010denih u BiH dovozila automobile koji su kori\u0161teni u osmatranju terena i plja\u010dki. Oni bi se nakon toga vra\u0107ali u Gruziju, avionima ili autobusima.<\/p>\n<p>Potom je druga ekipa dolazila kako bi pratila \u017ertve, utvr\u0111ivala njihove navike, te i\u0161la u plja\u010dku bez upotrebe oru\u017eja. Zanimljivo je da u kra\u0111ama nisu bili maskirani. Tokom istrage policija je otkrila tri vozila koja su kori\u0161\u0107ena u kra\u0111i dva miliona. Radi se o \u201dseatu\u201d i \u201daudiju\u201d, poljskih tablica, te \u201dpasatu\u201d njema\u010dkih tablica koji je otkriven u Doboju.<\/p>\n<p><a href=\"https:\/\/www.atvbl.rs\/lat\/vijesti\/hronika\/atv-saznaje-prijedor-bio-naredna-meta-pljackasima-iz-gruzije-17-5-2024\" target=\"_blank\" rel=\"noopener\">atvbl.rs<\/a><\/p>\n","protected":false},"excerpt":{"rendered":"<p>Nakon kra\u0111e dva miliona maraka u Banjaluci ogranizovana grupa lopova iz Gruzije planirala je da se \u201dpreseli\u201d u Prijedor gdje su najvjerovatnije tra\u017eili novu pogodnu metu za napad, saznaje ATV. [&hellip;]<\/p>\n","protected":false},"author":1,"featured_media":0,"comment_status":"closed","ping_status":"open","sticky":false,"template":"","format":"standard","meta":{"_monsterinsights_skip_tracking":false,"_monsterinsights_sitenote_active":false,"_monsterinsights_sitenote_note":"","_monsterinsights_sitenote_category":0,"footnotes":""},"categories":[5],"tags":[],"yoast_head":"<!-- This site is optimized with the Yoast SEO plugin v21.6 - https:\/\/yoast.com\/wordpress\/plugins\/seo\/ -->\n<title>ATV saznaje: Prijedor bio naredna meta plja\u010dka\u0161ima iz Gruzije - PrijedorDanas.com - Prijedorski gradski portal<\/title>\n<meta name=\"robots\" content=\"index, follow, max-snippet:-1, max-image-preview:large, max-video-preview:-1\" \/>\n<link rel=\"canonical\" href=\"https:\/\/www.prijedordanas.com\/?p=226092\" \/>\n<meta property=\"og:locale\" content=\"en_US\" \/>\n<meta property=\"og:type\" content=\"article\" \/>\n<meta property=\"og:title\" content=\"ATV saznaje: Prijedor bio naredna meta plja\u010dka\u0161ima iz Gruzije - PrijedorDanas.com - Prijedorski gradski portal\" \/>\n<meta property=\"og:description\" content=\"Nakon kra\u0111e dva miliona maraka u Banjaluci ogranizovana grupa lopova iz Gruzije planirala je da se \u201dpreseli\u201d u Prijedor gdje su najvjerovatnije tra\u017eili novu pogodnu metu za napad, saznaje ATV. [&hellip;]\" \/>\n<meta property=\"og:url\" content=\"https:\/\/www.prijedordanas.com\/?p=226092\" \/>\n<meta property=\"og:site_name\" content=\"PrijedorDanas.com - Prijedorski gradski portal\" \/>\n<meta property=\"article:publisher\" content=\"https:\/\/www.facebook.com\/PrijedorDanasCom\/\" \/>\n<meta property=\"article:published_time\" content=\"2024-05-17T13:59:30+00:00\" \/>\n<meta property=\"og:image\" content=\"https:\/\/www.prijedordanas.com\/wp-content\/uploads\/2024\/05\/muprs-osumnjiceni-za-tesku-kradju-1-300x225.jpg\" \/>\n<meta name=\"author\" content=\"admin\" \/>\n<meta name=\"twitter:card\" content=\"summary_large_image\" \/>\n<meta name=\"twitter:label1\" content=\"Written by\" \/>\n\t<meta name=\"twitter:data1\" content=\"admin\" \/>\n\t<meta name=\"twitter:label2\" content=\"Est. reading time\" \/>\n\t<meta name=\"twitter:data2\" content=\"3 minutes\" \/>\n<script type=\"application\/ld+json\" class=\"yoast-schema-graph\">{\"@context\":\"https:\/\/schema.org\",\"@graph\":[{\"@type\":\"Article\",\"@id\":\"https:\/\/www.prijedordanas.com\/?p=226092#article\",\"isPartOf\":{\"@id\":\"https:\/\/www.prijedordanas.com\/?p=226092\"},\"author\":{\"name\":\"admin\",\"@id\":\"https:\/\/www.prijedordanas.com\/#\/schema\/person\/4e08ccf29b506ca916ff86d46bb700e6\"},\"headline\":\"ATV saznaje: Prijedor bio naredna meta plja\u010dka\u0161ima iz Gruzije\",\"datePublished\":\"2024-05-17T13:59:30+00:00\",\"dateModified\":\"2024-05-17T13:59:30+00:00\",\"mainEntityOfPage\":{\"@id\":\"https:\/\/www.prijedordanas.com\/?p=226092\"},\"wordCount\":532,\"publisher\":{\"@id\":\"https:\/\/www.prijedordanas.com\/#organization\"},\"articleSection\":[\"Hronika\"],\"inLanguage\":\"en-US\"},{\"@type\":\"WebPage\",\"@id\":\"https:\/\/www.prijedordanas.com\/?p=226092\",\"url\":\"https:\/\/www.prijedordanas.com\/?p=226092\",\"name\":\"ATV saznaje: Prijedor bio naredna meta plja\u010dka\u0161ima iz Gruzije - PrijedorDanas.com - Prijedorski gradski portal\",\"isPartOf\":{\"@id\":\"https:\/\/www.prijedordanas.com\/#website\"},\"datePublished\":\"2024-05-17T13:59:30+00:00\",\"dateModified\":\"2024-05-17T13:59:30+00:00\",\"breadcrumb\":{\"@id\":\"https:\/\/www.prijedordanas.com\/?p=226092#breadcrumb\"},\"inLanguage\":\"en-US\",\"potentialAction\":[{\"@type\":\"ReadAction\",\"target\":[\"https:\/\/www.prijedordanas.com\/?p=226092\"]}]},{\"@type\":\"BreadcrumbList\",\"@id\":\"https:\/\/www.prijedordanas.com\/?p=226092#breadcrumb\",\"itemListElement\":[{\"@type\":\"ListItem\",\"position\":1,\"name\":\"Home\",\"item\":\"https:\/\/www.prijedordanas.com\/\"},{\"@type\":\"ListItem\",\"position\":2,\"name\":\"ATV saznaje: Prijedor bio naredna meta plja\u010dka\u0161ima iz Gruzije\"}]},{\"@type\":\"WebSite\",\"@id\":\"https:\/\/www.prijedordanas.com\/#website\",\"url\":\"https:\/\/www.prijedordanas.com\/\",\"name\":\"PrijedorDanas.com - Prijedorski gradski portal\",\"description\":\"Portal o doga\u0111anjima u gradu Prijedoru\",\"publisher\":{\"@id\":\"https:\/\/www.prijedordanas.com\/#organization\"},\"potentialAction\":[{\"@type\":\"SearchAction\",\"target\":{\"@type\":\"EntryPoint\",\"urlTemplate\":\"https:\/\/www.prijedordanas.com\/?s={search_term_string}\"},\"query-input\":\"required name=search_term_string\"}],\"inLanguage\":\"en-US\"},{\"@type\":\"Organization\",\"@id\":\"https:\/\/www.prijedordanas.com\/#organization\",\"name\":\"PrijedorDanas.com\",\"url\":\"https:\/\/www.prijedordanas.com\/\",\"logo\":{\"@type\":\"ImageObject\",\"inLanguage\":\"en-US\",\"@id\":\"https:\/\/www.prijedordanas.com\/#\/schema\/logo\/image\/\",\"url\":\"http:\/\/www.prijedordanas.com\/wp-content\/uploads\/2021\/12\/logopng.png\",\"contentUrl\":\"http:\/\/www.prijedordanas.com\/wp-content\/uploads\/2021\/12\/logopng.png\",\"width\":1019,\"height\":776,\"caption\":\"PrijedorDanas.com\"},\"image\":{\"@id\":\"https:\/\/www.prijedordanas.com\/#\/schema\/logo\/image\/\"},\"sameAs\":[\"https:\/\/www.facebook.com\/PrijedorDanasCom\/\"]},{\"@type\":\"Person\",\"@id\":\"https:\/\/www.prijedordanas.com\/#\/schema\/person\/4e08ccf29b506ca916ff86d46bb700e6\",\"name\":\"admin\",\"image\":{\"@type\":\"ImageObject\",\"inLanguage\":\"en-US\",\"@id\":\"https:\/\/www.prijedordanas.com\/#\/schema\/person\/image\/\",\"url\":\"https:\/\/secure.gravatar.com\/avatar\/1d3fc949d550f0b53a5f0d51e06dfd79?s=96&d=mm&r=g\",\"contentUrl\":\"https:\/\/secure.gravatar.com\/avatar\/1d3fc949d550f0b53a5f0d51e06dfd79?s=96&d=mm&r=g\",\"caption\":\"admin\"},\"url\":\"https:\/\/www.prijedordanas.com\/?author=1\"}]}<\/script>\n<!-- \/ Yoast SEO plugin. -->","yoast_head_json":{"title":"ATV saznaje: Prijedor bio naredna meta plja\u010dka\u0161ima iz Gruzije - PrijedorDanas.com - Prijedorski gradski portal","robots":{"index":"index","follow":"follow","max-snippet":"max-snippet:-1","max-image-preview":"max-image-preview:large","max-video-preview":"max-video-preview:-1"},"canonical":"https:\/\/www.prijedordanas.com\/?p=226092","og_locale":"en_US","og_type":"article","og_title":"ATV saznaje: Prijedor bio naredna meta plja\u010dka\u0161ima iz Gruzije - PrijedorDanas.com - Prijedorski gradski portal","og_description":"Nakon kra\u0111e dva miliona maraka u Banjaluci ogranizovana grupa lopova iz Gruzije planirala je da se \u201dpreseli\u201d u Prijedor gdje su najvjerovatnije tra\u017eili novu pogodnu metu za napad, saznaje ATV. [&hellip;]","og_url":"https:\/\/www.prijedordanas.com\/?p=226092","og_site_name":"PrijedorDanas.com - Prijedorski gradski portal","article_publisher":"https:\/\/www.facebook.com\/PrijedorDanasCom\/","article_published_time":"2024-05-17T13:59:30+00:00","og_image":[{"url":"https:\/\/www.prijedordanas.com\/wp-content\/uploads\/2024\/05\/muprs-osumnjiceni-za-tesku-kradju-1-300x225.jpg"}],"author":"admin","twitter_card":"summary_large_image","twitter_misc":{"Written by":"admin","Est. reading time":"3 minutes"},"schema":{"@context":"https:\/\/schema.org","@graph":[{"@type":"Article","@id":"https:\/\/www.prijedordanas.com\/?p=226092#article","isPartOf":{"@id":"https:\/\/www.prijedordanas.com\/?p=226092"},"author":{"name":"admin","@id":"https:\/\/www.prijedordanas.com\/#\/schema\/person\/4e08ccf29b506ca916ff86d46bb700e6"},"headline":"ATV saznaje: Prijedor bio naredna meta plja\u010dka\u0161ima iz Gruzije","datePublished":"2024-05-17T13:59:30+00:00","dateModified":"2024-05-17T13:59:30+00:00","mainEntityOfPage":{"@id":"https:\/\/www.prijedordanas.com\/?p=226092"},"wordCount":532,"publisher":{"@id":"https:\/\/www.prijedordanas.com\/#organization"},"articleSection":["Hronika"],"inLanguage":"en-US"},{"@type":"WebPage","@id":"https:\/\/www.prijedordanas.com\/?p=226092","url":"https:\/\/www.prijedordanas.com\/?p=226092","name":"ATV saznaje: Prijedor bio naredna meta plja\u010dka\u0161ima iz Gruzije - PrijedorDanas.com - Prijedorski gradski portal","isPartOf":{"@id":"https:\/\/www.prijedordanas.com\/#website"},"datePublished":"2024-05-17T13:59:30+00:00","dateModified":"2024-05-17T13:59:30+00:00","breadcrumb":{"@id":"https:\/\/www.prijedordanas.com\/?p=226092#breadcrumb"},"inLanguage":"en-US","potentialAction":[{"@type":"ReadAction","target":["https:\/\/www.prijedordanas.com\/?p=226092"]}]},{"@type":"BreadcrumbList","@id":"https:\/\/www.prijedordanas.com\/?p=226092#breadcrumb","itemListElement":[{"@type":"ListItem","position":1,"name":"Home","item":"https:\/\/www.prijedordanas.com\/"},{"@type":"ListItem","position":2,"name":"ATV saznaje: Prijedor bio naredna meta plja\u010dka\u0161ima iz Gruzije"}]},{"@type":"WebSite","@id":"https:\/\/www.prijedordanas.com\/#website","url":"https:\/\/www.prijedordanas.com\/","name":"PrijedorDanas.com - Prijedorski gradski portal","description":"Portal o doga\u0111anjima u gradu Prijedoru","publisher":{"@id":"https:\/\/www.prijedordanas.com\/#organization"},"potentialAction":[{"@type":"SearchAction","target":{"@type":"EntryPoint","urlTemplate":"https:\/\/www.prijedordanas.com\/?s={search_term_string}"},"query-input":"required name=search_term_string"}],"inLanguage":"en-US"},{"@type":"Organization","@id":"https:\/\/www.prijedordanas.com\/#organization","name":"PrijedorDanas.com","url":"https:\/\/www.prijedordanas.com\/","logo":{"@type":"ImageObject","inLanguage":"en-US","@id":"https:\/\/www.prijedordanas.com\/#\/schema\/logo\/image\/","url":"http:\/\/www.prijedordanas.com\/wp-content\/uploads\/2021\/12\/logopng.png","contentUrl":"http:\/\/www.prijedordanas.com\/wp-content\/uploads\/2021\/12\/logopng.png","width":1019,"height":776,"caption":"PrijedorDanas.com"},"image":{"@id":"https:\/\/www.prijedordanas.com\/#\/schema\/logo\/image\/"},"sameAs":["https:\/\/www.facebook.com\/PrijedorDanasCom\/"]},{"@type":"Person","@id":"https:\/\/www.prijedordanas.com\/#\/schema\/person\/4e08ccf29b506ca916ff86d46bb700e6","name":"admin","image":{"@type":"ImageObject","inLanguage":"en-US","@id":"https:\/\/www.prijedordanas.com\/#\/schema\/person\/image\/","url":"https:\/\/secure.gravatar.com\/avatar\/1d3fc949d550f0b53a5f0d51e06dfd79?s=96&d=mm&r=g","contentUrl":"https:\/\/secure.gravatar.com\/avatar\/1d3fc949d550f0b53a5f0d51e06dfd79?s=96&d=mm&r=g","caption":"admin"},"url":"https:\/\/www.prijedordanas.com\/?author=1"}]}},"_links":{"self":[{"href":"https:\/\/www.prijedordanas.com\/index.php?rest_route=\/wp\/v2\/posts\/226092"}],"collection":[{"href":"https:\/\/www.prijedordanas.com\/index.php?rest_route=\/wp\/v2\/posts"}],"about":[{"href":"https:\/\/www.prijedordanas.com\/index.php?rest_route=\/wp\/v2\/types\/post"}],"author":[{"embeddable":true,"href":"https:\/\/www.prijedordanas.com\/index.php?rest_route=\/wp\/v2\/users\/1"}],"replies":[{"embeddable":true,"href":"https:\/\/www.prijedordanas.com\/index.php?rest_route=%2Fwp%2Fv2%2Fcomments&post=226092"}],"version-history":[{"count":1,"href":"https:\/\/www.prijedordanas.com\/index.php?rest_route=\/wp\/v2\/posts\/226092\/revisions"}],"predecessor-version":[{"id":226096,"href":"https:\/\/www.prijedordanas.com\/index.php?rest_route=\/wp\/v2\/posts\/226092\/revisions\/226096"}],"wp:attachment":[{"href":"https:\/\/www.prijedordanas.com\/index.php?rest_route=%2Fwp%2Fv2%2Fmedia&parent=226092"}],"wp:term":[{"taxonomy":"category","embeddable":true,"href":"https:\/\/www.prijedordanas.com\/index.php?rest_route=%2Fwp%2Fv2%2Fcategories&post=226092"},{"taxonomy":"post_tag","embeddable":true,"href":"https:\/\/www.prijedordanas.com\/index.php?rest_route=%2Fwp%2Fv2%2Ftags&post=226092"}],"curies":[{"name":"wp","href":"https:\/\/api.w.org\/{rel}","templated":true}]}}