{"id":226007,"date":"2024-05-16T19:50:53","date_gmt":"2024-05-16T17:50:53","guid":{"rendered":"https:\/\/www.prijedordanas.com\/?p=226007"},"modified":"2024-05-16T19:50:53","modified_gmt":"2024-05-16T17:50:53","slug":"dan-grada-prijedora-na-svecanoj-akademiji-dodijeljene-nagrade-i-priznanja-foto-video","status":"publish","type":"post","link":"https:\/\/www.prijedordanas.com\/?p=226007","title":{"rendered":"Dan grada Prijedora: Na sve\u010danoj akademiji dodijeljene nagrade i priznanja &#8211; FOTO\/VIDEO"},"content":{"rendered":"<p><a href=\"https:\/\/www.prijedordanas.com\/wp-content\/uploads\/2024\/05\/dan-grada-2024-akademija-1.jpg\"><img loading=\"lazy\" decoding=\"async\" class=\"alignleft size-medium wp-image-226008\" src=\"https:\/\/www.prijedordanas.com\/wp-content\/uploads\/2024\/05\/dan-grada-2024-akademija-1-300x225.jpg\" alt=\"\" width=\"300\" height=\"225\" srcset=\"https:\/\/www.prijedordanas.com\/wp-content\/uploads\/2024\/05\/dan-grada-2024-akademija-1-300x225.jpg 300w, https:\/\/www.prijedordanas.com\/wp-content\/uploads\/2024\/05\/dan-grada-2024-akademija-1-640x480.jpg 640w, https:\/\/www.prijedordanas.com\/wp-content\/uploads\/2024\/05\/dan-grada-2024-akademija-1.jpg 667w\" sizes=\"(max-width: 300px) 100vw, 300px\" \/><\/a>Nizom sve\u010danosti grad Prijedor ve\u0107 nekoliko dana obilje\u017eava Dan grada 16. maj, a danas je odr\u017eana centralna sve\u010danost &#8211; sve\u010dana akademija i uru\u010divanje nagrada zaslu\u017enim pojedincima i kolektivima.<\/p>\n<p>Gradona\u010delnik Prijedora Slobodan Javor izjavio je danas da ve\u0107a izdvajanja za obrazovanje, kulturu i sport predstavljaju zdravo ulaganje u sredinu koja \u017eeli zdravo da se razvija i da je ponosan na takvo opredjeljenje lokalne vlasti u Prijedoru.<\/p>\n<p>&#8220;Tako\u0111e nam je drago kada ljudi sa strane koji do\u0111u u na\u0161 grad prepoznaju upravo ovu dobru politiku, dobar odnos prema gra\u0111anima&#8221;, rekao je Javor novinarima.<\/p>\n<p>On je dodao da je ponosan i na odli\u010dnu komunikaciju sa svim gra\u0111anima, tri konstitutivna naroda, nacionalnim manjinama.<\/p>\n<p><a href=\"https:\/\/www.prijedordanas.com\/wp-content\/uploads\/2024\/05\/dan-grada-2024-akademija-7.jpg\"><img loading=\"lazy\" decoding=\"async\" class=\"alignleft size-medium wp-image-226009\" src=\"https:\/\/www.prijedordanas.com\/wp-content\/uploads\/2024\/05\/dan-grada-2024-akademija-7-300x200.jpg\" alt=\"\" width=\"300\" height=\"200\" srcset=\"https:\/\/www.prijedordanas.com\/wp-content\/uploads\/2024\/05\/dan-grada-2024-akademija-7-300x200.jpg 300w, https:\/\/www.prijedordanas.com\/wp-content\/uploads\/2024\/05\/dan-grada-2024-akademija-7-480x320.jpg 480w, https:\/\/www.prijedordanas.com\/wp-content\/uploads\/2024\/05\/dan-grada-2024-akademija-7.jpg 600w\" sizes=\"(max-width: 300px) 100vw, 300px\" \/><\/a>&#8220;Svi zajedno \u017eivimo, radimo, di\u0161emo kao jedno i upravo je to poruka koju \u017eelim da po\u0161aljem danas: da smo mi jedan narod i ukoliko \u017eelimo da na\u0161 grad bude idealno mjesto za \u017eivot po mjeri svih nas, upravo tako treba da nastavimo. Samo rezultat mo\u017ee dati ukoliko pristupamo iskreno, srcem i idemo otvorenih ruku prema svima&#8221;, zaklju\u010dio je Javor.<\/p>\n<p>Andrea Vu\u010dkovi\u0107, jedna od petoro najboljih studenata grada Prijedora kojima je odlukom gradona\u010delnika dodijeljena nov\u010dana nagrada od po 5.000 KM u povodu Dana grada, ju\u010de je polo\u017eila svoj posljednji ispit na Medicinskom fakultetu Univerziteta u Beogradu i ostvarila prosjek ocjena 9,83.<\/p>\n<p>&#8220;Trenutno, \u017eelja je, najvjerojatnije, da se ide na postdiplomske studije, ali jo\u0161 \u0107u sa\u010dekati sa tom odlukom. \u0160to se ti\u010de specijalizacije, \u017eelja mi je da se bavim internom medicinom, po mogu\u0107nosti kardiologijom i nadam se da \u0107u imati uslove za to ovdje u Republici Srpskoj. Za sve ove godine bila sam stipendista Fonda dr Milan Jeli\u0107, stipendista sam Fondacije doktorica Valentina Vrtikapa, tako\u0111e sam stipendista Fonda za mlade talente Republike Srbije&#8221;, dodala je Vu\u010dkovi\u0107eva.<\/p>\n<p><a href=\"https:\/\/www.prijedordanas.com\/wp-content\/uploads\/2024\/05\/dan-grada-2024-akademija-2.jpg\"><img loading=\"lazy\" decoding=\"async\" class=\"alignleft size-medium wp-image-226010\" src=\"https:\/\/www.prijedordanas.com\/wp-content\/uploads\/2024\/05\/dan-grada-2024-akademija-2-300x225.jpg\" alt=\"\" width=\"300\" height=\"225\" srcset=\"https:\/\/www.prijedordanas.com\/wp-content\/uploads\/2024\/05\/dan-grada-2024-akademija-2-300x225.jpg 300w, https:\/\/www.prijedordanas.com\/wp-content\/uploads\/2024\/05\/dan-grada-2024-akademija-2-640x480.jpg 640w, https:\/\/www.prijedordanas.com\/wp-content\/uploads\/2024\/05\/dan-grada-2024-akademija-2.jpg 667w\" sizes=\"(max-width: 300px) 100vw, 300px\" \/><\/a>Na akademiji su dodijeljen nagrade i priznanja po odluci Skup\u0161tine grada. Plaketu grada dobilo je preduze\u0107e &#8220;Bosnamonta\u017ea&#8221; za izuzetne rezultate u oblasti poslovanja, Povelja po\u010dasnog gra\u0111anina pripala je Simi Brdaru, pjesniku, istori\u010daru, filmskom scenaristi i re\u017eiseru za zna\u010dajan doprinos u \u0161irenju ugleda grada Prijedora, a nagrade grada akademskom slikaru Predragu Marjanovi\u0107u i istori\u010darkama Marini Bogunovi\u0107 LJubi\u010di\u0107 i Vedrani Adamovi\u0107.<\/p>\n<p>Muzejski savjetnik u Muzeju Kozare Vedrana Adamovi\u0107 rekla je da je nagrada potvrda rada.<\/p>\n<p>&#8220;Drago nam je \u0161to su ljudi prepoznali na\u0161 trud u proteklih deset godina bavljenja kulturom kroz razne aspekte djelovanja u kulturi. Nekako posebno mi je drago \u0161to se ova nagrada poklopila sa izlaskom za sve nas zna\u010dajne publikacije odnosno monografije `U borbi ro\u0111ene` i drago mi je \u0161to je nagrada u godini kada obilje\u017eavamo 70 godina postojanja Muzeja Kozare u Prijedoru&#8221;, dodala je Adamovi\u0107eva.<\/p>\n<p><a href=\"https:\/\/www.prijedordanas.com\/wp-content\/uploads\/2024\/05\/dan-grada-2024-akademija-4.jpg\"><img loading=\"lazy\" decoding=\"async\" class=\"alignleft size-medium wp-image-226011\" src=\"https:\/\/www.prijedordanas.com\/wp-content\/uploads\/2024\/05\/dan-grada-2024-akademija-4-300x200.jpg\" alt=\"\" width=\"300\" height=\"200\" srcset=\"https:\/\/www.prijedordanas.com\/wp-content\/uploads\/2024\/05\/dan-grada-2024-akademija-4-300x200.jpg 300w, https:\/\/www.prijedordanas.com\/wp-content\/uploads\/2024\/05\/dan-grada-2024-akademija-4-480x320.jpg 480w, https:\/\/www.prijedordanas.com\/wp-content\/uploads\/2024\/05\/dan-grada-2024-akademija-4.jpg 600w\" sizes=\"(max-width: 300px) 100vw, 300px\" \/><\/a>Vi\u0161i kustos u Memorijalnom muzeju na Mrakovici Marina LJubi\u010di\u0107 Bogunovi\u0107 rekla je da je nagrada dodatni podsticaj i ohrabrenje za dalji rad.<\/p>\n<p>&#8220;Mi smo radili zaista puno prethodnih godina \u017eele\u0107i da istra\u017eemo istoriju na\u0161eg grada i da ono \u0161to smo istra\u017eili i na \u010demu smo radili predstavimo i na\u0161im sugra\u0111anima. Radili smo iz srca, onako kako smo smatrali da treba da se pristupi takvim temama&#8221;, dodala je LJubi\u010di\u0107 Bogunovi\u0107.<\/p>\n<p>Predsjednik Upravnog odbora &#8220;Bosnamonta\u017ee&#8221; Du\u0161an Beri\u0107 zahvalio se u ime kolektiva i stotinu radnika za Plaketu grada.<\/p>\n<p><a href=\"https:\/\/www.prijedordanas.com\/wp-content\/uploads\/2024\/05\/dan-grada-2024-akademija-6.jpg\"><img loading=\"lazy\" decoding=\"async\" class=\"alignleft size-medium wp-image-226012\" src=\"https:\/\/www.prijedordanas.com\/wp-content\/uploads\/2024\/05\/dan-grada-2024-akademija-6-300x200.jpg\" alt=\"\" width=\"300\" height=\"200\" srcset=\"https:\/\/www.prijedordanas.com\/wp-content\/uploads\/2024\/05\/dan-grada-2024-akademija-6-300x200.jpg 300w, https:\/\/www.prijedordanas.com\/wp-content\/uploads\/2024\/05\/dan-grada-2024-akademija-6-480x320.jpg 480w, https:\/\/www.prijedordanas.com\/wp-content\/uploads\/2024\/05\/dan-grada-2024-akademija-6.jpg 600w\" sizes=\"(max-width: 300px) 100vw, 300px\" \/><\/a>&#8220;Nama to zna\u010di mnogo. Imamo i republi\u010dkih priznanja, ali ovo priznanje lokalne zajednice nam je posebno drago, a smatram i da su ga radnici i uprava i direktor zaradili svojim radom, rezultatima koji su vidljivi. Nije ugodno hvaliti sam svoju firmu, ali mislim da smo jedna od rje\u0111ih firmi koje apsolutno sto posto izmiruje sve svoje obaveze&#8221;, dodao je Beri\u0107.<\/p>\n<p>U programu akademije odr\u017eane pod motom &#8220;Ostajmo ovdje&#8221; u\u010destvovali su horovi Muzi\u010dke \u0161kole &#8220;Savo Balaban&#8221; Prijedor, \u017eenska pjeva\u010dka grupa SKUD-a &#8220;Dr Mladen Stojanovi\u0107&#8221;, violinistkinja Bojana Obradovi\u0107 i glumac Dean Batoz.<\/p>\n<p>Prethodilo je polaganje vijenaca na spomenike &#8220;Za krst \u010dasni&#8221; i Oslobodiocima Prijedora, za najmla\u0111e sugra\u0111ane organizovana je dje\u010dija gradska olimpijada, a majske sve\u010danosti zavr\u0161avaju se ve\u010deras na Malom trgu koncertima Leontine Vukomanovi\u0107 i hora za najmla\u0111u publiku, te lokalne grupe &#8220;Evergrin&#8221;.<\/p>\n<p><a href=\"https:\/\/www.prijedorgrad.org\/sr-EU\/vijesti-sadrzaj.html?vid=20100\" target=\"_blank\" rel=\"noopener\">prijedorgrad.org<\/a><\/p>\n<p><a href=\"https:\/\/www.prijedordanas.com\/wp-content\/uploads\/2024\/05\/dan-grada-2024-akademija-3.jpg\"><img loading=\"lazy\" decoding=\"async\" class=\"alignleft size-medium wp-image-226013\" src=\"https:\/\/www.prijedordanas.com\/wp-content\/uploads\/2024\/05\/dan-grada-2024-akademija-3-300x200.jpg\" alt=\"\" width=\"300\" height=\"200\" srcset=\"https:\/\/www.prijedordanas.com\/wp-content\/uploads\/2024\/05\/dan-grada-2024-akademija-3-300x200.jpg 300w, https:\/\/www.prijedordanas.com\/wp-content\/uploads\/2024\/05\/dan-grada-2024-akademija-3-480x320.jpg 480w, https:\/\/www.prijedordanas.com\/wp-content\/uploads\/2024\/05\/dan-grada-2024-akademija-3.jpg 600w\" sizes=\"(max-width: 300px) 100vw, 300px\" \/><\/a> <a href=\"https:\/\/www.prijedordanas.com\/wp-content\/uploads\/2024\/05\/dan-grada-2024-akademija-5.jpg\"><img loading=\"lazy\" decoding=\"async\" class=\"alignleft size-medium wp-image-226014\" src=\"https:\/\/www.prijedordanas.com\/wp-content\/uploads\/2024\/05\/dan-grada-2024-akademija-5-300x200.jpg\" alt=\"\" width=\"300\" height=\"200\" srcset=\"https:\/\/www.prijedordanas.com\/wp-content\/uploads\/2024\/05\/dan-grada-2024-akademija-5-300x200.jpg 300w, https:\/\/www.prijedordanas.com\/wp-content\/uploads\/2024\/05\/dan-grada-2024-akademija-5-480x320.jpg 480w, https:\/\/www.prijedordanas.com\/wp-content\/uploads\/2024\/05\/dan-grada-2024-akademija-5.jpg 600w\" sizes=\"(max-width: 300px) 100vw, 300px\" \/><\/a> <a href=\"https:\/\/www.prijedordanas.com\/wp-content\/uploads\/2024\/05\/dan-grada-2024-akademija-11.jpg\"><img loading=\"lazy\" decoding=\"async\" class=\"alignleft size-medium wp-image-226015\" src=\"https:\/\/www.prijedordanas.com\/wp-content\/uploads\/2024\/05\/dan-grada-2024-akademija-11-300x201.jpg\" alt=\"\" width=\"300\" height=\"201\" srcset=\"https:\/\/www.prijedordanas.com\/wp-content\/uploads\/2024\/05\/dan-grada-2024-akademija-11-300x201.jpg 300w, https:\/\/www.prijedordanas.com\/wp-content\/uploads\/2024\/05\/dan-grada-2024-akademija-11-480x320.jpg 480w, https:\/\/www.prijedordanas.com\/wp-content\/uploads\/2024\/05\/dan-grada-2024-akademija-11.jpg 600w\" sizes=\"(max-width: 300px) 100vw, 300px\" \/><\/a> <a href=\"https:\/\/www.prijedordanas.com\/wp-content\/uploads\/2024\/05\/dan-grada-2024-akademija-8.jpg\"><img loading=\"lazy\" decoding=\"async\" class=\"alignleft size-medium wp-image-226016\" src=\"https:\/\/www.prijedordanas.com\/wp-content\/uploads\/2024\/05\/dan-grada-2024-akademija-8-300x201.jpg\" alt=\"\" width=\"300\" height=\"201\" srcset=\"https:\/\/www.prijedordanas.com\/wp-content\/uploads\/2024\/05\/dan-grada-2024-akademija-8-300x201.jpg 300w, https:\/\/www.prijedordanas.com\/wp-content\/uploads\/2024\/05\/dan-grada-2024-akademija-8-480x320.jpg 480w, https:\/\/www.prijedordanas.com\/wp-content\/uploads\/2024\/05\/dan-grada-2024-akademija-8.jpg 600w\" sizes=\"(max-width: 300px) 100vw, 300px\" \/><\/a> <a href=\"https:\/\/www.prijedordanas.com\/wp-content\/uploads\/2024\/05\/dan-grada-2024-akademija-9.jpg\"><img loading=\"lazy\" decoding=\"async\" class=\"alignleft size-medium wp-image-226017\" src=\"https:\/\/www.prijedordanas.com\/wp-content\/uploads\/2024\/05\/dan-grada-2024-akademija-9-300x201.jpg\" alt=\"\" width=\"300\" height=\"201\" srcset=\"https:\/\/www.prijedordanas.com\/wp-content\/uploads\/2024\/05\/dan-grada-2024-akademija-9-300x201.jpg 300w, https:\/\/www.prijedordanas.com\/wp-content\/uploads\/2024\/05\/dan-grada-2024-akademija-9-480x320.jpg 480w, https:\/\/www.prijedordanas.com\/wp-content\/uploads\/2024\/05\/dan-grada-2024-akademija-9.jpg 600w\" sizes=\"(max-width: 300px) 100vw, 300px\" \/><\/a> <a href=\"https:\/\/www.prijedordanas.com\/wp-content\/uploads\/2024\/05\/dan-grada-2024-akademija-12.jpg\"><img loading=\"lazy\" decoding=\"async\" class=\"alignleft size-medium wp-image-226018\" src=\"https:\/\/www.prijedordanas.com\/wp-content\/uploads\/2024\/05\/dan-grada-2024-akademija-12-300x201.jpg\" alt=\"\" width=\"300\" height=\"201\" srcset=\"https:\/\/www.prijedordanas.com\/wp-content\/uploads\/2024\/05\/dan-grada-2024-akademija-12-300x201.jpg 300w, https:\/\/www.prijedordanas.com\/wp-content\/uploads\/2024\/05\/dan-grada-2024-akademija-12-480x320.jpg 480w, https:\/\/www.prijedordanas.com\/wp-content\/uploads\/2024\/05\/dan-grada-2024-akademija-12.jpg 600w\" sizes=\"(max-width: 300px) 100vw, 300px\" \/><\/a> <a href=\"https:\/\/www.prijedordanas.com\/wp-content\/uploads\/2024\/05\/dan-grada-2024-akademija-13.jpg\"><img loading=\"lazy\" decoding=\"async\" class=\"alignleft size-medium wp-image-226019\" src=\"https:\/\/www.prijedordanas.com\/wp-content\/uploads\/2024\/05\/dan-grada-2024-akademija-13-300x201.jpg\" alt=\"\" width=\"300\" height=\"201\" srcset=\"https:\/\/www.prijedordanas.com\/wp-content\/uploads\/2024\/05\/dan-grada-2024-akademija-13-300x201.jpg 300w, https:\/\/www.prijedordanas.com\/wp-content\/uploads\/2024\/05\/dan-grada-2024-akademija-13-480x320.jpg 480w, https:\/\/www.prijedordanas.com\/wp-content\/uploads\/2024\/05\/dan-grada-2024-akademija-13.jpg 600w\" sizes=\"(max-width: 300px) 100vw, 300px\" \/><\/a> <a href=\"https:\/\/www.prijedordanas.com\/wp-content\/uploads\/2024\/05\/dan-grada-2024-akademija-10.jpg\"><img loading=\"lazy\" decoding=\"async\" class=\"alignleft size-medium wp-image-226020\" src=\"https:\/\/www.prijedordanas.com\/wp-content\/uploads\/2024\/05\/dan-grada-2024-akademija-10-300x201.jpg\" alt=\"\" width=\"300\" height=\"201\" srcset=\"https:\/\/www.prijedordanas.com\/wp-content\/uploads\/2024\/05\/dan-grada-2024-akademija-10-300x201.jpg 300w, https:\/\/www.prijedordanas.com\/wp-content\/uploads\/2024\/05\/dan-grada-2024-akademija-10-480x320.jpg 480w, https:\/\/www.prijedordanas.com\/wp-content\/uploads\/2024\/05\/dan-grada-2024-akademija-10.jpg 600w\" sizes=\"(max-width: 300px) 100vw, 300px\" \/><\/a> <a href=\"https:\/\/www.prijedordanas.com\/wp-content\/uploads\/2024\/05\/dan-grada-2024-akademija-14.jpg\"><img loading=\"lazy\" decoding=\"async\" class=\"alignleft size-medium wp-image-226021\" src=\"https:\/\/www.prijedordanas.com\/wp-content\/uploads\/2024\/05\/dan-grada-2024-akademija-14-300x201.jpg\" alt=\"\" width=\"300\" height=\"201\" srcset=\"https:\/\/www.prijedordanas.com\/wp-content\/uploads\/2024\/05\/dan-grada-2024-akademija-14-300x201.jpg 300w, https:\/\/www.prijedordanas.com\/wp-content\/uploads\/2024\/05\/dan-grada-2024-akademija-14-480x320.jpg 480w, https:\/\/www.prijedordanas.com\/wp-content\/uploads\/2024\/05\/dan-grada-2024-akademija-14.jpg 600w\" sizes=\"(max-width: 300px) 100vw, 300px\" \/><\/a><\/p>\n<p><iframe loading=\"lazy\" title=\"SVE\u010cANA AKADEMIJA POVODOM DANA GRADA\" width=\"500\" height=\"281\" src=\"https:\/\/www.youtube.com\/embed\/QXKzJQnKl3k?feature=oembed\" frameborder=\"0\" allow=\"accelerometer; autoplay; clipboard-write; encrypted-media; gyroscope; picture-in-picture; web-share\" referrerpolicy=\"strict-origin-when-cross-origin\" allowfullscreen><\/iframe><\/p>\n","protected":false},"excerpt":{"rendered":"<p>Nizom sve\u010danosti grad Prijedor ve\u0107 nekoliko dana obilje\u017eava Dan grada 16. maj, a danas je odr\u017eana centralna sve\u010danost &#8211; sve\u010dana akademija i uru\u010divanje nagrada zaslu\u017enim pojedincima i kolektivima. Gradona\u010delnik Prijedora [&hellip;]<\/p>\n","protected":false},"author":1,"featured_media":0,"comment_status":"closed","ping_status":"open","sticky":false,"template":"","format":"standard","meta":{"_monsterinsights_skip_tracking":false,"_monsterinsights_sitenote_active":false,"_monsterinsights_sitenote_note":"","_monsterinsights_sitenote_category":0,"footnotes":""},"categories":[4,7515],"tags":[],"yoast_head":"<!-- This site is optimized with the Yoast SEO plugin v21.6 - https:\/\/yoast.com\/wordpress\/plugins\/seo\/ -->\n<title>Dan grada Prijedora: Na sve\u010danoj akademiji dodijeljene nagrade i priznanja - FOTO\/VIDEO - PrijedorDanas.com - Prijedorski gradski portal<\/title>\n<meta name=\"robots\" content=\"index, follow, max-snippet:-1, max-image-preview:large, max-video-preview:-1\" \/>\n<link rel=\"canonical\" href=\"https:\/\/www.prijedordanas.com\/?p=226007\" \/>\n<meta property=\"og:locale\" content=\"en_US\" \/>\n<meta property=\"og:type\" content=\"article\" \/>\n<meta property=\"og:title\" content=\"Dan grada Prijedora: Na sve\u010danoj akademiji dodijeljene nagrade i priznanja - FOTO\/VIDEO - PrijedorDanas.com - Prijedorski gradski portal\" \/>\n<meta property=\"og:description\" content=\"Nizom sve\u010danosti grad Prijedor ve\u0107 nekoliko dana obilje\u017eava Dan grada 16. maj, a danas je odr\u017eana centralna sve\u010danost &#8211; sve\u010dana akademija i uru\u010divanje nagrada zaslu\u017enim pojedincima i kolektivima. Gradona\u010delnik Prijedora [&hellip;]\" \/>\n<meta property=\"og:url\" content=\"https:\/\/www.prijedordanas.com\/?p=226007\" \/>\n<meta property=\"og:site_name\" content=\"PrijedorDanas.com - Prijedorski gradski portal\" \/>\n<meta property=\"article:publisher\" content=\"https:\/\/www.facebook.com\/PrijedorDanasCom\/\" \/>\n<meta property=\"article:published_time\" content=\"2024-05-16T17:50:53+00:00\" \/>\n<meta property=\"og:image\" content=\"https:\/\/www.prijedordanas.com\/wp-content\/uploads\/2024\/05\/dan-grada-2024-akademija-1-300x225.jpg\" \/>\n<meta name=\"author\" content=\"admin\" \/>\n<meta name=\"twitter:card\" content=\"summary_large_image\" \/>\n<meta name=\"twitter:label1\" content=\"Written by\" \/>\n\t<meta name=\"twitter:data1\" content=\"admin\" \/>\n\t<meta name=\"twitter:label2\" content=\"Est. reading time\" \/>\n\t<meta name=\"twitter:data2\" content=\"6 minutes\" \/>\n<script type=\"application\/ld+json\" class=\"yoast-schema-graph\">{\"@context\":\"https:\/\/schema.org\",\"@graph\":[{\"@type\":\"Article\",\"@id\":\"https:\/\/www.prijedordanas.com\/?p=226007#article\",\"isPartOf\":{\"@id\":\"https:\/\/www.prijedordanas.com\/?p=226007\"},\"author\":{\"name\":\"admin\",\"@id\":\"https:\/\/www.prijedordanas.com\/#\/schema\/person\/4e08ccf29b506ca916ff86d46bb700e6\"},\"headline\":\"Dan grada Prijedora: Na sve\u010danoj akademiji dodijeljene nagrade i priznanja &#8211; FOTO\/VIDEO\",\"datePublished\":\"2024-05-16T17:50:53+00:00\",\"dateModified\":\"2024-05-16T17:50:53+00:00\",\"mainEntityOfPage\":{\"@id\":\"https:\/\/www.prijedordanas.com\/?p=226007\"},\"wordCount\":727,\"publisher\":{\"@id\":\"https:\/\/www.prijedordanas.com\/#organization\"},\"articleSection\":[\"Dru\u0161tvo\",\"Foto dana\"],\"inLanguage\":\"en-US\"},{\"@type\":\"WebPage\",\"@id\":\"https:\/\/www.prijedordanas.com\/?p=226007\",\"url\":\"https:\/\/www.prijedordanas.com\/?p=226007\",\"name\":\"Dan grada Prijedora: Na sve\u010danoj akademiji dodijeljene nagrade i priznanja - FOTO\/VIDEO - PrijedorDanas.com - Prijedorski gradski portal\",\"isPartOf\":{\"@id\":\"https:\/\/www.prijedordanas.com\/#website\"},\"datePublished\":\"2024-05-16T17:50:53+00:00\",\"dateModified\":\"2024-05-16T17:50:53+00:00\",\"breadcrumb\":{\"@id\":\"https:\/\/www.prijedordanas.com\/?p=226007#breadcrumb\"},\"inLanguage\":\"en-US\",\"potentialAction\":[{\"@type\":\"ReadAction\",\"target\":[\"https:\/\/www.prijedordanas.com\/?p=226007\"]}]},{\"@type\":\"BreadcrumbList\",\"@id\":\"https:\/\/www.prijedordanas.com\/?p=226007#breadcrumb\",\"itemListElement\":[{\"@type\":\"ListItem\",\"position\":1,\"name\":\"Home\",\"item\":\"https:\/\/www.prijedordanas.com\/\"},{\"@type\":\"ListItem\",\"position\":2,\"name\":\"Dan grada Prijedora: Na sve\u010danoj akademiji dodijeljene nagrade i priznanja &#8211; FOTO\/VIDEO\"}]},{\"@type\":\"WebSite\",\"@id\":\"https:\/\/www.prijedordanas.com\/#website\",\"url\":\"https:\/\/www.prijedordanas.com\/\",\"name\":\"PrijedorDanas.com - Prijedorski gradski portal\",\"description\":\"Portal o doga\u0111anjima u gradu Prijedoru\",\"publisher\":{\"@id\":\"https:\/\/www.prijedordanas.com\/#organization\"},\"potentialAction\":[{\"@type\":\"SearchAction\",\"target\":{\"@type\":\"EntryPoint\",\"urlTemplate\":\"https:\/\/www.prijedordanas.com\/?s={search_term_string}\"},\"query-input\":\"required name=search_term_string\"}],\"inLanguage\":\"en-US\"},{\"@type\":\"Organization\",\"@id\":\"https:\/\/www.prijedordanas.com\/#organization\",\"name\":\"PrijedorDanas.com\",\"url\":\"https:\/\/www.prijedordanas.com\/\",\"logo\":{\"@type\":\"ImageObject\",\"inLanguage\":\"en-US\",\"@id\":\"https:\/\/www.prijedordanas.com\/#\/schema\/logo\/image\/\",\"url\":\"http:\/\/www.prijedordanas.com\/wp-content\/uploads\/2021\/12\/logopng.png\",\"contentUrl\":\"http:\/\/www.prijedordanas.com\/wp-content\/uploads\/2021\/12\/logopng.png\",\"width\":1019,\"height\":776,\"caption\":\"PrijedorDanas.com\"},\"image\":{\"@id\":\"https:\/\/www.prijedordanas.com\/#\/schema\/logo\/image\/\"},\"sameAs\":[\"https:\/\/www.facebook.com\/PrijedorDanasCom\/\"]},{\"@type\":\"Person\",\"@id\":\"https:\/\/www.prijedordanas.com\/#\/schema\/person\/4e08ccf29b506ca916ff86d46bb700e6\",\"name\":\"admin\",\"image\":{\"@type\":\"ImageObject\",\"inLanguage\":\"en-US\",\"@id\":\"https:\/\/www.prijedordanas.com\/#\/schema\/person\/image\/\",\"url\":\"https:\/\/secure.gravatar.com\/avatar\/1d3fc949d550f0b53a5f0d51e06dfd79?s=96&d=mm&r=g\",\"contentUrl\":\"https:\/\/secure.gravatar.com\/avatar\/1d3fc949d550f0b53a5f0d51e06dfd79?s=96&d=mm&r=g\",\"caption\":\"admin\"},\"url\":\"https:\/\/www.prijedordanas.com\/?author=1\"}]}<\/script>\n<!-- \/ Yoast SEO plugin. -->","yoast_head_json":{"title":"Dan grada Prijedora: Na sve\u010danoj akademiji dodijeljene nagrade i priznanja - FOTO\/VIDEO - PrijedorDanas.com - Prijedorski gradski portal","robots":{"index":"index","follow":"follow","max-snippet":"max-snippet:-1","max-image-preview":"max-image-preview:large","max-video-preview":"max-video-preview:-1"},"canonical":"https:\/\/www.prijedordanas.com\/?p=226007","og_locale":"en_US","og_type":"article","og_title":"Dan grada Prijedora: Na sve\u010danoj akademiji dodijeljene nagrade i priznanja - FOTO\/VIDEO - PrijedorDanas.com - Prijedorski gradski portal","og_description":"Nizom sve\u010danosti grad Prijedor ve\u0107 nekoliko dana obilje\u017eava Dan grada 16. maj, a danas je odr\u017eana centralna sve\u010danost &#8211; sve\u010dana akademija i uru\u010divanje nagrada zaslu\u017enim pojedincima i kolektivima. Gradona\u010delnik Prijedora [&hellip;]","og_url":"https:\/\/www.prijedordanas.com\/?p=226007","og_site_name":"PrijedorDanas.com - Prijedorski gradski portal","article_publisher":"https:\/\/www.facebook.com\/PrijedorDanasCom\/","article_published_time":"2024-05-16T17:50:53+00:00","og_image":[{"url":"https:\/\/www.prijedordanas.com\/wp-content\/uploads\/2024\/05\/dan-grada-2024-akademija-1-300x225.jpg"}],"author":"admin","twitter_card":"summary_large_image","twitter_misc":{"Written by":"admin","Est. reading time":"6 minutes"},"schema":{"@context":"https:\/\/schema.org","@graph":[{"@type":"Article","@id":"https:\/\/www.prijedordanas.com\/?p=226007#article","isPartOf":{"@id":"https:\/\/www.prijedordanas.com\/?p=226007"},"author":{"name":"admin","@id":"https:\/\/www.prijedordanas.com\/#\/schema\/person\/4e08ccf29b506ca916ff86d46bb700e6"},"headline":"Dan grada Prijedora: Na sve\u010danoj akademiji dodijeljene nagrade i priznanja &#8211; FOTO\/VIDEO","datePublished":"2024-05-16T17:50:53+00:00","dateModified":"2024-05-16T17:50:53+00:00","mainEntityOfPage":{"@id":"https:\/\/www.prijedordanas.com\/?p=226007"},"wordCount":727,"publisher":{"@id":"https:\/\/www.prijedordanas.com\/#organization"},"articleSection":["Dru\u0161tvo","Foto dana"],"inLanguage":"en-US"},{"@type":"WebPage","@id":"https:\/\/www.prijedordanas.com\/?p=226007","url":"https:\/\/www.prijedordanas.com\/?p=226007","name":"Dan grada Prijedora: Na sve\u010danoj akademiji dodijeljene nagrade i priznanja - FOTO\/VIDEO - PrijedorDanas.com - Prijedorski gradski portal","isPartOf":{"@id":"https:\/\/www.prijedordanas.com\/#website"},"datePublished":"2024-05-16T17:50:53+00:00","dateModified":"2024-05-16T17:50:53+00:00","breadcrumb":{"@id":"https:\/\/www.prijedordanas.com\/?p=226007#breadcrumb"},"inLanguage":"en-US","potentialAction":[{"@type":"ReadAction","target":["https:\/\/www.prijedordanas.com\/?p=226007"]}]},{"@type":"BreadcrumbList","@id":"https:\/\/www.prijedordanas.com\/?p=226007#breadcrumb","itemListElement":[{"@type":"ListItem","position":1,"name":"Home","item":"https:\/\/www.prijedordanas.com\/"},{"@type":"ListItem","position":2,"name":"Dan grada Prijedora: Na sve\u010danoj akademiji dodijeljene nagrade i priznanja &#8211; FOTO\/VIDEO"}]},{"@type":"WebSite","@id":"https:\/\/www.prijedordanas.com\/#website","url":"https:\/\/www.prijedordanas.com\/","name":"PrijedorDanas.com - Prijedorski gradski portal","description":"Portal o doga\u0111anjima u gradu Prijedoru","publisher":{"@id":"https:\/\/www.prijedordanas.com\/#organization"},"potentialAction":[{"@type":"SearchAction","target":{"@type":"EntryPoint","urlTemplate":"https:\/\/www.prijedordanas.com\/?s={search_term_string}"},"query-input":"required name=search_term_string"}],"inLanguage":"en-US"},{"@type":"Organization","@id":"https:\/\/www.prijedordanas.com\/#organization","name":"PrijedorDanas.com","url":"https:\/\/www.prijedordanas.com\/","logo":{"@type":"ImageObject","inLanguage":"en-US","@id":"https:\/\/www.prijedordanas.com\/#\/schema\/logo\/image\/","url":"http:\/\/www.prijedordanas.com\/wp-content\/uploads\/2021\/12\/logopng.png","contentUrl":"http:\/\/www.prijedordanas.com\/wp-content\/uploads\/2021\/12\/logopng.png","width":1019,"height":776,"caption":"PrijedorDanas.com"},"image":{"@id":"https:\/\/www.prijedordanas.com\/#\/schema\/logo\/image\/"},"sameAs":["https:\/\/www.facebook.com\/PrijedorDanasCom\/"]},{"@type":"Person","@id":"https:\/\/www.prijedordanas.com\/#\/schema\/person\/4e08ccf29b506ca916ff86d46bb700e6","name":"admin","image":{"@type":"ImageObject","inLanguage":"en-US","@id":"https:\/\/www.prijedordanas.com\/#\/schema\/person\/image\/","url":"https:\/\/secure.gravatar.com\/avatar\/1d3fc949d550f0b53a5f0d51e06dfd79?s=96&d=mm&r=g","contentUrl":"https:\/\/secure.gravatar.com\/avatar\/1d3fc949d550f0b53a5f0d51e06dfd79?s=96&d=mm&r=g","caption":"admin"},"url":"https:\/\/www.prijedordanas.com\/?author=1"}]}},"_links":{"self":[{"href":"https:\/\/www.prijedordanas.com\/index.php?rest_route=\/wp\/v2\/posts\/226007"}],"collection":[{"href":"https:\/\/www.prijedordanas.com\/index.php?rest_route=\/wp\/v2\/posts"}],"about":[{"href":"https:\/\/www.prijedordanas.com\/index.php?rest_route=\/wp\/v2\/types\/post"}],"author":[{"embeddable":true,"href":"https:\/\/www.prijedordanas.com\/index.php?rest_route=\/wp\/v2\/users\/1"}],"replies":[{"embeddable":true,"href":"https:\/\/www.prijedordanas.com\/index.php?rest_route=%2Fwp%2Fv2%2Fcomments&post=226007"}],"version-history":[{"count":1,"href":"https:\/\/www.prijedordanas.com\/index.php?rest_route=\/wp\/v2\/posts\/226007\/revisions"}],"predecessor-version":[{"id":226022,"href":"https:\/\/www.prijedordanas.com\/index.php?rest_route=\/wp\/v2\/posts\/226007\/revisions\/226022"}],"wp:attachment":[{"href":"https:\/\/www.prijedordanas.com\/index.php?rest_route=%2Fwp%2Fv2%2Fmedia&parent=226007"}],"wp:term":[{"taxonomy":"category","embeddable":true,"href":"https:\/\/www.prijedordanas.com\/index.php?rest_route=%2Fwp%2Fv2%2Fcategories&post=226007"},{"taxonomy":"post_tag","embeddable":true,"href":"https:\/\/www.prijedordanas.com\/index.php?rest_route=%2Fwp%2Fv2%2Ftags&post=226007"}],"curies":[{"name":"wp","href":"https:\/\/api.w.org\/{rel}","templated":true}]}}