{"id":22592,"date":"2015-05-17T18:10:44","date_gmt":"2015-05-17T17:10:44","guid":{"rendered":"https:\/\/www.prijedordanas.com\/?p=22592"},"modified":"2015-05-17T18:20:31","modified_gmt":"2015-05-17T17:20:31","slug":"mercedes-udario-u-drvo-i-potpuno-izgorio-prijedorcanka-lakse-povrijedena-foto","status":"publish","type":"post","link":"https:\/\/www.prijedordanas.com\/?p=22592","title":{"rendered":"MERCEDES UDARIO U DRVO I POTPUNO IZGORIO-PRIJEDOR\u010cANKA LAK\u0160E POVRIJE\u0110ENA &#8211; FOTO"},"content":{"rendered":"<p><a href=\"https:\/\/www.prijedordanas.com\/wp-content\/uploads\/2015\/05\/vatrogasci-prijedor-izgorio-mercedes-1.jpg\"><img loading=\"lazy\" decoding=\"async\" class=\"alignleft size-medium wp-image-22593\" src=\"https:\/\/www.prijedordanas.com\/wp-content\/uploads\/2015\/05\/vatrogasci-prijedor-izgorio-mercedes-1-300x225.jpg\" alt=\"vatrogasci prijedor-izgorio mercedes (1)\" width=\"300\" height=\"225\" srcset=\"https:\/\/www.prijedordanas.com\/wp-content\/uploads\/2015\/05\/vatrogasci-prijedor-izgorio-mercedes-1-300x225.jpg 300w, https:\/\/www.prijedordanas.com\/wp-content\/uploads\/2015\/05\/vatrogasci-prijedor-izgorio-mercedes-1.jpg 600w\" sizes=\"(max-width: 300px) 100vw, 300px\" \/><\/a>Tanja M., mje\u0161tanka Peji\u0107a kod Prijedora, zadobila je lak\u0161e tjelesne povrede u saobra\u0107ajnoj nesre\u0107i nakon \u0161to je danas oko 14 sati, pod jo\u0161 nerazja\u0161njenim okolonostima mercedes karavanom kojim je upravljala sletila s lokalnog puta u ovom naselju i udarila u drvo.<\/p>\n<p>Povrije\u0111enu, koja je bila sama u autu, do bolnice je, kako nezvani\u010dno saznajemo prevezao otac, odmah nakon \u0161to su je iz mercedesa koji se nakon silovitog udara zapalio izvukli mje\u0161tani Peji\u0107a.<\/p>\n<p>Ona na svu sre\u0107u nema opekotina, ni preloma, a u nesre\u0107i joj je rasje\u010dena usna. Ipak zbog pra\u0107enja op\u0161teg stanja zadr\u017eana je na odjelu hirurgije op\u0161te bolnice u Prijedoru, najvjerovatnije do sutra, nakon \u010dega ide ku\u0107i.<\/p>\n<p>Na mjesto nesre\u0107e ubrzo su uz policiju stigli i vatrogasci TVJ Prijedor. Me\u0111utim mogli su samo ugasiti ono \u0161to je ostalo od auta starog 12 godina.<\/p>\n<p>\u0160teta na mercedesu je totalna i prema procjeni vatrogasaca iznosi oko 15.000 maraka.<\/p>\n<p>Uvi\u0111aj o nesre\u0107i obavila je PS za bezbjednost saobra\u0107aja iz Prijedora.<\/p>\n<p>Tekst &#8211; Dnevni avaz<br \/>\nFoto \u2013 Vatrogasci Prijedor<\/p>\n<p><a href=\"https:\/\/www.prijedordanas.com\/wp-content\/uploads\/2015\/05\/vatrogasci-prijedor-izgorio-mercedes-2.jpg\"><img loading=\"lazy\" decoding=\"async\" class=\"alignleft size-medium wp-image-22594\" src=\"https:\/\/www.prijedordanas.com\/wp-content\/uploads\/2015\/05\/vatrogasci-prijedor-izgorio-mercedes-2-300x225.jpg\" alt=\"vatrogasci prijedor-izgorio mercedes (2)\" width=\"300\" height=\"225\" srcset=\"https:\/\/www.prijedordanas.com\/wp-content\/uploads\/2015\/05\/vatrogasci-prijedor-izgorio-mercedes-2-300x225.jpg 300w, https:\/\/www.prijedordanas.com\/wp-content\/uploads\/2015\/05\/vatrogasci-prijedor-izgorio-mercedes-2.jpg 600w\" sizes=\"(max-width: 300px) 100vw, 300px\" \/><\/a> <a href=\"https:\/\/www.prijedordanas.com\/wp-content\/uploads\/2015\/05\/vatrogasci-prijedor-izgorio-mercedes-3.jpg\"><img loading=\"lazy\" decoding=\"async\" class=\"alignleft size-medium wp-image-22595\" src=\"https:\/\/www.prijedordanas.com\/wp-content\/uploads\/2015\/05\/vatrogasci-prijedor-izgorio-mercedes-3-300x225.jpg\" alt=\"vatrogasci prijedor-izgorio mercedes (3)\" width=\"300\" height=\"225\" srcset=\"https:\/\/www.prijedordanas.com\/wp-content\/uploads\/2015\/05\/vatrogasci-prijedor-izgorio-mercedes-3-300x225.jpg 300w, https:\/\/www.prijedordanas.com\/wp-content\/uploads\/2015\/05\/vatrogasci-prijedor-izgorio-mercedes-3.jpg 600w\" sizes=\"(max-width: 300px) 100vw, 300px\" \/><\/a> <a href=\"https:\/\/www.prijedordanas.com\/wp-content\/uploads\/2015\/05\/vatrogasci-prijedor-izgorio-mercedes-4.jpg\"><img loading=\"lazy\" decoding=\"async\" class=\"alignleft size-medium wp-image-22596\" src=\"https:\/\/www.prijedordanas.com\/wp-content\/uploads\/2015\/05\/vatrogasci-prijedor-izgorio-mercedes-4-300x225.jpg\" alt=\"vatrogasci prijedor-izgorio mercedes (4)\" width=\"300\" height=\"225\" srcset=\"https:\/\/www.prijedordanas.com\/wp-content\/uploads\/2015\/05\/vatrogasci-prijedor-izgorio-mercedes-4-300x225.jpg 300w, https:\/\/www.prijedordanas.com\/wp-content\/uploads\/2015\/05\/vatrogasci-prijedor-izgorio-mercedes-4.jpg 600w\" sizes=\"(max-width: 300px) 100vw, 300px\" \/><\/a> <a href=\"https:\/\/www.prijedordanas.com\/wp-content\/uploads\/2015\/05\/vatrogasci-prijedor-izgorio-mercedes-5.jpg\"><img loading=\"lazy\" decoding=\"async\" class=\"alignleft size-medium wp-image-22597\" src=\"https:\/\/www.prijedordanas.com\/wp-content\/uploads\/2015\/05\/vatrogasci-prijedor-izgorio-mercedes-5-300x225.jpg\" alt=\"vatrogasci prijedor-izgorio mercedes (5)\" width=\"300\" height=\"225\" srcset=\"https:\/\/www.prijedordanas.com\/wp-content\/uploads\/2015\/05\/vatrogasci-prijedor-izgorio-mercedes-5-300x225.jpg 300w, https:\/\/www.prijedordanas.com\/wp-content\/uploads\/2015\/05\/vatrogasci-prijedor-izgorio-mercedes-5.jpg 600w\" sizes=\"(max-width: 300px) 100vw, 300px\" \/><\/a> <a href=\"https:\/\/www.prijedordanas.com\/wp-content\/uploads\/2015\/05\/vatrogasci-prijedor-izgorio-mercedes-6.jpg\"><img loading=\"lazy\" decoding=\"async\" class=\"alignleft size-medium wp-image-22598\" src=\"https:\/\/www.prijedordanas.com\/wp-content\/uploads\/2015\/05\/vatrogasci-prijedor-izgorio-mercedes-6-300x225.jpg\" alt=\"vatrogasci prijedor-izgorio mercedes (6)\" width=\"300\" height=\"225\" srcset=\"https:\/\/www.prijedordanas.com\/wp-content\/uploads\/2015\/05\/vatrogasci-prijedor-izgorio-mercedes-6-300x225.jpg 300w, https:\/\/www.prijedordanas.com\/wp-content\/uploads\/2015\/05\/vatrogasci-prijedor-izgorio-mercedes-6.jpg 600w\" sizes=\"(max-width: 300px) 100vw, 300px\" \/><\/a> <a href=\"https:\/\/www.prijedordanas.com\/wp-content\/uploads\/2015\/05\/vatrogasci-prijedor-izgorio-mercedes-7.jpg\"><img loading=\"lazy\" decoding=\"async\" class=\"alignleft size-medium wp-image-22599\" src=\"https:\/\/www.prijedordanas.com\/wp-content\/uploads\/2015\/05\/vatrogasci-prijedor-izgorio-mercedes-7-300x225.jpg\" alt=\"vatrogasci prijedor-izgorio mercedes (7)\" width=\"300\" height=\"225\" srcset=\"https:\/\/www.prijedordanas.com\/wp-content\/uploads\/2015\/05\/vatrogasci-prijedor-izgorio-mercedes-7-300x225.jpg 300w, https:\/\/www.prijedordanas.com\/wp-content\/uploads\/2015\/05\/vatrogasci-prijedor-izgorio-mercedes-7.jpg 600w\" sizes=\"(max-width: 300px) 100vw, 300px\" \/><\/a> <a href=\"https:\/\/www.prijedordanas.com\/wp-content\/uploads\/2015\/05\/vatrogasci-prijedor-izgorio-mercedes-8.jpg\"><img loading=\"lazy\" decoding=\"async\" class=\"alignleft size-medium wp-image-22600\" src=\"https:\/\/www.prijedordanas.com\/wp-content\/uploads\/2015\/05\/vatrogasci-prijedor-izgorio-mercedes-8-300x225.jpg\" alt=\"vatrogasci prijedor-izgorio mercedes (8)\" width=\"300\" height=\"225\" srcset=\"https:\/\/www.prijedordanas.com\/wp-content\/uploads\/2015\/05\/vatrogasci-prijedor-izgorio-mercedes-8-300x225.jpg 300w, https:\/\/www.prijedordanas.com\/wp-content\/uploads\/2015\/05\/vatrogasci-prijedor-izgorio-mercedes-8.jpg 600w\" sizes=\"(max-width: 300px) 100vw, 300px\" \/><\/a> <a href=\"https:\/\/www.prijedordanas.com\/wp-content\/uploads\/2015\/05\/vatrogasci-prijedor-izgorio-mercedes-9.jpg\"><img loading=\"lazy\" decoding=\"async\" class=\"alignleft size-medium wp-image-22601\" src=\"https:\/\/www.prijedordanas.com\/wp-content\/uploads\/2015\/05\/vatrogasci-prijedor-izgorio-mercedes-9-300x225.jpg\" alt=\"vatrogasci prijedor-izgorio mercedes (9)\" width=\"300\" height=\"225\" srcset=\"https:\/\/www.prijedordanas.com\/wp-content\/uploads\/2015\/05\/vatrogasci-prijedor-izgorio-mercedes-9-300x225.jpg 300w, https:\/\/www.prijedordanas.com\/wp-content\/uploads\/2015\/05\/vatrogasci-prijedor-izgorio-mercedes-9.jpg 600w\" sizes=\"(max-width: 300px) 100vw, 300px\" \/><\/a> <a href=\"https:\/\/www.prijedordanas.com\/wp-content\/uploads\/2015\/05\/vatrogasci-prijedor-izgorio-mercedes-10.jpg\"><img loading=\"lazy\" decoding=\"async\" class=\"alignleft size-medium wp-image-22602\" src=\"https:\/\/www.prijedordanas.com\/wp-content\/uploads\/2015\/05\/vatrogasci-prijedor-izgorio-mercedes-10-300x225.jpg\" alt=\"vatrogasci prijedor-izgorio mercedes (10)\" width=\"300\" height=\"225\" srcset=\"https:\/\/www.prijedordanas.com\/wp-content\/uploads\/2015\/05\/vatrogasci-prijedor-izgorio-mercedes-10-300x225.jpg 300w, https:\/\/www.prijedordanas.com\/wp-content\/uploads\/2015\/05\/vatrogasci-prijedor-izgorio-mercedes-10.jpg 600w\" sizes=\"(max-width: 300px) 100vw, 300px\" \/><\/a><\/p>\n","protected":false},"excerpt":{"rendered":"<p>Tanja M., mje\u0161tanka Peji\u0107a kod Prijedora, zadobila je lak\u0161e tjelesne povrede u saobra\u0107ajnoj nesre\u0107i nakon \u0161to je danas oko 14 sati, pod jo\u0161 nerazja\u0161njenim okolonostima mercedes karavanom kojim je upravljala [&hellip;]<\/p>\n","protected":false},"author":1,"featured_media":0,"comment_status":"closed","ping_status":"open","sticky":false,"template":"","format":"standard","meta":{"_monsterinsights_skip_tracking":false,"_monsterinsights_sitenote_active":false,"_monsterinsights_sitenote_note":"","_monsterinsights_sitenote_category":0,"footnotes":""},"categories":[5],"tags":[3565,1760,188,255,258],"yoast_head":"<!-- This site is optimized with the Yoast SEO plugin v21.6 - https:\/\/yoast.com\/wordpress\/plugins\/seo\/ -->\n<title>MERCEDES UDARIO U DRVO I POTPUNO IZGORIO-PRIJEDOR\u010cANKA LAK\u0160E POVRIJE\u0110ENA - FOTO - PrijedorDanas.com - Prijedorski gradski portal<\/title>\n<meta name=\"robots\" content=\"index, follow, max-snippet:-1, max-image-preview:large, max-video-preview:-1\" \/>\n<link rel=\"canonical\" href=\"https:\/\/www.prijedordanas.com\/?p=22592\" \/>\n<meta property=\"og:locale\" content=\"en_US\" \/>\n<meta property=\"og:type\" content=\"article\" \/>\n<meta property=\"og:title\" content=\"MERCEDES UDARIO U DRVO I POTPUNO IZGORIO-PRIJEDOR\u010cANKA LAK\u0160E POVRIJE\u0110ENA - FOTO - PrijedorDanas.com - Prijedorski gradski portal\" \/>\n<meta property=\"og:description\" content=\"Tanja M., mje\u0161tanka Peji\u0107a kod Prijedora, zadobila je lak\u0161e tjelesne povrede u saobra\u0107ajnoj nesre\u0107i nakon \u0161to je danas oko 14 sati, pod jo\u0161 nerazja\u0161njenim okolonostima mercedes karavanom kojim je upravljala [&hellip;]\" \/>\n<meta property=\"og:url\" content=\"https:\/\/www.prijedordanas.com\/?p=22592\" \/>\n<meta property=\"og:site_name\" content=\"PrijedorDanas.com - Prijedorski gradski portal\" \/>\n<meta property=\"article:publisher\" content=\"https:\/\/www.facebook.com\/PrijedorDanasCom\/\" \/>\n<meta property=\"article:published_time\" content=\"2015-05-17T17:10:44+00:00\" \/>\n<meta property=\"article:modified_time\" content=\"2015-05-17T17:20:31+00:00\" \/>\n<meta property=\"og:image\" content=\"https:\/\/www.prijedordanas.com\/wp-content\/uploads\/2015\/05\/vatrogasci-prijedor-izgorio-mercedes-1-300x225.jpg\" \/>\n<meta name=\"author\" content=\"admin\" \/>\n<meta name=\"twitter:card\" content=\"summary_large_image\" \/>\n<meta name=\"twitter:label1\" content=\"Written by\" \/>\n\t<meta name=\"twitter:data1\" content=\"admin\" \/>\n\t<meta name=\"twitter:label2\" content=\"Est. reading time\" \/>\n\t<meta name=\"twitter:data2\" content=\"1 minute\" \/>\n<script type=\"application\/ld+json\" class=\"yoast-schema-graph\">{\"@context\":\"https:\/\/schema.org\",\"@graph\":[{\"@type\":\"Article\",\"@id\":\"https:\/\/www.prijedordanas.com\/?p=22592#article\",\"isPartOf\":{\"@id\":\"https:\/\/www.prijedordanas.com\/?p=22592\"},\"author\":{\"name\":\"admin\",\"@id\":\"https:\/\/www.prijedordanas.com\/#\/schema\/person\/4e08ccf29b506ca916ff86d46bb700e6\"},\"headline\":\"MERCEDES UDARIO U DRVO I POTPUNO IZGORIO-PRIJEDOR\u010cANKA LAK\u0160E POVRIJE\u0110ENA &#8211; FOTO\",\"datePublished\":\"2015-05-17T17:10:44+00:00\",\"dateModified\":\"2015-05-17T17:20:31+00:00\",\"mainEntityOfPage\":{\"@id\":\"https:\/\/www.prijedordanas.com\/?p=22592\"},\"wordCount\":199,\"publisher\":{\"@id\":\"https:\/\/www.prijedordanas.com\/#organization\"},\"keywords\":[\"merecedes\",\"Peji\u0107i\",\"po\u017ear\",\"TVJ Prijedor\",\"vatrogasci\"],\"articleSection\":[\"Hronika\"],\"inLanguage\":\"en-US\"},{\"@type\":\"WebPage\",\"@id\":\"https:\/\/www.prijedordanas.com\/?p=22592\",\"url\":\"https:\/\/www.prijedordanas.com\/?p=22592\",\"name\":\"MERCEDES UDARIO U DRVO I POTPUNO IZGORIO-PRIJEDOR\u010cANKA LAK\u0160E POVRIJE\u0110ENA - FOTO - PrijedorDanas.com - Prijedorski gradski portal\",\"isPartOf\":{\"@id\":\"https:\/\/www.prijedordanas.com\/#website\"},\"datePublished\":\"2015-05-17T17:10:44+00:00\",\"dateModified\":\"2015-05-17T17:20:31+00:00\",\"breadcrumb\":{\"@id\":\"https:\/\/www.prijedordanas.com\/?p=22592#breadcrumb\"},\"inLanguage\":\"en-US\",\"potentialAction\":[{\"@type\":\"ReadAction\",\"target\":[\"https:\/\/www.prijedordanas.com\/?p=22592\"]}]},{\"@type\":\"BreadcrumbList\",\"@id\":\"https:\/\/www.prijedordanas.com\/?p=22592#breadcrumb\",\"itemListElement\":[{\"@type\":\"ListItem\",\"position\":1,\"name\":\"Home\",\"item\":\"https:\/\/www.prijedordanas.com\/\"},{\"@type\":\"ListItem\",\"position\":2,\"name\":\"MERCEDES UDARIO U DRVO I POTPUNO IZGORIO-PRIJEDOR\u010cANKA LAK\u0160E POVRIJE\u0110ENA &#8211; FOTO\"}]},{\"@type\":\"WebSite\",\"@id\":\"https:\/\/www.prijedordanas.com\/#website\",\"url\":\"https:\/\/www.prijedordanas.com\/\",\"name\":\"PrijedorDanas.com - Prijedorski gradski portal\",\"description\":\"Portal o doga\u0111anjima u gradu Prijedoru\",\"publisher\":{\"@id\":\"https:\/\/www.prijedordanas.com\/#organization\"},\"potentialAction\":[{\"@type\":\"SearchAction\",\"target\":{\"@type\":\"EntryPoint\",\"urlTemplate\":\"https:\/\/www.prijedordanas.com\/?s={search_term_string}\"},\"query-input\":\"required name=search_term_string\"}],\"inLanguage\":\"en-US\"},{\"@type\":\"Organization\",\"@id\":\"https:\/\/www.prijedordanas.com\/#organization\",\"name\":\"PrijedorDanas.com\",\"url\":\"https:\/\/www.prijedordanas.com\/\",\"logo\":{\"@type\":\"ImageObject\",\"inLanguage\":\"en-US\",\"@id\":\"https:\/\/www.prijedordanas.com\/#\/schema\/logo\/image\/\",\"url\":\"http:\/\/www.prijedordanas.com\/wp-content\/uploads\/2021\/12\/logopng.png\",\"contentUrl\":\"http:\/\/www.prijedordanas.com\/wp-content\/uploads\/2021\/12\/logopng.png\",\"width\":1019,\"height\":776,\"caption\":\"PrijedorDanas.com\"},\"image\":{\"@id\":\"https:\/\/www.prijedordanas.com\/#\/schema\/logo\/image\/\"},\"sameAs\":[\"https:\/\/www.facebook.com\/PrijedorDanasCom\/\"]},{\"@type\":\"Person\",\"@id\":\"https:\/\/www.prijedordanas.com\/#\/schema\/person\/4e08ccf29b506ca916ff86d46bb700e6\",\"name\":\"admin\",\"image\":{\"@type\":\"ImageObject\",\"inLanguage\":\"en-US\",\"@id\":\"https:\/\/www.prijedordanas.com\/#\/schema\/person\/image\/\",\"url\":\"https:\/\/secure.gravatar.com\/avatar\/1d3fc949d550f0b53a5f0d51e06dfd79?s=96&d=mm&r=g\",\"contentUrl\":\"https:\/\/secure.gravatar.com\/avatar\/1d3fc949d550f0b53a5f0d51e06dfd79?s=96&d=mm&r=g\",\"caption\":\"admin\"},\"url\":\"https:\/\/www.prijedordanas.com\/?author=1\"}]}<\/script>\n<!-- \/ Yoast SEO plugin. -->","yoast_head_json":{"title":"MERCEDES UDARIO U DRVO I POTPUNO IZGORIO-PRIJEDOR\u010cANKA LAK\u0160E POVRIJE\u0110ENA - FOTO - PrijedorDanas.com - Prijedorski gradski portal","robots":{"index":"index","follow":"follow","max-snippet":"max-snippet:-1","max-image-preview":"max-image-preview:large","max-video-preview":"max-video-preview:-1"},"canonical":"https:\/\/www.prijedordanas.com\/?p=22592","og_locale":"en_US","og_type":"article","og_title":"MERCEDES UDARIO U DRVO I POTPUNO IZGORIO-PRIJEDOR\u010cANKA LAK\u0160E POVRIJE\u0110ENA - FOTO - PrijedorDanas.com - Prijedorski gradski portal","og_description":"Tanja M., mje\u0161tanka Peji\u0107a kod Prijedora, zadobila je lak\u0161e tjelesne povrede u saobra\u0107ajnoj nesre\u0107i nakon \u0161to je danas oko 14 sati, pod jo\u0161 nerazja\u0161njenim okolonostima mercedes karavanom kojim je upravljala [&hellip;]","og_url":"https:\/\/www.prijedordanas.com\/?p=22592","og_site_name":"PrijedorDanas.com - Prijedorski gradski portal","article_publisher":"https:\/\/www.facebook.com\/PrijedorDanasCom\/","article_published_time":"2015-05-17T17:10:44+00:00","article_modified_time":"2015-05-17T17:20:31+00:00","og_image":[{"url":"https:\/\/www.prijedordanas.com\/wp-content\/uploads\/2015\/05\/vatrogasci-prijedor-izgorio-mercedes-1-300x225.jpg"}],"author":"admin","twitter_card":"summary_large_image","twitter_misc":{"Written by":"admin","Est. reading time":"1 minute"},"schema":{"@context":"https:\/\/schema.org","@graph":[{"@type":"Article","@id":"https:\/\/www.prijedordanas.com\/?p=22592#article","isPartOf":{"@id":"https:\/\/www.prijedordanas.com\/?p=22592"},"author":{"name":"admin","@id":"https:\/\/www.prijedordanas.com\/#\/schema\/person\/4e08ccf29b506ca916ff86d46bb700e6"},"headline":"MERCEDES UDARIO U DRVO I POTPUNO IZGORIO-PRIJEDOR\u010cANKA LAK\u0160E POVRIJE\u0110ENA &#8211; FOTO","datePublished":"2015-05-17T17:10:44+00:00","dateModified":"2015-05-17T17:20:31+00:00","mainEntityOfPage":{"@id":"https:\/\/www.prijedordanas.com\/?p=22592"},"wordCount":199,"publisher":{"@id":"https:\/\/www.prijedordanas.com\/#organization"},"keywords":["merecedes","Peji\u0107i","po\u017ear","TVJ Prijedor","vatrogasci"],"articleSection":["Hronika"],"inLanguage":"en-US"},{"@type":"WebPage","@id":"https:\/\/www.prijedordanas.com\/?p=22592","url":"https:\/\/www.prijedordanas.com\/?p=22592","name":"MERCEDES UDARIO U DRVO I POTPUNO IZGORIO-PRIJEDOR\u010cANKA LAK\u0160E POVRIJE\u0110ENA - FOTO - PrijedorDanas.com - Prijedorski gradski portal","isPartOf":{"@id":"https:\/\/www.prijedordanas.com\/#website"},"datePublished":"2015-05-17T17:10:44+00:00","dateModified":"2015-05-17T17:20:31+00:00","breadcrumb":{"@id":"https:\/\/www.prijedordanas.com\/?p=22592#breadcrumb"},"inLanguage":"en-US","potentialAction":[{"@type":"ReadAction","target":["https:\/\/www.prijedordanas.com\/?p=22592"]}]},{"@type":"BreadcrumbList","@id":"https:\/\/www.prijedordanas.com\/?p=22592#breadcrumb","itemListElement":[{"@type":"ListItem","position":1,"name":"Home","item":"https:\/\/www.prijedordanas.com\/"},{"@type":"ListItem","position":2,"name":"MERCEDES UDARIO U DRVO I POTPUNO IZGORIO-PRIJEDOR\u010cANKA LAK\u0160E POVRIJE\u0110ENA &#8211; FOTO"}]},{"@type":"WebSite","@id":"https:\/\/www.prijedordanas.com\/#website","url":"https:\/\/www.prijedordanas.com\/","name":"PrijedorDanas.com - Prijedorski gradski portal","description":"Portal o doga\u0111anjima u gradu Prijedoru","publisher":{"@id":"https:\/\/www.prijedordanas.com\/#organization"},"potentialAction":[{"@type":"SearchAction","target":{"@type":"EntryPoint","urlTemplate":"https:\/\/www.prijedordanas.com\/?s={search_term_string}"},"query-input":"required name=search_term_string"}],"inLanguage":"en-US"},{"@type":"Organization","@id":"https:\/\/www.prijedordanas.com\/#organization","name":"PrijedorDanas.com","url":"https:\/\/www.prijedordanas.com\/","logo":{"@type":"ImageObject","inLanguage":"en-US","@id":"https:\/\/www.prijedordanas.com\/#\/schema\/logo\/image\/","url":"http:\/\/www.prijedordanas.com\/wp-content\/uploads\/2021\/12\/logopng.png","contentUrl":"http:\/\/www.prijedordanas.com\/wp-content\/uploads\/2021\/12\/logopng.png","width":1019,"height":776,"caption":"PrijedorDanas.com"},"image":{"@id":"https:\/\/www.prijedordanas.com\/#\/schema\/logo\/image\/"},"sameAs":["https:\/\/www.facebook.com\/PrijedorDanasCom\/"]},{"@type":"Person","@id":"https:\/\/www.prijedordanas.com\/#\/schema\/person\/4e08ccf29b506ca916ff86d46bb700e6","name":"admin","image":{"@type":"ImageObject","inLanguage":"en-US","@id":"https:\/\/www.prijedordanas.com\/#\/schema\/person\/image\/","url":"https:\/\/secure.gravatar.com\/avatar\/1d3fc949d550f0b53a5f0d51e06dfd79?s=96&d=mm&r=g","contentUrl":"https:\/\/secure.gravatar.com\/avatar\/1d3fc949d550f0b53a5f0d51e06dfd79?s=96&d=mm&r=g","caption":"admin"},"url":"https:\/\/www.prijedordanas.com\/?author=1"}]}},"_links":{"self":[{"href":"https:\/\/www.prijedordanas.com\/index.php?rest_route=\/wp\/v2\/posts\/22592"}],"collection":[{"href":"https:\/\/www.prijedordanas.com\/index.php?rest_route=\/wp\/v2\/posts"}],"about":[{"href":"https:\/\/www.prijedordanas.com\/index.php?rest_route=\/wp\/v2\/types\/post"}],"author":[{"embeddable":true,"href":"https:\/\/www.prijedordanas.com\/index.php?rest_route=\/wp\/v2\/users\/1"}],"replies":[{"embeddable":true,"href":"https:\/\/www.prijedordanas.com\/index.php?rest_route=%2Fwp%2Fv2%2Fcomments&post=22592"}],"version-history":[{"count":1,"href":"https:\/\/www.prijedordanas.com\/index.php?rest_route=\/wp\/v2\/posts\/22592\/revisions"}],"predecessor-version":[{"id":22603,"href":"https:\/\/www.prijedordanas.com\/index.php?rest_route=\/wp\/v2\/posts\/22592\/revisions\/22603"}],"wp:attachment":[{"href":"https:\/\/www.prijedordanas.com\/index.php?rest_route=%2Fwp%2Fv2%2Fmedia&parent=22592"}],"wp:term":[{"taxonomy":"category","embeddable":true,"href":"https:\/\/www.prijedordanas.com\/index.php?rest_route=%2Fwp%2Fv2%2Fcategories&post=22592"},{"taxonomy":"post_tag","embeddable":true,"href":"https:\/\/www.prijedordanas.com\/index.php?rest_route=%2Fwp%2Fv2%2Ftags&post=22592"}],"curies":[{"name":"wp","href":"https:\/\/api.w.org\/{rel}","templated":true}]}}