{"id":224848,"date":"2024-05-03T18:53:35","date_gmt":"2024-05-03T16:53:35","guid":{"rendered":"https:\/\/www.prijedordanas.com\/?p=224848"},"modified":"2024-05-03T18:53:35","modified_gmt":"2024-05-03T16:53:35","slug":"clanovi-prijedorske-anemone-posjetom-specijalnoj-bolnici-mljecanica-obiljezili-svjetski-dan-oboljelih-od-astme-foto","status":"publish","type":"post","link":"https:\/\/www.prijedordanas.com\/?p=224848","title":{"rendered":"\u010clanovi prijedorske &#8220;Anemone&#8221; posjetom Specijalnoj bolnici &#8220;Mlje\u010danica&#8221; obilje\u017eili Svjetski dan oboljelih od astme &#8211; FOTO"},"content":{"rendered":"<p><a href=\"https:\/\/www.prijedordanas.com\/wp-content\/uploads\/2024\/05\/anemona-posjeta-mljecanica-1.jpg\"><img loading=\"lazy\" decoding=\"async\" class=\"alignleft size-medium wp-image-224850\" src=\"https:\/\/www.prijedordanas.com\/wp-content\/uploads\/2024\/05\/anemona-posjeta-mljecanica-1-300x225.jpg\" alt=\"\" width=\"300\" height=\"225\" srcset=\"https:\/\/www.prijedordanas.com\/wp-content\/uploads\/2024\/05\/anemona-posjeta-mljecanica-1-300x225.jpg 300w, https:\/\/www.prijedordanas.com\/wp-content\/uploads\/2024\/05\/anemona-posjeta-mljecanica-1-640x480.jpg 640w, https:\/\/www.prijedordanas.com\/wp-content\/uploads\/2024\/05\/anemona-posjeta-mljecanica-1.jpg 667w\" sizes=\"(max-width: 300px) 100vw, 300px\" \/><\/a>Udru\u017eenje gra\u0111ana za pomo\u0107 oboljelim od astme i hroni\u010dno-opstruktivne plu\u0107ne bolesti \u201eAnemona\u201c Prijedor i ove godine je obilje\u017eilo Svjetski dan oboljelih od astme.<\/p>\n<p>Tim povodom \u010dlanovi ovog Udru\u017eenja obi\u0161li su danas Banju Mlje\u010danica.<\/p>\n<p>-Sa djecom i roditeljima \u010dlanova &#8220;Anemone&#8221; danas smo bili u posjeti Specijalnoj bolnici za fizikalnu medicinu i rehabilitaciju &#8220;Mlje\u010danica&#8221; kod Kozarske Dubice. Obi\u0161li smo hiperbari\u010dnu komoru sa \u010dijim funkcijama i dejstvom nas je upoznao na\u0161 doma\u0107in dr Mile \u010ceko. Kao i kod drugih bolesti, hiberbari\u010dna komora ima pozitivan u\u010dinak i na oboljele od astme. Preporuke za njeno preventivno kori\u0161tenje je savjet ovog eminentnog stru\u010dnjaka koji cemo svakako poslusati &#8211; rekla je Ilinka Macura, predsjednica &#8220;Anemone&#8221;.<\/p>\n<p><a href=\"https:\/\/www.prijedordanas.com\/wp-content\/uploads\/2024\/05\/anemona-posjeta-mljecanica-2.jpg\"><img loading=\"lazy\" decoding=\"async\" src=\"https:\/\/www.prijedordanas.com\/wp-content\/uploads\/2024\/05\/anemona-posjeta-mljecanica-2-300x225.jpg\" alt=\"\" width=\"300\" height=\"225\" class=\"alignleft size-medium wp-image-224851\" srcset=\"https:\/\/www.prijedordanas.com\/wp-content\/uploads\/2024\/05\/anemona-posjeta-mljecanica-2-300x225.jpg 300w, https:\/\/www.prijedordanas.com\/wp-content\/uploads\/2024\/05\/anemona-posjeta-mljecanica-2-640x480.jpg 640w, https:\/\/www.prijedordanas.com\/wp-content\/uploads\/2024\/05\/anemona-posjeta-mljecanica-2.jpg 667w\" sizes=\"(max-width: 300px) 100vw, 300px\" \/><\/a>Ona se u svoje li\u010dno ime i u ime Udru\u017eenja zahvalila direktoru Specijalne bolnice Darku Banjcu na organizaciji posjete, doma\u0107inu doktoru \u010ceki, ljubaznom osoblju &#8220;Mlje\u010danice&#8221;, kao i na\u0161em sugra\u0111aninu Lazaru Gaji\u0107u koji je imao sluha i volje da pomogne oko ove aktivnosti.<\/p>\n<p>Svjetski dan oboljelih od astme se obilje\u017eava prvog utorka u maju mjesecu.<\/p>\n<p>Udru\u017eenje \u201eAnemona\u201c ima oko 750 evidentiranih \u010dlanova pred\u0161kolskog uzrasta, \u0161kolskog i studenata.<\/p>\n<p>Ove godine proslavlja jubilej \u2013 15 godina postojanja i rada.<\/p>\n<p>Tekst i foto \u2013 <a href=\"https:\/\/www.prijedordanas.com\" target=\"_blank\" rel=\"noopener noreferrer\">www.prijedordanas.com<\/a><\/p>\n<p><a href=\"https:\/\/www.prijedordanas.com\/wp-content\/uploads\/2024\/05\/anemona-posjeta-mljecanica-3.jpg\"><img loading=\"lazy\" decoding=\"async\" src=\"https:\/\/www.prijedordanas.com\/wp-content\/uploads\/2024\/05\/anemona-posjeta-mljecanica-3-300x201.jpg\" alt=\"\" width=\"300\" height=\"201\" class=\"alignleft size-medium wp-image-224852\" srcset=\"https:\/\/www.prijedordanas.com\/wp-content\/uploads\/2024\/05\/anemona-posjeta-mljecanica-3-300x201.jpg 300w, https:\/\/www.prijedordanas.com\/wp-content\/uploads\/2024\/05\/anemona-posjeta-mljecanica-3-480x320.jpg 480w, https:\/\/www.prijedordanas.com\/wp-content\/uploads\/2024\/05\/anemona-posjeta-mljecanica-3.jpg 600w\" sizes=\"(max-width: 300px) 100vw, 300px\" \/><\/a> <a href=\"https:\/\/www.prijedordanas.com\/wp-content\/uploads\/2024\/05\/anemona-posjeta-mljecanica-4.jpg\"><img loading=\"lazy\" decoding=\"async\" src=\"https:\/\/www.prijedordanas.com\/wp-content\/uploads\/2024\/05\/anemona-posjeta-mljecanica-4-300x201.jpg\" alt=\"\" width=\"300\" height=\"201\" class=\"alignleft size-medium wp-image-224853\" srcset=\"https:\/\/www.prijedordanas.com\/wp-content\/uploads\/2024\/05\/anemona-posjeta-mljecanica-4-300x201.jpg 300w, https:\/\/www.prijedordanas.com\/wp-content\/uploads\/2024\/05\/anemona-posjeta-mljecanica-4-480x320.jpg 480w, https:\/\/www.prijedordanas.com\/wp-content\/uploads\/2024\/05\/anemona-posjeta-mljecanica-4.jpg 600w\" sizes=\"(max-width: 300px) 100vw, 300px\" \/><\/a> <a href=\"https:\/\/www.prijedordanas.com\/wp-content\/uploads\/2024\/05\/anemona-posjeta-mljecanica-5.jpg\"><img loading=\"lazy\" decoding=\"async\" src=\"https:\/\/www.prijedordanas.com\/wp-content\/uploads\/2024\/05\/anemona-posjeta-mljecanica-5-300x201.jpg\" alt=\"\" width=\"300\" height=\"201\" class=\"alignleft size-medium wp-image-224854\" srcset=\"https:\/\/www.prijedordanas.com\/wp-content\/uploads\/2024\/05\/anemona-posjeta-mljecanica-5-300x201.jpg 300w, https:\/\/www.prijedordanas.com\/wp-content\/uploads\/2024\/05\/anemona-posjeta-mljecanica-5-480x320.jpg 480w, https:\/\/www.prijedordanas.com\/wp-content\/uploads\/2024\/05\/anemona-posjeta-mljecanica-5.jpg 600w\" sizes=\"(max-width: 300px) 100vw, 300px\" \/><\/a> <a href=\"https:\/\/www.prijedordanas.com\/wp-content\/uploads\/2024\/05\/anemona-posjeta-mljecanica-6.jpg\"><img loading=\"lazy\" decoding=\"async\" src=\"https:\/\/www.prijedordanas.com\/wp-content\/uploads\/2024\/05\/anemona-posjeta-mljecanica-6-300x201.jpg\" alt=\"\" width=\"300\" height=\"201\" class=\"alignleft size-medium wp-image-224855\" srcset=\"https:\/\/www.prijedordanas.com\/wp-content\/uploads\/2024\/05\/anemona-posjeta-mljecanica-6-300x201.jpg 300w, https:\/\/www.prijedordanas.com\/wp-content\/uploads\/2024\/05\/anemona-posjeta-mljecanica-6-480x320.jpg 480w, https:\/\/www.prijedordanas.com\/wp-content\/uploads\/2024\/05\/anemona-posjeta-mljecanica-6.jpg 600w\" sizes=\"(max-width: 300px) 100vw, 300px\" \/><\/a> <a href=\"https:\/\/www.prijedordanas.com\/wp-content\/uploads\/2024\/05\/anemona-posjeta-mljecanica-7.jpg\"><img loading=\"lazy\" decoding=\"async\" src=\"https:\/\/www.prijedordanas.com\/wp-content\/uploads\/2024\/05\/anemona-posjeta-mljecanica-7-300x201.jpg\" alt=\"\" width=\"300\" height=\"201\" class=\"alignleft size-medium wp-image-224856\" srcset=\"https:\/\/www.prijedordanas.com\/wp-content\/uploads\/2024\/05\/anemona-posjeta-mljecanica-7-300x201.jpg 300w, https:\/\/www.prijedordanas.com\/wp-content\/uploads\/2024\/05\/anemona-posjeta-mljecanica-7-480x320.jpg 480w, https:\/\/www.prijedordanas.com\/wp-content\/uploads\/2024\/05\/anemona-posjeta-mljecanica-7.jpg 600w\" sizes=\"(max-width: 300px) 100vw, 300px\" \/><\/a> <a href=\"https:\/\/www.prijedordanas.com\/wp-content\/uploads\/2024\/05\/anemona-posjeta-mljecanica-8.jpg\"><img loading=\"lazy\" decoding=\"async\" src=\"https:\/\/www.prijedordanas.com\/wp-content\/uploads\/2024\/05\/anemona-posjeta-mljecanica-8-300x201.jpg\" alt=\"\" width=\"300\" height=\"201\" class=\"alignleft size-medium wp-image-224857\" srcset=\"https:\/\/www.prijedordanas.com\/wp-content\/uploads\/2024\/05\/anemona-posjeta-mljecanica-8-300x201.jpg 300w, https:\/\/www.prijedordanas.com\/wp-content\/uploads\/2024\/05\/anemona-posjeta-mljecanica-8-480x320.jpg 480w, https:\/\/www.prijedordanas.com\/wp-content\/uploads\/2024\/05\/anemona-posjeta-mljecanica-8.jpg 600w\" sizes=\"(max-width: 300px) 100vw, 300px\" \/><\/a> <a href=\"https:\/\/www.prijedordanas.com\/wp-content\/uploads\/2024\/05\/anemona-posjeta-mljecanica-9.jpg\"><img loading=\"lazy\" decoding=\"async\" src=\"https:\/\/www.prijedordanas.com\/wp-content\/uploads\/2024\/05\/anemona-posjeta-mljecanica-9-300x201.jpg\" alt=\"\" width=\"300\" height=\"201\" class=\"alignleft size-medium wp-image-224858\" srcset=\"https:\/\/www.prijedordanas.com\/wp-content\/uploads\/2024\/05\/anemona-posjeta-mljecanica-9-300x201.jpg 300w, https:\/\/www.prijedordanas.com\/wp-content\/uploads\/2024\/05\/anemona-posjeta-mljecanica-9-480x320.jpg 480w, https:\/\/www.prijedordanas.com\/wp-content\/uploads\/2024\/05\/anemona-posjeta-mljecanica-9.jpg 600w\" sizes=\"(max-width: 300px) 100vw, 300px\" \/><\/a> <a href=\"https:\/\/www.prijedordanas.com\/wp-content\/uploads\/2024\/05\/anemona-posjeta-mljecanica-10.jpg\"><img loading=\"lazy\" decoding=\"async\" src=\"https:\/\/www.prijedordanas.com\/wp-content\/uploads\/2024\/05\/anemona-posjeta-mljecanica-10-300x201.jpg\" alt=\"\" width=\"300\" height=\"201\" class=\"alignleft size-medium wp-image-224859\" srcset=\"https:\/\/www.prijedordanas.com\/wp-content\/uploads\/2024\/05\/anemona-posjeta-mljecanica-10-300x201.jpg 300w, https:\/\/www.prijedordanas.com\/wp-content\/uploads\/2024\/05\/anemona-posjeta-mljecanica-10-480x320.jpg 480w, https:\/\/www.prijedordanas.com\/wp-content\/uploads\/2024\/05\/anemona-posjeta-mljecanica-10.jpg 600w\" sizes=\"(max-width: 300px) 100vw, 300px\" \/><\/a> <a href=\"https:\/\/www.prijedordanas.com\/wp-content\/uploads\/2024\/05\/anemona-posjeta-mljecanica-11.jpg\"><img loading=\"lazy\" decoding=\"async\" src=\"https:\/\/www.prijedordanas.com\/wp-content\/uploads\/2024\/05\/anemona-posjeta-mljecanica-11-300x201.jpg\" alt=\"\" width=\"300\" height=\"201\" class=\"alignleft size-medium wp-image-224860\" srcset=\"https:\/\/www.prijedordanas.com\/wp-content\/uploads\/2024\/05\/anemona-posjeta-mljecanica-11-300x201.jpg 300w, https:\/\/www.prijedordanas.com\/wp-content\/uploads\/2024\/05\/anemona-posjeta-mljecanica-11-480x320.jpg 480w, https:\/\/www.prijedordanas.com\/wp-content\/uploads\/2024\/05\/anemona-posjeta-mljecanica-11.jpg 600w\" sizes=\"(max-width: 300px) 100vw, 300px\" \/><\/a> <a href=\"https:\/\/www.prijedordanas.com\/wp-content\/uploads\/2024\/05\/anemona-posjeta-mljecanica-12.jpg\"><img loading=\"lazy\" decoding=\"async\" src=\"https:\/\/www.prijedordanas.com\/wp-content\/uploads\/2024\/05\/anemona-posjeta-mljecanica-12-300x201.jpg\" alt=\"\" width=\"300\" height=\"201\" class=\"alignleft size-medium wp-image-224861\" srcset=\"https:\/\/www.prijedordanas.com\/wp-content\/uploads\/2024\/05\/anemona-posjeta-mljecanica-12-300x201.jpg 300w, https:\/\/www.prijedordanas.com\/wp-content\/uploads\/2024\/05\/anemona-posjeta-mljecanica-12-480x320.jpg 480w, https:\/\/www.prijedordanas.com\/wp-content\/uploads\/2024\/05\/anemona-posjeta-mljecanica-12.jpg 600w\" sizes=\"(max-width: 300px) 100vw, 300px\" \/><\/a> <a href=\"https:\/\/www.prijedordanas.com\/wp-content\/uploads\/2024\/05\/anemona-posjeta-mljecanica-13.jpg\"><img loading=\"lazy\" decoding=\"async\" src=\"https:\/\/www.prijedordanas.com\/wp-content\/uploads\/2024\/05\/anemona-posjeta-mljecanica-13-300x201.jpg\" alt=\"\" width=\"300\" height=\"201\" class=\"alignleft size-medium wp-image-224862\" srcset=\"https:\/\/www.prijedordanas.com\/wp-content\/uploads\/2024\/05\/anemona-posjeta-mljecanica-13-300x201.jpg 300w, https:\/\/www.prijedordanas.com\/wp-content\/uploads\/2024\/05\/anemona-posjeta-mljecanica-13-480x320.jpg 480w, https:\/\/www.prijedordanas.com\/wp-content\/uploads\/2024\/05\/anemona-posjeta-mljecanica-13.jpg 600w\" sizes=\"(max-width: 300px) 100vw, 300px\" \/><\/a><\/p>\n","protected":false},"excerpt":{"rendered":"<p>Udru\u017eenje gra\u0111ana za pomo\u0107 oboljelim od astme i hroni\u010dno-opstruktivne plu\u0107ne bolesti \u201eAnemona\u201c Prijedor i ove godine je obilje\u017eilo Svjetski dan oboljelih od astme. Tim povodom \u010dlanovi ovog Udru\u017eenja obi\u0161li su [&hellip;]<\/p>\n","protected":false},"author":1,"featured_media":0,"comment_status":"closed","ping_status":"open","sticky":false,"template":"","format":"standard","meta":{"_monsterinsights_skip_tracking":false,"_monsterinsights_sitenote_active":false,"_monsterinsights_sitenote_note":"","_monsterinsights_sitenote_category":0,"footnotes":""},"categories":[4],"tags":[],"yoast_head":"<!-- This site is optimized with the Yoast SEO plugin v21.6 - https:\/\/yoast.com\/wordpress\/plugins\/seo\/ -->\n<title>\u010clanovi prijedorske &quot;Anemone&quot; posjetom Specijalnoj bolnici &quot;Mlje\u010danica&quot; obilje\u017eili Svjetski dan oboljelih od astme - FOTO - PrijedorDanas.com - Prijedorski gradski portal<\/title>\n<meta name=\"robots\" content=\"index, follow, max-snippet:-1, max-image-preview:large, max-video-preview:-1\" \/>\n<link rel=\"canonical\" href=\"https:\/\/www.prijedordanas.com\/?p=224848\" \/>\n<meta property=\"og:locale\" content=\"en_US\" \/>\n<meta property=\"og:type\" content=\"article\" \/>\n<meta property=\"og:title\" content=\"\u010clanovi prijedorske &quot;Anemone&quot; posjetom Specijalnoj bolnici &quot;Mlje\u010danica&quot; obilje\u017eili Svjetski dan oboljelih od astme - FOTO - PrijedorDanas.com - Prijedorski gradski portal\" \/>\n<meta property=\"og:description\" content=\"Udru\u017eenje gra\u0111ana za pomo\u0107 oboljelim od astme i hroni\u010dno-opstruktivne plu\u0107ne bolesti \u201eAnemona\u201c Prijedor i ove godine je obilje\u017eilo Svjetski dan oboljelih od astme. Tim povodom \u010dlanovi ovog Udru\u017eenja obi\u0161li su [&hellip;]\" \/>\n<meta property=\"og:url\" content=\"https:\/\/www.prijedordanas.com\/?p=224848\" \/>\n<meta property=\"og:site_name\" content=\"PrijedorDanas.com - Prijedorski gradski portal\" \/>\n<meta property=\"article:publisher\" content=\"https:\/\/www.facebook.com\/PrijedorDanasCom\/\" \/>\n<meta property=\"article:published_time\" content=\"2024-05-03T16:53:35+00:00\" \/>\n<meta property=\"og:image\" content=\"https:\/\/www.prijedordanas.com\/wp-content\/uploads\/2024\/05\/anemona-posjeta-mljecanica-1-300x225.jpg\" \/>\n<meta name=\"author\" content=\"admin\" \/>\n<meta name=\"twitter:card\" content=\"summary_large_image\" \/>\n<meta name=\"twitter:label1\" content=\"Written by\" \/>\n\t<meta name=\"twitter:data1\" content=\"admin\" \/>\n\t<meta name=\"twitter:label2\" content=\"Est. reading time\" \/>\n\t<meta name=\"twitter:data2\" content=\"2 minutes\" \/>\n<script type=\"application\/ld+json\" class=\"yoast-schema-graph\">{\"@context\":\"https:\/\/schema.org\",\"@graph\":[{\"@type\":\"Article\",\"@id\":\"https:\/\/www.prijedordanas.com\/?p=224848#article\",\"isPartOf\":{\"@id\":\"https:\/\/www.prijedordanas.com\/?p=224848\"},\"author\":{\"name\":\"admin\",\"@id\":\"https:\/\/www.prijedordanas.com\/#\/schema\/person\/4e08ccf29b506ca916ff86d46bb700e6\"},\"headline\":\"\u010clanovi prijedorske &#8220;Anemone&#8221; posjetom Specijalnoj bolnici &#8220;Mlje\u010danica&#8221; obilje\u017eili Svjetski dan oboljelih od astme &#8211; FOTO\",\"datePublished\":\"2024-05-03T16:53:35+00:00\",\"dateModified\":\"2024-05-03T16:53:35+00:00\",\"mainEntityOfPage\":{\"@id\":\"https:\/\/www.prijedordanas.com\/?p=224848\"},\"wordCount\":230,\"publisher\":{\"@id\":\"https:\/\/www.prijedordanas.com\/#organization\"},\"articleSection\":[\"Dru\u0161tvo\"],\"inLanguage\":\"en-US\"},{\"@type\":\"WebPage\",\"@id\":\"https:\/\/www.prijedordanas.com\/?p=224848\",\"url\":\"https:\/\/www.prijedordanas.com\/?p=224848\",\"name\":\"\u010clanovi prijedorske \\\"Anemone\\\" posjetom Specijalnoj bolnici \\\"Mlje\u010danica\\\" obilje\u017eili Svjetski dan oboljelih od astme - FOTO - PrijedorDanas.com - Prijedorski gradski portal\",\"isPartOf\":{\"@id\":\"https:\/\/www.prijedordanas.com\/#website\"},\"datePublished\":\"2024-05-03T16:53:35+00:00\",\"dateModified\":\"2024-05-03T16:53:35+00:00\",\"breadcrumb\":{\"@id\":\"https:\/\/www.prijedordanas.com\/?p=224848#breadcrumb\"},\"inLanguage\":\"en-US\",\"potentialAction\":[{\"@type\":\"ReadAction\",\"target\":[\"https:\/\/www.prijedordanas.com\/?p=224848\"]}]},{\"@type\":\"BreadcrumbList\",\"@id\":\"https:\/\/www.prijedordanas.com\/?p=224848#breadcrumb\",\"itemListElement\":[{\"@type\":\"ListItem\",\"position\":1,\"name\":\"Home\",\"item\":\"https:\/\/www.prijedordanas.com\/\"},{\"@type\":\"ListItem\",\"position\":2,\"name\":\"\u010clanovi prijedorske &#8220;Anemone&#8221; posjetom Specijalnoj bolnici &#8220;Mlje\u010danica&#8221; obilje\u017eili Svjetski dan oboljelih od astme &#8211; FOTO\"}]},{\"@type\":\"WebSite\",\"@id\":\"https:\/\/www.prijedordanas.com\/#website\",\"url\":\"https:\/\/www.prijedordanas.com\/\",\"name\":\"PrijedorDanas.com - Prijedorski gradski portal\",\"description\":\"Portal o doga\u0111anjima u gradu Prijedoru\",\"publisher\":{\"@id\":\"https:\/\/www.prijedordanas.com\/#organization\"},\"potentialAction\":[{\"@type\":\"SearchAction\",\"target\":{\"@type\":\"EntryPoint\",\"urlTemplate\":\"https:\/\/www.prijedordanas.com\/?s={search_term_string}\"},\"query-input\":\"required name=search_term_string\"}],\"inLanguage\":\"en-US\"},{\"@type\":\"Organization\",\"@id\":\"https:\/\/www.prijedordanas.com\/#organization\",\"name\":\"PrijedorDanas.com\",\"url\":\"https:\/\/www.prijedordanas.com\/\",\"logo\":{\"@type\":\"ImageObject\",\"inLanguage\":\"en-US\",\"@id\":\"https:\/\/www.prijedordanas.com\/#\/schema\/logo\/image\/\",\"url\":\"http:\/\/www.prijedordanas.com\/wp-content\/uploads\/2021\/12\/logopng.png\",\"contentUrl\":\"http:\/\/www.prijedordanas.com\/wp-content\/uploads\/2021\/12\/logopng.png\",\"width\":1019,\"height\":776,\"caption\":\"PrijedorDanas.com\"},\"image\":{\"@id\":\"https:\/\/www.prijedordanas.com\/#\/schema\/logo\/image\/\"},\"sameAs\":[\"https:\/\/www.facebook.com\/PrijedorDanasCom\/\"]},{\"@type\":\"Person\",\"@id\":\"https:\/\/www.prijedordanas.com\/#\/schema\/person\/4e08ccf29b506ca916ff86d46bb700e6\",\"name\":\"admin\",\"image\":{\"@type\":\"ImageObject\",\"inLanguage\":\"en-US\",\"@id\":\"https:\/\/www.prijedordanas.com\/#\/schema\/person\/image\/\",\"url\":\"https:\/\/secure.gravatar.com\/avatar\/1d3fc949d550f0b53a5f0d51e06dfd79?s=96&d=mm&r=g\",\"contentUrl\":\"https:\/\/secure.gravatar.com\/avatar\/1d3fc949d550f0b53a5f0d51e06dfd79?s=96&d=mm&r=g\",\"caption\":\"admin\"},\"url\":\"https:\/\/www.prijedordanas.com\/?author=1\"}]}<\/script>\n<!-- \/ Yoast SEO plugin. -->","yoast_head_json":{"title":"\u010clanovi prijedorske \"Anemone\" posjetom Specijalnoj bolnici \"Mlje\u010danica\" obilje\u017eili Svjetski dan oboljelih od astme - FOTO - PrijedorDanas.com - Prijedorski gradski portal","robots":{"index":"index","follow":"follow","max-snippet":"max-snippet:-1","max-image-preview":"max-image-preview:large","max-video-preview":"max-video-preview:-1"},"canonical":"https:\/\/www.prijedordanas.com\/?p=224848","og_locale":"en_US","og_type":"article","og_title":"\u010clanovi prijedorske \"Anemone\" posjetom Specijalnoj bolnici \"Mlje\u010danica\" obilje\u017eili Svjetski dan oboljelih od astme - FOTO - PrijedorDanas.com - Prijedorski gradski portal","og_description":"Udru\u017eenje gra\u0111ana za pomo\u0107 oboljelim od astme i hroni\u010dno-opstruktivne plu\u0107ne bolesti \u201eAnemona\u201c Prijedor i ove godine je obilje\u017eilo Svjetski dan oboljelih od astme. Tim povodom \u010dlanovi ovog Udru\u017eenja obi\u0161li su [&hellip;]","og_url":"https:\/\/www.prijedordanas.com\/?p=224848","og_site_name":"PrijedorDanas.com - Prijedorski gradski portal","article_publisher":"https:\/\/www.facebook.com\/PrijedorDanasCom\/","article_published_time":"2024-05-03T16:53:35+00:00","og_image":[{"url":"https:\/\/www.prijedordanas.com\/wp-content\/uploads\/2024\/05\/anemona-posjeta-mljecanica-1-300x225.jpg"}],"author":"admin","twitter_card":"summary_large_image","twitter_misc":{"Written by":"admin","Est. reading time":"2 minutes"},"schema":{"@context":"https:\/\/schema.org","@graph":[{"@type":"Article","@id":"https:\/\/www.prijedordanas.com\/?p=224848#article","isPartOf":{"@id":"https:\/\/www.prijedordanas.com\/?p=224848"},"author":{"name":"admin","@id":"https:\/\/www.prijedordanas.com\/#\/schema\/person\/4e08ccf29b506ca916ff86d46bb700e6"},"headline":"\u010clanovi prijedorske &#8220;Anemone&#8221; posjetom Specijalnoj bolnici &#8220;Mlje\u010danica&#8221; obilje\u017eili Svjetski dan oboljelih od astme &#8211; FOTO","datePublished":"2024-05-03T16:53:35+00:00","dateModified":"2024-05-03T16:53:35+00:00","mainEntityOfPage":{"@id":"https:\/\/www.prijedordanas.com\/?p=224848"},"wordCount":230,"publisher":{"@id":"https:\/\/www.prijedordanas.com\/#organization"},"articleSection":["Dru\u0161tvo"],"inLanguage":"en-US"},{"@type":"WebPage","@id":"https:\/\/www.prijedordanas.com\/?p=224848","url":"https:\/\/www.prijedordanas.com\/?p=224848","name":"\u010clanovi prijedorske \"Anemone\" posjetom Specijalnoj bolnici \"Mlje\u010danica\" obilje\u017eili Svjetski dan oboljelih od astme - FOTO - PrijedorDanas.com - Prijedorski gradski portal","isPartOf":{"@id":"https:\/\/www.prijedordanas.com\/#website"},"datePublished":"2024-05-03T16:53:35+00:00","dateModified":"2024-05-03T16:53:35+00:00","breadcrumb":{"@id":"https:\/\/www.prijedordanas.com\/?p=224848#breadcrumb"},"inLanguage":"en-US","potentialAction":[{"@type":"ReadAction","target":["https:\/\/www.prijedordanas.com\/?p=224848"]}]},{"@type":"BreadcrumbList","@id":"https:\/\/www.prijedordanas.com\/?p=224848#breadcrumb","itemListElement":[{"@type":"ListItem","position":1,"name":"Home","item":"https:\/\/www.prijedordanas.com\/"},{"@type":"ListItem","position":2,"name":"\u010clanovi prijedorske &#8220;Anemone&#8221; posjetom Specijalnoj bolnici &#8220;Mlje\u010danica&#8221; obilje\u017eili Svjetski dan oboljelih od astme &#8211; FOTO"}]},{"@type":"WebSite","@id":"https:\/\/www.prijedordanas.com\/#website","url":"https:\/\/www.prijedordanas.com\/","name":"PrijedorDanas.com - Prijedorski gradski portal","description":"Portal o doga\u0111anjima u gradu Prijedoru","publisher":{"@id":"https:\/\/www.prijedordanas.com\/#organization"},"potentialAction":[{"@type":"SearchAction","target":{"@type":"EntryPoint","urlTemplate":"https:\/\/www.prijedordanas.com\/?s={search_term_string}"},"query-input":"required name=search_term_string"}],"inLanguage":"en-US"},{"@type":"Organization","@id":"https:\/\/www.prijedordanas.com\/#organization","name":"PrijedorDanas.com","url":"https:\/\/www.prijedordanas.com\/","logo":{"@type":"ImageObject","inLanguage":"en-US","@id":"https:\/\/www.prijedordanas.com\/#\/schema\/logo\/image\/","url":"http:\/\/www.prijedordanas.com\/wp-content\/uploads\/2021\/12\/logopng.png","contentUrl":"http:\/\/www.prijedordanas.com\/wp-content\/uploads\/2021\/12\/logopng.png","width":1019,"height":776,"caption":"PrijedorDanas.com"},"image":{"@id":"https:\/\/www.prijedordanas.com\/#\/schema\/logo\/image\/"},"sameAs":["https:\/\/www.facebook.com\/PrijedorDanasCom\/"]},{"@type":"Person","@id":"https:\/\/www.prijedordanas.com\/#\/schema\/person\/4e08ccf29b506ca916ff86d46bb700e6","name":"admin","image":{"@type":"ImageObject","inLanguage":"en-US","@id":"https:\/\/www.prijedordanas.com\/#\/schema\/person\/image\/","url":"https:\/\/secure.gravatar.com\/avatar\/1d3fc949d550f0b53a5f0d51e06dfd79?s=96&d=mm&r=g","contentUrl":"https:\/\/secure.gravatar.com\/avatar\/1d3fc949d550f0b53a5f0d51e06dfd79?s=96&d=mm&r=g","caption":"admin"},"url":"https:\/\/www.prijedordanas.com\/?author=1"}]}},"_links":{"self":[{"href":"https:\/\/www.prijedordanas.com\/index.php?rest_route=\/wp\/v2\/posts\/224848"}],"collection":[{"href":"https:\/\/www.prijedordanas.com\/index.php?rest_route=\/wp\/v2\/posts"}],"about":[{"href":"https:\/\/www.prijedordanas.com\/index.php?rest_route=\/wp\/v2\/types\/post"}],"author":[{"embeddable":true,"href":"https:\/\/www.prijedordanas.com\/index.php?rest_route=\/wp\/v2\/users\/1"}],"replies":[{"embeddable":true,"href":"https:\/\/www.prijedordanas.com\/index.php?rest_route=%2Fwp%2Fv2%2Fcomments&post=224848"}],"version-history":[{"count":1,"href":"https:\/\/www.prijedordanas.com\/index.php?rest_route=\/wp\/v2\/posts\/224848\/revisions"}],"predecessor-version":[{"id":224863,"href":"https:\/\/www.prijedordanas.com\/index.php?rest_route=\/wp\/v2\/posts\/224848\/revisions\/224863"}],"wp:attachment":[{"href":"https:\/\/www.prijedordanas.com\/index.php?rest_route=%2Fwp%2Fv2%2Fmedia&parent=224848"}],"wp:term":[{"taxonomy":"category","embeddable":true,"href":"https:\/\/www.prijedordanas.com\/index.php?rest_route=%2Fwp%2Fv2%2Fcategories&post=224848"},{"taxonomy":"post_tag","embeddable":true,"href":"https:\/\/www.prijedordanas.com\/index.php?rest_route=%2Fwp%2Fv2%2Ftags&post=224848"}],"curies":[{"name":"wp","href":"https:\/\/api.w.org\/{rel}","templated":true}]}}