{"id":224601,"date":"2024-04-30T19:10:43","date_gmt":"2024-04-30T17:10:43","guid":{"rendered":"https:\/\/www.prijedordanas.com\/?p=224601"},"modified":"2024-04-30T23:43:08","modified_gmt":"2024-04-30T21:43:08","slug":"delegacija-grada-prijedora-na-484-medunarodnom-mesir-festivalu-u-manisi-foto","status":"publish","type":"post","link":"https:\/\/www.prijedordanas.com\/?p=224601","title":{"rendered":"Delegacija grada Prijedora na 484. Me\u0111unarodnom Mesir festivalu u Manisi &#8211; FOTO"},"content":{"rendered":"<p><a href=\"https:\/\/www.prijedordanas.com\/wp-content\/uploads\/2024\/04\/prijedorgradorg-delegacija-u-manisi-1.jpg\"><img loading=\"lazy\" decoding=\"async\" class=\"alignleft size-medium wp-image-224602\" src=\"https:\/\/www.prijedordanas.com\/wp-content\/uploads\/2024\/04\/prijedorgradorg-delegacija-u-manisi-1-300x225.jpg\" alt=\"\" width=\"300\" height=\"225\" srcset=\"https:\/\/www.prijedordanas.com\/wp-content\/uploads\/2024\/04\/prijedorgradorg-delegacija-u-manisi-1-300x225.jpg 300w, https:\/\/www.prijedordanas.com\/wp-content\/uploads\/2024\/04\/prijedorgradorg-delegacija-u-manisi-1-640x480.jpg 640w, https:\/\/www.prijedordanas.com\/wp-content\/uploads\/2024\/04\/prijedorgradorg-delegacija-u-manisi-1.jpg 667w\" sizes=\"(max-width: 300px) 100vw, 300px\" \/><\/a>Delegacija grada Prijedora boravila je prethodnih dana u bratskom gradu Manisa na zapadu Turske gdje je odr\u017ean Me\u0111unarodni 484.Festival Mesir Paste.<\/p>\n<p>U delegaciji grada Prijedora bili su predsjednik i potpredsjednik Skup\u0161tine grada Igor Kneginji\u0107 i Azra Pa\u0161ali\u0107 te na\u010delnik Odjeljenja za kulturu, me\u0111unarodnu saradnju, sport i NVO Aleksandar Milje\u0161i\u0107 i \u0161ef Odsjeka za kulturu Jadranka Miji\u0107.<\/p>\n<p>Pored susreta sa gradona\u010delnikom Manise i op\u0161tina \u0160ehzadeler te predstavnicima Udru\u017eenja za promociju Mesir festivala i turizma, ovo je bila prilika za obilazak i upoznavanje sa kulturom ovog grada i tradicijom ove vi\u0161evjekovne manifestacije te u\u010de\u0161\u0107a u samoj ceremoniji Mesir festivala.<\/p>\n<p>Pored predstavnika grada Prijedora, sa kojim je Povelja o bratimljenju potpisana 2007.godine, u programu ovog tradicionalnog kulturnog doga\u0111aja u\u010destvovali su i predstavnici bratskih gradova iz Azerbejd\u017eana, Kirgistana, Kazahstana, Bugarske, Sjeverne Makedonije, Srbije i Njema\u010dke.<\/p>\n<p>Festival je od strane UNESKO-a progla\u0161en za nematerijalno kulturno naslje\u0111e, a mesir pasta koja se dijeli tokom glavne ceremonije je mje\u0161avina 41 razli\u010ditog bilja i za\u010dina poput anisa, nigele, goru\u0161i\u010dinog sjemena, kokosa, kardamoma, crnog bibera, djeteline, kima, korijandera, rabarbare, \u0161afrana, mastike od gume, cimeta, vanilije, svih za\u010dina, \u0111umbira, galangal, naran\u010dine kore, kajsije i komora\u010d.<\/p>\n<p><a href=\"https:\/\/www.prijedorgrad.org\/sr-EU\/vijesti-sadrzaj.html?vid=20056\" target=\"_blank\" rel=\"noopener\">prijedorgrad.org<\/a><\/p>\n<p><a href=\"https:\/\/www.prijedordanas.com\/wp-content\/uploads\/2024\/04\/prijedorgradorg-delegacija-u-manisi-2.jpg\"><img loading=\"lazy\" decoding=\"async\" src=\"https:\/\/www.prijedordanas.com\/wp-content\/uploads\/2024\/04\/prijedorgradorg-delegacija-u-manisi-2-300x225.jpg\" alt=\"\" width=\"300\" height=\"225\" class=\"alignleft size-medium wp-image-224603\" srcset=\"https:\/\/www.prijedordanas.com\/wp-content\/uploads\/2024\/04\/prijedorgradorg-delegacija-u-manisi-2-300x225.jpg 300w, https:\/\/www.prijedordanas.com\/wp-content\/uploads\/2024\/04\/prijedorgradorg-delegacija-u-manisi-2.jpg 600w\" sizes=\"(max-width: 300px) 100vw, 300px\" \/><\/a> <a href=\"https:\/\/www.prijedordanas.com\/wp-content\/uploads\/2024\/04\/prijedorgradorg-delegacija-u-manisi-3.jpg\"><img loading=\"lazy\" decoding=\"async\" src=\"https:\/\/www.prijedordanas.com\/wp-content\/uploads\/2024\/04\/prijedorgradorg-delegacija-u-manisi-3-300x225.jpg\" alt=\"\" width=\"300\" height=\"225\" class=\"alignleft size-medium wp-image-224604\" srcset=\"https:\/\/www.prijedordanas.com\/wp-content\/uploads\/2024\/04\/prijedorgradorg-delegacija-u-manisi-3-300x225.jpg 300w, https:\/\/www.prijedordanas.com\/wp-content\/uploads\/2024\/04\/prijedorgradorg-delegacija-u-manisi-3.jpg 600w\" sizes=\"(max-width: 300px) 100vw, 300px\" \/><\/a> <a href=\"https:\/\/www.prijedordanas.com\/wp-content\/uploads\/2024\/04\/prijedorgradorg-delegacija-u-manisi-4.jpg\"><img loading=\"lazy\" decoding=\"async\" src=\"https:\/\/www.prijedordanas.com\/wp-content\/uploads\/2024\/04\/prijedorgradorg-delegacija-u-manisi-4-300x225.jpg\" alt=\"\" width=\"300\" height=\"225\" class=\"alignleft size-medium wp-image-224605\" srcset=\"https:\/\/www.prijedordanas.com\/wp-content\/uploads\/2024\/04\/prijedorgradorg-delegacija-u-manisi-4-300x225.jpg 300w, https:\/\/www.prijedordanas.com\/wp-content\/uploads\/2024\/04\/prijedorgradorg-delegacija-u-manisi-4-640x480.jpg 640w, https:\/\/www.prijedordanas.com\/wp-content\/uploads\/2024\/04\/prijedorgradorg-delegacija-u-manisi-4.jpg 667w\" sizes=\"(max-width: 300px) 100vw, 300px\" \/><\/a> <a href=\"https:\/\/www.prijedordanas.com\/wp-content\/uploads\/2024\/04\/prijedorgradorg-delegacija-u-manisi-6.jpg\"><img loading=\"lazy\" decoding=\"async\" src=\"https:\/\/www.prijedordanas.com\/wp-content\/uploads\/2024\/04\/prijedorgradorg-delegacija-u-manisi-6-300x225.jpg\" alt=\"\" width=\"300\" height=\"225\" class=\"alignleft size-medium wp-image-224606\" srcset=\"https:\/\/www.prijedordanas.com\/wp-content\/uploads\/2024\/04\/prijedorgradorg-delegacija-u-manisi-6-300x225.jpg 300w, https:\/\/www.prijedordanas.com\/wp-content\/uploads\/2024\/04\/prijedorgradorg-delegacija-u-manisi-6.jpg 600w\" sizes=\"(max-width: 300px) 100vw, 300px\" \/><\/a> <a href=\"https:\/\/www.prijedordanas.com\/wp-content\/uploads\/2024\/04\/prijedorgradorg-delegacija-u-manisi-7.jpg\"><img loading=\"lazy\" decoding=\"async\" src=\"https:\/\/www.prijedordanas.com\/wp-content\/uploads\/2024\/04\/prijedorgradorg-delegacija-u-manisi-7-225x300.jpg\" alt=\"\" width=\"225\" height=\"300\" class=\"alignleft size-medium wp-image-224607\" srcset=\"https:\/\/www.prijedordanas.com\/wp-content\/uploads\/2024\/04\/prijedorgradorg-delegacija-u-manisi-7-225x300.jpg 225w, https:\/\/www.prijedordanas.com\/wp-content\/uploads\/2024\/04\/prijedorgradorg-delegacija-u-manisi-7.jpg 450w\" sizes=\"(max-width: 225px) 100vw, 225px\" \/><\/a> <a href=\"https:\/\/www.prijedordanas.com\/wp-content\/uploads\/2024\/04\/prijedorgradorg-delegacija-u-manisi-5.jpg\"><img loading=\"lazy\" decoding=\"async\" src=\"https:\/\/www.prijedordanas.com\/wp-content\/uploads\/2024\/04\/prijedorgradorg-delegacija-u-manisi-5-300x225.jpg\" alt=\"\" width=\"300\" height=\"225\" class=\"alignleft size-medium wp-image-224608\" srcset=\"https:\/\/www.prijedordanas.com\/wp-content\/uploads\/2024\/04\/prijedorgradorg-delegacija-u-manisi-5-300x225.jpg 300w, https:\/\/www.prijedordanas.com\/wp-content\/uploads\/2024\/04\/prijedorgradorg-delegacija-u-manisi-5.jpg 600w\" sizes=\"(max-width: 300px) 100vw, 300px\" \/><\/a><\/p>\n","protected":false},"excerpt":{"rendered":"<p>Delegacija grada Prijedora boravila je prethodnih dana u bratskom gradu Manisa na zapadu Turske gdje je odr\u017ean Me\u0111unarodni 484.Festival Mesir Paste. U delegaciji grada Prijedora bili su predsjednik i potpredsjednik [&hellip;]<\/p>\n","protected":false},"author":1,"featured_media":0,"comment_status":"closed","ping_status":"open","sticky":false,"template":"","format":"standard","meta":{"_monsterinsights_skip_tracking":false,"_monsterinsights_sitenote_active":false,"_monsterinsights_sitenote_note":"","_monsterinsights_sitenote_category":0,"footnotes":""},"categories":[4],"tags":[],"yoast_head":"<!-- This site is optimized with the Yoast SEO plugin v21.6 - https:\/\/yoast.com\/wordpress\/plugins\/seo\/ -->\n<title>Delegacija grada Prijedora na 484. Me\u0111unarodnom Mesir festivalu u Manisi - FOTO - PrijedorDanas.com - Prijedorski gradski portal<\/title>\n<meta name=\"robots\" content=\"index, follow, max-snippet:-1, max-image-preview:large, max-video-preview:-1\" \/>\n<link rel=\"canonical\" href=\"https:\/\/www.prijedordanas.com\/?p=224601\" \/>\n<meta property=\"og:locale\" content=\"en_US\" \/>\n<meta property=\"og:type\" content=\"article\" \/>\n<meta property=\"og:title\" content=\"Delegacija grada Prijedora na 484. Me\u0111unarodnom Mesir festivalu u Manisi - FOTO - PrijedorDanas.com - Prijedorski gradski portal\" \/>\n<meta property=\"og:description\" content=\"Delegacija grada Prijedora boravila je prethodnih dana u bratskom gradu Manisa na zapadu Turske gdje je odr\u017ean Me\u0111unarodni 484.Festival Mesir Paste. U delegaciji grada Prijedora bili su predsjednik i potpredsjednik [&hellip;]\" \/>\n<meta property=\"og:url\" content=\"https:\/\/www.prijedordanas.com\/?p=224601\" \/>\n<meta property=\"og:site_name\" content=\"PrijedorDanas.com - Prijedorski gradski portal\" \/>\n<meta property=\"article:publisher\" content=\"https:\/\/www.facebook.com\/PrijedorDanasCom\/\" \/>\n<meta property=\"article:published_time\" content=\"2024-04-30T17:10:43+00:00\" \/>\n<meta property=\"article:modified_time\" content=\"2024-04-30T21:43:08+00:00\" \/>\n<meta property=\"og:image\" content=\"https:\/\/www.prijedordanas.com\/wp-content\/uploads\/2024\/04\/prijedorgradorg-delegacija-u-manisi-1-300x225.jpg\" \/>\n<meta name=\"author\" content=\"admin\" \/>\n<meta name=\"twitter:card\" content=\"summary_large_image\" \/>\n<meta name=\"twitter:label1\" content=\"Written by\" \/>\n\t<meta name=\"twitter:data1\" content=\"admin\" \/>\n\t<meta name=\"twitter:label2\" content=\"Est. reading time\" \/>\n\t<meta name=\"twitter:data2\" content=\"3 minutes\" \/>\n<script type=\"application\/ld+json\" class=\"yoast-schema-graph\">{\"@context\":\"https:\/\/schema.org\",\"@graph\":[{\"@type\":\"Article\",\"@id\":\"https:\/\/www.prijedordanas.com\/?p=224601#article\",\"isPartOf\":{\"@id\":\"https:\/\/www.prijedordanas.com\/?p=224601\"},\"author\":{\"name\":\"admin\",\"@id\":\"https:\/\/www.prijedordanas.com\/#\/schema\/person\/4e08ccf29b506ca916ff86d46bb700e6\"},\"headline\":\"Delegacija grada Prijedora na 484. Me\u0111unarodnom Mesir festivalu u Manisi &#8211; FOTO\",\"datePublished\":\"2024-04-30T17:10:43+00:00\",\"dateModified\":\"2024-04-30T21:43:08+00:00\",\"mainEntityOfPage\":{\"@id\":\"https:\/\/www.prijedordanas.com\/?p=224601\"},\"wordCount\":224,\"publisher\":{\"@id\":\"https:\/\/www.prijedordanas.com\/#organization\"},\"articleSection\":[\"Dru\u0161tvo\"],\"inLanguage\":\"en-US\"},{\"@type\":\"WebPage\",\"@id\":\"https:\/\/www.prijedordanas.com\/?p=224601\",\"url\":\"https:\/\/www.prijedordanas.com\/?p=224601\",\"name\":\"Delegacija grada Prijedora na 484. Me\u0111unarodnom Mesir festivalu u Manisi - FOTO - PrijedorDanas.com - Prijedorski gradski portal\",\"isPartOf\":{\"@id\":\"https:\/\/www.prijedordanas.com\/#website\"},\"datePublished\":\"2024-04-30T17:10:43+00:00\",\"dateModified\":\"2024-04-30T21:43:08+00:00\",\"breadcrumb\":{\"@id\":\"https:\/\/www.prijedordanas.com\/?p=224601#breadcrumb\"},\"inLanguage\":\"en-US\",\"potentialAction\":[{\"@type\":\"ReadAction\",\"target\":[\"https:\/\/www.prijedordanas.com\/?p=224601\"]}]},{\"@type\":\"BreadcrumbList\",\"@id\":\"https:\/\/www.prijedordanas.com\/?p=224601#breadcrumb\",\"itemListElement\":[{\"@type\":\"ListItem\",\"position\":1,\"name\":\"Home\",\"item\":\"https:\/\/www.prijedordanas.com\/\"},{\"@type\":\"ListItem\",\"position\":2,\"name\":\"Delegacija grada Prijedora na 484. Me\u0111unarodnom Mesir festivalu u Manisi &#8211; FOTO\"}]},{\"@type\":\"WebSite\",\"@id\":\"https:\/\/www.prijedordanas.com\/#website\",\"url\":\"https:\/\/www.prijedordanas.com\/\",\"name\":\"PrijedorDanas.com - Prijedorski gradski portal\",\"description\":\"Portal o doga\u0111anjima u gradu Prijedoru\",\"publisher\":{\"@id\":\"https:\/\/www.prijedordanas.com\/#organization\"},\"potentialAction\":[{\"@type\":\"SearchAction\",\"target\":{\"@type\":\"EntryPoint\",\"urlTemplate\":\"https:\/\/www.prijedordanas.com\/?s={search_term_string}\"},\"query-input\":\"required name=search_term_string\"}],\"inLanguage\":\"en-US\"},{\"@type\":\"Organization\",\"@id\":\"https:\/\/www.prijedordanas.com\/#organization\",\"name\":\"PrijedorDanas.com\",\"url\":\"https:\/\/www.prijedordanas.com\/\",\"logo\":{\"@type\":\"ImageObject\",\"inLanguage\":\"en-US\",\"@id\":\"https:\/\/www.prijedordanas.com\/#\/schema\/logo\/image\/\",\"url\":\"http:\/\/www.prijedordanas.com\/wp-content\/uploads\/2021\/12\/logopng.png\",\"contentUrl\":\"http:\/\/www.prijedordanas.com\/wp-content\/uploads\/2021\/12\/logopng.png\",\"width\":1019,\"height\":776,\"caption\":\"PrijedorDanas.com\"},\"image\":{\"@id\":\"https:\/\/www.prijedordanas.com\/#\/schema\/logo\/image\/\"},\"sameAs\":[\"https:\/\/www.facebook.com\/PrijedorDanasCom\/\"]},{\"@type\":\"Person\",\"@id\":\"https:\/\/www.prijedordanas.com\/#\/schema\/person\/4e08ccf29b506ca916ff86d46bb700e6\",\"name\":\"admin\",\"image\":{\"@type\":\"ImageObject\",\"inLanguage\":\"en-US\",\"@id\":\"https:\/\/www.prijedordanas.com\/#\/schema\/person\/image\/\",\"url\":\"https:\/\/secure.gravatar.com\/avatar\/1d3fc949d550f0b53a5f0d51e06dfd79?s=96&d=mm&r=g\",\"contentUrl\":\"https:\/\/secure.gravatar.com\/avatar\/1d3fc949d550f0b53a5f0d51e06dfd79?s=96&d=mm&r=g\",\"caption\":\"admin\"},\"url\":\"https:\/\/www.prijedordanas.com\/?author=1\"}]}<\/script>\n<!-- \/ Yoast SEO plugin. -->","yoast_head_json":{"title":"Delegacija grada Prijedora na 484. Me\u0111unarodnom Mesir festivalu u Manisi - FOTO - PrijedorDanas.com - Prijedorski gradski portal","robots":{"index":"index","follow":"follow","max-snippet":"max-snippet:-1","max-image-preview":"max-image-preview:large","max-video-preview":"max-video-preview:-1"},"canonical":"https:\/\/www.prijedordanas.com\/?p=224601","og_locale":"en_US","og_type":"article","og_title":"Delegacija grada Prijedora na 484. Me\u0111unarodnom Mesir festivalu u Manisi - FOTO - PrijedorDanas.com - Prijedorski gradski portal","og_description":"Delegacija grada Prijedora boravila je prethodnih dana u bratskom gradu Manisa na zapadu Turske gdje je odr\u017ean Me\u0111unarodni 484.Festival Mesir Paste. U delegaciji grada Prijedora bili su predsjednik i potpredsjednik [&hellip;]","og_url":"https:\/\/www.prijedordanas.com\/?p=224601","og_site_name":"PrijedorDanas.com - Prijedorski gradski portal","article_publisher":"https:\/\/www.facebook.com\/PrijedorDanasCom\/","article_published_time":"2024-04-30T17:10:43+00:00","article_modified_time":"2024-04-30T21:43:08+00:00","og_image":[{"url":"https:\/\/www.prijedordanas.com\/wp-content\/uploads\/2024\/04\/prijedorgradorg-delegacija-u-manisi-1-300x225.jpg"}],"author":"admin","twitter_card":"summary_large_image","twitter_misc":{"Written by":"admin","Est. reading time":"3 minutes"},"schema":{"@context":"https:\/\/schema.org","@graph":[{"@type":"Article","@id":"https:\/\/www.prijedordanas.com\/?p=224601#article","isPartOf":{"@id":"https:\/\/www.prijedordanas.com\/?p=224601"},"author":{"name":"admin","@id":"https:\/\/www.prijedordanas.com\/#\/schema\/person\/4e08ccf29b506ca916ff86d46bb700e6"},"headline":"Delegacija grada Prijedora na 484. Me\u0111unarodnom Mesir festivalu u Manisi &#8211; FOTO","datePublished":"2024-04-30T17:10:43+00:00","dateModified":"2024-04-30T21:43:08+00:00","mainEntityOfPage":{"@id":"https:\/\/www.prijedordanas.com\/?p=224601"},"wordCount":224,"publisher":{"@id":"https:\/\/www.prijedordanas.com\/#organization"},"articleSection":["Dru\u0161tvo"],"inLanguage":"en-US"},{"@type":"WebPage","@id":"https:\/\/www.prijedordanas.com\/?p=224601","url":"https:\/\/www.prijedordanas.com\/?p=224601","name":"Delegacija grada Prijedora na 484. Me\u0111unarodnom Mesir festivalu u Manisi - FOTO - PrijedorDanas.com - Prijedorski gradski portal","isPartOf":{"@id":"https:\/\/www.prijedordanas.com\/#website"},"datePublished":"2024-04-30T17:10:43+00:00","dateModified":"2024-04-30T21:43:08+00:00","breadcrumb":{"@id":"https:\/\/www.prijedordanas.com\/?p=224601#breadcrumb"},"inLanguage":"en-US","potentialAction":[{"@type":"ReadAction","target":["https:\/\/www.prijedordanas.com\/?p=224601"]}]},{"@type":"BreadcrumbList","@id":"https:\/\/www.prijedordanas.com\/?p=224601#breadcrumb","itemListElement":[{"@type":"ListItem","position":1,"name":"Home","item":"https:\/\/www.prijedordanas.com\/"},{"@type":"ListItem","position":2,"name":"Delegacija grada Prijedora na 484. Me\u0111unarodnom Mesir festivalu u Manisi &#8211; FOTO"}]},{"@type":"WebSite","@id":"https:\/\/www.prijedordanas.com\/#website","url":"https:\/\/www.prijedordanas.com\/","name":"PrijedorDanas.com - Prijedorski gradski portal","description":"Portal o doga\u0111anjima u gradu Prijedoru","publisher":{"@id":"https:\/\/www.prijedordanas.com\/#organization"},"potentialAction":[{"@type":"SearchAction","target":{"@type":"EntryPoint","urlTemplate":"https:\/\/www.prijedordanas.com\/?s={search_term_string}"},"query-input":"required name=search_term_string"}],"inLanguage":"en-US"},{"@type":"Organization","@id":"https:\/\/www.prijedordanas.com\/#organization","name":"PrijedorDanas.com","url":"https:\/\/www.prijedordanas.com\/","logo":{"@type":"ImageObject","inLanguage":"en-US","@id":"https:\/\/www.prijedordanas.com\/#\/schema\/logo\/image\/","url":"http:\/\/www.prijedordanas.com\/wp-content\/uploads\/2021\/12\/logopng.png","contentUrl":"http:\/\/www.prijedordanas.com\/wp-content\/uploads\/2021\/12\/logopng.png","width":1019,"height":776,"caption":"PrijedorDanas.com"},"image":{"@id":"https:\/\/www.prijedordanas.com\/#\/schema\/logo\/image\/"},"sameAs":["https:\/\/www.facebook.com\/PrijedorDanasCom\/"]},{"@type":"Person","@id":"https:\/\/www.prijedordanas.com\/#\/schema\/person\/4e08ccf29b506ca916ff86d46bb700e6","name":"admin","image":{"@type":"ImageObject","inLanguage":"en-US","@id":"https:\/\/www.prijedordanas.com\/#\/schema\/person\/image\/","url":"https:\/\/secure.gravatar.com\/avatar\/1d3fc949d550f0b53a5f0d51e06dfd79?s=96&d=mm&r=g","contentUrl":"https:\/\/secure.gravatar.com\/avatar\/1d3fc949d550f0b53a5f0d51e06dfd79?s=96&d=mm&r=g","caption":"admin"},"url":"https:\/\/www.prijedordanas.com\/?author=1"}]}},"_links":{"self":[{"href":"https:\/\/www.prijedordanas.com\/index.php?rest_route=\/wp\/v2\/posts\/224601"}],"collection":[{"href":"https:\/\/www.prijedordanas.com\/index.php?rest_route=\/wp\/v2\/posts"}],"about":[{"href":"https:\/\/www.prijedordanas.com\/index.php?rest_route=\/wp\/v2\/types\/post"}],"author":[{"embeddable":true,"href":"https:\/\/www.prijedordanas.com\/index.php?rest_route=\/wp\/v2\/users\/1"}],"replies":[{"embeddable":true,"href":"https:\/\/www.prijedordanas.com\/index.php?rest_route=%2Fwp%2Fv2%2Fcomments&post=224601"}],"version-history":[{"count":2,"href":"https:\/\/www.prijedordanas.com\/index.php?rest_route=\/wp\/v2\/posts\/224601\/revisions"}],"predecessor-version":[{"id":224635,"href":"https:\/\/www.prijedordanas.com\/index.php?rest_route=\/wp\/v2\/posts\/224601\/revisions\/224635"}],"wp:attachment":[{"href":"https:\/\/www.prijedordanas.com\/index.php?rest_route=%2Fwp%2Fv2%2Fmedia&parent=224601"}],"wp:term":[{"taxonomy":"category","embeddable":true,"href":"https:\/\/www.prijedordanas.com\/index.php?rest_route=%2Fwp%2Fv2%2Fcategories&post=224601"},{"taxonomy":"post_tag","embeddable":true,"href":"https:\/\/www.prijedordanas.com\/index.php?rest_route=%2Fwp%2Fv2%2Ftags&post=224601"}],"curies":[{"name":"wp","href":"https:\/\/api.w.org\/{rel}","templated":true}]}}