{"id":224453,"date":"2024-04-18T09:01:51","date_gmt":"2024-04-18T07:01:51","guid":{"rendered":"https:\/\/www.prijedordanas.com\/?p=224453"},"modified":"2024-04-29T09:11:38","modified_gmt":"2024-04-29T07:11:38","slug":"pu-prijedor-u-prva-tri-mjeseca-imovinski-delikti-u-padu-smanjen-broj-teskih-krada-video","status":"publish","type":"post","link":"https:\/\/www.prijedordanas.com\/?p=224453","title":{"rendered":"PU Prijedor: U prva tri mjeseca imovinski delikti u padu, smanjen broj te\u0161kih kra\u0111a &#8211; VIDEO"},"content":{"rendered":"<p><a href=\"https:\/\/www.prijedordanas.com\/wp-content\/uploads\/2024\/04\/pu-prijedor-mart2024-5.jpg\"><img loading=\"lazy\" decoding=\"async\" src=\"https:\/\/www.prijedordanas.com\/wp-content\/uploads\/2024\/04\/pu-prijedor-mart2024-5-300x225.jpg\" alt=\"\" width=\"300\" height=\"225\" class=\"alignleft size-medium wp-image-224454\" srcset=\"https:\/\/www.prijedordanas.com\/wp-content\/uploads\/2024\/04\/pu-prijedor-mart2024-5-300x225.jpg 300w, https:\/\/www.prijedordanas.com\/wp-content\/uploads\/2024\/04\/pu-prijedor-mart2024-5-640x480.jpg 640w, https:\/\/www.prijedordanas.com\/wp-content\/uploads\/2024\/04\/pu-prijedor-mart2024-5.jpg 667w\" sizes=\"(max-width: 300px) 100vw, 300px\" \/><\/a>Na konferenciji za novinare u PU Prijedor,  na kojoj su prezentovani rezultati rada za prva tri mjeseca ove godine,  re\u010deno je da je smanjen broj te\u0161kih kra\u0111a za 56 odsto, kao  i broj krivi\u010dnih djela imovinskog karaktera. Evidentirano  je krivi\u010dno djelo ubistvo u poku\u0161aju, dok je u nastavku akcije \u201eKalibar\u201c zabilje\u017eeno 6 krivi\u010dnih djela, a rasvijetljeno je i razbojni\u0161tvo po\u010dinjeno nad radnicom kladionice.<\/p>\n<p>Dragan Milojica, na\u010delnik PU Prijedor je istakao da je procenat rasvijetljenosti krivi\u010dnih djela u ovom periodu  91,9 odsto, dok je rasvijetljenost krivi\u010dnih djela po nepoznatom izvr\u0161iocu 68 odsto.<\/p>\n<p>\u201e\u0160to se ti\u010de same strukture krivi\u010dnih djela,  73 krivi\u010dna djela su imovinskog karaktera, gdje tako\u0111e bilje\u017eimo smanjenje za 22 odsto,  u odnosu na uporedni period od pro\u0161le godine. Tako\u0111e je smanjen broj te\u0161kih kra\u0111a. Smanjenje broja te\u0161kih kra\u0111a je 56, 2 odsto u ovom tromjese\u010dju\u201c, naveo je Milojica.<\/p>\n<p>Na\u010delnik Sektora kriminalisti\u010dke policije Goran Karan je istakao da je iz oblasti privrednog kriminaliteta evidentirano 12 krivi\u010dnih djela, a protivpravno ste\u010dena imovinska korist iznosi vi\u0161e od milion maraka.<\/p>\n<p>\u201eKad je u pitanju oblast narkotika bilje\u017eimo za 3 mjeseca 13 krivi\u010dnih djela i 41 prekr\u0161aj. U oblasti privrednog kriminaliteta bilje\u017eimo 12 krivi\u010dnih djela i visina materijalne \u0161tete, odnosno ste\u010dene protivpravne koristi kroz ova krivi\u010dna djela je oko milion konvertibilnih maraka\u201c, istakao je Karan.<\/p>\n<p>Iz  oblasti naru\u0161avanja javnog reda i mira je evidentirano 129 prekr\u0161aja.<\/p>\n<p>\u201eTo predstavlja porast naru\u0161avanja za 43 odsto i broja prekr\u0161aja za 50 odsto, odnosno za uporedni period za pro\u0161lu godinu. Razlog za ovaj porast broja naru\u0161avanja  je u poja\u010danim aktivnostima policijskih slu\u017ebenika koje se od januara provode,  s ciljem otkrivanja i procesuiranja prekr\u0161aja. Tako samo imali za 150 odsto porast broja prekr\u0161aja to\u010denja alkohola vidno pijanim maloljetnim  licima u ugostiteljskim objektima, propu\u0161tanje prijavljivanja naru\u0161avanja javnog reda i mira u ugostiteljskim objektima  za 133 odsto vi\u0161e , dr\u017eanje \u017eivotinja bez nadzora 100 odsto  je pove\u0107anje, a imali smo i porast broja prekr\u0161aja prosja\u010denja za 350 odsto u odnosu na tromjese\u010dje 2023. godine \u201c, rekao je Zoran Je\u017e, na\u010delnik Sektora policije PU Prijedor.<\/p>\n<p>Iz saobra\u0107aja je isklju\u010deno 605 voza\u010da, dogodilo se 219 saobra\u0107ajnih nesre\u0107a, u kojima su poginula 3 lica. Stanje bezbjednosti na podru\u010dju PU Prijedor je zadovoljavaju\u0107e.<\/p>\n<p><a href=\"https:\/\/kozarski.com\/pu-prijedor-u-prva-tri-mjeseca-imovinski-delikti-u-padu-smanjen-broj-teskih-kradja\/\" rel=\"noopener\" target=\"_blank\">kozarski.com<\/a><\/p>\n<p><iframe loading=\"lazy\" title=\"PU PRIJEDOR - U PRVA TRI MJESECA IMOVINSKI DELIKTI U PADU, SMANJEN BROJ TE\u0160KIH KRA\u0110A\" width=\"500\" height=\"281\" src=\"https:\/\/www.youtube.com\/embed\/BMxa80cl8-k?feature=oembed\" frameborder=\"0\" allow=\"accelerometer; autoplay; clipboard-write; encrypted-media; gyroscope; picture-in-picture; web-share\" referrerpolicy=\"strict-origin-when-cross-origin\" allowfullscreen><\/iframe><\/p>\n","protected":false},"excerpt":{"rendered":"<p>Na konferenciji za novinare u PU Prijedor, na kojoj su prezentovani rezultati rada za prva tri mjeseca ove godine, re\u010deno je da je smanjen broj te\u0161kih kra\u0111a za 56 odsto, [&hellip;]<\/p>\n","protected":false},"author":1,"featured_media":0,"comment_status":"closed","ping_status":"open","sticky":false,"template":"","format":"standard","meta":{"_monsterinsights_skip_tracking":false,"_monsterinsights_sitenote_active":false,"_monsterinsights_sitenote_note":"","_monsterinsights_sitenote_category":0,"footnotes":""},"categories":[5],"tags":[],"yoast_head":"<!-- This site is optimized with the Yoast SEO plugin v21.6 - https:\/\/yoast.com\/wordpress\/plugins\/seo\/ -->\n<title>PU Prijedor: U prva tri mjeseca imovinski delikti u padu, smanjen broj te\u0161kih kra\u0111a - VIDEO - PrijedorDanas.com - Prijedorski gradski portal<\/title>\n<meta name=\"robots\" content=\"index, follow, max-snippet:-1, max-image-preview:large, max-video-preview:-1\" \/>\n<link rel=\"canonical\" href=\"https:\/\/www.prijedordanas.com\/?p=224453\" \/>\n<meta property=\"og:locale\" content=\"en_US\" \/>\n<meta property=\"og:type\" content=\"article\" \/>\n<meta property=\"og:title\" content=\"PU Prijedor: U prva tri mjeseca imovinski delikti u padu, smanjen broj te\u0161kih kra\u0111a - VIDEO - PrijedorDanas.com - Prijedorski gradski portal\" \/>\n<meta property=\"og:description\" content=\"Na konferenciji za novinare u PU Prijedor, na kojoj su prezentovani rezultati rada za prva tri mjeseca ove godine, re\u010deno je da je smanjen broj te\u0161kih kra\u0111a za 56 odsto, [&hellip;]\" \/>\n<meta property=\"og:url\" content=\"https:\/\/www.prijedordanas.com\/?p=224453\" \/>\n<meta property=\"og:site_name\" content=\"PrijedorDanas.com - Prijedorski gradski portal\" \/>\n<meta property=\"article:publisher\" content=\"https:\/\/www.facebook.com\/PrijedorDanasCom\/\" \/>\n<meta property=\"article:published_time\" content=\"2024-04-18T07:01:51+00:00\" \/>\n<meta property=\"article:modified_time\" content=\"2024-04-29T07:11:38+00:00\" \/>\n<meta property=\"og:image\" content=\"https:\/\/www.prijedordanas.com\/wp-content\/uploads\/2024\/04\/pu-prijedor-mart2024-5-300x225.jpg\" \/>\n<meta name=\"author\" content=\"admin\" \/>\n<meta name=\"twitter:card\" content=\"summary_large_image\" \/>\n<meta name=\"twitter:label1\" content=\"Written by\" \/>\n\t<meta name=\"twitter:data1\" content=\"admin\" \/>\n<script type=\"application\/ld+json\" class=\"yoast-schema-graph\">{\"@context\":\"https:\/\/schema.org\",\"@graph\":[{\"@type\":\"Article\",\"@id\":\"https:\/\/www.prijedordanas.com\/?p=224453#article\",\"isPartOf\":{\"@id\":\"https:\/\/www.prijedordanas.com\/?p=224453\"},\"author\":{\"name\":\"admin\",\"@id\":\"https:\/\/www.prijedordanas.com\/#\/schema\/person\/4e08ccf29b506ca916ff86d46bb700e6\"},\"headline\":\"PU Prijedor: U prva tri mjeseca imovinski delikti u padu, smanjen broj te\u0161kih kra\u0111a &#8211; VIDEO\",\"datePublished\":\"2024-04-18T07:01:51+00:00\",\"dateModified\":\"2024-04-29T07:11:38+00:00\",\"mainEntityOfPage\":{\"@id\":\"https:\/\/www.prijedordanas.com\/?p=224453\"},\"wordCount\":429,\"publisher\":{\"@id\":\"https:\/\/www.prijedordanas.com\/#organization\"},\"articleSection\":[\"Hronika\"],\"inLanguage\":\"en-US\"},{\"@type\":\"WebPage\",\"@id\":\"https:\/\/www.prijedordanas.com\/?p=224453\",\"url\":\"https:\/\/www.prijedordanas.com\/?p=224453\",\"name\":\"PU Prijedor: U prva tri mjeseca imovinski delikti u padu, smanjen broj te\u0161kih kra\u0111a - VIDEO - PrijedorDanas.com - Prijedorski gradski portal\",\"isPartOf\":{\"@id\":\"https:\/\/www.prijedordanas.com\/#website\"},\"datePublished\":\"2024-04-18T07:01:51+00:00\",\"dateModified\":\"2024-04-29T07:11:38+00:00\",\"breadcrumb\":{\"@id\":\"https:\/\/www.prijedordanas.com\/?p=224453#breadcrumb\"},\"inLanguage\":\"en-US\",\"potentialAction\":[{\"@type\":\"ReadAction\",\"target\":[\"https:\/\/www.prijedordanas.com\/?p=224453\"]}]},{\"@type\":\"BreadcrumbList\",\"@id\":\"https:\/\/www.prijedordanas.com\/?p=224453#breadcrumb\",\"itemListElement\":[{\"@type\":\"ListItem\",\"position\":1,\"name\":\"Home\",\"item\":\"https:\/\/www.prijedordanas.com\/\"},{\"@type\":\"ListItem\",\"position\":2,\"name\":\"PU Prijedor: U prva tri mjeseca imovinski delikti u padu, smanjen broj te\u0161kih kra\u0111a &#8211; VIDEO\"}]},{\"@type\":\"WebSite\",\"@id\":\"https:\/\/www.prijedordanas.com\/#website\",\"url\":\"https:\/\/www.prijedordanas.com\/\",\"name\":\"PrijedorDanas.com - Prijedorski gradski portal\",\"description\":\"Portal o doga\u0111anjima u gradu Prijedoru\",\"publisher\":{\"@id\":\"https:\/\/www.prijedordanas.com\/#organization\"},\"potentialAction\":[{\"@type\":\"SearchAction\",\"target\":{\"@type\":\"EntryPoint\",\"urlTemplate\":\"https:\/\/www.prijedordanas.com\/?s={search_term_string}\"},\"query-input\":\"required name=search_term_string\"}],\"inLanguage\":\"en-US\"},{\"@type\":\"Organization\",\"@id\":\"https:\/\/www.prijedordanas.com\/#organization\",\"name\":\"PrijedorDanas.com\",\"url\":\"https:\/\/www.prijedordanas.com\/\",\"logo\":{\"@type\":\"ImageObject\",\"inLanguage\":\"en-US\",\"@id\":\"https:\/\/www.prijedordanas.com\/#\/schema\/logo\/image\/\",\"url\":\"http:\/\/www.prijedordanas.com\/wp-content\/uploads\/2021\/12\/logopng.png\",\"contentUrl\":\"http:\/\/www.prijedordanas.com\/wp-content\/uploads\/2021\/12\/logopng.png\",\"width\":1019,\"height\":776,\"caption\":\"PrijedorDanas.com\"},\"image\":{\"@id\":\"https:\/\/www.prijedordanas.com\/#\/schema\/logo\/image\/\"},\"sameAs\":[\"https:\/\/www.facebook.com\/PrijedorDanasCom\/\"]},{\"@type\":\"Person\",\"@id\":\"https:\/\/www.prijedordanas.com\/#\/schema\/person\/4e08ccf29b506ca916ff86d46bb700e6\",\"name\":\"admin\",\"image\":{\"@type\":\"ImageObject\",\"inLanguage\":\"en-US\",\"@id\":\"https:\/\/www.prijedordanas.com\/#\/schema\/person\/image\/\",\"url\":\"https:\/\/secure.gravatar.com\/avatar\/1d3fc949d550f0b53a5f0d51e06dfd79?s=96&d=mm&r=g\",\"contentUrl\":\"https:\/\/secure.gravatar.com\/avatar\/1d3fc949d550f0b53a5f0d51e06dfd79?s=96&d=mm&r=g\",\"caption\":\"admin\"},\"url\":\"https:\/\/www.prijedordanas.com\/?author=1\"}]}<\/script>\n<!-- \/ Yoast SEO plugin. -->","yoast_head_json":{"title":"PU Prijedor: U prva tri mjeseca imovinski delikti u padu, smanjen broj te\u0161kih kra\u0111a - VIDEO - PrijedorDanas.com - Prijedorski gradski portal","robots":{"index":"index","follow":"follow","max-snippet":"max-snippet:-1","max-image-preview":"max-image-preview:large","max-video-preview":"max-video-preview:-1"},"canonical":"https:\/\/www.prijedordanas.com\/?p=224453","og_locale":"en_US","og_type":"article","og_title":"PU Prijedor: U prva tri mjeseca imovinski delikti u padu, smanjen broj te\u0161kih kra\u0111a - VIDEO - PrijedorDanas.com - Prijedorski gradski portal","og_description":"Na konferenciji za novinare u PU Prijedor, na kojoj su prezentovani rezultati rada za prva tri mjeseca ove godine, re\u010deno je da je smanjen broj te\u0161kih kra\u0111a za 56 odsto, [&hellip;]","og_url":"https:\/\/www.prijedordanas.com\/?p=224453","og_site_name":"PrijedorDanas.com - Prijedorski gradski portal","article_publisher":"https:\/\/www.facebook.com\/PrijedorDanasCom\/","article_published_time":"2024-04-18T07:01:51+00:00","article_modified_time":"2024-04-29T07:11:38+00:00","og_image":[{"url":"https:\/\/www.prijedordanas.com\/wp-content\/uploads\/2024\/04\/pu-prijedor-mart2024-5-300x225.jpg"}],"author":"admin","twitter_card":"summary_large_image","twitter_misc":{"Written by":"admin"},"schema":{"@context":"https:\/\/schema.org","@graph":[{"@type":"Article","@id":"https:\/\/www.prijedordanas.com\/?p=224453#article","isPartOf":{"@id":"https:\/\/www.prijedordanas.com\/?p=224453"},"author":{"name":"admin","@id":"https:\/\/www.prijedordanas.com\/#\/schema\/person\/4e08ccf29b506ca916ff86d46bb700e6"},"headline":"PU Prijedor: U prva tri mjeseca imovinski delikti u padu, smanjen broj te\u0161kih kra\u0111a &#8211; VIDEO","datePublished":"2024-04-18T07:01:51+00:00","dateModified":"2024-04-29T07:11:38+00:00","mainEntityOfPage":{"@id":"https:\/\/www.prijedordanas.com\/?p=224453"},"wordCount":429,"publisher":{"@id":"https:\/\/www.prijedordanas.com\/#organization"},"articleSection":["Hronika"],"inLanguage":"en-US"},{"@type":"WebPage","@id":"https:\/\/www.prijedordanas.com\/?p=224453","url":"https:\/\/www.prijedordanas.com\/?p=224453","name":"PU Prijedor: U prva tri mjeseca imovinski delikti u padu, smanjen broj te\u0161kih kra\u0111a - VIDEO - PrijedorDanas.com - Prijedorski gradski portal","isPartOf":{"@id":"https:\/\/www.prijedordanas.com\/#website"},"datePublished":"2024-04-18T07:01:51+00:00","dateModified":"2024-04-29T07:11:38+00:00","breadcrumb":{"@id":"https:\/\/www.prijedordanas.com\/?p=224453#breadcrumb"},"inLanguage":"en-US","potentialAction":[{"@type":"ReadAction","target":["https:\/\/www.prijedordanas.com\/?p=224453"]}]},{"@type":"BreadcrumbList","@id":"https:\/\/www.prijedordanas.com\/?p=224453#breadcrumb","itemListElement":[{"@type":"ListItem","position":1,"name":"Home","item":"https:\/\/www.prijedordanas.com\/"},{"@type":"ListItem","position":2,"name":"PU Prijedor: U prva tri mjeseca imovinski delikti u padu, smanjen broj te\u0161kih kra\u0111a &#8211; VIDEO"}]},{"@type":"WebSite","@id":"https:\/\/www.prijedordanas.com\/#website","url":"https:\/\/www.prijedordanas.com\/","name":"PrijedorDanas.com - Prijedorski gradski portal","description":"Portal o doga\u0111anjima u gradu Prijedoru","publisher":{"@id":"https:\/\/www.prijedordanas.com\/#organization"},"potentialAction":[{"@type":"SearchAction","target":{"@type":"EntryPoint","urlTemplate":"https:\/\/www.prijedordanas.com\/?s={search_term_string}"},"query-input":"required name=search_term_string"}],"inLanguage":"en-US"},{"@type":"Organization","@id":"https:\/\/www.prijedordanas.com\/#organization","name":"PrijedorDanas.com","url":"https:\/\/www.prijedordanas.com\/","logo":{"@type":"ImageObject","inLanguage":"en-US","@id":"https:\/\/www.prijedordanas.com\/#\/schema\/logo\/image\/","url":"http:\/\/www.prijedordanas.com\/wp-content\/uploads\/2021\/12\/logopng.png","contentUrl":"http:\/\/www.prijedordanas.com\/wp-content\/uploads\/2021\/12\/logopng.png","width":1019,"height":776,"caption":"PrijedorDanas.com"},"image":{"@id":"https:\/\/www.prijedordanas.com\/#\/schema\/logo\/image\/"},"sameAs":["https:\/\/www.facebook.com\/PrijedorDanasCom\/"]},{"@type":"Person","@id":"https:\/\/www.prijedordanas.com\/#\/schema\/person\/4e08ccf29b506ca916ff86d46bb700e6","name":"admin","image":{"@type":"ImageObject","inLanguage":"en-US","@id":"https:\/\/www.prijedordanas.com\/#\/schema\/person\/image\/","url":"https:\/\/secure.gravatar.com\/avatar\/1d3fc949d550f0b53a5f0d51e06dfd79?s=96&d=mm&r=g","contentUrl":"https:\/\/secure.gravatar.com\/avatar\/1d3fc949d550f0b53a5f0d51e06dfd79?s=96&d=mm&r=g","caption":"admin"},"url":"https:\/\/www.prijedordanas.com\/?author=1"}]}},"_links":{"self":[{"href":"https:\/\/www.prijedordanas.com\/index.php?rest_route=\/wp\/v2\/posts\/224453"}],"collection":[{"href":"https:\/\/www.prijedordanas.com\/index.php?rest_route=\/wp\/v2\/posts"}],"about":[{"href":"https:\/\/www.prijedordanas.com\/index.php?rest_route=\/wp\/v2\/types\/post"}],"author":[{"embeddable":true,"href":"https:\/\/www.prijedordanas.com\/index.php?rest_route=\/wp\/v2\/users\/1"}],"replies":[{"embeddable":true,"href":"https:\/\/www.prijedordanas.com\/index.php?rest_route=%2Fwp%2Fv2%2Fcomments&post=224453"}],"version-history":[{"count":1,"href":"https:\/\/www.prijedordanas.com\/index.php?rest_route=\/wp\/v2\/posts\/224453\/revisions"}],"predecessor-version":[{"id":224455,"href":"https:\/\/www.prijedordanas.com\/index.php?rest_route=\/wp\/v2\/posts\/224453\/revisions\/224455"}],"wp:attachment":[{"href":"https:\/\/www.prijedordanas.com\/index.php?rest_route=%2Fwp%2Fv2%2Fmedia&parent=224453"}],"wp:term":[{"taxonomy":"category","embeddable":true,"href":"https:\/\/www.prijedordanas.com\/index.php?rest_route=%2Fwp%2Fv2%2Fcategories&post=224453"},{"taxonomy":"post_tag","embeddable":true,"href":"https:\/\/www.prijedordanas.com\/index.php?rest_route=%2Fwp%2Fv2%2Ftags&post=224453"}],"curies":[{"name":"wp","href":"https:\/\/api.w.org\/{rel}","templated":true}]}}