{"id":224376,"date":"2024-04-28T15:59:29","date_gmt":"2024-04-28T13:59:29","guid":{"rendered":"https:\/\/www.prijedordanas.com\/?p=224376"},"modified":"2024-04-28T15:59:29","modified_gmt":"2024-04-28T13:59:29","slug":"uzasna-sudbina-zene-iz-prijedora-kcerku-joj-ubili-u-frankfurtu-njoj-prijetili-srpski-forenzicar-i-parapsiholog-pomazu-joj-da-dode-do-istine","status":"publish","type":"post","link":"https:\/\/www.prijedordanas.com\/?p=224376","title":{"rendered":"U\u017easna sudbina \u017eene iz Prijedora &#8211; K\u0107erku joj ubili u Frankfurtu, njoj prijetili: Srpski forenzi\u010dar i parapsiholog poma\u017eu joj da do\u0111e do istine"},"content":{"rendered":"<p><a href=\"https:\/\/www.prijedordanas.com\/wp-content\/uploads\/2024\/04\/alo-iris-forenzicar.jpg\"><img loading=\"lazy\" decoding=\"async\" class=\"alignleft size-medium wp-image-224371\" src=\"https:\/\/www.prijedordanas.com\/wp-content\/uploads\/2024\/04\/alo-iris-forenzicar-300x225.jpg\" alt=\"\" width=\"300\" height=\"225\" srcset=\"https:\/\/www.prijedordanas.com\/wp-content\/uploads\/2024\/04\/alo-iris-forenzicar-300x225.jpg 300w, https:\/\/www.prijedordanas.com\/wp-content\/uploads\/2024\/04\/alo-iris-forenzicar-640x480.jpg 640w, https:\/\/www.prijedordanas.com\/wp-content\/uploads\/2024\/04\/alo-iris-forenzicar.jpg 667w\" sizes=\"(max-width: 300px) 100vw, 300px\" \/><\/a>Srpski forenzi\u010dar \u010caslav Risti\u0107 i parapsiholog Robert Kajsler, koji ve\u0107 25 godina poma\u017ee policiji na Floridi u rasvetljavanju najte\u017eih zlo\u010dina, sada rje\u0161avaju smrt Bjanke Halupe (28) porijeklom iz Srbije, koja je prije \u0161est mjeseci ubijena u svom stanu u Frankfurtu pod misterioznim okolnostima!<\/p>\n<p>Bjanka Halupa, koja je ro\u0111ena u Njema\u010dkoj, na\u0111ena je 4. oktobra 2023. masakrirana u svom stanu u Frankfurtu.<\/p>\n<p>Njena majka Iris Halupa, koja je rodom iz Prijedora iz Republike Srpske, ka\u017ee da je anga\u017eovala stru\u010dnjake iz Srbije kako bi otkrila \u0161ta je prethodilo zlo\u010dinu i za\u0161to je njena \u0107erka brutalno zadavljena kai\u0161em, a potom masakrirana, jer od njema\u010dke policije ne mo\u017ee ni\u0161ta da sazna.<\/p>\n<p>Poslije zlo\u010dina je samo portal Fenix magazin objavio \u0161turu informaciju da je policija u Frankfurtu uhapsila 17-godi\u0161njeg tinejd\u017eera zbog sumnje da je ubio Bjanku u frankfurtskoj \u010detvrti Zahsenhauzen.<\/p>\n<p><a href=\"https:\/\/www.prijedordanas.com\/wp-content\/uploads\/2024\/04\/alo-majka-iris.jpg\"><img loading=\"lazy\" decoding=\"async\" class=\"alignleft size-medium wp-image-224372\" src=\"https:\/\/www.prijedordanas.com\/wp-content\/uploads\/2024\/04\/alo-majka-iris-139x300.jpg\" alt=\"\" width=\"139\" height=\"300\" srcset=\"https:\/\/www.prijedordanas.com\/wp-content\/uploads\/2024\/04\/alo-majka-iris-139x300.jpg 139w, https:\/\/www.prijedordanas.com\/wp-content\/uploads\/2024\/04\/alo-majka-iris.jpg 277w\" sizes=\"(max-width: 139px) 100vw, 139px\" \/><\/a>Mladi\u0107 je istog dana uhva\u0107en u \u010detvrti Bonames na sjeveru Frankfurta i nalazi se u pritvoru, ali se sada Bjankina majka na\u0161la na meti kako se sumnja ortaka osumnji\u010denog mladi\u0107a.<\/p>\n<p>Majka ubijene Bjanke je 7. aprila no\u017eem napadnuta nasred hodnika zgrade u kojoj \u017eivi.<\/p>\n<p>Presrela su je dvojica maskiranih mladi\u0107a i nanijeli joj brojne povrede i posjekotine, zbog \u010dega je zavr\u0161ila u bolnici.<\/p>\n<p>\u2013 Zaprijetili su mi da ne smijem da zucnem. Poru\u010dili su mi da na sudu ne smijem da svjedo\u010dim protiv njihovog zemljaka. O\u010digledno je da \u017eele da me prisile da odem jer privatno istra\u017eujem ubistvo. Pro\u0161lo mi je kroz glavu da su se mo\u017eda namera\u010dili na Bjankin stan. Ona je \u017eivjela u istoj zgradi, dijelio nas je samo jedan stan. \u010cesto mladi\u0107i tamne puti, za koje sumnjam da su iz Tunisa, kao i osumnji\u010deni, dolaze ispred zgrade i zure u moj stan. Slikala sam jednog telefonom i prijavila ga policiji \u2013 ka\u017ee Iris, i tvrdi da je policija napravila mnogo propusta.<\/p>\n<p><a href=\"https:\/\/www.prijedordanas.com\/wp-content\/uploads\/2024\/04\/alo-mladic-ispred-zgrade.jpg\"><img loading=\"lazy\" decoding=\"async\" class=\"alignleft size-medium wp-image-224373\" src=\"https:\/\/www.prijedordanas.com\/wp-content\/uploads\/2024\/04\/alo-mladic-ispred-zgrade-139x300.jpg\" alt=\"\" width=\"139\" height=\"300\" srcset=\"https:\/\/www.prijedordanas.com\/wp-content\/uploads\/2024\/04\/alo-mladic-ispred-zgrade-139x300.jpg 139w, https:\/\/www.prijedordanas.com\/wp-content\/uploads\/2024\/04\/alo-mladic-ispred-zgrade.jpg 277w\" sizes=\"(max-width: 139px) 100vw, 139px\" \/><\/a>La\u017eni o\u010duh potvrdio identitet \u017ertve<\/p>\n<p>Prema rije\u010dima Iris Halupe, u mrtva\u010dnici je bio N. N. mu\u0161karac koji je potvrdio Bjankin identitet i potpisao papire kao o\u010duh.<\/p>\n<p>\u2013 Moja k\u0107erka nije imala o\u010duha, samo oca. Me\u0111utim, policija ne \u017eeli da pokrene istragu i utvrdi ko je taj mu\u0161karac koji se la\u017eno predstavio kao o\u010duh niti su do sada otkrili motiv ubistva \u2013 tvrdi majka ubijene djevojke, pi\u0161e Alo.rs.<\/p>\n<p>\u2013 Policija me do sada nije pozvala kao Bjankinu majku i kom\u0161inicu da dam izjavu o doga\u0111aju. Nisu pozvali ni moje dvije k\u0107eri niti Bjankinog momka. Nisu me zvali na prepoznavanje k\u0107erkinog tijela. Spakovali su moju Bjanku u crnu vre\u0107u i oti\u0161li. Samo majka mo\u017ee da prepozna svoje dijete. \u010cisto sumnjam da bi je neko drugi prepoznao poslije brutalnog ubistva. Odmah poslije ubistva sam vi\u0161e puta sa nepoznatog broja telefona dobila prijetnje smr\u0107u, ali policija ne preduzima ama ba\u0161 ni\u0161ta \u2013 pri\u010da Iris, i dodaje da je igrom slu\u010daja izbjegla smrt.<\/p>\n<p>\u2013 Ista grupa napada\u010da koja je ubila moju Bjanku me je napala no\u017eem. Policija je do\u0161la, ali ni\u0161ta nije preduzela. Napada\u010d je bio obu\u010den u crno, tamne je boje ko\u017ee i htio je da u\u0111e u Bjankin stan. Sve se desilo slu\u010dajno, kada sam iza\u0161la iz svog stana da operem ve\u0161. Za\u0161titila sam se korpom za ve\u0161 da me ne ubode. U stan moje k\u0107erke mo\u017ee da u\u0111e ko ho\u0107e jer su vrata razvaljena, krijem rupu sa gajbom i cvije\u0107em, da je manje vidljiva. Ubice su ukrale razne stvari iz Bjankinog stana. Prona\u0111ena su dva telefona i elektri\u010dni trotinet, ali me niko nije pozvao iz policije da prepoznam stvari \u2013 ogor\u010deno ka\u017ee Iris, i isti\u010de da se uzda u pomo\u0107 forenzi\u010dara Risti\u0107a i Roberta Kajslera, koji sara\u0111uje s policijom \u0161irom svijeta.<\/p>\n<p><a href=\"https:\/\/www.prijedordanas.com\/wp-content\/uploads\/2024\/04\/alo-robert-kajsler.jpg\"><img loading=\"lazy\" decoding=\"async\" src=\"https:\/\/www.prijedordanas.com\/wp-content\/uploads\/2024\/04\/alo-robert-kajsler-300x170.jpg\" alt=\"\" width=\"300\" height=\"170\" class=\"alignleft size-medium wp-image-224374\" srcset=\"https:\/\/www.prijedordanas.com\/wp-content\/uploads\/2024\/04\/alo-robert-kajsler-300x170.jpg 300w, https:\/\/www.prijedordanas.com\/wp-content\/uploads\/2024\/04\/alo-robert-kajsler.jpg 600w\" sizes=\"(max-width: 300px) 100vw, 300px\" \/><\/a>Slikala mrtvu k\u0107erku i isjekla joj kosu<\/p>\n<p>Iris Halupa ka\u017ee da je poslije k\u0107erkinog ubistva pro\u017eivjela agoniju.<\/p>\n<p>\u2013 Sjedila sam danima i umirala razmi\u0161ljaju\u0107i da li je u crnoj vre\u0107i moja k\u0107i. Robert mi je rekao: \u201e Zovi policiju i tra\u017ei da vidi\u0161 svoje dijete. Isijeci joj kosu i slikaj je telefonom.\u201c Tako sam i uradila. Kad sam napokon vidjela k\u0107erku, slikala sam je i isjekla joj kosu. Robert mi je rekao da moramo da preduzmemo sve mjere preventive ako slu\u010daj krene naopako. Jo\u0161 nismo dobili izvje\u0161taj o biolo\u0161kim tragovima u Bjankinom stanu i ne znamo da li su mo\u017eda uni\u0161teni, jer je policija poslije uvi\u0111aja oprala podove \u2013 ka\u017ee Iris.<\/p>\n<p>aloonline.ba<\/p>\n","protected":false},"excerpt":{"rendered":"<p>Srpski forenzi\u010dar \u010caslav Risti\u0107 i parapsiholog Robert Kajsler, koji ve\u0107 25 godina poma\u017ee policiji na Floridi u rasvetljavanju najte\u017eih zlo\u010dina, sada rje\u0161avaju smrt Bjanke Halupe (28) porijeklom iz Srbije, koja [&hellip;]<\/p>\n","protected":false},"author":1,"featured_media":0,"comment_status":"closed","ping_status":"open","sticky":false,"template":"","format":"standard","meta":{"_monsterinsights_skip_tracking":false,"_monsterinsights_sitenote_active":false,"_monsterinsights_sitenote_note":"","_monsterinsights_sitenote_category":0,"footnotes":""},"categories":[5],"tags":[],"yoast_head":"<!-- This site is optimized with the Yoast SEO plugin v21.6 - https:\/\/yoast.com\/wordpress\/plugins\/seo\/ -->\n<title>U\u017easna sudbina \u017eene iz Prijedora - K\u0107erku joj ubili u Frankfurtu, njoj prijetili: Srpski forenzi\u010dar i parapsiholog poma\u017eu joj da do\u0111e do istine - PrijedorDanas.com - Prijedorski gradski portal<\/title>\n<meta name=\"robots\" content=\"index, follow, max-snippet:-1, max-image-preview:large, max-video-preview:-1\" \/>\n<link rel=\"canonical\" href=\"https:\/\/www.prijedordanas.com\/?p=224376\" \/>\n<meta property=\"og:locale\" content=\"en_US\" \/>\n<meta property=\"og:type\" content=\"article\" \/>\n<meta property=\"og:title\" content=\"U\u017easna sudbina \u017eene iz Prijedora - K\u0107erku joj ubili u Frankfurtu, njoj prijetili: Srpski forenzi\u010dar i parapsiholog poma\u017eu joj da do\u0111e do istine - PrijedorDanas.com - Prijedorski gradski portal\" \/>\n<meta property=\"og:description\" content=\"Srpski forenzi\u010dar \u010caslav Risti\u0107 i parapsiholog Robert Kajsler, koji ve\u0107 25 godina poma\u017ee policiji na Floridi u rasvetljavanju najte\u017eih zlo\u010dina, sada rje\u0161avaju smrt Bjanke Halupe (28) porijeklom iz Srbije, koja [&hellip;]\" \/>\n<meta property=\"og:url\" content=\"https:\/\/www.prijedordanas.com\/?p=224376\" \/>\n<meta property=\"og:site_name\" content=\"PrijedorDanas.com - Prijedorski gradski portal\" \/>\n<meta property=\"article:publisher\" content=\"https:\/\/www.facebook.com\/PrijedorDanasCom\/\" \/>\n<meta property=\"article:published_time\" content=\"2024-04-28T13:59:29+00:00\" \/>\n<meta property=\"og:image\" content=\"https:\/\/www.prijedordanas.com\/wp-content\/uploads\/2024\/04\/alo-iris-forenzicar-300x225.jpg\" \/>\n<meta name=\"author\" content=\"admin\" \/>\n<meta name=\"twitter:card\" content=\"summary_large_image\" \/>\n<meta name=\"twitter:label1\" content=\"Written by\" \/>\n\t<meta name=\"twitter:data1\" content=\"admin\" \/>\n<script type=\"application\/ld+json\" class=\"yoast-schema-graph\">{\"@context\":\"https:\/\/schema.org\",\"@graph\":[{\"@type\":\"Article\",\"@id\":\"https:\/\/www.prijedordanas.com\/?p=224376#article\",\"isPartOf\":{\"@id\":\"https:\/\/www.prijedordanas.com\/?p=224376\"},\"author\":{\"name\":\"admin\",\"@id\":\"https:\/\/www.prijedordanas.com\/#\/schema\/person\/4e08ccf29b506ca916ff86d46bb700e6\"},\"headline\":\"U\u017easna sudbina \u017eene iz Prijedora &#8211; K\u0107erku joj ubili u Frankfurtu, njoj prijetili: Srpski forenzi\u010dar i parapsiholog poma\u017eu joj da do\u0111e do istine\",\"datePublished\":\"2024-04-28T13:59:29+00:00\",\"dateModified\":\"2024-04-28T13:59:29+00:00\",\"mainEntityOfPage\":{\"@id\":\"https:\/\/www.prijedordanas.com\/?p=224376\"},\"wordCount\":816,\"publisher\":{\"@id\":\"https:\/\/www.prijedordanas.com\/#organization\"},\"articleSection\":[\"Hronika\"],\"inLanguage\":\"en-US\"},{\"@type\":\"WebPage\",\"@id\":\"https:\/\/www.prijedordanas.com\/?p=224376\",\"url\":\"https:\/\/www.prijedordanas.com\/?p=224376\",\"name\":\"U\u017easna sudbina \u017eene iz Prijedora - K\u0107erku joj ubili u Frankfurtu, njoj prijetili: Srpski forenzi\u010dar i parapsiholog poma\u017eu joj da do\u0111e do istine - PrijedorDanas.com - Prijedorski gradski portal\",\"isPartOf\":{\"@id\":\"https:\/\/www.prijedordanas.com\/#website\"},\"datePublished\":\"2024-04-28T13:59:29+00:00\",\"dateModified\":\"2024-04-28T13:59:29+00:00\",\"breadcrumb\":{\"@id\":\"https:\/\/www.prijedordanas.com\/?p=224376#breadcrumb\"},\"inLanguage\":\"en-US\",\"potentialAction\":[{\"@type\":\"ReadAction\",\"target\":[\"https:\/\/www.prijedordanas.com\/?p=224376\"]}]},{\"@type\":\"BreadcrumbList\",\"@id\":\"https:\/\/www.prijedordanas.com\/?p=224376#breadcrumb\",\"itemListElement\":[{\"@type\":\"ListItem\",\"position\":1,\"name\":\"Home\",\"item\":\"https:\/\/www.prijedordanas.com\/\"},{\"@type\":\"ListItem\",\"position\":2,\"name\":\"U\u017easna sudbina \u017eene iz Prijedora &#8211; K\u0107erku joj ubili u Frankfurtu, njoj prijetili: Srpski forenzi\u010dar i parapsiholog poma\u017eu joj da do\u0111e do istine\"}]},{\"@type\":\"WebSite\",\"@id\":\"https:\/\/www.prijedordanas.com\/#website\",\"url\":\"https:\/\/www.prijedordanas.com\/\",\"name\":\"PrijedorDanas.com - Prijedorski gradski portal\",\"description\":\"Portal o doga\u0111anjima u gradu Prijedoru\",\"publisher\":{\"@id\":\"https:\/\/www.prijedordanas.com\/#organization\"},\"potentialAction\":[{\"@type\":\"SearchAction\",\"target\":{\"@type\":\"EntryPoint\",\"urlTemplate\":\"https:\/\/www.prijedordanas.com\/?s={search_term_string}\"},\"query-input\":\"required name=search_term_string\"}],\"inLanguage\":\"en-US\"},{\"@type\":\"Organization\",\"@id\":\"https:\/\/www.prijedordanas.com\/#organization\",\"name\":\"PrijedorDanas.com\",\"url\":\"https:\/\/www.prijedordanas.com\/\",\"logo\":{\"@type\":\"ImageObject\",\"inLanguage\":\"en-US\",\"@id\":\"https:\/\/www.prijedordanas.com\/#\/schema\/logo\/image\/\",\"url\":\"http:\/\/www.prijedordanas.com\/wp-content\/uploads\/2021\/12\/logopng.png\",\"contentUrl\":\"http:\/\/www.prijedordanas.com\/wp-content\/uploads\/2021\/12\/logopng.png\",\"width\":1019,\"height\":776,\"caption\":\"PrijedorDanas.com\"},\"image\":{\"@id\":\"https:\/\/www.prijedordanas.com\/#\/schema\/logo\/image\/\"},\"sameAs\":[\"https:\/\/www.facebook.com\/PrijedorDanasCom\/\"]},{\"@type\":\"Person\",\"@id\":\"https:\/\/www.prijedordanas.com\/#\/schema\/person\/4e08ccf29b506ca916ff86d46bb700e6\",\"name\":\"admin\",\"image\":{\"@type\":\"ImageObject\",\"inLanguage\":\"en-US\",\"@id\":\"https:\/\/www.prijedordanas.com\/#\/schema\/person\/image\/\",\"url\":\"https:\/\/secure.gravatar.com\/avatar\/1d3fc949d550f0b53a5f0d51e06dfd79?s=96&d=mm&r=g\",\"contentUrl\":\"https:\/\/secure.gravatar.com\/avatar\/1d3fc949d550f0b53a5f0d51e06dfd79?s=96&d=mm&r=g\",\"caption\":\"admin\"},\"url\":\"https:\/\/www.prijedordanas.com\/?author=1\"}]}<\/script>\n<!-- \/ Yoast SEO plugin. -->","yoast_head_json":{"title":"U\u017easna sudbina \u017eene iz Prijedora - K\u0107erku joj ubili u Frankfurtu, njoj prijetili: Srpski forenzi\u010dar i parapsiholog poma\u017eu joj da do\u0111e do istine - PrijedorDanas.com - Prijedorski gradski portal","robots":{"index":"index","follow":"follow","max-snippet":"max-snippet:-1","max-image-preview":"max-image-preview:large","max-video-preview":"max-video-preview:-1"},"canonical":"https:\/\/www.prijedordanas.com\/?p=224376","og_locale":"en_US","og_type":"article","og_title":"U\u017easna sudbina \u017eene iz Prijedora - K\u0107erku joj ubili u Frankfurtu, njoj prijetili: Srpski forenzi\u010dar i parapsiholog poma\u017eu joj da do\u0111e do istine - PrijedorDanas.com - Prijedorski gradski portal","og_description":"Srpski forenzi\u010dar \u010caslav Risti\u0107 i parapsiholog Robert Kajsler, koji ve\u0107 25 godina poma\u017ee policiji na Floridi u rasvetljavanju najte\u017eih zlo\u010dina, sada rje\u0161avaju smrt Bjanke Halupe (28) porijeklom iz Srbije, koja [&hellip;]","og_url":"https:\/\/www.prijedordanas.com\/?p=224376","og_site_name":"PrijedorDanas.com - Prijedorski gradski portal","article_publisher":"https:\/\/www.facebook.com\/PrijedorDanasCom\/","article_published_time":"2024-04-28T13:59:29+00:00","og_image":[{"url":"https:\/\/www.prijedordanas.com\/wp-content\/uploads\/2024\/04\/alo-iris-forenzicar-300x225.jpg"}],"author":"admin","twitter_card":"summary_large_image","twitter_misc":{"Written by":"admin"},"schema":{"@context":"https:\/\/schema.org","@graph":[{"@type":"Article","@id":"https:\/\/www.prijedordanas.com\/?p=224376#article","isPartOf":{"@id":"https:\/\/www.prijedordanas.com\/?p=224376"},"author":{"name":"admin","@id":"https:\/\/www.prijedordanas.com\/#\/schema\/person\/4e08ccf29b506ca916ff86d46bb700e6"},"headline":"U\u017easna sudbina \u017eene iz Prijedora &#8211; K\u0107erku joj ubili u Frankfurtu, njoj prijetili: Srpski forenzi\u010dar i parapsiholog poma\u017eu joj da do\u0111e do istine","datePublished":"2024-04-28T13:59:29+00:00","dateModified":"2024-04-28T13:59:29+00:00","mainEntityOfPage":{"@id":"https:\/\/www.prijedordanas.com\/?p=224376"},"wordCount":816,"publisher":{"@id":"https:\/\/www.prijedordanas.com\/#organization"},"articleSection":["Hronika"],"inLanguage":"en-US"},{"@type":"WebPage","@id":"https:\/\/www.prijedordanas.com\/?p=224376","url":"https:\/\/www.prijedordanas.com\/?p=224376","name":"U\u017easna sudbina \u017eene iz Prijedora - K\u0107erku joj ubili u Frankfurtu, njoj prijetili: Srpski forenzi\u010dar i parapsiholog poma\u017eu joj da do\u0111e do istine - PrijedorDanas.com - Prijedorski gradski portal","isPartOf":{"@id":"https:\/\/www.prijedordanas.com\/#website"},"datePublished":"2024-04-28T13:59:29+00:00","dateModified":"2024-04-28T13:59:29+00:00","breadcrumb":{"@id":"https:\/\/www.prijedordanas.com\/?p=224376#breadcrumb"},"inLanguage":"en-US","potentialAction":[{"@type":"ReadAction","target":["https:\/\/www.prijedordanas.com\/?p=224376"]}]},{"@type":"BreadcrumbList","@id":"https:\/\/www.prijedordanas.com\/?p=224376#breadcrumb","itemListElement":[{"@type":"ListItem","position":1,"name":"Home","item":"https:\/\/www.prijedordanas.com\/"},{"@type":"ListItem","position":2,"name":"U\u017easna sudbina \u017eene iz Prijedora &#8211; K\u0107erku joj ubili u Frankfurtu, njoj prijetili: Srpski forenzi\u010dar i parapsiholog poma\u017eu joj da do\u0111e do istine"}]},{"@type":"WebSite","@id":"https:\/\/www.prijedordanas.com\/#website","url":"https:\/\/www.prijedordanas.com\/","name":"PrijedorDanas.com - Prijedorski gradski portal","description":"Portal o doga\u0111anjima u gradu Prijedoru","publisher":{"@id":"https:\/\/www.prijedordanas.com\/#organization"},"potentialAction":[{"@type":"SearchAction","target":{"@type":"EntryPoint","urlTemplate":"https:\/\/www.prijedordanas.com\/?s={search_term_string}"},"query-input":"required name=search_term_string"}],"inLanguage":"en-US"},{"@type":"Organization","@id":"https:\/\/www.prijedordanas.com\/#organization","name":"PrijedorDanas.com","url":"https:\/\/www.prijedordanas.com\/","logo":{"@type":"ImageObject","inLanguage":"en-US","@id":"https:\/\/www.prijedordanas.com\/#\/schema\/logo\/image\/","url":"http:\/\/www.prijedordanas.com\/wp-content\/uploads\/2021\/12\/logopng.png","contentUrl":"http:\/\/www.prijedordanas.com\/wp-content\/uploads\/2021\/12\/logopng.png","width":1019,"height":776,"caption":"PrijedorDanas.com"},"image":{"@id":"https:\/\/www.prijedordanas.com\/#\/schema\/logo\/image\/"},"sameAs":["https:\/\/www.facebook.com\/PrijedorDanasCom\/"]},{"@type":"Person","@id":"https:\/\/www.prijedordanas.com\/#\/schema\/person\/4e08ccf29b506ca916ff86d46bb700e6","name":"admin","image":{"@type":"ImageObject","inLanguage":"en-US","@id":"https:\/\/www.prijedordanas.com\/#\/schema\/person\/image\/","url":"https:\/\/secure.gravatar.com\/avatar\/1d3fc949d550f0b53a5f0d51e06dfd79?s=96&d=mm&r=g","contentUrl":"https:\/\/secure.gravatar.com\/avatar\/1d3fc949d550f0b53a5f0d51e06dfd79?s=96&d=mm&r=g","caption":"admin"},"url":"https:\/\/www.prijedordanas.com\/?author=1"}]}},"_links":{"self":[{"href":"https:\/\/www.prijedordanas.com\/index.php?rest_route=\/wp\/v2\/posts\/224376"}],"collection":[{"href":"https:\/\/www.prijedordanas.com\/index.php?rest_route=\/wp\/v2\/posts"}],"about":[{"href":"https:\/\/www.prijedordanas.com\/index.php?rest_route=\/wp\/v2\/types\/post"}],"author":[{"embeddable":true,"href":"https:\/\/www.prijedordanas.com\/index.php?rest_route=\/wp\/v2\/users\/1"}],"replies":[{"embeddable":true,"href":"https:\/\/www.prijedordanas.com\/index.php?rest_route=%2Fwp%2Fv2%2Fcomments&post=224376"}],"version-history":[{"count":1,"href":"https:\/\/www.prijedordanas.com\/index.php?rest_route=\/wp\/v2\/posts\/224376\/revisions"}],"predecessor-version":[{"id":224377,"href":"https:\/\/www.prijedordanas.com\/index.php?rest_route=\/wp\/v2\/posts\/224376\/revisions\/224377"}],"wp:attachment":[{"href":"https:\/\/www.prijedordanas.com\/index.php?rest_route=%2Fwp%2Fv2%2Fmedia&parent=224376"}],"wp:term":[{"taxonomy":"category","embeddable":true,"href":"https:\/\/www.prijedordanas.com\/index.php?rest_route=%2Fwp%2Fv2%2Fcategories&post=224376"},{"taxonomy":"post_tag","embeddable":true,"href":"https:\/\/www.prijedordanas.com\/index.php?rest_route=%2Fwp%2Fv2%2Ftags&post=224376"}],"curies":[{"name":"wp","href":"https:\/\/api.w.org\/{rel}","templated":true}]}}