{"id":224360,"date":"2024-04-28T14:42:33","date_gmt":"2024-04-28T12:42:33","guid":{"rendered":"https:\/\/www.prijedordanas.com\/?p=224360"},"modified":"2024-04-28T14:42:33","modified_gmt":"2024-04-28T12:42:33","slug":"knjeginjic-ubistvo-policajca-prije-32-godine-pucanj-u-mir-pod-kozarom","status":"publish","type":"post","link":"https:\/\/www.prijedordanas.com\/?p=224360","title":{"rendered":"Knjeginji\u0107: Ubistvo policajca prije 32 godine pucanj u mir pod Kozarom"},"content":{"rendered":"<p><a href=\"https:\/\/www.prijedordanas.com\/wp-content\/uploads\/2024\/04\/knjeginjic-godisnjica-djapa.jpg\"><img loading=\"lazy\" decoding=\"async\" src=\"https:\/\/www.prijedordanas.com\/wp-content\/uploads\/2024\/04\/knjeginjic-godisnjica-djapa-300x225.jpg\" alt=\"\" width=\"300\" height=\"225\" class=\"alignleft size-medium wp-image-224361\" srcset=\"https:\/\/www.prijedordanas.com\/wp-content\/uploads\/2024\/04\/knjeginjic-godisnjica-djapa-300x225.jpg 300w, https:\/\/www.prijedordanas.com\/wp-content\/uploads\/2024\/04\/knjeginjic-godisnjica-djapa-640x480.jpg 640w, https:\/\/www.prijedordanas.com\/wp-content\/uploads\/2024\/04\/knjeginjic-godisnjica-djapa.jpg 667w\" sizes=\"(max-width: 300px) 100vw, 300px\" \/><\/a>Organizacija porodica zarobljenih i poginulih boraca i nestalih civila grada Prijedora u utorak, 30. aprila, polaganjem vijenaca i slu\u017eenjem pomena obilje\u017ei\u0107e 32 godine od pogibije dvadesetogodi\u0161njeg policajca Radenka \u0110ape iz Gornjeg Jelovca, prve \u017ertve u Odbrambeno-otad\u017ebinskom ratu u Prijedoru.<\/p>\n<p>Potpredsjednik ove organizacije Slavi\u0161a Knjeginji\u0107 rekao je da je 30. april 1992. vrlo zna\u010dajan datum za Prijedor i da je promijenio istoriju ovog grada.<\/p>\n<p>&#8220;Po mom li\u010dnom vi\u0111enju, tog se dana desilo podmuklo ubistvo, mu\u010dki, s le\u0111a, i dan-danas se pitam za\u0161to. To je bio pucanj u mir pod Kozarom&#8221;, rekao je Knjeginji\u0107 Srni.<\/p>\n<p>On je podsjetio da su se ubistva de\u0161avala i u drugim sredinama &#8211; Doboju, Brodu, Sarajevu, te da se u tome mo\u017ee prepoznati nastojanje tada\u0161nje centrale Stranke demokratske akcije da izazove sukobe.<\/p>\n<p><a href=\"https:\/\/www.prijedordanas.com\/wp-content\/uploads\/2023\/04\/pomen-radenko-djapa-2023-2.jpg\"><img loading=\"lazy\" decoding=\"async\" src=\"https:\/\/www.prijedordanas.com\/wp-content\/uploads\/2023\/04\/pomen-radenko-djapa-2023-2-300x225.jpg\" alt=\"\" width=\"300\" height=\"225\" class=\"alignleft size-medium wp-image-204363\" srcset=\"https:\/\/www.prijedordanas.com\/wp-content\/uploads\/2023\/04\/pomen-radenko-djapa-2023-2-300x225.jpg 300w, https:\/\/www.prijedordanas.com\/wp-content\/uploads\/2023\/04\/pomen-radenko-djapa-2023-2-640x480.jpg 640w, https:\/\/www.prijedordanas.com\/wp-content\/uploads\/2023\/04\/pomen-radenko-djapa-2023-2.jpg 667w\" sizes=\"(max-width: 300px) 100vw, 300px\" \/><\/a>&#8220;Bilo je u drugim mjestima takvih doga\u0111aja, ali mnogi gradovi su pro\u0161li mirnije u svemu ovome od Prijedora. U ratu gdje god je bila ve\u0107ina, manjina je pro\u0161la lo\u0161ije. Me\u0111utim, u Prijedoru je bilo pribli\u017eno jednako Srba i muslimana, koji su ovdje imali tako\u0111e dvije brigade, a tada\u0161nja 43. brigada bila je na rati\u0161tima i Slavoniji, dakle van Prijedora, i nekome nije odgovaralo da se ovdje mirno zavr\u0161i&#8221;, ocijenio je Knjeginji\u0107.<\/p>\n<p>On smatra da je nekome bio cilj da se i u Prijedoru otvori front, da je ubistvo policajca Radenka \u0110ape trebalo da bude okida\u010d, te da se na tome nije stalo budu\u0107i da su 22. maja uspijedila ubistva vojnika JNA na Hambarinama i 30. maja napada paravojnih formacija na grad.<\/p>\n<p>&#8220;Evo i nakon 32 godine ni za jedan od tih doga\u0111aja u nemamo sudske epiloge. Taj maj je bio za Srbe mjesec tuge i stradanja u kontinuitetu. To \u0107e uticati i na kasnija de\u0161avanja u ovom gradu, ali, uvijek ka\u017eem, ne mo\u017ee jedna strana biti u krivu, jedna u pravu. Svi smo i krivi i pravi&#8221;, istakao je Knjeginji\u0107.<\/p>\n<p>On je naglasio da je Prijedor u ratu mogao pro\u0107i daleko mirnije i da je potenciranje sukoba bilo nepotrebno, te da iz stradanja mladog \u0110ape treba izvu\u0107i pouku da se gra\u0111ani ne moraju o svemu slagati, ali mogu razgovarati, dogovarati se, razumjeti jedni druge, sve u miru.<\/p>\n<p>&#8220;Obilje\u017eavanje nije i ne smije biti guranje prsta u oko nego uvijek i samo opomena da se ne ponovi. Ne smije tu biti mjesta ni politici, nego porodicama i po\u0161tovaocima stradalih. I mla\u0111im, koji nisu bili svjedoci doga\u0111aja, da znaju koliko je mnogo ljudi stradalo i da nijedan rat ne valja&#8221;, zaklju\u010dio je Knjeginji\u0107.<\/p>\n<p>Vijenci \u0107e biti polo\u017eeni u 11.00 \u010dasova.<\/p>\n<p>SRNA<\/p>\n","protected":false},"excerpt":{"rendered":"<p>Organizacija porodica zarobljenih i poginulih boraca i nestalih civila grada Prijedora u utorak, 30. aprila, polaganjem vijenaca i slu\u017eenjem pomena obilje\u017ei\u0107e 32 godine od pogibije dvadesetogodi\u0161njeg policajca Radenka \u0110ape iz [&hellip;]<\/p>\n","protected":false},"author":1,"featured_media":0,"comment_status":"closed","ping_status":"open","sticky":false,"template":"","format":"standard","meta":{"_monsterinsights_skip_tracking":false,"_monsterinsights_sitenote_active":false,"_monsterinsights_sitenote_note":"","_monsterinsights_sitenote_category":0,"footnotes":""},"categories":[8],"tags":[],"yoast_head":"<!-- This site is optimized with the Yoast SEO plugin v21.6 - https:\/\/yoast.com\/wordpress\/plugins\/seo\/ -->\n<title>Knjeginji\u0107: Ubistvo policajca prije 32 godine pucanj u mir pod Kozarom - PrijedorDanas.com - Prijedorski gradski portal<\/title>\n<meta name=\"robots\" content=\"index, follow, max-snippet:-1, max-image-preview:large, max-video-preview:-1\" \/>\n<link rel=\"canonical\" href=\"https:\/\/www.prijedordanas.com\/?p=224360\" \/>\n<meta property=\"og:locale\" content=\"en_US\" \/>\n<meta property=\"og:type\" content=\"article\" \/>\n<meta property=\"og:title\" content=\"Knjeginji\u0107: Ubistvo policajca prije 32 godine pucanj u mir pod Kozarom - PrijedorDanas.com - Prijedorski gradski portal\" \/>\n<meta property=\"og:description\" content=\"Organizacija porodica zarobljenih i poginulih boraca i nestalih civila grada Prijedora u utorak, 30. aprila, polaganjem vijenaca i slu\u017eenjem pomena obilje\u017ei\u0107e 32 godine od pogibije dvadesetogodi\u0161njeg policajca Radenka \u0110ape iz [&hellip;]\" \/>\n<meta property=\"og:url\" content=\"https:\/\/www.prijedordanas.com\/?p=224360\" \/>\n<meta property=\"og:site_name\" content=\"PrijedorDanas.com - Prijedorski gradski portal\" \/>\n<meta property=\"article:publisher\" content=\"https:\/\/www.facebook.com\/PrijedorDanasCom\/\" \/>\n<meta property=\"article:published_time\" content=\"2024-04-28T12:42:33+00:00\" \/>\n<meta property=\"og:image\" content=\"https:\/\/www.prijedordanas.com\/wp-content\/uploads\/2024\/04\/knjeginjic-godisnjica-djapa-300x225.jpg\" \/>\n<meta name=\"author\" content=\"admin\" \/>\n<meta name=\"twitter:card\" content=\"summary_large_image\" \/>\n<meta name=\"twitter:label1\" content=\"Written by\" \/>\n\t<meta name=\"twitter:data1\" content=\"admin\" \/>\n<script type=\"application\/ld+json\" class=\"yoast-schema-graph\">{\"@context\":\"https:\/\/schema.org\",\"@graph\":[{\"@type\":\"Article\",\"@id\":\"https:\/\/www.prijedordanas.com\/?p=224360#article\",\"isPartOf\":{\"@id\":\"https:\/\/www.prijedordanas.com\/?p=224360\"},\"author\":{\"name\":\"admin\",\"@id\":\"https:\/\/www.prijedordanas.com\/#\/schema\/person\/4e08ccf29b506ca916ff86d46bb700e6\"},\"headline\":\"Knjeginji\u0107: Ubistvo policajca prije 32 godine pucanj u mir pod Kozarom\",\"datePublished\":\"2024-04-28T12:42:33+00:00\",\"dateModified\":\"2024-04-28T12:42:33+00:00\",\"mainEntityOfPage\":{\"@id\":\"https:\/\/www.prijedordanas.com\/?p=224360\"},\"wordCount\":455,\"publisher\":{\"@id\":\"https:\/\/www.prijedordanas.com\/#organization\"},\"articleSection\":[\"Svakodnevno\"],\"inLanguage\":\"en-US\"},{\"@type\":\"WebPage\",\"@id\":\"https:\/\/www.prijedordanas.com\/?p=224360\",\"url\":\"https:\/\/www.prijedordanas.com\/?p=224360\",\"name\":\"Knjeginji\u0107: Ubistvo policajca prije 32 godine pucanj u mir pod Kozarom - PrijedorDanas.com - Prijedorski gradski portal\",\"isPartOf\":{\"@id\":\"https:\/\/www.prijedordanas.com\/#website\"},\"datePublished\":\"2024-04-28T12:42:33+00:00\",\"dateModified\":\"2024-04-28T12:42:33+00:00\",\"breadcrumb\":{\"@id\":\"https:\/\/www.prijedordanas.com\/?p=224360#breadcrumb\"},\"inLanguage\":\"en-US\",\"potentialAction\":[{\"@type\":\"ReadAction\",\"target\":[\"https:\/\/www.prijedordanas.com\/?p=224360\"]}]},{\"@type\":\"BreadcrumbList\",\"@id\":\"https:\/\/www.prijedordanas.com\/?p=224360#breadcrumb\",\"itemListElement\":[{\"@type\":\"ListItem\",\"position\":1,\"name\":\"Home\",\"item\":\"https:\/\/www.prijedordanas.com\/\"},{\"@type\":\"ListItem\",\"position\":2,\"name\":\"Knjeginji\u0107: Ubistvo policajca prije 32 godine pucanj u mir pod Kozarom\"}]},{\"@type\":\"WebSite\",\"@id\":\"https:\/\/www.prijedordanas.com\/#website\",\"url\":\"https:\/\/www.prijedordanas.com\/\",\"name\":\"PrijedorDanas.com - Prijedorski gradski portal\",\"description\":\"Portal o doga\u0111anjima u gradu Prijedoru\",\"publisher\":{\"@id\":\"https:\/\/www.prijedordanas.com\/#organization\"},\"potentialAction\":[{\"@type\":\"SearchAction\",\"target\":{\"@type\":\"EntryPoint\",\"urlTemplate\":\"https:\/\/www.prijedordanas.com\/?s={search_term_string}\"},\"query-input\":\"required name=search_term_string\"}],\"inLanguage\":\"en-US\"},{\"@type\":\"Organization\",\"@id\":\"https:\/\/www.prijedordanas.com\/#organization\",\"name\":\"PrijedorDanas.com\",\"url\":\"https:\/\/www.prijedordanas.com\/\",\"logo\":{\"@type\":\"ImageObject\",\"inLanguage\":\"en-US\",\"@id\":\"https:\/\/www.prijedordanas.com\/#\/schema\/logo\/image\/\",\"url\":\"http:\/\/www.prijedordanas.com\/wp-content\/uploads\/2021\/12\/logopng.png\",\"contentUrl\":\"http:\/\/www.prijedordanas.com\/wp-content\/uploads\/2021\/12\/logopng.png\",\"width\":1019,\"height\":776,\"caption\":\"PrijedorDanas.com\"},\"image\":{\"@id\":\"https:\/\/www.prijedordanas.com\/#\/schema\/logo\/image\/\"},\"sameAs\":[\"https:\/\/www.facebook.com\/PrijedorDanasCom\/\"]},{\"@type\":\"Person\",\"@id\":\"https:\/\/www.prijedordanas.com\/#\/schema\/person\/4e08ccf29b506ca916ff86d46bb700e6\",\"name\":\"admin\",\"image\":{\"@type\":\"ImageObject\",\"inLanguage\":\"en-US\",\"@id\":\"https:\/\/www.prijedordanas.com\/#\/schema\/person\/image\/\",\"url\":\"https:\/\/secure.gravatar.com\/avatar\/1d3fc949d550f0b53a5f0d51e06dfd79?s=96&d=mm&r=g\",\"contentUrl\":\"https:\/\/secure.gravatar.com\/avatar\/1d3fc949d550f0b53a5f0d51e06dfd79?s=96&d=mm&r=g\",\"caption\":\"admin\"},\"url\":\"https:\/\/www.prijedordanas.com\/?author=1\"}]}<\/script>\n<!-- \/ Yoast SEO plugin. -->","yoast_head_json":{"title":"Knjeginji\u0107: Ubistvo policajca prije 32 godine pucanj u mir pod Kozarom - PrijedorDanas.com - Prijedorski gradski portal","robots":{"index":"index","follow":"follow","max-snippet":"max-snippet:-1","max-image-preview":"max-image-preview:large","max-video-preview":"max-video-preview:-1"},"canonical":"https:\/\/www.prijedordanas.com\/?p=224360","og_locale":"en_US","og_type":"article","og_title":"Knjeginji\u0107: Ubistvo policajca prije 32 godine pucanj u mir pod Kozarom - PrijedorDanas.com - Prijedorski gradski portal","og_description":"Organizacija porodica zarobljenih i poginulih boraca i nestalih civila grada Prijedora u utorak, 30. aprila, polaganjem vijenaca i slu\u017eenjem pomena obilje\u017ei\u0107e 32 godine od pogibije dvadesetogodi\u0161njeg policajca Radenka \u0110ape iz [&hellip;]","og_url":"https:\/\/www.prijedordanas.com\/?p=224360","og_site_name":"PrijedorDanas.com - Prijedorski gradski portal","article_publisher":"https:\/\/www.facebook.com\/PrijedorDanasCom\/","article_published_time":"2024-04-28T12:42:33+00:00","og_image":[{"url":"https:\/\/www.prijedordanas.com\/wp-content\/uploads\/2024\/04\/knjeginjic-godisnjica-djapa-300x225.jpg"}],"author":"admin","twitter_card":"summary_large_image","twitter_misc":{"Written by":"admin"},"schema":{"@context":"https:\/\/schema.org","@graph":[{"@type":"Article","@id":"https:\/\/www.prijedordanas.com\/?p=224360#article","isPartOf":{"@id":"https:\/\/www.prijedordanas.com\/?p=224360"},"author":{"name":"admin","@id":"https:\/\/www.prijedordanas.com\/#\/schema\/person\/4e08ccf29b506ca916ff86d46bb700e6"},"headline":"Knjeginji\u0107: Ubistvo policajca prije 32 godine pucanj u mir pod Kozarom","datePublished":"2024-04-28T12:42:33+00:00","dateModified":"2024-04-28T12:42:33+00:00","mainEntityOfPage":{"@id":"https:\/\/www.prijedordanas.com\/?p=224360"},"wordCount":455,"publisher":{"@id":"https:\/\/www.prijedordanas.com\/#organization"},"articleSection":["Svakodnevno"],"inLanguage":"en-US"},{"@type":"WebPage","@id":"https:\/\/www.prijedordanas.com\/?p=224360","url":"https:\/\/www.prijedordanas.com\/?p=224360","name":"Knjeginji\u0107: Ubistvo policajca prije 32 godine pucanj u mir pod Kozarom - PrijedorDanas.com - Prijedorski gradski portal","isPartOf":{"@id":"https:\/\/www.prijedordanas.com\/#website"},"datePublished":"2024-04-28T12:42:33+00:00","dateModified":"2024-04-28T12:42:33+00:00","breadcrumb":{"@id":"https:\/\/www.prijedordanas.com\/?p=224360#breadcrumb"},"inLanguage":"en-US","potentialAction":[{"@type":"ReadAction","target":["https:\/\/www.prijedordanas.com\/?p=224360"]}]},{"@type":"BreadcrumbList","@id":"https:\/\/www.prijedordanas.com\/?p=224360#breadcrumb","itemListElement":[{"@type":"ListItem","position":1,"name":"Home","item":"https:\/\/www.prijedordanas.com\/"},{"@type":"ListItem","position":2,"name":"Knjeginji\u0107: Ubistvo policajca prije 32 godine pucanj u mir pod Kozarom"}]},{"@type":"WebSite","@id":"https:\/\/www.prijedordanas.com\/#website","url":"https:\/\/www.prijedordanas.com\/","name":"PrijedorDanas.com - Prijedorski gradski portal","description":"Portal o doga\u0111anjima u gradu Prijedoru","publisher":{"@id":"https:\/\/www.prijedordanas.com\/#organization"},"potentialAction":[{"@type":"SearchAction","target":{"@type":"EntryPoint","urlTemplate":"https:\/\/www.prijedordanas.com\/?s={search_term_string}"},"query-input":"required name=search_term_string"}],"inLanguage":"en-US"},{"@type":"Organization","@id":"https:\/\/www.prijedordanas.com\/#organization","name":"PrijedorDanas.com","url":"https:\/\/www.prijedordanas.com\/","logo":{"@type":"ImageObject","inLanguage":"en-US","@id":"https:\/\/www.prijedordanas.com\/#\/schema\/logo\/image\/","url":"http:\/\/www.prijedordanas.com\/wp-content\/uploads\/2021\/12\/logopng.png","contentUrl":"http:\/\/www.prijedordanas.com\/wp-content\/uploads\/2021\/12\/logopng.png","width":1019,"height":776,"caption":"PrijedorDanas.com"},"image":{"@id":"https:\/\/www.prijedordanas.com\/#\/schema\/logo\/image\/"},"sameAs":["https:\/\/www.facebook.com\/PrijedorDanasCom\/"]},{"@type":"Person","@id":"https:\/\/www.prijedordanas.com\/#\/schema\/person\/4e08ccf29b506ca916ff86d46bb700e6","name":"admin","image":{"@type":"ImageObject","inLanguage":"en-US","@id":"https:\/\/www.prijedordanas.com\/#\/schema\/person\/image\/","url":"https:\/\/secure.gravatar.com\/avatar\/1d3fc949d550f0b53a5f0d51e06dfd79?s=96&d=mm&r=g","contentUrl":"https:\/\/secure.gravatar.com\/avatar\/1d3fc949d550f0b53a5f0d51e06dfd79?s=96&d=mm&r=g","caption":"admin"},"url":"https:\/\/www.prijedordanas.com\/?author=1"}]}},"_links":{"self":[{"href":"https:\/\/www.prijedordanas.com\/index.php?rest_route=\/wp\/v2\/posts\/224360"}],"collection":[{"href":"https:\/\/www.prijedordanas.com\/index.php?rest_route=\/wp\/v2\/posts"}],"about":[{"href":"https:\/\/www.prijedordanas.com\/index.php?rest_route=\/wp\/v2\/types\/post"}],"author":[{"embeddable":true,"href":"https:\/\/www.prijedordanas.com\/index.php?rest_route=\/wp\/v2\/users\/1"}],"replies":[{"embeddable":true,"href":"https:\/\/www.prijedordanas.com\/index.php?rest_route=%2Fwp%2Fv2%2Fcomments&post=224360"}],"version-history":[{"count":1,"href":"https:\/\/www.prijedordanas.com\/index.php?rest_route=\/wp\/v2\/posts\/224360\/revisions"}],"predecessor-version":[{"id":224362,"href":"https:\/\/www.prijedordanas.com\/index.php?rest_route=\/wp\/v2\/posts\/224360\/revisions\/224362"}],"wp:attachment":[{"href":"https:\/\/www.prijedordanas.com\/index.php?rest_route=%2Fwp%2Fv2%2Fmedia&parent=224360"}],"wp:term":[{"taxonomy":"category","embeddable":true,"href":"https:\/\/www.prijedordanas.com\/index.php?rest_route=%2Fwp%2Fv2%2Fcategories&post=224360"},{"taxonomy":"post_tag","embeddable":true,"href":"https:\/\/www.prijedordanas.com\/index.php?rest_route=%2Fwp%2Fv2%2Ftags&post=224360"}],"curies":[{"name":"wp","href":"https:\/\/api.w.org\/{rel}","templated":true}]}}