{"id":224058,"date":"2024-04-24T12:58:56","date_gmt":"2024-04-24T10:58:56","guid":{"rendered":"https:\/\/www.prijedordanas.com\/?p=224058"},"modified":"2024-04-24T12:58:56","modified_gmt":"2024-04-24T10:58:56","slug":"prijedor-odlicna-saradnja-tuzilastva-i-policije-dovela-do-uspjeha-akcije-roma-foto-video","status":"publish","type":"post","link":"https:\/\/www.prijedordanas.com\/?p=224058","title":{"rendered":"Prijedor: Odli\u010dna saradnja Tu\u017eila\u0161tva i policije dovela do uspjeha akcije &#8220;Roma&#8221; &#8211; FOTO\/VIDEO"},"content":{"rendered":"<p><a href=\"https:\/\/www.prijedordanas.com\/wp-content\/uploads\/2024\/04\/pu-prijedor-akcija-roma-pres-8.jpg\"><img loading=\"lazy\" decoding=\"async\" class=\"alignleft size-medium wp-image-224042\" src=\"https:\/\/www.prijedordanas.com\/wp-content\/uploads\/2024\/04\/pu-prijedor-akcija-roma-pres-8-300x225.jpg\" alt=\"\" width=\"300\" height=\"225\" srcset=\"https:\/\/www.prijedordanas.com\/wp-content\/uploads\/2024\/04\/pu-prijedor-akcija-roma-pres-8-300x225.jpg 300w, https:\/\/www.prijedordanas.com\/wp-content\/uploads\/2024\/04\/pu-prijedor-akcija-roma-pres-8-640x480.jpg 640w, https:\/\/www.prijedordanas.com\/wp-content\/uploads\/2024\/04\/pu-prijedor-akcija-roma-pres-8.jpg 667w\" sizes=\"(max-width: 300px) 100vw, 300px\" \/><\/a>Glavni tu\u017eilac Okru\u017enog javnog tu\u017eila\u0161tva Prijedor Mladen Mitrovic\u0301 i na\u010delnik Policijske uprave \/PU\/ Prijedor Dragan Milojica ocijenili su danas na zajedni\u010dkoj konferenciji za medije u Prijedoru da je odli\u010dna saradnja ovih dviju institucija dovela do izuzetnog uspjeha u realizaciji akcije \u201eRoma\u201c koja traje od jula pro\u0161le godine, a u kojoj je ju\u010de uhap\u0161eno 14 lica i zaplijenjena velika koli\u010dina droge, oru\u017eja i drugih predmeta krivi\u010dnih djela.<\/p>\n<p>\u201eNajvec\u0301i problem ove akcije je bilo kako da na adekvatan na\u010din obezbijedimo informacije i prikupimo dokaze, a da akcija ostane u tajnosti, da ne bi informacija iza\u0161la van okvira ovla\u0161tenih lica i tu\u017eila\u0161tva. U tom slu\u010daju bi bila ugro\u017eena i vjerovatno ne bismo postigli rezultate kakve smo postigli. I zato je ovo jedan pravi primjer dobre prakse tu\u017eila\u0161tve i policije i na\u010dina kako se od po\u010detka do kraja vodi jedna uspje\u0161na akcija\u201c, rekao je Mitrovic\u0301.<\/p>\n<p><a href=\"https:\/\/www.prijedordanas.com\/wp-content\/uploads\/2024\/04\/pu-prijedor-akcija-roma-mladen-mitrovic.jpg\"><img loading=\"lazy\" decoding=\"async\" class=\"alignleft size-medium wp-image-224049\" src=\"https:\/\/www.prijedordanas.com\/wp-content\/uploads\/2024\/04\/pu-prijedor-akcija-roma-mladen-mitrovic-300x225.jpg\" alt=\"\" width=\"300\" height=\"225\" srcset=\"https:\/\/www.prijedordanas.com\/wp-content\/uploads\/2024\/04\/pu-prijedor-akcija-roma-mladen-mitrovic-300x225.jpg 300w, https:\/\/www.prijedordanas.com\/wp-content\/uploads\/2024\/04\/pu-prijedor-akcija-roma-mladen-mitrovic-640x480.jpg 640w, https:\/\/www.prijedordanas.com\/wp-content\/uploads\/2024\/04\/pu-prijedor-akcija-roma-mladen-mitrovic.jpg 667w\" sizes=\"(max-width: 300px) 100vw, 300px\" \/><\/a>On je dodao da su uhap\u0161ena lica danas predata u nadle\u017enost Okru\u017enog javnog tu\u017eila\u0161tva Prijedor i da c\u0301e biti ispitana pred postupajuc\u0301im tu\u017eiocem u naredna 24 sata.<\/p>\n<p>\u201eSutra c\u0301ete imati informaciju za koja lica je stavljen prijedlog za odre\u0111ivanje pritvora pred Okru\u017enim sudom u Prijedoru\u201c, najavio je Mitrovic\u0301 i dodao da se radi o licima sklonim vr\u0161enju krivi\u010dnih djela.<\/p>\n<p>Milojica je rekao da su aktivnosti u ovoj operaciji dugo trjale i da je dosta ljudi bilo uklju\u010deno.<\/p>\n<p>\u201eNajrizi\u010dnije je bilo da li c\u0301e to ostati u tajnosti i da li c\u0301e ovako uspjeti. A same koli\u010dine droge koje su oduzete govore o tome da nije procurila nijedna informacija\u201c, istakao je Milojica.<\/p>\n<p>On je naveo da je u laboratoriji za uzgoj marihuane otkrivenoj u Kozaru\u0161i kod Prijedora prona\u0111eno 209 stabljika indijske konoplje visine oko 80 centimetara u saksijama, osam vakumiranih pakovanja s 4,3 kilogram marihuane namijenjene za dalju prodaju, 11,3 kilorgama marihuane pripremljene za pakovanje, dva paketa ha\u0161i\u0161a i 63 grama kokaina.<\/p>\n<p><a href=\"https:\/\/www.prijedordanas.com\/wp-content\/uploads\/2024\/04\/pu-prijedor-akcija-roma-pres-dragan-milojica.jpg\"><img loading=\"lazy\" decoding=\"async\" class=\"alignleft size-medium wp-image-224047\" src=\"https:\/\/www.prijedordanas.com\/wp-content\/uploads\/2024\/04\/pu-prijedor-akcija-roma-pres-dragan-milojica-300x225.jpg\" alt=\"\" width=\"300\" height=\"225\" srcset=\"https:\/\/www.prijedordanas.com\/wp-content\/uploads\/2024\/04\/pu-prijedor-akcija-roma-pres-dragan-milojica-300x225.jpg 300w, https:\/\/www.prijedordanas.com\/wp-content\/uploads\/2024\/04\/pu-prijedor-akcija-roma-pres-dragan-milojica-640x480.jpg 640w, https:\/\/www.prijedordanas.com\/wp-content\/uploads\/2024\/04\/pu-prijedor-akcija-roma-pres-dragan-milojica.jpg 667w\" sizes=\"(max-width: 300px) 100vw, 300px\" \/><\/a>\u201eU prethodnom periodu prona\u0111eno je i odzeto tri kilograma marihuane i oko 1.180 grama kokaina. Prona\u0111eno je \u0161est automatskih pu\u0161aka i jedan pi\u0161tolj, municija, vi\u0161e mobilnih telefona, novac, putni\u010dko motorno vozilo, digitalne vage za precizno mjerenje, te drugi predmeti koji c\u0301e se koristiti kao dokaz u krivi\u010dnom postupku\u201c, dodao je Milojica.<\/p>\n<p>On je rekao da su slobode li\u0161ena lica V.V, D.R, O.K, D.J, G.H, D.K, B.S, M.J, I.L, M.K. i D.V. iz Prijedora, B.K. iz Banjaluke, S.M. iz Modri\u010de i M.U. iz Gradi\u0161ke.<\/p>\n<p>\u201eU prethodnom periodu, u okviru ove akcije na podru\u010dju Doboja li\u0161eno je sloboda i lice inicijala M.V. iz Zenice kojem je Osnovni sud u Doboju odredio mjeru pritvora. Me\u0111u licima li\u0161enim slobode su i dva lica \u017eenskog pola. Jo\u0161 dva lica su nedostupna\u201c, naveo je Milojica.<\/p>\n<p><a href=\"https:\/\/www.prijedordanas.com\/wp-content\/uploads\/2024\/04\/pu-prijedor-akcija-roma-pres-goran-karan.jpg\"><img loading=\"lazy\" decoding=\"async\" class=\"alignleft size-medium wp-image-224048\" src=\"https:\/\/www.prijedordanas.com\/wp-content\/uploads\/2024\/04\/pu-prijedor-akcija-roma-pres-goran-karan-300x225.jpg\" alt=\"\" width=\"300\" height=\"225\" srcset=\"https:\/\/www.prijedordanas.com\/wp-content\/uploads\/2024\/04\/pu-prijedor-akcija-roma-pres-goran-karan-300x225.jpg 300w, https:\/\/www.prijedordanas.com\/wp-content\/uploads\/2024\/04\/pu-prijedor-akcija-roma-pres-goran-karan-640x480.jpg 640w, https:\/\/www.prijedordanas.com\/wp-content\/uploads\/2024\/04\/pu-prijedor-akcija-roma-pres-goran-karan.jpg 667w\" sizes=\"(max-width: 300px) 100vw, 300px\" \/><\/a>Na\u010delnik sektora kriminalisti\u010dke policije Goran Karan rekao je da su ljudi koji su radili ovu akciju i emotivno vezani za nju zato \u0161to je u potpunosti uspjela onako kako je i planirana.<\/p>\n<p>\u201eSlobode smo li\u0161ili lica za koja smo vec\u0301 du\u017ei period imali operativna saznanja. Me\u0111utim, jedno je imati operativna saznanja &#8211; potrebno je obezbijediti dokaze. Tokom provo\u0111enja ove vi\u0161emjese\u010dne akcije mi smo uspjeli u potpunosti obezbjediti dokaze za koje mo\u017eda u po\u010detku nismo ni mi mogli zamisliti da c\u0301emo dobiti toliko dobre dokaze za lica koja su, da ka\u017eem, prepoznatljiva u javnosti u gradu Prijedoru\u201c, naglasio je Karan.<\/p>\n<p>On je istakao da nije isto pronac\u0301i zasad indijske konoplje na nekoj njivi i pronac\u0301i ga kao ju\u010de gdje je organizovanost ista kao u \u0160paniji ili Francuskoj, Beogradu ili bilo gdje.<\/p>\n<p><a href=\"https:\/\/www.prijedordanas.com\/wp-content\/uploads\/2024\/04\/pu-prijedor-akcija-roma-pres-6.jpg\"><img loading=\"lazy\" decoding=\"async\" class=\"alignleft size-medium wp-image-224050\" src=\"https:\/\/www.prijedordanas.com\/wp-content\/uploads\/2024\/04\/pu-prijedor-akcija-roma-pres-6-300x225.jpg\" alt=\"\" width=\"300\" height=\"225\" srcset=\"https:\/\/www.prijedordanas.com\/wp-content\/uploads\/2024\/04\/pu-prijedor-akcija-roma-pres-6-300x225.jpg 300w, https:\/\/www.prijedordanas.com\/wp-content\/uploads\/2024\/04\/pu-prijedor-akcija-roma-pres-6-640x480.jpg 640w, https:\/\/www.prijedordanas.com\/wp-content\/uploads\/2024\/04\/pu-prijedor-akcija-roma-pres-6.jpg 667w\" sizes=\"(max-width: 300px) 100vw, 300px\" \/><\/a>\u201eI po tome mi mjerimo svoj rezultat. Glavni tu\u017eilac je rekao svoje, pretpostavljam da c\u0301e i sud na osnovu dokaza koje smo mi uz tu\u017eila\u0161tvo prikupili za vec\u0301inu ovih lica odrediti pritvor i da c\u0301e u daljem postupku vjerovatno uslijediti osu\u0111ujuc\u0301e presude\u201c, rekao je Karan.<\/p>\n<p>Prema njegovim rije\u010dima, lice iz Prijedora, koje je vjerovatno organizator, dovelo je lice iz Modri\u010de i kupilo kuc\u0301u na njegovo ime.<\/p>\n<p>\u201eTo je vje\u0161ta\u010dki, genetski modifikovana droga skank koja ima poja\u010dana dejstva i koja ide, naravno, na tr\u017ei\u0161te Evrope i dalje. To nije ne\u0161to ba\u0161 za lokalnu upotrebu. Sofisticirana je proizvodnja. Kuc\u0301a, pomoc\u0301ni objekat, izolovano, klima ure\u0111aj, sve ostalo \u0161to ide, dodao je Karan.<\/p>\n<p>Akciju kodnog naziva \u201eRoma\u201c sprovode PU Prijedor u saradnji sa Upravom za organizovani i te\u0161ki kriminalitet Ministarstva unutra\u0161njih poslova Republike Srpske, pod nadzorom Okru\u017enog javnog tu\u017eila\u0161tva Prijedor.<\/p>\n<p>Pretresi su izvr\u0161eni uz podr\u0161ku \u017eandarmerije, slu\u017ebenih pasa i specijalne antiteroristi\u010dke jedinice MUP-a Republike Srpske.<\/p>\n<p>SRNA<\/p>\n<p><iframe loading=\"lazy\" style=\"border: none; overflow: hidden;\" src=\"https:\/\/www.facebook.com\/plugins\/video.php?height=476&amp;href=https%3A%2F%2Fwww.facebook.com%2FPrijedorDanasCom%2Fvideos%2F1865533617222372%2F&amp;show_text=false&amp;width=268&amp;t=0\" width=\"268\" height=\"476\" frameborder=\"0\" scrolling=\"no\" allowfullscreen=\"allowfullscreen\"><\/iframe><\/p>\n<p><a href=\"https:\/\/www.prijedordanas.com\/wp-content\/uploads\/2024\/04\/pu-prijedor-akcija-roma-marihuana-1.jpg\"><img loading=\"lazy\" decoding=\"async\" class=\"alignleft size-medium wp-image-223946\" src=\"https:\/\/www.prijedordanas.com\/wp-content\/uploads\/2024\/04\/pu-prijedor-akcija-roma-marihuana-1-300x225.jpg\" alt=\"\" width=\"300\" height=\"225\" srcset=\"https:\/\/www.prijedordanas.com\/wp-content\/uploads\/2024\/04\/pu-prijedor-akcija-roma-marihuana-1-300x225.jpg 300w, https:\/\/www.prijedordanas.com\/wp-content\/uploads\/2024\/04\/pu-prijedor-akcija-roma-marihuana-1-640x480.jpg 640w, https:\/\/www.prijedordanas.com\/wp-content\/uploads\/2024\/04\/pu-prijedor-akcija-roma-marihuana-1.jpg 667w\" sizes=\"(max-width: 300px) 100vw, 300px\" \/><\/a> <a href=\"https:\/\/www.prijedordanas.com\/wp-content\/uploads\/2024\/04\/akcija-roma-23april-privodjenje-uhapsenih-1.jpg\"><img loading=\"lazy\" decoding=\"async\" class=\"alignleft size-medium wp-image-223973\" src=\"https:\/\/www.prijedordanas.com\/wp-content\/uploads\/2024\/04\/akcija-roma-23april-privodjenje-uhapsenih-1-300x225.jpg\" alt=\"\" width=\"300\" height=\"225\" srcset=\"https:\/\/www.prijedordanas.com\/wp-content\/uploads\/2024\/04\/akcija-roma-23april-privodjenje-uhapsenih-1-300x225.jpg 300w, https:\/\/www.prijedordanas.com\/wp-content\/uploads\/2024\/04\/akcija-roma-23april-privodjenje-uhapsenih-1-640x480.jpg 640w, https:\/\/www.prijedordanas.com\/wp-content\/uploads\/2024\/04\/akcija-roma-23april-privodjenje-uhapsenih-1.jpg 666w\" sizes=\"(max-width: 300px) 100vw, 300px\" \/><\/a><\/p>\n<p><iframe loading=\"lazy\" style=\"border: none; overflow: hidden;\" src=\"https:\/\/www.facebook.com\/plugins\/video.php?height=315&amp;href=https%3A%2F%2Fwww.facebook.com%2Fnovosti777%2Fvideos%2F760498062933333%2F&amp;show_text=false&amp;width=560&amp;t=0\" width=\"560\" height=\"315\" frameborder=\"0\" scrolling=\"no\" allowfullscreen=\"allowfullscreen\"><\/iframe><\/p>\n<p><a href=\"https:\/\/www.prijedordanas.com\/wp-content\/uploads\/2024\/04\/pu-prijedor-akcija-roma-pres-3.jpg\"><img loading=\"lazy\" decoding=\"async\" class=\"alignleft size-medium wp-image-224044\" src=\"https:\/\/www.prijedordanas.com\/wp-content\/uploads\/2024\/04\/pu-prijedor-akcija-roma-pres-3-300x225.jpg\" alt=\"\" width=\"300\" height=\"225\" srcset=\"https:\/\/www.prijedordanas.com\/wp-content\/uploads\/2024\/04\/pu-prijedor-akcija-roma-pres-3-300x225.jpg 300w, https:\/\/www.prijedordanas.com\/wp-content\/uploads\/2024\/04\/pu-prijedor-akcija-roma-pres-3-640x480.jpg 640w, https:\/\/www.prijedordanas.com\/wp-content\/uploads\/2024\/04\/pu-prijedor-akcija-roma-pres-3.jpg 667w\" sizes=\"(max-width: 300px) 100vw, 300px\" \/><\/a> <a href=\"https:\/\/www.prijedordanas.com\/wp-content\/uploads\/2024\/04\/akcija-roma-marihuana.jpg\"><img loading=\"lazy\" decoding=\"async\" class=\"alignleft size-medium wp-image-223970\" src=\"https:\/\/www.prijedordanas.com\/wp-content\/uploads\/2024\/04\/akcija-roma-marihuana-244x300.jpg\" alt=\"\" width=\"244\" height=\"300\" srcset=\"https:\/\/www.prijedordanas.com\/wp-content\/uploads\/2024\/04\/akcija-roma-marihuana-244x300.jpg 244w, https:\/\/www.prijedordanas.com\/wp-content\/uploads\/2024\/04\/akcija-roma-marihuana.jpg 488w\" sizes=\"(max-width: 244px) 100vw, 244px\" \/><\/a><\/p>\n","protected":false},"excerpt":{"rendered":"<p>Glavni tu\u017eilac Okru\u017enog javnog tu\u017eila\u0161tva Prijedor Mladen Mitrovic\u0301 i na\u010delnik Policijske uprave \/PU\/ Prijedor Dragan Milojica ocijenili su danas na zajedni\u010dkoj konferenciji za medije u Prijedoru da je odli\u010dna saradnja [&hellip;]<\/p>\n","protected":false},"author":1,"featured_media":0,"comment_status":"closed","ping_status":"open","sticky":false,"template":"","format":"standard","meta":{"_monsterinsights_skip_tracking":false,"_monsterinsights_sitenote_active":false,"_monsterinsights_sitenote_note":"","_monsterinsights_sitenote_category":0,"footnotes":""},"categories":[5],"tags":[],"yoast_head":"<!-- This site is optimized with the Yoast SEO plugin v21.6 - https:\/\/yoast.com\/wordpress\/plugins\/seo\/ -->\n<title>Prijedor: Odli\u010dna saradnja Tu\u017eila\u0161tva i policije dovela do uspjeha akcije &quot;Roma&quot; - FOTO\/VIDEO - PrijedorDanas.com - Prijedorski gradski portal<\/title>\n<meta name=\"robots\" content=\"index, follow, max-snippet:-1, max-image-preview:large, max-video-preview:-1\" \/>\n<link rel=\"canonical\" href=\"https:\/\/www.prijedordanas.com\/?p=224058\" \/>\n<meta property=\"og:locale\" content=\"en_US\" \/>\n<meta property=\"og:type\" content=\"article\" \/>\n<meta property=\"og:title\" content=\"Prijedor: Odli\u010dna saradnja Tu\u017eila\u0161tva i policije dovela do uspjeha akcije &quot;Roma&quot; - FOTO\/VIDEO - PrijedorDanas.com - Prijedorski gradski portal\" \/>\n<meta property=\"og:description\" content=\"Glavni tu\u017eilac Okru\u017enog javnog tu\u017eila\u0161tva Prijedor Mladen Mitrovic\u0301 i na\u010delnik Policijske uprave \/PU\/ Prijedor Dragan Milojica ocijenili su danas na zajedni\u010dkoj konferenciji za medije u Prijedoru da je odli\u010dna saradnja [&hellip;]\" \/>\n<meta property=\"og:url\" content=\"https:\/\/www.prijedordanas.com\/?p=224058\" \/>\n<meta property=\"og:site_name\" content=\"PrijedorDanas.com - Prijedorski gradski portal\" \/>\n<meta property=\"article:publisher\" content=\"https:\/\/www.facebook.com\/PrijedorDanasCom\/\" \/>\n<meta property=\"article:published_time\" content=\"2024-04-24T10:58:56+00:00\" \/>\n<meta property=\"og:image\" content=\"https:\/\/www.prijedordanas.com\/wp-content\/uploads\/2024\/04\/pu-prijedor-akcija-roma-pres-8-300x225.jpg\" \/>\n<meta name=\"author\" content=\"admin\" \/>\n<meta name=\"twitter:card\" content=\"summary_large_image\" \/>\n<meta name=\"twitter:label1\" content=\"Written by\" \/>\n\t<meta name=\"twitter:data1\" content=\"admin\" \/>\n\t<meta name=\"twitter:label2\" content=\"Est. reading time\" \/>\n\t<meta name=\"twitter:data2\" content=\"5 minutes\" \/>\n<script type=\"application\/ld+json\" class=\"yoast-schema-graph\">{\"@context\":\"https:\/\/schema.org\",\"@graph\":[{\"@type\":\"Article\",\"@id\":\"https:\/\/www.prijedordanas.com\/?p=224058#article\",\"isPartOf\":{\"@id\":\"https:\/\/www.prijedordanas.com\/?p=224058\"},\"author\":{\"name\":\"admin\",\"@id\":\"https:\/\/www.prijedordanas.com\/#\/schema\/person\/4e08ccf29b506ca916ff86d46bb700e6\"},\"headline\":\"Prijedor: Odli\u010dna saradnja Tu\u017eila\u0161tva i policije dovela do uspjeha akcije &#8220;Roma&#8221; &#8211; FOTO\/VIDEO\",\"datePublished\":\"2024-04-24T10:58:56+00:00\",\"dateModified\":\"2024-04-24T10:58:56+00:00\",\"mainEntityOfPage\":{\"@id\":\"https:\/\/www.prijedordanas.com\/?p=224058\"},\"wordCount\":844,\"publisher\":{\"@id\":\"https:\/\/www.prijedordanas.com\/#organization\"},\"articleSection\":[\"Hronika\"],\"inLanguage\":\"en-US\"},{\"@type\":\"WebPage\",\"@id\":\"https:\/\/www.prijedordanas.com\/?p=224058\",\"url\":\"https:\/\/www.prijedordanas.com\/?p=224058\",\"name\":\"Prijedor: Odli\u010dna saradnja Tu\u017eila\u0161tva i policije dovela do uspjeha akcije \\\"Roma\\\" - FOTO\/VIDEO - PrijedorDanas.com - Prijedorski gradski portal\",\"isPartOf\":{\"@id\":\"https:\/\/www.prijedordanas.com\/#website\"},\"datePublished\":\"2024-04-24T10:58:56+00:00\",\"dateModified\":\"2024-04-24T10:58:56+00:00\",\"breadcrumb\":{\"@id\":\"https:\/\/www.prijedordanas.com\/?p=224058#breadcrumb\"},\"inLanguage\":\"en-US\",\"potentialAction\":[{\"@type\":\"ReadAction\",\"target\":[\"https:\/\/www.prijedordanas.com\/?p=224058\"]}]},{\"@type\":\"BreadcrumbList\",\"@id\":\"https:\/\/www.prijedordanas.com\/?p=224058#breadcrumb\",\"itemListElement\":[{\"@type\":\"ListItem\",\"position\":1,\"name\":\"Home\",\"item\":\"https:\/\/www.prijedordanas.com\/\"},{\"@type\":\"ListItem\",\"position\":2,\"name\":\"Prijedor: Odli\u010dna saradnja Tu\u017eila\u0161tva i policije dovela do uspjeha akcije &#8220;Roma&#8221; &#8211; FOTO\/VIDEO\"}]},{\"@type\":\"WebSite\",\"@id\":\"https:\/\/www.prijedordanas.com\/#website\",\"url\":\"https:\/\/www.prijedordanas.com\/\",\"name\":\"PrijedorDanas.com - Prijedorski gradski portal\",\"description\":\"Portal o doga\u0111anjima u gradu Prijedoru\",\"publisher\":{\"@id\":\"https:\/\/www.prijedordanas.com\/#organization\"},\"potentialAction\":[{\"@type\":\"SearchAction\",\"target\":{\"@type\":\"EntryPoint\",\"urlTemplate\":\"https:\/\/www.prijedordanas.com\/?s={search_term_string}\"},\"query-input\":\"required name=search_term_string\"}],\"inLanguage\":\"en-US\"},{\"@type\":\"Organization\",\"@id\":\"https:\/\/www.prijedordanas.com\/#organization\",\"name\":\"PrijedorDanas.com\",\"url\":\"https:\/\/www.prijedordanas.com\/\",\"logo\":{\"@type\":\"ImageObject\",\"inLanguage\":\"en-US\",\"@id\":\"https:\/\/www.prijedordanas.com\/#\/schema\/logo\/image\/\",\"url\":\"http:\/\/www.prijedordanas.com\/wp-content\/uploads\/2021\/12\/logopng.png\",\"contentUrl\":\"http:\/\/www.prijedordanas.com\/wp-content\/uploads\/2021\/12\/logopng.png\",\"width\":1019,\"height\":776,\"caption\":\"PrijedorDanas.com\"},\"image\":{\"@id\":\"https:\/\/www.prijedordanas.com\/#\/schema\/logo\/image\/\"},\"sameAs\":[\"https:\/\/www.facebook.com\/PrijedorDanasCom\/\"]},{\"@type\":\"Person\",\"@id\":\"https:\/\/www.prijedordanas.com\/#\/schema\/person\/4e08ccf29b506ca916ff86d46bb700e6\",\"name\":\"admin\",\"image\":{\"@type\":\"ImageObject\",\"inLanguage\":\"en-US\",\"@id\":\"https:\/\/www.prijedordanas.com\/#\/schema\/person\/image\/\",\"url\":\"https:\/\/secure.gravatar.com\/avatar\/1d3fc949d550f0b53a5f0d51e06dfd79?s=96&d=mm&r=g\",\"contentUrl\":\"https:\/\/secure.gravatar.com\/avatar\/1d3fc949d550f0b53a5f0d51e06dfd79?s=96&d=mm&r=g\",\"caption\":\"admin\"},\"url\":\"https:\/\/www.prijedordanas.com\/?author=1\"}]}<\/script>\n<!-- \/ Yoast SEO plugin. -->","yoast_head_json":{"title":"Prijedor: Odli\u010dna saradnja Tu\u017eila\u0161tva i policije dovela do uspjeha akcije \"Roma\" - FOTO\/VIDEO - PrijedorDanas.com - Prijedorski gradski portal","robots":{"index":"index","follow":"follow","max-snippet":"max-snippet:-1","max-image-preview":"max-image-preview:large","max-video-preview":"max-video-preview:-1"},"canonical":"https:\/\/www.prijedordanas.com\/?p=224058","og_locale":"en_US","og_type":"article","og_title":"Prijedor: Odli\u010dna saradnja Tu\u017eila\u0161tva i policije dovela do uspjeha akcije \"Roma\" - FOTO\/VIDEO - PrijedorDanas.com - Prijedorski gradski portal","og_description":"Glavni tu\u017eilac Okru\u017enog javnog tu\u017eila\u0161tva Prijedor Mladen Mitrovic\u0301 i na\u010delnik Policijske uprave \/PU\/ Prijedor Dragan Milojica ocijenili su danas na zajedni\u010dkoj konferenciji za medije u Prijedoru da je odli\u010dna saradnja [&hellip;]","og_url":"https:\/\/www.prijedordanas.com\/?p=224058","og_site_name":"PrijedorDanas.com - Prijedorski gradski portal","article_publisher":"https:\/\/www.facebook.com\/PrijedorDanasCom\/","article_published_time":"2024-04-24T10:58:56+00:00","og_image":[{"url":"https:\/\/www.prijedordanas.com\/wp-content\/uploads\/2024\/04\/pu-prijedor-akcija-roma-pres-8-300x225.jpg"}],"author":"admin","twitter_card":"summary_large_image","twitter_misc":{"Written by":"admin","Est. reading time":"5 minutes"},"schema":{"@context":"https:\/\/schema.org","@graph":[{"@type":"Article","@id":"https:\/\/www.prijedordanas.com\/?p=224058#article","isPartOf":{"@id":"https:\/\/www.prijedordanas.com\/?p=224058"},"author":{"name":"admin","@id":"https:\/\/www.prijedordanas.com\/#\/schema\/person\/4e08ccf29b506ca916ff86d46bb700e6"},"headline":"Prijedor: Odli\u010dna saradnja Tu\u017eila\u0161tva i policije dovela do uspjeha akcije &#8220;Roma&#8221; &#8211; FOTO\/VIDEO","datePublished":"2024-04-24T10:58:56+00:00","dateModified":"2024-04-24T10:58:56+00:00","mainEntityOfPage":{"@id":"https:\/\/www.prijedordanas.com\/?p=224058"},"wordCount":844,"publisher":{"@id":"https:\/\/www.prijedordanas.com\/#organization"},"articleSection":["Hronika"],"inLanguage":"en-US"},{"@type":"WebPage","@id":"https:\/\/www.prijedordanas.com\/?p=224058","url":"https:\/\/www.prijedordanas.com\/?p=224058","name":"Prijedor: Odli\u010dna saradnja Tu\u017eila\u0161tva i policije dovela do uspjeha akcije \"Roma\" - FOTO\/VIDEO - PrijedorDanas.com - Prijedorski gradski portal","isPartOf":{"@id":"https:\/\/www.prijedordanas.com\/#website"},"datePublished":"2024-04-24T10:58:56+00:00","dateModified":"2024-04-24T10:58:56+00:00","breadcrumb":{"@id":"https:\/\/www.prijedordanas.com\/?p=224058#breadcrumb"},"inLanguage":"en-US","potentialAction":[{"@type":"ReadAction","target":["https:\/\/www.prijedordanas.com\/?p=224058"]}]},{"@type":"BreadcrumbList","@id":"https:\/\/www.prijedordanas.com\/?p=224058#breadcrumb","itemListElement":[{"@type":"ListItem","position":1,"name":"Home","item":"https:\/\/www.prijedordanas.com\/"},{"@type":"ListItem","position":2,"name":"Prijedor: Odli\u010dna saradnja Tu\u017eila\u0161tva i policije dovela do uspjeha akcije &#8220;Roma&#8221; &#8211; FOTO\/VIDEO"}]},{"@type":"WebSite","@id":"https:\/\/www.prijedordanas.com\/#website","url":"https:\/\/www.prijedordanas.com\/","name":"PrijedorDanas.com - Prijedorski gradski portal","description":"Portal o doga\u0111anjima u gradu Prijedoru","publisher":{"@id":"https:\/\/www.prijedordanas.com\/#organization"},"potentialAction":[{"@type":"SearchAction","target":{"@type":"EntryPoint","urlTemplate":"https:\/\/www.prijedordanas.com\/?s={search_term_string}"},"query-input":"required name=search_term_string"}],"inLanguage":"en-US"},{"@type":"Organization","@id":"https:\/\/www.prijedordanas.com\/#organization","name":"PrijedorDanas.com","url":"https:\/\/www.prijedordanas.com\/","logo":{"@type":"ImageObject","inLanguage":"en-US","@id":"https:\/\/www.prijedordanas.com\/#\/schema\/logo\/image\/","url":"http:\/\/www.prijedordanas.com\/wp-content\/uploads\/2021\/12\/logopng.png","contentUrl":"http:\/\/www.prijedordanas.com\/wp-content\/uploads\/2021\/12\/logopng.png","width":1019,"height":776,"caption":"PrijedorDanas.com"},"image":{"@id":"https:\/\/www.prijedordanas.com\/#\/schema\/logo\/image\/"},"sameAs":["https:\/\/www.facebook.com\/PrijedorDanasCom\/"]},{"@type":"Person","@id":"https:\/\/www.prijedordanas.com\/#\/schema\/person\/4e08ccf29b506ca916ff86d46bb700e6","name":"admin","image":{"@type":"ImageObject","inLanguage":"en-US","@id":"https:\/\/www.prijedordanas.com\/#\/schema\/person\/image\/","url":"https:\/\/secure.gravatar.com\/avatar\/1d3fc949d550f0b53a5f0d51e06dfd79?s=96&d=mm&r=g","contentUrl":"https:\/\/secure.gravatar.com\/avatar\/1d3fc949d550f0b53a5f0d51e06dfd79?s=96&d=mm&r=g","caption":"admin"},"url":"https:\/\/www.prijedordanas.com\/?author=1"}]}},"_links":{"self":[{"href":"https:\/\/www.prijedordanas.com\/index.php?rest_route=\/wp\/v2\/posts\/224058"}],"collection":[{"href":"https:\/\/www.prijedordanas.com\/index.php?rest_route=\/wp\/v2\/posts"}],"about":[{"href":"https:\/\/www.prijedordanas.com\/index.php?rest_route=\/wp\/v2\/types\/post"}],"author":[{"embeddable":true,"href":"https:\/\/www.prijedordanas.com\/index.php?rest_route=\/wp\/v2\/users\/1"}],"replies":[{"embeddable":true,"href":"https:\/\/www.prijedordanas.com\/index.php?rest_route=%2Fwp%2Fv2%2Fcomments&post=224058"}],"version-history":[{"count":1,"href":"https:\/\/www.prijedordanas.com\/index.php?rest_route=\/wp\/v2\/posts\/224058\/revisions"}],"predecessor-version":[{"id":224059,"href":"https:\/\/www.prijedordanas.com\/index.php?rest_route=\/wp\/v2\/posts\/224058\/revisions\/224059"}],"wp:attachment":[{"href":"https:\/\/www.prijedordanas.com\/index.php?rest_route=%2Fwp%2Fv2%2Fmedia&parent=224058"}],"wp:term":[{"taxonomy":"category","embeddable":true,"href":"https:\/\/www.prijedordanas.com\/index.php?rest_route=%2Fwp%2Fv2%2Fcategories&post=224058"},{"taxonomy":"post_tag","embeddable":true,"href":"https:\/\/www.prijedordanas.com\/index.php?rest_route=%2Fwp%2Fv2%2Ftags&post=224058"}],"curies":[{"name":"wp","href":"https:\/\/api.w.org\/{rel}","templated":true}]}}