{"id":223959,"date":"2024-04-23T16:23:19","date_gmt":"2024-04-23T14:23:19","guid":{"rendered":"https:\/\/www.prijedordanas.com\/?p=223959"},"modified":"2024-04-23T16:23:19","modified_gmt":"2024-04-23T14:23:19","slug":"ministar-karan-kriminalna-grupa-iz-prijedora-ima-veze-i-sa-ubistvom-basica","status":"publish","type":"post","link":"https:\/\/www.prijedordanas.com\/?p=223959","title":{"rendered":"Ministar Karan: Kriminalna grupa iz Prijedora ima veze i sa ubistvom Ba\u0161i\u0107a"},"content":{"rendered":"<p><a href=\"https:\/\/www.prijedordanas.com\/wp-content\/uploads\/2024\/04\/rtrs-ministar-karan.jpg\"><img loading=\"lazy\" decoding=\"async\" src=\"https:\/\/www.prijedordanas.com\/wp-content\/uploads\/2024\/04\/rtrs-ministar-karan-300x225.jpg\" alt=\"\" width=\"300\" height=\"225\" class=\"alignleft size-medium wp-image-223960\" srcset=\"https:\/\/www.prijedordanas.com\/wp-content\/uploads\/2024\/04\/rtrs-ministar-karan-300x225.jpg 300w, https:\/\/www.prijedordanas.com\/wp-content\/uploads\/2024\/04\/rtrs-ministar-karan-640x480.jpg 640w, https:\/\/www.prijedordanas.com\/wp-content\/uploads\/2024\/04\/rtrs-ministar-karan.jpg 666w\" sizes=\"(max-width: 300px) 100vw, 300px\" \/><\/a>Ministar unutra\u0161njih poslova Republike Srpske Sini\u0161a Karan rekao je da je u akciji &#8220;Roma&#8221; u Prijedoru uhap\u0161eno 14 \u010dlanova kriminalne grupe koja se bavila narkoticima, a koja ima poveznice sa najte\u017eim krivi\u010dnim djelima iz ranijeg perioda, pa \u010dak i sa ubistvom na\u010delnika prijedorske krim-policije Radenka Ba\u0161i\u0107a.<\/p>\n<p>Karan je istakao da je MUP Republike Srpske gotovo godinu dana operativno radio na ovom otkrivanju, ta\u010dnije od juna pro\u0161le godine.<\/p>\n<p>&#8211; Ovo je jedna jako dobra akcija i \u010destitam na\u0161im policajcima na dobro obavljenom poslu &#8211; rekao je Karan.<\/p>\n<p>Policijska uprava Prijedor saop\u0161tila je da je tokom policijskih pretresa na vi\u0161e lokacija uhap\u0161eno 14 lica, oduzeto oko 1,2 kilograma kokaina, oko tri kilograma marihuane te otkrivena laboratorija za uzgoj marihuane.<\/p>\n<p>Na\u010delnik Sektora kriminalisti\u010dke policije prijedorske Policijske uprave Radenko Ba\u0161i\u0107 ubijen je 21. marta 2022. godine iz vatrenog oru\u017eja u prijedorskom naselju Pe\u0107ani.<\/p>\n<p>RTRS<\/p>\n","protected":false},"excerpt":{"rendered":"<p>Ministar unutra\u0161njih poslova Republike Srpske Sini\u0161a Karan rekao je da je u akciji &#8220;Roma&#8221; u Prijedoru uhap\u0161eno 14 \u010dlanova kriminalne grupe koja se bavila narkoticima, a koja ima poveznice sa [&hellip;]<\/p>\n","protected":false},"author":1,"featured_media":0,"comment_status":"closed","ping_status":"open","sticky":false,"template":"","format":"standard","meta":{"_monsterinsights_skip_tracking":false,"_monsterinsights_sitenote_active":false,"_monsterinsights_sitenote_note":"","_monsterinsights_sitenote_category":0,"footnotes":""},"categories":[5],"tags":[],"yoast_head":"<!-- This site is optimized with the Yoast SEO plugin v21.6 - https:\/\/yoast.com\/wordpress\/plugins\/seo\/ -->\n<title>Ministar Karan: Kriminalna grupa iz Prijedora ima veze i sa ubistvom Ba\u0161i\u0107a - PrijedorDanas.com - Prijedorski gradski portal<\/title>\n<meta name=\"robots\" content=\"index, follow, max-snippet:-1, max-image-preview:large, max-video-preview:-1\" \/>\n<link rel=\"canonical\" href=\"https:\/\/www.prijedordanas.com\/?p=223959\" \/>\n<meta property=\"og:locale\" content=\"en_US\" \/>\n<meta property=\"og:type\" content=\"article\" \/>\n<meta property=\"og:title\" content=\"Ministar Karan: Kriminalna grupa iz Prijedora ima veze i sa ubistvom Ba\u0161i\u0107a - PrijedorDanas.com - Prijedorski gradski portal\" \/>\n<meta property=\"og:description\" content=\"Ministar unutra\u0161njih poslova Republike Srpske Sini\u0161a Karan rekao je da je u akciji &#8220;Roma&#8221; u Prijedoru uhap\u0161eno 14 \u010dlanova kriminalne grupe koja se bavila narkoticima, a koja ima poveznice sa [&hellip;]\" \/>\n<meta property=\"og:url\" content=\"https:\/\/www.prijedordanas.com\/?p=223959\" \/>\n<meta property=\"og:site_name\" content=\"PrijedorDanas.com - Prijedorski gradski portal\" \/>\n<meta property=\"article:publisher\" content=\"https:\/\/www.facebook.com\/PrijedorDanasCom\/\" \/>\n<meta property=\"article:published_time\" content=\"2024-04-23T14:23:19+00:00\" \/>\n<meta property=\"og:image\" content=\"https:\/\/www.prijedordanas.com\/wp-content\/uploads\/2024\/04\/rtrs-ministar-karan-300x225.jpg\" \/>\n<meta name=\"author\" content=\"admin\" \/>\n<meta name=\"twitter:card\" content=\"summary_large_image\" \/>\n<meta name=\"twitter:label1\" content=\"Written by\" \/>\n\t<meta name=\"twitter:data1\" content=\"admin\" \/>\n<script type=\"application\/ld+json\" class=\"yoast-schema-graph\">{\"@context\":\"https:\/\/schema.org\",\"@graph\":[{\"@type\":\"Article\",\"@id\":\"https:\/\/www.prijedordanas.com\/?p=223959#article\",\"isPartOf\":{\"@id\":\"https:\/\/www.prijedordanas.com\/?p=223959\"},\"author\":{\"name\":\"admin\",\"@id\":\"https:\/\/www.prijedordanas.com\/#\/schema\/person\/4e08ccf29b506ca916ff86d46bb700e6\"},\"headline\":\"Ministar Karan: Kriminalna grupa iz Prijedora ima veze i sa ubistvom Ba\u0161i\u0107a\",\"datePublished\":\"2024-04-23T14:23:19+00:00\",\"dateModified\":\"2024-04-23T14:23:19+00:00\",\"mainEntityOfPage\":{\"@id\":\"https:\/\/www.prijedordanas.com\/?p=223959\"},\"wordCount\":168,\"publisher\":{\"@id\":\"https:\/\/www.prijedordanas.com\/#organization\"},\"articleSection\":[\"Hronika\"],\"inLanguage\":\"en-US\"},{\"@type\":\"WebPage\",\"@id\":\"https:\/\/www.prijedordanas.com\/?p=223959\",\"url\":\"https:\/\/www.prijedordanas.com\/?p=223959\",\"name\":\"Ministar Karan: Kriminalna grupa iz Prijedora ima veze i sa ubistvom Ba\u0161i\u0107a - PrijedorDanas.com - Prijedorski gradski portal\",\"isPartOf\":{\"@id\":\"https:\/\/www.prijedordanas.com\/#website\"},\"datePublished\":\"2024-04-23T14:23:19+00:00\",\"dateModified\":\"2024-04-23T14:23:19+00:00\",\"breadcrumb\":{\"@id\":\"https:\/\/www.prijedordanas.com\/?p=223959#breadcrumb\"},\"inLanguage\":\"en-US\",\"potentialAction\":[{\"@type\":\"ReadAction\",\"target\":[\"https:\/\/www.prijedordanas.com\/?p=223959\"]}]},{\"@type\":\"BreadcrumbList\",\"@id\":\"https:\/\/www.prijedordanas.com\/?p=223959#breadcrumb\",\"itemListElement\":[{\"@type\":\"ListItem\",\"position\":1,\"name\":\"Home\",\"item\":\"https:\/\/www.prijedordanas.com\/\"},{\"@type\":\"ListItem\",\"position\":2,\"name\":\"Ministar Karan: Kriminalna grupa iz Prijedora ima veze i sa ubistvom Ba\u0161i\u0107a\"}]},{\"@type\":\"WebSite\",\"@id\":\"https:\/\/www.prijedordanas.com\/#website\",\"url\":\"https:\/\/www.prijedordanas.com\/\",\"name\":\"PrijedorDanas.com - Prijedorski gradski portal\",\"description\":\"Portal o doga\u0111anjima u gradu Prijedoru\",\"publisher\":{\"@id\":\"https:\/\/www.prijedordanas.com\/#organization\"},\"potentialAction\":[{\"@type\":\"SearchAction\",\"target\":{\"@type\":\"EntryPoint\",\"urlTemplate\":\"https:\/\/www.prijedordanas.com\/?s={search_term_string}\"},\"query-input\":\"required name=search_term_string\"}],\"inLanguage\":\"en-US\"},{\"@type\":\"Organization\",\"@id\":\"https:\/\/www.prijedordanas.com\/#organization\",\"name\":\"PrijedorDanas.com\",\"url\":\"https:\/\/www.prijedordanas.com\/\",\"logo\":{\"@type\":\"ImageObject\",\"inLanguage\":\"en-US\",\"@id\":\"https:\/\/www.prijedordanas.com\/#\/schema\/logo\/image\/\",\"url\":\"http:\/\/www.prijedordanas.com\/wp-content\/uploads\/2021\/12\/logopng.png\",\"contentUrl\":\"http:\/\/www.prijedordanas.com\/wp-content\/uploads\/2021\/12\/logopng.png\",\"width\":1019,\"height\":776,\"caption\":\"PrijedorDanas.com\"},\"image\":{\"@id\":\"https:\/\/www.prijedordanas.com\/#\/schema\/logo\/image\/\"},\"sameAs\":[\"https:\/\/www.facebook.com\/PrijedorDanasCom\/\"]},{\"@type\":\"Person\",\"@id\":\"https:\/\/www.prijedordanas.com\/#\/schema\/person\/4e08ccf29b506ca916ff86d46bb700e6\",\"name\":\"admin\",\"image\":{\"@type\":\"ImageObject\",\"inLanguage\":\"en-US\",\"@id\":\"https:\/\/www.prijedordanas.com\/#\/schema\/person\/image\/\",\"url\":\"https:\/\/secure.gravatar.com\/avatar\/1d3fc949d550f0b53a5f0d51e06dfd79?s=96&d=mm&r=g\",\"contentUrl\":\"https:\/\/secure.gravatar.com\/avatar\/1d3fc949d550f0b53a5f0d51e06dfd79?s=96&d=mm&r=g\",\"caption\":\"admin\"},\"url\":\"https:\/\/www.prijedordanas.com\/?author=1\"}]}<\/script>\n<!-- \/ Yoast SEO plugin. -->","yoast_head_json":{"title":"Ministar Karan: Kriminalna grupa iz Prijedora ima veze i sa ubistvom Ba\u0161i\u0107a - PrijedorDanas.com - Prijedorski gradski portal","robots":{"index":"index","follow":"follow","max-snippet":"max-snippet:-1","max-image-preview":"max-image-preview:large","max-video-preview":"max-video-preview:-1"},"canonical":"https:\/\/www.prijedordanas.com\/?p=223959","og_locale":"en_US","og_type":"article","og_title":"Ministar Karan: Kriminalna grupa iz Prijedora ima veze i sa ubistvom Ba\u0161i\u0107a - PrijedorDanas.com - Prijedorski gradski portal","og_description":"Ministar unutra\u0161njih poslova Republike Srpske Sini\u0161a Karan rekao je da je u akciji &#8220;Roma&#8221; u Prijedoru uhap\u0161eno 14 \u010dlanova kriminalne grupe koja se bavila narkoticima, a koja ima poveznice sa [&hellip;]","og_url":"https:\/\/www.prijedordanas.com\/?p=223959","og_site_name":"PrijedorDanas.com - Prijedorski gradski portal","article_publisher":"https:\/\/www.facebook.com\/PrijedorDanasCom\/","article_published_time":"2024-04-23T14:23:19+00:00","og_image":[{"url":"https:\/\/www.prijedordanas.com\/wp-content\/uploads\/2024\/04\/rtrs-ministar-karan-300x225.jpg"}],"author":"admin","twitter_card":"summary_large_image","twitter_misc":{"Written by":"admin"},"schema":{"@context":"https:\/\/schema.org","@graph":[{"@type":"Article","@id":"https:\/\/www.prijedordanas.com\/?p=223959#article","isPartOf":{"@id":"https:\/\/www.prijedordanas.com\/?p=223959"},"author":{"name":"admin","@id":"https:\/\/www.prijedordanas.com\/#\/schema\/person\/4e08ccf29b506ca916ff86d46bb700e6"},"headline":"Ministar Karan: Kriminalna grupa iz Prijedora ima veze i sa ubistvom Ba\u0161i\u0107a","datePublished":"2024-04-23T14:23:19+00:00","dateModified":"2024-04-23T14:23:19+00:00","mainEntityOfPage":{"@id":"https:\/\/www.prijedordanas.com\/?p=223959"},"wordCount":168,"publisher":{"@id":"https:\/\/www.prijedordanas.com\/#organization"},"articleSection":["Hronika"],"inLanguage":"en-US"},{"@type":"WebPage","@id":"https:\/\/www.prijedordanas.com\/?p=223959","url":"https:\/\/www.prijedordanas.com\/?p=223959","name":"Ministar Karan: Kriminalna grupa iz Prijedora ima veze i sa ubistvom Ba\u0161i\u0107a - PrijedorDanas.com - Prijedorski gradski portal","isPartOf":{"@id":"https:\/\/www.prijedordanas.com\/#website"},"datePublished":"2024-04-23T14:23:19+00:00","dateModified":"2024-04-23T14:23:19+00:00","breadcrumb":{"@id":"https:\/\/www.prijedordanas.com\/?p=223959#breadcrumb"},"inLanguage":"en-US","potentialAction":[{"@type":"ReadAction","target":["https:\/\/www.prijedordanas.com\/?p=223959"]}]},{"@type":"BreadcrumbList","@id":"https:\/\/www.prijedordanas.com\/?p=223959#breadcrumb","itemListElement":[{"@type":"ListItem","position":1,"name":"Home","item":"https:\/\/www.prijedordanas.com\/"},{"@type":"ListItem","position":2,"name":"Ministar Karan: Kriminalna grupa iz Prijedora ima veze i sa ubistvom Ba\u0161i\u0107a"}]},{"@type":"WebSite","@id":"https:\/\/www.prijedordanas.com\/#website","url":"https:\/\/www.prijedordanas.com\/","name":"PrijedorDanas.com - Prijedorski gradski portal","description":"Portal o doga\u0111anjima u gradu Prijedoru","publisher":{"@id":"https:\/\/www.prijedordanas.com\/#organization"},"potentialAction":[{"@type":"SearchAction","target":{"@type":"EntryPoint","urlTemplate":"https:\/\/www.prijedordanas.com\/?s={search_term_string}"},"query-input":"required name=search_term_string"}],"inLanguage":"en-US"},{"@type":"Organization","@id":"https:\/\/www.prijedordanas.com\/#organization","name":"PrijedorDanas.com","url":"https:\/\/www.prijedordanas.com\/","logo":{"@type":"ImageObject","inLanguage":"en-US","@id":"https:\/\/www.prijedordanas.com\/#\/schema\/logo\/image\/","url":"http:\/\/www.prijedordanas.com\/wp-content\/uploads\/2021\/12\/logopng.png","contentUrl":"http:\/\/www.prijedordanas.com\/wp-content\/uploads\/2021\/12\/logopng.png","width":1019,"height":776,"caption":"PrijedorDanas.com"},"image":{"@id":"https:\/\/www.prijedordanas.com\/#\/schema\/logo\/image\/"},"sameAs":["https:\/\/www.facebook.com\/PrijedorDanasCom\/"]},{"@type":"Person","@id":"https:\/\/www.prijedordanas.com\/#\/schema\/person\/4e08ccf29b506ca916ff86d46bb700e6","name":"admin","image":{"@type":"ImageObject","inLanguage":"en-US","@id":"https:\/\/www.prijedordanas.com\/#\/schema\/person\/image\/","url":"https:\/\/secure.gravatar.com\/avatar\/1d3fc949d550f0b53a5f0d51e06dfd79?s=96&d=mm&r=g","contentUrl":"https:\/\/secure.gravatar.com\/avatar\/1d3fc949d550f0b53a5f0d51e06dfd79?s=96&d=mm&r=g","caption":"admin"},"url":"https:\/\/www.prijedordanas.com\/?author=1"}]}},"_links":{"self":[{"href":"https:\/\/www.prijedordanas.com\/index.php?rest_route=\/wp\/v2\/posts\/223959"}],"collection":[{"href":"https:\/\/www.prijedordanas.com\/index.php?rest_route=\/wp\/v2\/posts"}],"about":[{"href":"https:\/\/www.prijedordanas.com\/index.php?rest_route=\/wp\/v2\/types\/post"}],"author":[{"embeddable":true,"href":"https:\/\/www.prijedordanas.com\/index.php?rest_route=\/wp\/v2\/users\/1"}],"replies":[{"embeddable":true,"href":"https:\/\/www.prijedordanas.com\/index.php?rest_route=%2Fwp%2Fv2%2Fcomments&post=223959"}],"version-history":[{"count":1,"href":"https:\/\/www.prijedordanas.com\/index.php?rest_route=\/wp\/v2\/posts\/223959\/revisions"}],"predecessor-version":[{"id":223961,"href":"https:\/\/www.prijedordanas.com\/index.php?rest_route=\/wp\/v2\/posts\/223959\/revisions\/223961"}],"wp:attachment":[{"href":"https:\/\/www.prijedordanas.com\/index.php?rest_route=%2Fwp%2Fv2%2Fmedia&parent=223959"}],"wp:term":[{"taxonomy":"category","embeddable":true,"href":"https:\/\/www.prijedordanas.com\/index.php?rest_route=%2Fwp%2Fv2%2Fcategories&post=223959"},{"taxonomy":"post_tag","embeddable":true,"href":"https:\/\/www.prijedordanas.com\/index.php?rest_route=%2Fwp%2Fv2%2Ftags&post=223959"}],"curies":[{"name":"wp","href":"https:\/\/api.w.org\/{rel}","templated":true}]}}