{"id":223675,"date":"2024-04-19T14:03:55","date_gmt":"2024-04-19T12:03:55","guid":{"rendered":"https:\/\/www.prijedordanas.com\/?p=223675"},"modified":"2024-04-19T14:03:55","modified_gmt":"2024-04-19T12:03:55","slug":"gradonacelnik-javor-ponosni-smo-na-odlicnu-saradnju-sa-udruzenjem-penzionera-grada-prijedora-foto","status":"publish","type":"post","link":"https:\/\/www.prijedordanas.com\/?p=223675","title":{"rendered":"Gradona\u010delnik Javor: Ponosni smo na odli\u010dnu saradnju sa Udru\u017eenjem penzionera grada Prijedora &#8211; FOTO"},"content":{"rendered":"<p><a href=\"https:\/\/www.prijedordanas.com\/wp-content\/uploads\/2024\/04\/prijedorgradorg-javor-udruzenje-penzionera-1.jpg\"><img loading=\"lazy\" decoding=\"async\" class=\"alignleft size-medium wp-image-223669\" src=\"https:\/\/www.prijedordanas.com\/wp-content\/uploads\/2024\/04\/prijedorgradorg-javor-udruzenje-penzionera-1-300x225.jpg\" alt=\"\" width=\"300\" height=\"225\" srcset=\"https:\/\/www.prijedordanas.com\/wp-content\/uploads\/2024\/04\/prijedorgradorg-javor-udruzenje-penzionera-1-300x225.jpg 300w, https:\/\/www.prijedordanas.com\/wp-content\/uploads\/2024\/04\/prijedorgradorg-javor-udruzenje-penzionera-1-640x480.jpg 640w, https:\/\/www.prijedordanas.com\/wp-content\/uploads\/2024\/04\/prijedorgradorg-javor-udruzenje-penzionera-1.jpg 667w\" sizes=\"(max-width: 300px) 100vw, 300px\" \/><\/a>Gradona\u010delnik Prijedora Slobodan Javor izjavio je danas da je ponosan na odli\u010dnu saradnju sa lokalnim udru\u017eenjem penzionera i na \u010dinjenicu da grad Prijedor izdvaja najvi\u0161e novca u \u010ditavoj Republici Srpskoj iako nema najve\u0107i broj penzionera.<\/p>\n<p>&#8220;I, evo, sad mogu da najavim da \u0107emo na rebalansu bud\u017eeta, koji \u0107e biti otprilike kroz mjesec dana, tu stavku dodatno pove\u0107ati&#8221;, rekao je Javor koji je danas prisustvovao godi\u0161njoj Izvje\u0161tajnoj skup\u0161tini gradskog Udru\u017eenja penzionera.<\/p>\n<p>Predsjednik Udru\u017eenja penzionera Republike Srpske Ratko Trifunovi\u0107 rekao je da prijedorsko udru\u017eenje penzionera spada u red bolje organizovanih i aktivnijih i da je posebno va\u017eno za grad da uvijek ima i najbolju saradnju sa gradona\u010delnikom.<\/p>\n<p><a href=\"https:\/\/www.prijedordanas.com\/wp-content\/uploads\/2024\/04\/prijedorgradorg-javor-udruzenje-penzionera-2.jpg\"><img loading=\"lazy\" decoding=\"async\" src=\"https:\/\/www.prijedordanas.com\/wp-content\/uploads\/2024\/04\/prijedorgradorg-javor-udruzenje-penzionera-2-300x225.jpg\" alt=\"\" width=\"300\" height=\"225\" class=\"alignleft size-medium wp-image-223670\" srcset=\"https:\/\/www.prijedordanas.com\/wp-content\/uploads\/2024\/04\/prijedorgradorg-javor-udruzenje-penzionera-2-300x225.jpg 300w, https:\/\/www.prijedordanas.com\/wp-content\/uploads\/2024\/04\/prijedorgradorg-javor-udruzenje-penzionera-2-640x480.jpg 640w, https:\/\/www.prijedordanas.com\/wp-content\/uploads\/2024\/04\/prijedorgradorg-javor-udruzenje-penzionera-2.jpg 667w\" sizes=\"(max-width: 300px) 100vw, 300px\" \/><\/a>&#8220;Pitanja materijalnog polo\u017eaja i zdravstvene za\u0161tite penzionera u prvom planu su u svim razgovorima na republi\u010dkom nivou. U vrijeme mandata Radovana Vi\u0161kovi\u0107a kao predsjednika Vlade od januara 2019. do januara 2024. godine penzije su pove\u0107ane skoro 60 odsto. Mi se nadamo, tako imamo i dogovor sa njim, da \u0107e ove godine do\u0107i do jo\u0161 jednog vanrednog pove\u0107anja penzije&#8221;, dodao je Trifunovi\u0107.<\/p>\n<p>Predsjednik Udru\u017eenja penzionera Prijedor Slobodan Brdar rekao je da su penzioneri uklju\u010deni i u politi\u010dki i u dru\u0161tveni \u017eivot i lokalne zajednice i Republike Srpske.<\/p>\n<p>&#8220;Mi smo \u017eivo zainteresovani da na\u0161 grad i na\u0161a lokalna zajednica bude stabilna. Nas ima oko 15.000 u gradu Prijedoru, standard je takav kakav je , ali u okviru svoje lokalne zajednice zahvalni smo jer grad i gradona\u010delnik poma\u017eu svoje penzionere i prepoznatljivi smo u Republici Srpskoj kada je ta aktivnost u pitanju &#8220;, naveo je Brdar.<\/p>\n<p><a href=\"https:\/\/www.prijedorgrad.org\/sr-EU\/vijesti-sadrzaj.html?vid=19941\" target=\"_blank\" rel=\"noopener\">prijedorgrad.org<\/a><\/p>\n<p><a href=\"https:\/\/www.prijedordanas.com\/wp-content\/uploads\/2024\/04\/prijedorgradorg-javor-udruzenje-penzionera-3.jpg\"><img loading=\"lazy\" decoding=\"async\" src=\"https:\/\/www.prijedordanas.com\/wp-content\/uploads\/2024\/04\/prijedorgradorg-javor-udruzenje-penzionera-3-300x200.jpg\" alt=\"\" width=\"300\" height=\"200\" class=\"alignleft size-medium wp-image-223671\" srcset=\"https:\/\/www.prijedordanas.com\/wp-content\/uploads\/2024\/04\/prijedorgradorg-javor-udruzenje-penzionera-3-300x200.jpg 300w, https:\/\/www.prijedordanas.com\/wp-content\/uploads\/2024\/04\/prijedorgradorg-javor-udruzenje-penzionera-3-480x320.jpg 480w, https:\/\/www.prijedordanas.com\/wp-content\/uploads\/2024\/04\/prijedorgradorg-javor-udruzenje-penzionera-3.jpg 600w\" sizes=\"(max-width: 300px) 100vw, 300px\" \/><\/a> <a href=\"https:\/\/www.prijedordanas.com\/wp-content\/uploads\/2024\/04\/prijedorgradorg-javor-udruzenje-penzionera-4.jpg\"><img loading=\"lazy\" decoding=\"async\" src=\"https:\/\/www.prijedordanas.com\/wp-content\/uploads\/2024\/04\/prijedorgradorg-javor-udruzenje-penzionera-4-300x200.jpg\" alt=\"\" width=\"300\" height=\"200\" class=\"alignleft size-medium wp-image-223672\" srcset=\"https:\/\/www.prijedordanas.com\/wp-content\/uploads\/2024\/04\/prijedorgradorg-javor-udruzenje-penzionera-4-300x200.jpg 300w, https:\/\/www.prijedordanas.com\/wp-content\/uploads\/2024\/04\/prijedorgradorg-javor-udruzenje-penzionera-4-480x320.jpg 480w, https:\/\/www.prijedordanas.com\/wp-content\/uploads\/2024\/04\/prijedorgradorg-javor-udruzenje-penzionera-4.jpg 600w\" sizes=\"(max-width: 300px) 100vw, 300px\" \/><\/a> <a href=\"https:\/\/www.prijedordanas.com\/wp-content\/uploads\/2024\/04\/prijedorgradorg-javor-udruzenje-penzionera-5.jpg\"><img loading=\"lazy\" decoding=\"async\" src=\"https:\/\/www.prijedordanas.com\/wp-content\/uploads\/2024\/04\/prijedorgradorg-javor-udruzenje-penzionera-5-300x200.jpg\" alt=\"\" width=\"300\" height=\"200\" class=\"alignleft size-medium wp-image-223673\" srcset=\"https:\/\/www.prijedordanas.com\/wp-content\/uploads\/2024\/04\/prijedorgradorg-javor-udruzenje-penzionera-5-300x200.jpg 300w, https:\/\/www.prijedordanas.com\/wp-content\/uploads\/2024\/04\/prijedorgradorg-javor-udruzenje-penzionera-5-480x320.jpg 480w, https:\/\/www.prijedordanas.com\/wp-content\/uploads\/2024\/04\/prijedorgradorg-javor-udruzenje-penzionera-5.jpg 600w\" sizes=\"(max-width: 300px) 100vw, 300px\" \/><\/a><\/p>\n","protected":false},"excerpt":{"rendered":"<p>Gradona\u010delnik Prijedora Slobodan Javor izjavio je danas da je ponosan na odli\u010dnu saradnju sa lokalnim udru\u017eenjem penzionera i na \u010dinjenicu da grad Prijedor izdvaja najvi\u0161e novca u \u010ditavoj Republici Srpskoj [&hellip;]<\/p>\n","protected":false},"author":1,"featured_media":0,"comment_status":"closed","ping_status":"open","sticky":false,"template":"","format":"standard","meta":{"_monsterinsights_skip_tracking":false,"_monsterinsights_sitenote_active":false,"_monsterinsights_sitenote_note":"","_monsterinsights_sitenote_category":0,"footnotes":""},"categories":[4],"tags":[],"yoast_head":"<!-- This site is optimized with the Yoast SEO plugin v21.6 - https:\/\/yoast.com\/wordpress\/plugins\/seo\/ -->\n<title>Gradona\u010delnik Javor: Ponosni smo na odli\u010dnu saradnju sa Udru\u017eenjem penzionera grada Prijedora - FOTO - PrijedorDanas.com - Prijedorski gradski portal<\/title>\n<meta name=\"robots\" content=\"index, follow, max-snippet:-1, max-image-preview:large, max-video-preview:-1\" \/>\n<link rel=\"canonical\" href=\"https:\/\/www.prijedordanas.com\/?p=223675\" \/>\n<meta property=\"og:locale\" content=\"en_US\" \/>\n<meta property=\"og:type\" content=\"article\" \/>\n<meta property=\"og:title\" content=\"Gradona\u010delnik Javor: Ponosni smo na odli\u010dnu saradnju sa Udru\u017eenjem penzionera grada Prijedora - FOTO - PrijedorDanas.com - Prijedorski gradski portal\" \/>\n<meta property=\"og:description\" content=\"Gradona\u010delnik Prijedora Slobodan Javor izjavio je danas da je ponosan na odli\u010dnu saradnju sa lokalnim udru\u017eenjem penzionera i na \u010dinjenicu da grad Prijedor izdvaja najvi\u0161e novca u \u010ditavoj Republici Srpskoj [&hellip;]\" \/>\n<meta property=\"og:url\" content=\"https:\/\/www.prijedordanas.com\/?p=223675\" \/>\n<meta property=\"og:site_name\" content=\"PrijedorDanas.com - Prijedorski gradski portal\" \/>\n<meta property=\"article:publisher\" content=\"https:\/\/www.facebook.com\/PrijedorDanasCom\/\" \/>\n<meta property=\"article:published_time\" content=\"2024-04-19T12:03:55+00:00\" \/>\n<meta property=\"og:image\" content=\"https:\/\/www.prijedordanas.com\/wp-content\/uploads\/2024\/04\/prijedorgradorg-javor-udruzenje-penzionera-1-300x225.jpg\" \/>\n<meta name=\"author\" content=\"admin\" \/>\n<meta name=\"twitter:card\" content=\"summary_large_image\" \/>\n<meta name=\"twitter:label1\" content=\"Written by\" \/>\n\t<meta name=\"twitter:data1\" content=\"admin\" \/>\n<script type=\"application\/ld+json\" class=\"yoast-schema-graph\">{\"@context\":\"https:\/\/schema.org\",\"@graph\":[{\"@type\":\"Article\",\"@id\":\"https:\/\/www.prijedordanas.com\/?p=223675#article\",\"isPartOf\":{\"@id\":\"https:\/\/www.prijedordanas.com\/?p=223675\"},\"author\":{\"name\":\"admin\",\"@id\":\"https:\/\/www.prijedordanas.com\/#\/schema\/person\/4e08ccf29b506ca916ff86d46bb700e6\"},\"headline\":\"Gradona\u010delnik Javor: Ponosni smo na odli\u010dnu saradnju sa Udru\u017eenjem penzionera grada Prijedora &#8211; FOTO\",\"datePublished\":\"2024-04-19T12:03:55+00:00\",\"dateModified\":\"2024-04-19T12:03:55+00:00\",\"mainEntityOfPage\":{\"@id\":\"https:\/\/www.prijedordanas.com\/?p=223675\"},\"wordCount\":291,\"publisher\":{\"@id\":\"https:\/\/www.prijedordanas.com\/#organization\"},\"articleSection\":[\"Dru\u0161tvo\"],\"inLanguage\":\"en-US\"},{\"@type\":\"WebPage\",\"@id\":\"https:\/\/www.prijedordanas.com\/?p=223675\",\"url\":\"https:\/\/www.prijedordanas.com\/?p=223675\",\"name\":\"Gradona\u010delnik Javor: Ponosni smo na odli\u010dnu saradnju sa Udru\u017eenjem penzionera grada Prijedora - FOTO - PrijedorDanas.com - Prijedorski gradski portal\",\"isPartOf\":{\"@id\":\"https:\/\/www.prijedordanas.com\/#website\"},\"datePublished\":\"2024-04-19T12:03:55+00:00\",\"dateModified\":\"2024-04-19T12:03:55+00:00\",\"breadcrumb\":{\"@id\":\"https:\/\/www.prijedordanas.com\/?p=223675#breadcrumb\"},\"inLanguage\":\"en-US\",\"potentialAction\":[{\"@type\":\"ReadAction\",\"target\":[\"https:\/\/www.prijedordanas.com\/?p=223675\"]}]},{\"@type\":\"BreadcrumbList\",\"@id\":\"https:\/\/www.prijedordanas.com\/?p=223675#breadcrumb\",\"itemListElement\":[{\"@type\":\"ListItem\",\"position\":1,\"name\":\"Home\",\"item\":\"https:\/\/www.prijedordanas.com\/\"},{\"@type\":\"ListItem\",\"position\":2,\"name\":\"Gradona\u010delnik Javor: Ponosni smo na odli\u010dnu saradnju sa Udru\u017eenjem penzionera grada Prijedora &#8211; FOTO\"}]},{\"@type\":\"WebSite\",\"@id\":\"https:\/\/www.prijedordanas.com\/#website\",\"url\":\"https:\/\/www.prijedordanas.com\/\",\"name\":\"PrijedorDanas.com - Prijedorski gradski portal\",\"description\":\"Portal o doga\u0111anjima u gradu Prijedoru\",\"publisher\":{\"@id\":\"https:\/\/www.prijedordanas.com\/#organization\"},\"potentialAction\":[{\"@type\":\"SearchAction\",\"target\":{\"@type\":\"EntryPoint\",\"urlTemplate\":\"https:\/\/www.prijedordanas.com\/?s={search_term_string}\"},\"query-input\":\"required name=search_term_string\"}],\"inLanguage\":\"en-US\"},{\"@type\":\"Organization\",\"@id\":\"https:\/\/www.prijedordanas.com\/#organization\",\"name\":\"PrijedorDanas.com\",\"url\":\"https:\/\/www.prijedordanas.com\/\",\"logo\":{\"@type\":\"ImageObject\",\"inLanguage\":\"en-US\",\"@id\":\"https:\/\/www.prijedordanas.com\/#\/schema\/logo\/image\/\",\"url\":\"http:\/\/www.prijedordanas.com\/wp-content\/uploads\/2021\/12\/logopng.png\",\"contentUrl\":\"http:\/\/www.prijedordanas.com\/wp-content\/uploads\/2021\/12\/logopng.png\",\"width\":1019,\"height\":776,\"caption\":\"PrijedorDanas.com\"},\"image\":{\"@id\":\"https:\/\/www.prijedordanas.com\/#\/schema\/logo\/image\/\"},\"sameAs\":[\"https:\/\/www.facebook.com\/PrijedorDanasCom\/\"]},{\"@type\":\"Person\",\"@id\":\"https:\/\/www.prijedordanas.com\/#\/schema\/person\/4e08ccf29b506ca916ff86d46bb700e6\",\"name\":\"admin\",\"image\":{\"@type\":\"ImageObject\",\"inLanguage\":\"en-US\",\"@id\":\"https:\/\/www.prijedordanas.com\/#\/schema\/person\/image\/\",\"url\":\"https:\/\/secure.gravatar.com\/avatar\/1d3fc949d550f0b53a5f0d51e06dfd79?s=96&d=mm&r=g\",\"contentUrl\":\"https:\/\/secure.gravatar.com\/avatar\/1d3fc949d550f0b53a5f0d51e06dfd79?s=96&d=mm&r=g\",\"caption\":\"admin\"},\"url\":\"https:\/\/www.prijedordanas.com\/?author=1\"}]}<\/script>\n<!-- \/ Yoast SEO plugin. -->","yoast_head_json":{"title":"Gradona\u010delnik Javor: Ponosni smo na odli\u010dnu saradnju sa Udru\u017eenjem penzionera grada Prijedora - FOTO - PrijedorDanas.com - Prijedorski gradski portal","robots":{"index":"index","follow":"follow","max-snippet":"max-snippet:-1","max-image-preview":"max-image-preview:large","max-video-preview":"max-video-preview:-1"},"canonical":"https:\/\/www.prijedordanas.com\/?p=223675","og_locale":"en_US","og_type":"article","og_title":"Gradona\u010delnik Javor: Ponosni smo na odli\u010dnu saradnju sa Udru\u017eenjem penzionera grada Prijedora - FOTO - PrijedorDanas.com - Prijedorski gradski portal","og_description":"Gradona\u010delnik Prijedora Slobodan Javor izjavio je danas da je ponosan na odli\u010dnu saradnju sa lokalnim udru\u017eenjem penzionera i na \u010dinjenicu da grad Prijedor izdvaja najvi\u0161e novca u \u010ditavoj Republici Srpskoj [&hellip;]","og_url":"https:\/\/www.prijedordanas.com\/?p=223675","og_site_name":"PrijedorDanas.com - Prijedorski gradski portal","article_publisher":"https:\/\/www.facebook.com\/PrijedorDanasCom\/","article_published_time":"2024-04-19T12:03:55+00:00","og_image":[{"url":"https:\/\/www.prijedordanas.com\/wp-content\/uploads\/2024\/04\/prijedorgradorg-javor-udruzenje-penzionera-1-300x225.jpg"}],"author":"admin","twitter_card":"summary_large_image","twitter_misc":{"Written by":"admin"},"schema":{"@context":"https:\/\/schema.org","@graph":[{"@type":"Article","@id":"https:\/\/www.prijedordanas.com\/?p=223675#article","isPartOf":{"@id":"https:\/\/www.prijedordanas.com\/?p=223675"},"author":{"name":"admin","@id":"https:\/\/www.prijedordanas.com\/#\/schema\/person\/4e08ccf29b506ca916ff86d46bb700e6"},"headline":"Gradona\u010delnik Javor: Ponosni smo na odli\u010dnu saradnju sa Udru\u017eenjem penzionera grada Prijedora &#8211; FOTO","datePublished":"2024-04-19T12:03:55+00:00","dateModified":"2024-04-19T12:03:55+00:00","mainEntityOfPage":{"@id":"https:\/\/www.prijedordanas.com\/?p=223675"},"wordCount":291,"publisher":{"@id":"https:\/\/www.prijedordanas.com\/#organization"},"articleSection":["Dru\u0161tvo"],"inLanguage":"en-US"},{"@type":"WebPage","@id":"https:\/\/www.prijedordanas.com\/?p=223675","url":"https:\/\/www.prijedordanas.com\/?p=223675","name":"Gradona\u010delnik Javor: Ponosni smo na odli\u010dnu saradnju sa Udru\u017eenjem penzionera grada Prijedora - FOTO - PrijedorDanas.com - Prijedorski gradski portal","isPartOf":{"@id":"https:\/\/www.prijedordanas.com\/#website"},"datePublished":"2024-04-19T12:03:55+00:00","dateModified":"2024-04-19T12:03:55+00:00","breadcrumb":{"@id":"https:\/\/www.prijedordanas.com\/?p=223675#breadcrumb"},"inLanguage":"en-US","potentialAction":[{"@type":"ReadAction","target":["https:\/\/www.prijedordanas.com\/?p=223675"]}]},{"@type":"BreadcrumbList","@id":"https:\/\/www.prijedordanas.com\/?p=223675#breadcrumb","itemListElement":[{"@type":"ListItem","position":1,"name":"Home","item":"https:\/\/www.prijedordanas.com\/"},{"@type":"ListItem","position":2,"name":"Gradona\u010delnik Javor: Ponosni smo na odli\u010dnu saradnju sa Udru\u017eenjem penzionera grada Prijedora &#8211; FOTO"}]},{"@type":"WebSite","@id":"https:\/\/www.prijedordanas.com\/#website","url":"https:\/\/www.prijedordanas.com\/","name":"PrijedorDanas.com - Prijedorski gradski portal","description":"Portal o doga\u0111anjima u gradu Prijedoru","publisher":{"@id":"https:\/\/www.prijedordanas.com\/#organization"},"potentialAction":[{"@type":"SearchAction","target":{"@type":"EntryPoint","urlTemplate":"https:\/\/www.prijedordanas.com\/?s={search_term_string}"},"query-input":"required name=search_term_string"}],"inLanguage":"en-US"},{"@type":"Organization","@id":"https:\/\/www.prijedordanas.com\/#organization","name":"PrijedorDanas.com","url":"https:\/\/www.prijedordanas.com\/","logo":{"@type":"ImageObject","inLanguage":"en-US","@id":"https:\/\/www.prijedordanas.com\/#\/schema\/logo\/image\/","url":"http:\/\/www.prijedordanas.com\/wp-content\/uploads\/2021\/12\/logopng.png","contentUrl":"http:\/\/www.prijedordanas.com\/wp-content\/uploads\/2021\/12\/logopng.png","width":1019,"height":776,"caption":"PrijedorDanas.com"},"image":{"@id":"https:\/\/www.prijedordanas.com\/#\/schema\/logo\/image\/"},"sameAs":["https:\/\/www.facebook.com\/PrijedorDanasCom\/"]},{"@type":"Person","@id":"https:\/\/www.prijedordanas.com\/#\/schema\/person\/4e08ccf29b506ca916ff86d46bb700e6","name":"admin","image":{"@type":"ImageObject","inLanguage":"en-US","@id":"https:\/\/www.prijedordanas.com\/#\/schema\/person\/image\/","url":"https:\/\/secure.gravatar.com\/avatar\/1d3fc949d550f0b53a5f0d51e06dfd79?s=96&d=mm&r=g","contentUrl":"https:\/\/secure.gravatar.com\/avatar\/1d3fc949d550f0b53a5f0d51e06dfd79?s=96&d=mm&r=g","caption":"admin"},"url":"https:\/\/www.prijedordanas.com\/?author=1"}]}},"_links":{"self":[{"href":"https:\/\/www.prijedordanas.com\/index.php?rest_route=\/wp\/v2\/posts\/223675"}],"collection":[{"href":"https:\/\/www.prijedordanas.com\/index.php?rest_route=\/wp\/v2\/posts"}],"about":[{"href":"https:\/\/www.prijedordanas.com\/index.php?rest_route=\/wp\/v2\/types\/post"}],"author":[{"embeddable":true,"href":"https:\/\/www.prijedordanas.com\/index.php?rest_route=\/wp\/v2\/users\/1"}],"replies":[{"embeddable":true,"href":"https:\/\/www.prijedordanas.com\/index.php?rest_route=%2Fwp%2Fv2%2Fcomments&post=223675"}],"version-history":[{"count":1,"href":"https:\/\/www.prijedordanas.com\/index.php?rest_route=\/wp\/v2\/posts\/223675\/revisions"}],"predecessor-version":[{"id":223676,"href":"https:\/\/www.prijedordanas.com\/index.php?rest_route=\/wp\/v2\/posts\/223675\/revisions\/223676"}],"wp:attachment":[{"href":"https:\/\/www.prijedordanas.com\/index.php?rest_route=%2Fwp%2Fv2%2Fmedia&parent=223675"}],"wp:term":[{"taxonomy":"category","embeddable":true,"href":"https:\/\/www.prijedordanas.com\/index.php?rest_route=%2Fwp%2Fv2%2Fcategories&post=223675"},{"taxonomy":"post_tag","embeddable":true,"href":"https:\/\/www.prijedordanas.com\/index.php?rest_route=%2Fwp%2Fv2%2Ftags&post=223675"}],"curies":[{"name":"wp","href":"https:\/\/api.w.org\/{rel}","templated":true}]}}