{"id":22367,"date":"2015-05-14T08:32:20","date_gmt":"2015-05-14T07:32:20","guid":{"rendered":"https:\/\/www.prijedordanas.com\/?p=22367"},"modified":"2015-05-14T08:33:39","modified_gmt":"2015-05-14T07:33:39","slug":"prijedorski-daci-prvi-u-pruzanju-pomoci","status":"publish","type":"post","link":"https:\/\/www.prijedordanas.com\/?p=22367","title":{"rendered":"PRIJEDORSKI \u0110ACI PRVI U PRU\u017dANJU POMO\u0106I"},"content":{"rendered":"<p><a href=\"https:\/\/www.prijedordanas.com\/wp-content\/uploads\/2015\/05\/glas-takmicenje-prva-pomoc.jpg\"><img loading=\"lazy\" decoding=\"async\" src=\"https:\/\/www.prijedordanas.com\/wp-content\/uploads\/2015\/05\/glas-takmicenje-prva-pomoc-300x187.jpg\" alt=\"glas-takmicenje-prva pomoc\" width=\"300\" height=\"187\" class=\"alignleft size-medium wp-image-22365\" srcset=\"https:\/\/www.prijedordanas.com\/wp-content\/uploads\/2015\/05\/glas-takmicenje-prva-pomoc-300x187.jpg 300w, https:\/\/www.prijedordanas.com\/wp-content\/uploads\/2015\/05\/glas-takmicenje-prva-pomoc.jpg 600w\" sizes=\"(max-width: 300px) 100vw, 300px\" \/><\/a>U\u010denici prijedorske Osnovne \u0161kole \u201cPetar Ko\u010di\u0107\u201d i Srednjo\u0161kolskog centra Prijedor pobjednici su regionalnog takmi\u010denja ekipa prve pomo\u0107i koje je odr\u017eano u Kozarskoj Dubici.<\/p>\n<p>Osnovci su, u kategoriji podmlatka, pokazali zavidno znanje i umije\u0107e u realisti\u010dnom prikazu stanja i oboljenja, dok su srednjo\u0161kolci bili najbolji u kategoriji omladine.<\/p>\n<p>Sekretar Gradske organizacije Crvenog krsta Prijedor Zoran Veselinovi\u0107 je istakao da su u\u010destvovale sve pobjedni\u010dke ekipe sa podru\u010dja prijedorske regije koje su osvojile prva mjesta na op\u0161tinskim i gradskim takmi\u010denjima.<\/p>\n<p>&#8211; Veoma smo ponosni \u0161to su na\u0161e ekipe bile najbolje u obje kategorije &#8211; rekao je Veselinovi\u0107.<\/p>\n<p>Glas Srpske<\/p>\n","protected":false},"excerpt":{"rendered":"<p>U\u010denici prijedorske Osnovne \u0161kole \u201cPetar Ko\u010di\u0107\u201d i Srednjo\u0161kolskog centra Prijedor pobjednici su regionalnog takmi\u010denja ekipa prve pomo\u0107i koje je odr\u017eano u Kozarskoj Dubici. Osnovci su, u kategoriji podmlatka, pokazali zavidno [&hellip;]<\/p>\n","protected":false},"author":1,"featured_media":0,"comment_status":"closed","ping_status":"open","sticky":false,"template":"","format":"standard","meta":{"_monsterinsights_skip_tracking":false,"_monsterinsights_sitenote_active":false,"_monsterinsights_sitenote_note":"","_monsterinsights_sitenote_category":0,"footnotes":""},"categories":[8],"tags":[705,1117,1116],"yoast_head":"<!-- This site is optimized with the Yoast SEO plugin v21.6 - https:\/\/yoast.com\/wordpress\/plugins\/seo\/ -->\n<title>PRIJEDORSKI \u0110ACI PRVI U PRU\u017dANJU POMO\u0106I - PrijedorDanas.com - Prijedorski gradski portal<\/title>\n<meta name=\"robots\" content=\"index, follow, max-snippet:-1, max-image-preview:large, max-video-preview:-1\" \/>\n<link rel=\"canonical\" href=\"https:\/\/www.prijedordanas.com\/?p=22367\" \/>\n<meta property=\"og:locale\" content=\"en_US\" \/>\n<meta property=\"og:type\" content=\"article\" \/>\n<meta property=\"og:title\" content=\"PRIJEDORSKI \u0110ACI PRVI U PRU\u017dANJU POMO\u0106I - PrijedorDanas.com - Prijedorski gradski portal\" \/>\n<meta property=\"og:description\" content=\"U\u010denici prijedorske Osnovne \u0161kole \u201cPetar Ko\u010di\u0107\u201d i Srednjo\u0161kolskog centra Prijedor pobjednici su regionalnog takmi\u010denja ekipa prve pomo\u0107i koje je odr\u017eano u Kozarskoj Dubici. Osnovci su, u kategoriji podmlatka, pokazali zavidno [&hellip;]\" \/>\n<meta property=\"og:url\" content=\"https:\/\/www.prijedordanas.com\/?p=22367\" \/>\n<meta property=\"og:site_name\" content=\"PrijedorDanas.com - Prijedorski gradski portal\" \/>\n<meta property=\"article:publisher\" content=\"https:\/\/www.facebook.com\/PrijedorDanasCom\/\" \/>\n<meta property=\"article:published_time\" content=\"2015-05-14T07:32:20+00:00\" \/>\n<meta property=\"article:modified_time\" content=\"2015-05-14T07:33:39+00:00\" \/>\n<meta property=\"og:image\" content=\"https:\/\/www.prijedordanas.com\/wp-content\/uploads\/2015\/05\/glas-takmicenje-prva-pomoc-300x187.jpg\" \/>\n<meta name=\"author\" content=\"admin\" \/>\n<meta name=\"twitter:card\" content=\"summary_large_image\" \/>\n<meta name=\"twitter:label1\" content=\"Written by\" \/>\n\t<meta name=\"twitter:data1\" content=\"admin\" \/>\n\t<meta name=\"twitter:label2\" content=\"Est. reading time\" \/>\n\t<meta name=\"twitter:data2\" content=\"1 minute\" \/>\n<script type=\"application\/ld+json\" class=\"yoast-schema-graph\">{\"@context\":\"https:\/\/schema.org\",\"@graph\":[{\"@type\":\"Article\",\"@id\":\"https:\/\/www.prijedordanas.com\/?p=22367#article\",\"isPartOf\":{\"@id\":\"https:\/\/www.prijedordanas.com\/?p=22367\"},\"author\":{\"name\":\"admin\",\"@id\":\"https:\/\/www.prijedordanas.com\/#\/schema\/person\/4e08ccf29b506ca916ff86d46bb700e6\"},\"headline\":\"PRIJEDORSKI \u0110ACI PRVI U PRU\u017dANJU POMO\u0106I\",\"datePublished\":\"2015-05-14T07:32:20+00:00\",\"dateModified\":\"2015-05-14T07:33:39+00:00\",\"mainEntityOfPage\":{\"@id\":\"https:\/\/www.prijedordanas.com\/?p=22367\"},\"wordCount\":119,\"publisher\":{\"@id\":\"https:\/\/www.prijedordanas.com\/#organization\"},\"keywords\":[\"crveni krst\",\"prva pomo\u0107\",\"takmi\u010denje\"],\"articleSection\":[\"Svakodnevno\"],\"inLanguage\":\"en-US\"},{\"@type\":\"WebPage\",\"@id\":\"https:\/\/www.prijedordanas.com\/?p=22367\",\"url\":\"https:\/\/www.prijedordanas.com\/?p=22367\",\"name\":\"PRIJEDORSKI \u0110ACI PRVI U PRU\u017dANJU POMO\u0106I - PrijedorDanas.com - Prijedorski gradski portal\",\"isPartOf\":{\"@id\":\"https:\/\/www.prijedordanas.com\/#website\"},\"datePublished\":\"2015-05-14T07:32:20+00:00\",\"dateModified\":\"2015-05-14T07:33:39+00:00\",\"breadcrumb\":{\"@id\":\"https:\/\/www.prijedordanas.com\/?p=22367#breadcrumb\"},\"inLanguage\":\"en-US\",\"potentialAction\":[{\"@type\":\"ReadAction\",\"target\":[\"https:\/\/www.prijedordanas.com\/?p=22367\"]}]},{\"@type\":\"BreadcrumbList\",\"@id\":\"https:\/\/www.prijedordanas.com\/?p=22367#breadcrumb\",\"itemListElement\":[{\"@type\":\"ListItem\",\"position\":1,\"name\":\"Home\",\"item\":\"https:\/\/www.prijedordanas.com\/\"},{\"@type\":\"ListItem\",\"position\":2,\"name\":\"PRIJEDORSKI \u0110ACI PRVI U PRU\u017dANJU POMO\u0106I\"}]},{\"@type\":\"WebSite\",\"@id\":\"https:\/\/www.prijedordanas.com\/#website\",\"url\":\"https:\/\/www.prijedordanas.com\/\",\"name\":\"PrijedorDanas.com - Prijedorski gradski portal\",\"description\":\"Portal o doga\u0111anjima u gradu Prijedoru\",\"publisher\":{\"@id\":\"https:\/\/www.prijedordanas.com\/#organization\"},\"potentialAction\":[{\"@type\":\"SearchAction\",\"target\":{\"@type\":\"EntryPoint\",\"urlTemplate\":\"https:\/\/www.prijedordanas.com\/?s={search_term_string}\"},\"query-input\":\"required name=search_term_string\"}],\"inLanguage\":\"en-US\"},{\"@type\":\"Organization\",\"@id\":\"https:\/\/www.prijedordanas.com\/#organization\",\"name\":\"PrijedorDanas.com\",\"url\":\"https:\/\/www.prijedordanas.com\/\",\"logo\":{\"@type\":\"ImageObject\",\"inLanguage\":\"en-US\",\"@id\":\"https:\/\/www.prijedordanas.com\/#\/schema\/logo\/image\/\",\"url\":\"http:\/\/www.prijedordanas.com\/wp-content\/uploads\/2021\/12\/logopng.png\",\"contentUrl\":\"http:\/\/www.prijedordanas.com\/wp-content\/uploads\/2021\/12\/logopng.png\",\"width\":1019,\"height\":776,\"caption\":\"PrijedorDanas.com\"},\"image\":{\"@id\":\"https:\/\/www.prijedordanas.com\/#\/schema\/logo\/image\/\"},\"sameAs\":[\"https:\/\/www.facebook.com\/PrijedorDanasCom\/\"]},{\"@type\":\"Person\",\"@id\":\"https:\/\/www.prijedordanas.com\/#\/schema\/person\/4e08ccf29b506ca916ff86d46bb700e6\",\"name\":\"admin\",\"image\":{\"@type\":\"ImageObject\",\"inLanguage\":\"en-US\",\"@id\":\"https:\/\/www.prijedordanas.com\/#\/schema\/person\/image\/\",\"url\":\"https:\/\/secure.gravatar.com\/avatar\/1d3fc949d550f0b53a5f0d51e06dfd79?s=96&d=mm&r=g\",\"contentUrl\":\"https:\/\/secure.gravatar.com\/avatar\/1d3fc949d550f0b53a5f0d51e06dfd79?s=96&d=mm&r=g\",\"caption\":\"admin\"},\"url\":\"https:\/\/www.prijedordanas.com\/?author=1\"}]}<\/script>\n<!-- \/ Yoast SEO plugin. -->","yoast_head_json":{"title":"PRIJEDORSKI \u0110ACI PRVI U PRU\u017dANJU POMO\u0106I - PrijedorDanas.com - Prijedorski gradski portal","robots":{"index":"index","follow":"follow","max-snippet":"max-snippet:-1","max-image-preview":"max-image-preview:large","max-video-preview":"max-video-preview:-1"},"canonical":"https:\/\/www.prijedordanas.com\/?p=22367","og_locale":"en_US","og_type":"article","og_title":"PRIJEDORSKI \u0110ACI PRVI U PRU\u017dANJU POMO\u0106I - PrijedorDanas.com - Prijedorski gradski portal","og_description":"U\u010denici prijedorske Osnovne \u0161kole \u201cPetar Ko\u010di\u0107\u201d i Srednjo\u0161kolskog centra Prijedor pobjednici su regionalnog takmi\u010denja ekipa prve pomo\u0107i koje je odr\u017eano u Kozarskoj Dubici. Osnovci su, u kategoriji podmlatka, pokazali zavidno [&hellip;]","og_url":"https:\/\/www.prijedordanas.com\/?p=22367","og_site_name":"PrijedorDanas.com - Prijedorski gradski portal","article_publisher":"https:\/\/www.facebook.com\/PrijedorDanasCom\/","article_published_time":"2015-05-14T07:32:20+00:00","article_modified_time":"2015-05-14T07:33:39+00:00","og_image":[{"url":"https:\/\/www.prijedordanas.com\/wp-content\/uploads\/2015\/05\/glas-takmicenje-prva-pomoc-300x187.jpg"}],"author":"admin","twitter_card":"summary_large_image","twitter_misc":{"Written by":"admin","Est. reading time":"1 minute"},"schema":{"@context":"https:\/\/schema.org","@graph":[{"@type":"Article","@id":"https:\/\/www.prijedordanas.com\/?p=22367#article","isPartOf":{"@id":"https:\/\/www.prijedordanas.com\/?p=22367"},"author":{"name":"admin","@id":"https:\/\/www.prijedordanas.com\/#\/schema\/person\/4e08ccf29b506ca916ff86d46bb700e6"},"headline":"PRIJEDORSKI \u0110ACI PRVI U PRU\u017dANJU POMO\u0106I","datePublished":"2015-05-14T07:32:20+00:00","dateModified":"2015-05-14T07:33:39+00:00","mainEntityOfPage":{"@id":"https:\/\/www.prijedordanas.com\/?p=22367"},"wordCount":119,"publisher":{"@id":"https:\/\/www.prijedordanas.com\/#organization"},"keywords":["crveni krst","prva pomo\u0107","takmi\u010denje"],"articleSection":["Svakodnevno"],"inLanguage":"en-US"},{"@type":"WebPage","@id":"https:\/\/www.prijedordanas.com\/?p=22367","url":"https:\/\/www.prijedordanas.com\/?p=22367","name":"PRIJEDORSKI \u0110ACI PRVI U PRU\u017dANJU POMO\u0106I - PrijedorDanas.com - Prijedorski gradski portal","isPartOf":{"@id":"https:\/\/www.prijedordanas.com\/#website"},"datePublished":"2015-05-14T07:32:20+00:00","dateModified":"2015-05-14T07:33:39+00:00","breadcrumb":{"@id":"https:\/\/www.prijedordanas.com\/?p=22367#breadcrumb"},"inLanguage":"en-US","potentialAction":[{"@type":"ReadAction","target":["https:\/\/www.prijedordanas.com\/?p=22367"]}]},{"@type":"BreadcrumbList","@id":"https:\/\/www.prijedordanas.com\/?p=22367#breadcrumb","itemListElement":[{"@type":"ListItem","position":1,"name":"Home","item":"https:\/\/www.prijedordanas.com\/"},{"@type":"ListItem","position":2,"name":"PRIJEDORSKI \u0110ACI PRVI U PRU\u017dANJU POMO\u0106I"}]},{"@type":"WebSite","@id":"https:\/\/www.prijedordanas.com\/#website","url":"https:\/\/www.prijedordanas.com\/","name":"PrijedorDanas.com - Prijedorski gradski portal","description":"Portal o doga\u0111anjima u gradu Prijedoru","publisher":{"@id":"https:\/\/www.prijedordanas.com\/#organization"},"potentialAction":[{"@type":"SearchAction","target":{"@type":"EntryPoint","urlTemplate":"https:\/\/www.prijedordanas.com\/?s={search_term_string}"},"query-input":"required name=search_term_string"}],"inLanguage":"en-US"},{"@type":"Organization","@id":"https:\/\/www.prijedordanas.com\/#organization","name":"PrijedorDanas.com","url":"https:\/\/www.prijedordanas.com\/","logo":{"@type":"ImageObject","inLanguage":"en-US","@id":"https:\/\/www.prijedordanas.com\/#\/schema\/logo\/image\/","url":"http:\/\/www.prijedordanas.com\/wp-content\/uploads\/2021\/12\/logopng.png","contentUrl":"http:\/\/www.prijedordanas.com\/wp-content\/uploads\/2021\/12\/logopng.png","width":1019,"height":776,"caption":"PrijedorDanas.com"},"image":{"@id":"https:\/\/www.prijedordanas.com\/#\/schema\/logo\/image\/"},"sameAs":["https:\/\/www.facebook.com\/PrijedorDanasCom\/"]},{"@type":"Person","@id":"https:\/\/www.prijedordanas.com\/#\/schema\/person\/4e08ccf29b506ca916ff86d46bb700e6","name":"admin","image":{"@type":"ImageObject","inLanguage":"en-US","@id":"https:\/\/www.prijedordanas.com\/#\/schema\/person\/image\/","url":"https:\/\/secure.gravatar.com\/avatar\/1d3fc949d550f0b53a5f0d51e06dfd79?s=96&d=mm&r=g","contentUrl":"https:\/\/secure.gravatar.com\/avatar\/1d3fc949d550f0b53a5f0d51e06dfd79?s=96&d=mm&r=g","caption":"admin"},"url":"https:\/\/www.prijedordanas.com\/?author=1"}]}},"_links":{"self":[{"href":"https:\/\/www.prijedordanas.com\/index.php?rest_route=\/wp\/v2\/posts\/22367"}],"collection":[{"href":"https:\/\/www.prijedordanas.com\/index.php?rest_route=\/wp\/v2\/posts"}],"about":[{"href":"https:\/\/www.prijedordanas.com\/index.php?rest_route=\/wp\/v2\/types\/post"}],"author":[{"embeddable":true,"href":"https:\/\/www.prijedordanas.com\/index.php?rest_route=\/wp\/v2\/users\/1"}],"replies":[{"embeddable":true,"href":"https:\/\/www.prijedordanas.com\/index.php?rest_route=%2Fwp%2Fv2%2Fcomments&post=22367"}],"version-history":[{"count":1,"href":"https:\/\/www.prijedordanas.com\/index.php?rest_route=\/wp\/v2\/posts\/22367\/revisions"}],"predecessor-version":[{"id":22368,"href":"https:\/\/www.prijedordanas.com\/index.php?rest_route=\/wp\/v2\/posts\/22367\/revisions\/22368"}],"wp:attachment":[{"href":"https:\/\/www.prijedordanas.com\/index.php?rest_route=%2Fwp%2Fv2%2Fmedia&parent=22367"}],"wp:term":[{"taxonomy":"category","embeddable":true,"href":"https:\/\/www.prijedordanas.com\/index.php?rest_route=%2Fwp%2Fv2%2Fcategories&post=22367"},{"taxonomy":"post_tag","embeddable":true,"href":"https:\/\/www.prijedordanas.com\/index.php?rest_route=%2Fwp%2Fv2%2Ftags&post=22367"}],"curies":[{"name":"wp","href":"https:\/\/api.w.org\/{rel}","templated":true}]}}