{"id":223569,"date":"2024-04-17T21:56:34","date_gmt":"2024-04-17T19:56:34","guid":{"rendered":"https:\/\/www.prijedordanas.com\/?p=223569"},"modified":"2024-04-17T21:56:34","modified_gmt":"2024-04-17T19:56:34","slug":"kroz-ples-i-crtanje-zavrsen-projekat-udruzenja-neven-iz-prijedora-foto-video","status":"publish","type":"post","link":"https:\/\/www.prijedordanas.com\/?p=223569","title":{"rendered":"Kroz ples i crtanje zavr\u0161en projekat Udru\u017eenja &#8220;Neven&#8221; iz Prijedora &#8211; FOTO\/VIDEO"},"content":{"rendered":"<p><a href=\"https:\/\/www.prijedordanas.com\/wp-content\/uploads\/2024\/04\/kozarski-neven-projekat-radionica-ples-1.jpg\"><img loading=\"lazy\" decoding=\"async\" class=\"alignleft size-medium wp-image-223570\" src=\"https:\/\/www.prijedordanas.com\/wp-content\/uploads\/2024\/04\/kozarski-neven-projekat-radionica-ples-1-300x225.jpg\" alt=\"\" width=\"300\" height=\"225\" srcset=\"https:\/\/www.prijedordanas.com\/wp-content\/uploads\/2024\/04\/kozarski-neven-projekat-radionica-ples-1-300x225.jpg 300w, https:\/\/www.prijedordanas.com\/wp-content\/uploads\/2024\/04\/kozarski-neven-projekat-radionica-ples-1-640x480.jpg 640w, https:\/\/www.prijedordanas.com\/wp-content\/uploads\/2024\/04\/kozarski-neven-projekat-radionica-ples-1.jpg 667w\" sizes=\"(max-width: 300px) 100vw, 300px\" \/><\/a>Projekat pod nazivom \u201eRazvoj kapaciteta za uklju\u010divanje u kulturni \u017eivot zajednice\u201c koji je sprovelo Udru\u017eenje roditelja d\u200cjece sa posebnim potrebama \u201eNeven\u201c, uspje\u0161no je zavr\u0161en.<\/p>\n<p>Rije\u010d je o 60 edukativnih i kreativnih radionica koje doprinose razvoju komunikacijskih i svakodnevnih vje\u0161tina korisnika Udru\u017eenja \u201eNeven\u201d.<\/p>\n<p>U okviru ovog projekta na\u0161la se i radionica plesa \u010dija je svrha razvoj socijalnih i komunikacijskih vje\u0161tina, fine motorike i kognitivnih sposobnosti.<\/p>\n<p>\u201eRadionica mi je super, ples je odli\u010dan. Neke koreografije ne mogu izvesti, ali dobro je\u201d, rekao je korisnik Udru\u017eenja Neboj\u0161a Doj\u010dinovi\u0107.<\/p>\n<p><a href=\"https:\/\/www.prijedordanas.com\/wp-content\/uploads\/2024\/04\/kozarski-neven-projekat-radionica-ples-2.jpg\"><img loading=\"lazy\" decoding=\"async\" class=\"alignleft size-medium wp-image-223571\" src=\"https:\/\/www.prijedordanas.com\/wp-content\/uploads\/2024\/04\/kozarski-neven-projekat-radionica-ples-2-300x167.jpg\" alt=\"\" width=\"300\" height=\"167\" srcset=\"https:\/\/www.prijedordanas.com\/wp-content\/uploads\/2024\/04\/kozarski-neven-projekat-radionica-ples-2-300x167.jpg 300w, https:\/\/www.prijedordanas.com\/wp-content\/uploads\/2024\/04\/kozarski-neven-projekat-radionica-ples-2.jpg 600w\" sizes=\"(max-width: 300px) 100vw, 300px\" \/><\/a>Kroz radionicu plesa pro\u0161lo je oko tridesetak korisnika sa kojima se radilo u dvije grupe jednom mjese\u010dno, u proteklih devet mjeseci koliko je projekat trajao.<\/p>\n<p>\u201eDo sada nisam imala priliku da radim sa korisnicima Udru\u017eenja \u2018Neven\u2019 tako da je ovo jedno prelijepo iskustvo. Oni su jako pozitivni i pokazuju emociju na jedan neposredan na\u010din. Zaista se dobro provodimo, vole da ple\u0161u i u\u017eivaju u ovim radionicama tako da iskreno svi jedva \u010dekamo da svoj dosada\u0161nji rad poka\u017eemo \u0161iroj publici\u201d, rekla je instruktorka plesa Dada Topi\u0107.<\/p>\n<p>Projekat je imao za cilj ja\u010danje kapaciteta za uklju\u010divanje u dru\u0161tveni \u017eivot populacije osoba sa intelektualnim te\u0161ko\u0107ama tako da su sve aktivnosti kreirane u tom smjeru.<\/p>\n<p><a href=\"https:\/\/www.prijedordanas.com\/wp-content\/uploads\/2024\/04\/udruzenje-neven-projekat23-24-radionice-3.jpg\"><img loading=\"lazy\" decoding=\"async\" src=\"https:\/\/www.prijedordanas.com\/wp-content\/uploads\/2024\/04\/udruzenje-neven-projekat23-24-radionice-3-300x226.jpg\" alt=\"\" width=\"300\" height=\"226\" class=\"alignleft size-medium wp-image-223572\" srcset=\"https:\/\/www.prijedordanas.com\/wp-content\/uploads\/2024\/04\/udruzenje-neven-projekat23-24-radionice-3-300x226.jpg 300w, https:\/\/www.prijedordanas.com\/wp-content\/uploads\/2024\/04\/udruzenje-neven-projekat23-24-radionice-3.jpg 600w\" sizes=\"(max-width: 300px) 100vw, 300px\" \/><\/a>\u201eProjekat je zavr\u0161en \u0161esnaestog aprila i u okviru proteklih devet mjeseci bavili smo se raznim aktivnostima. Prvo smo imali ciklus edukativnih radionica koje su bile na temu psiholo\u0161ke podr\u0161ke i u\u010denja \u017eivotnih, svakodnevnih vje\u0161tina da bismo se kasnije po\u010deli baviti kreativnim radionicama. Kao rezultat tih aktivnosti mo\u017eemo najaviti devetnaestog aprila sa po\u010detkom u 19 \u010dasova u prostorijama Udru\u017eenja likovnih umjetnika u Prijedoru u zgradi Vatrogasnog doma, petu po redu izlo\u017ebu radova korisnika dnevnog centra Udru\u017eenja \u2018Neven\u2019 i ono \u0161to je jedna novina, prvi plesni nastup korisnika\u201d, naveo je Nenad Dobrijevi\u0107, zamjenik predsjednice Udru\u017eenja \u201cNeven\u201d.<\/p>\n<p>Projekat je realizovan u okviru Regionalnog programa lokalne demokratije na Zapadnom Balkanu 2, koji finansira Evropska unija, a implementira Razvojni program Ujedinjenih nacija uz podr\u0161ku grada Prijedora.<\/p>\n<p><strong><a href=\"https:\/\/kozarski.com\/kroz-ples-i-crtanje-zavrsen-projekat-udruzenja-neven\/\" target=\"_blank\" rel=\"noopener\">kozarski.com<\/a><\/strong><\/p>\n<p><a href=\"https:\/\/www.prijedordanas.com\/wp-content\/uploads\/2024\/04\/udruzenje-neven-projekat23-24-radionice-2.jpg\"><img loading=\"lazy\" decoding=\"async\" src=\"https:\/\/www.prijedordanas.com\/wp-content\/uploads\/2024\/04\/udruzenje-neven-projekat23-24-radionice-2-300x225.jpg\" alt=\"\" width=\"300\" height=\"225\" class=\"alignleft size-medium wp-image-223573\" srcset=\"https:\/\/www.prijedordanas.com\/wp-content\/uploads\/2024\/04\/udruzenje-neven-projekat23-24-radionice-2-300x225.jpg 300w, https:\/\/www.prijedordanas.com\/wp-content\/uploads\/2024\/04\/udruzenje-neven-projekat23-24-radionice-2-640x480.jpg 640w, https:\/\/www.prijedordanas.com\/wp-content\/uploads\/2024\/04\/udruzenje-neven-projekat23-24-radionice-2.jpg 666w\" sizes=\"(max-width: 300px) 100vw, 300px\" \/><\/a> <a href=\"https:\/\/www.prijedordanas.com\/wp-content\/uploads\/2024\/04\/udruzenje-neven-projekat23-24-radionice-3-1.jpg\"><img loading=\"lazy\" decoding=\"async\" src=\"https:\/\/www.prijedordanas.com\/wp-content\/uploads\/2024\/04\/udruzenje-neven-projekat23-24-radionice-3-1-300x226.jpg\" alt=\"\" width=\"300\" height=\"226\" class=\"alignleft size-medium wp-image-223574\" srcset=\"https:\/\/www.prijedordanas.com\/wp-content\/uploads\/2024\/04\/udruzenje-neven-projekat23-24-radionice-3-1-300x226.jpg 300w, https:\/\/www.prijedordanas.com\/wp-content\/uploads\/2024\/04\/udruzenje-neven-projekat23-24-radionice-3-1.jpg 600w\" sizes=\"(max-width: 300px) 100vw, 300px\" \/><\/a> <a href=\"https:\/\/www.prijedordanas.com\/wp-content\/uploads\/2024\/04\/udruzenje-neven-projekat23-24-radionice-4.jpg\"><img loading=\"lazy\" decoding=\"async\" src=\"https:\/\/www.prijedordanas.com\/wp-content\/uploads\/2024\/04\/udruzenje-neven-projekat23-24-radionice-4-225x300.jpg\" alt=\"\" width=\"225\" height=\"300\" class=\"alignleft size-medium wp-image-223575\" srcset=\"https:\/\/www.prijedordanas.com\/wp-content\/uploads\/2024\/04\/udruzenje-neven-projekat23-24-radionice-4-225x300.jpg 225w, https:\/\/www.prijedordanas.com\/wp-content\/uploads\/2024\/04\/udruzenje-neven-projekat23-24-radionice-4.jpg 450w\" sizes=\"(max-width: 225px) 100vw, 225px\" \/><\/a> <a href=\"https:\/\/www.prijedordanas.com\/wp-content\/uploads\/2024\/04\/peta-izlozba-korisnika-dnevnog-centra-neven-plakat.jpg\"><img loading=\"lazy\" decoding=\"async\" src=\"https:\/\/www.prijedordanas.com\/wp-content\/uploads\/2024\/04\/peta-izlozba-korisnika-dnevnog-centra-neven-plakat-225x300.jpg\" alt=\"\" width=\"225\" height=\"300\" class=\"alignleft size-medium wp-image-223576\" srcset=\"https:\/\/www.prijedordanas.com\/wp-content\/uploads\/2024\/04\/peta-izlozba-korisnika-dnevnog-centra-neven-plakat-225x300.jpg 225w, https:\/\/www.prijedordanas.com\/wp-content\/uploads\/2024\/04\/peta-izlozba-korisnika-dnevnog-centra-neven-plakat.jpg 450w\" sizes=\"(max-width: 225px) 100vw, 225px\" \/><\/a><\/p>\n<p><iframe loading=\"lazy\" title=\"ZAVR\u0160EN PROJEKAT UDRU\u017dENJA &quot;NEVEN&quot;\" width=\"500\" height=\"281\" src=\"https:\/\/www.youtube.com\/embed\/kL_U9nSzVgc?feature=oembed\" frameborder=\"0\" allow=\"accelerometer; autoplay; clipboard-write; encrypted-media; gyroscope; picture-in-picture; web-share\" referrerpolicy=\"strict-origin-when-cross-origin\" allowfullscreen><\/iframe><\/p>\n","protected":false},"excerpt":{"rendered":"<p>Projekat pod nazivom \u201eRazvoj kapaciteta za uklju\u010divanje u kulturni \u017eivot zajednice\u201c koji je sprovelo Udru\u017eenje roditelja d\u200cjece sa posebnim potrebama \u201eNeven\u201c, uspje\u0161no je zavr\u0161en. Rije\u010d je o 60 edukativnih i [&hellip;]<\/p>\n","protected":false},"author":1,"featured_media":0,"comment_status":"closed","ping_status":"open","sticky":false,"template":"","format":"standard","meta":{"_monsterinsights_skip_tracking":false,"_monsterinsights_sitenote_active":false,"_monsterinsights_sitenote_note":"","_monsterinsights_sitenote_category":0,"footnotes":""},"categories":[4],"tags":[],"yoast_head":"<!-- This site is optimized with the Yoast SEO plugin v21.6 - https:\/\/yoast.com\/wordpress\/plugins\/seo\/ -->\n<title>Kroz ples i crtanje zavr\u0161en projekat Udru\u017eenja &quot;Neven&quot; iz Prijedora - FOTO\/VIDEO - PrijedorDanas.com - Prijedorski gradski portal<\/title>\n<meta name=\"robots\" content=\"index, follow, max-snippet:-1, max-image-preview:large, max-video-preview:-1\" \/>\n<link rel=\"canonical\" href=\"https:\/\/www.prijedordanas.com\/?p=223569\" \/>\n<meta property=\"og:locale\" content=\"en_US\" \/>\n<meta property=\"og:type\" content=\"article\" \/>\n<meta property=\"og:title\" content=\"Kroz ples i crtanje zavr\u0161en projekat Udru\u017eenja &quot;Neven&quot; iz Prijedora - FOTO\/VIDEO - PrijedorDanas.com - Prijedorski gradski portal\" \/>\n<meta property=\"og:description\" content=\"Projekat pod nazivom \u201eRazvoj kapaciteta za uklju\u010divanje u kulturni \u017eivot zajednice\u201c koji je sprovelo Udru\u017eenje roditelja d\u200cjece sa posebnim potrebama \u201eNeven\u201c, uspje\u0161no je zavr\u0161en. Rije\u010d je o 60 edukativnih i [&hellip;]\" \/>\n<meta property=\"og:url\" content=\"https:\/\/www.prijedordanas.com\/?p=223569\" \/>\n<meta property=\"og:site_name\" content=\"PrijedorDanas.com - Prijedorski gradski portal\" \/>\n<meta property=\"article:publisher\" content=\"https:\/\/www.facebook.com\/PrijedorDanasCom\/\" \/>\n<meta property=\"article:published_time\" content=\"2024-04-17T19:56:34+00:00\" \/>\n<meta property=\"og:image\" content=\"https:\/\/www.prijedordanas.com\/wp-content\/uploads\/2024\/04\/kozarski-neven-projekat-radionica-ples-1-300x225.jpg\" \/>\n<meta name=\"author\" content=\"admin\" \/>\n<meta name=\"twitter:card\" content=\"summary_large_image\" \/>\n<meta name=\"twitter:label1\" content=\"Written by\" \/>\n\t<meta name=\"twitter:data1\" content=\"admin\" \/>\n\t<meta name=\"twitter:label2\" content=\"Est. reading time\" \/>\n\t<meta name=\"twitter:data2\" content=\"2 minutes\" \/>\n<script type=\"application\/ld+json\" class=\"yoast-schema-graph\">{\"@context\":\"https:\/\/schema.org\",\"@graph\":[{\"@type\":\"Article\",\"@id\":\"https:\/\/www.prijedordanas.com\/?p=223569#article\",\"isPartOf\":{\"@id\":\"https:\/\/www.prijedordanas.com\/?p=223569\"},\"author\":{\"name\":\"admin\",\"@id\":\"https:\/\/www.prijedordanas.com\/#\/schema\/person\/4e08ccf29b506ca916ff86d46bb700e6\"},\"headline\":\"Kroz ples i crtanje zavr\u0161en projekat Udru\u017eenja &#8220;Neven&#8221; iz Prijedora &#8211; FOTO\/VIDEO\",\"datePublished\":\"2024-04-17T19:56:34+00:00\",\"dateModified\":\"2024-04-17T19:56:34+00:00\",\"mainEntityOfPage\":{\"@id\":\"https:\/\/www.prijedordanas.com\/?p=223569\"},\"wordCount\":380,\"publisher\":{\"@id\":\"https:\/\/www.prijedordanas.com\/#organization\"},\"articleSection\":[\"Dru\u0161tvo\"],\"inLanguage\":\"en-US\"},{\"@type\":\"WebPage\",\"@id\":\"https:\/\/www.prijedordanas.com\/?p=223569\",\"url\":\"https:\/\/www.prijedordanas.com\/?p=223569\",\"name\":\"Kroz ples i crtanje zavr\u0161en projekat Udru\u017eenja \\\"Neven\\\" iz Prijedora - FOTO\/VIDEO - PrijedorDanas.com - Prijedorski gradski portal\",\"isPartOf\":{\"@id\":\"https:\/\/www.prijedordanas.com\/#website\"},\"datePublished\":\"2024-04-17T19:56:34+00:00\",\"dateModified\":\"2024-04-17T19:56:34+00:00\",\"breadcrumb\":{\"@id\":\"https:\/\/www.prijedordanas.com\/?p=223569#breadcrumb\"},\"inLanguage\":\"en-US\",\"potentialAction\":[{\"@type\":\"ReadAction\",\"target\":[\"https:\/\/www.prijedordanas.com\/?p=223569\"]}]},{\"@type\":\"BreadcrumbList\",\"@id\":\"https:\/\/www.prijedordanas.com\/?p=223569#breadcrumb\",\"itemListElement\":[{\"@type\":\"ListItem\",\"position\":1,\"name\":\"Home\",\"item\":\"https:\/\/www.prijedordanas.com\/\"},{\"@type\":\"ListItem\",\"position\":2,\"name\":\"Kroz ples i crtanje zavr\u0161en projekat Udru\u017eenja &#8220;Neven&#8221; iz Prijedora &#8211; FOTO\/VIDEO\"}]},{\"@type\":\"WebSite\",\"@id\":\"https:\/\/www.prijedordanas.com\/#website\",\"url\":\"https:\/\/www.prijedordanas.com\/\",\"name\":\"PrijedorDanas.com - Prijedorski gradski portal\",\"description\":\"Portal o doga\u0111anjima u gradu Prijedoru\",\"publisher\":{\"@id\":\"https:\/\/www.prijedordanas.com\/#organization\"},\"potentialAction\":[{\"@type\":\"SearchAction\",\"target\":{\"@type\":\"EntryPoint\",\"urlTemplate\":\"https:\/\/www.prijedordanas.com\/?s={search_term_string}\"},\"query-input\":\"required name=search_term_string\"}],\"inLanguage\":\"en-US\"},{\"@type\":\"Organization\",\"@id\":\"https:\/\/www.prijedordanas.com\/#organization\",\"name\":\"PrijedorDanas.com\",\"url\":\"https:\/\/www.prijedordanas.com\/\",\"logo\":{\"@type\":\"ImageObject\",\"inLanguage\":\"en-US\",\"@id\":\"https:\/\/www.prijedordanas.com\/#\/schema\/logo\/image\/\",\"url\":\"http:\/\/www.prijedordanas.com\/wp-content\/uploads\/2021\/12\/logopng.png\",\"contentUrl\":\"http:\/\/www.prijedordanas.com\/wp-content\/uploads\/2021\/12\/logopng.png\",\"width\":1019,\"height\":776,\"caption\":\"PrijedorDanas.com\"},\"image\":{\"@id\":\"https:\/\/www.prijedordanas.com\/#\/schema\/logo\/image\/\"},\"sameAs\":[\"https:\/\/www.facebook.com\/PrijedorDanasCom\/\"]},{\"@type\":\"Person\",\"@id\":\"https:\/\/www.prijedordanas.com\/#\/schema\/person\/4e08ccf29b506ca916ff86d46bb700e6\",\"name\":\"admin\",\"image\":{\"@type\":\"ImageObject\",\"inLanguage\":\"en-US\",\"@id\":\"https:\/\/www.prijedordanas.com\/#\/schema\/person\/image\/\",\"url\":\"https:\/\/secure.gravatar.com\/avatar\/1d3fc949d550f0b53a5f0d51e06dfd79?s=96&d=mm&r=g\",\"contentUrl\":\"https:\/\/secure.gravatar.com\/avatar\/1d3fc949d550f0b53a5f0d51e06dfd79?s=96&d=mm&r=g\",\"caption\":\"admin\"},\"url\":\"https:\/\/www.prijedordanas.com\/?author=1\"}]}<\/script>\n<!-- \/ Yoast SEO plugin. -->","yoast_head_json":{"title":"Kroz ples i crtanje zavr\u0161en projekat Udru\u017eenja \"Neven\" iz Prijedora - FOTO\/VIDEO - PrijedorDanas.com - Prijedorski gradski portal","robots":{"index":"index","follow":"follow","max-snippet":"max-snippet:-1","max-image-preview":"max-image-preview:large","max-video-preview":"max-video-preview:-1"},"canonical":"https:\/\/www.prijedordanas.com\/?p=223569","og_locale":"en_US","og_type":"article","og_title":"Kroz ples i crtanje zavr\u0161en projekat Udru\u017eenja \"Neven\" iz Prijedora - FOTO\/VIDEO - PrijedorDanas.com - Prijedorski gradski portal","og_description":"Projekat pod nazivom \u201eRazvoj kapaciteta za uklju\u010divanje u kulturni \u017eivot zajednice\u201c koji je sprovelo Udru\u017eenje roditelja d\u200cjece sa posebnim potrebama \u201eNeven\u201c, uspje\u0161no je zavr\u0161en. Rije\u010d je o 60 edukativnih i [&hellip;]","og_url":"https:\/\/www.prijedordanas.com\/?p=223569","og_site_name":"PrijedorDanas.com - Prijedorski gradski portal","article_publisher":"https:\/\/www.facebook.com\/PrijedorDanasCom\/","article_published_time":"2024-04-17T19:56:34+00:00","og_image":[{"url":"https:\/\/www.prijedordanas.com\/wp-content\/uploads\/2024\/04\/kozarski-neven-projekat-radionica-ples-1-300x225.jpg"}],"author":"admin","twitter_card":"summary_large_image","twitter_misc":{"Written by":"admin","Est. reading time":"2 minutes"},"schema":{"@context":"https:\/\/schema.org","@graph":[{"@type":"Article","@id":"https:\/\/www.prijedordanas.com\/?p=223569#article","isPartOf":{"@id":"https:\/\/www.prijedordanas.com\/?p=223569"},"author":{"name":"admin","@id":"https:\/\/www.prijedordanas.com\/#\/schema\/person\/4e08ccf29b506ca916ff86d46bb700e6"},"headline":"Kroz ples i crtanje zavr\u0161en projekat Udru\u017eenja &#8220;Neven&#8221; iz Prijedora &#8211; FOTO\/VIDEO","datePublished":"2024-04-17T19:56:34+00:00","dateModified":"2024-04-17T19:56:34+00:00","mainEntityOfPage":{"@id":"https:\/\/www.prijedordanas.com\/?p=223569"},"wordCount":380,"publisher":{"@id":"https:\/\/www.prijedordanas.com\/#organization"},"articleSection":["Dru\u0161tvo"],"inLanguage":"en-US"},{"@type":"WebPage","@id":"https:\/\/www.prijedordanas.com\/?p=223569","url":"https:\/\/www.prijedordanas.com\/?p=223569","name":"Kroz ples i crtanje zavr\u0161en projekat Udru\u017eenja \"Neven\" iz Prijedora - FOTO\/VIDEO - PrijedorDanas.com - Prijedorski gradski portal","isPartOf":{"@id":"https:\/\/www.prijedordanas.com\/#website"},"datePublished":"2024-04-17T19:56:34+00:00","dateModified":"2024-04-17T19:56:34+00:00","breadcrumb":{"@id":"https:\/\/www.prijedordanas.com\/?p=223569#breadcrumb"},"inLanguage":"en-US","potentialAction":[{"@type":"ReadAction","target":["https:\/\/www.prijedordanas.com\/?p=223569"]}]},{"@type":"BreadcrumbList","@id":"https:\/\/www.prijedordanas.com\/?p=223569#breadcrumb","itemListElement":[{"@type":"ListItem","position":1,"name":"Home","item":"https:\/\/www.prijedordanas.com\/"},{"@type":"ListItem","position":2,"name":"Kroz ples i crtanje zavr\u0161en projekat Udru\u017eenja &#8220;Neven&#8221; iz Prijedora &#8211; FOTO\/VIDEO"}]},{"@type":"WebSite","@id":"https:\/\/www.prijedordanas.com\/#website","url":"https:\/\/www.prijedordanas.com\/","name":"PrijedorDanas.com - Prijedorski gradski portal","description":"Portal o doga\u0111anjima u gradu Prijedoru","publisher":{"@id":"https:\/\/www.prijedordanas.com\/#organization"},"potentialAction":[{"@type":"SearchAction","target":{"@type":"EntryPoint","urlTemplate":"https:\/\/www.prijedordanas.com\/?s={search_term_string}"},"query-input":"required name=search_term_string"}],"inLanguage":"en-US"},{"@type":"Organization","@id":"https:\/\/www.prijedordanas.com\/#organization","name":"PrijedorDanas.com","url":"https:\/\/www.prijedordanas.com\/","logo":{"@type":"ImageObject","inLanguage":"en-US","@id":"https:\/\/www.prijedordanas.com\/#\/schema\/logo\/image\/","url":"http:\/\/www.prijedordanas.com\/wp-content\/uploads\/2021\/12\/logopng.png","contentUrl":"http:\/\/www.prijedordanas.com\/wp-content\/uploads\/2021\/12\/logopng.png","width":1019,"height":776,"caption":"PrijedorDanas.com"},"image":{"@id":"https:\/\/www.prijedordanas.com\/#\/schema\/logo\/image\/"},"sameAs":["https:\/\/www.facebook.com\/PrijedorDanasCom\/"]},{"@type":"Person","@id":"https:\/\/www.prijedordanas.com\/#\/schema\/person\/4e08ccf29b506ca916ff86d46bb700e6","name":"admin","image":{"@type":"ImageObject","inLanguage":"en-US","@id":"https:\/\/www.prijedordanas.com\/#\/schema\/person\/image\/","url":"https:\/\/secure.gravatar.com\/avatar\/1d3fc949d550f0b53a5f0d51e06dfd79?s=96&d=mm&r=g","contentUrl":"https:\/\/secure.gravatar.com\/avatar\/1d3fc949d550f0b53a5f0d51e06dfd79?s=96&d=mm&r=g","caption":"admin"},"url":"https:\/\/www.prijedordanas.com\/?author=1"}]}},"_links":{"self":[{"href":"https:\/\/www.prijedordanas.com\/index.php?rest_route=\/wp\/v2\/posts\/223569"}],"collection":[{"href":"https:\/\/www.prijedordanas.com\/index.php?rest_route=\/wp\/v2\/posts"}],"about":[{"href":"https:\/\/www.prijedordanas.com\/index.php?rest_route=\/wp\/v2\/types\/post"}],"author":[{"embeddable":true,"href":"https:\/\/www.prijedordanas.com\/index.php?rest_route=\/wp\/v2\/users\/1"}],"replies":[{"embeddable":true,"href":"https:\/\/www.prijedordanas.com\/index.php?rest_route=%2Fwp%2Fv2%2Fcomments&post=223569"}],"version-history":[{"count":1,"href":"https:\/\/www.prijedordanas.com\/index.php?rest_route=\/wp\/v2\/posts\/223569\/revisions"}],"predecessor-version":[{"id":223577,"href":"https:\/\/www.prijedordanas.com\/index.php?rest_route=\/wp\/v2\/posts\/223569\/revisions\/223577"}],"wp:attachment":[{"href":"https:\/\/www.prijedordanas.com\/index.php?rest_route=%2Fwp%2Fv2%2Fmedia&parent=223569"}],"wp:term":[{"taxonomy":"category","embeddable":true,"href":"https:\/\/www.prijedordanas.com\/index.php?rest_route=%2Fwp%2Fv2%2Fcategories&post=223569"},{"taxonomy":"post_tag","embeddable":true,"href":"https:\/\/www.prijedordanas.com\/index.php?rest_route=%2Fwp%2Fv2%2Ftags&post=223569"}],"curies":[{"name":"wp","href":"https:\/\/api.w.org\/{rel}","templated":true}]}}