{"id":223454,"date":"2024-04-15T19:06:52","date_gmt":"2024-04-15T17:06:52","guid":{"rendered":"https:\/\/www.prijedordanas.com\/?p=223454"},"modified":"2024-04-15T19:06:52","modified_gmt":"2024-04-15T17:06:52","slug":"povecana-stimulativna-sredstva-za-zaposljavanje-lica-sa-invaliditetom-ratni-vojni-invalid-iz-prijedora-nabavio-novu-masinu-za-poljoprivredu-video","status":"publish","type":"post","link":"https:\/\/www.prijedordanas.com\/?p=223454","title":{"rendered":"Pove\u0107ana stimulativna sredstva za zapo\u0161ljavanje lica sa invaliditetom: Ratni vojni invalid iz Prijedora nabavio novu ma\u0161inu za poljoprivredu &#8211; VIDEO"},"content":{"rendered":"<p><a href=\"https:\/\/www.prijedordanas.com\/wp-content\/uploads\/2024\/04\/rtrs-fond-za-profesionalnu-rehabilitaciju-i-zaposljavanje-invalida.jpg\"><img loading=\"lazy\" decoding=\"async\" src=\"https:\/\/www.prijedordanas.com\/wp-content\/uploads\/2024\/04\/rtrs-fond-za-profesionalnu-rehabilitaciju-i-zaposljavanje-invalida-300x225.jpg\" alt=\"\" width=\"300\" height=\"225\" class=\"alignleft size-medium wp-image-223450\" srcset=\"https:\/\/www.prijedordanas.com\/wp-content\/uploads\/2024\/04\/rtrs-fond-za-profesionalnu-rehabilitaciju-i-zaposljavanje-invalida-300x225.jpg 300w, https:\/\/www.prijedordanas.com\/wp-content\/uploads\/2024\/04\/rtrs-fond-za-profesionalnu-rehabilitaciju-i-zaposljavanje-invalida-640x480.jpg 640w, https:\/\/www.prijedordanas.com\/wp-content\/uploads\/2024\/04\/rtrs-fond-za-profesionalnu-rehabilitaciju-i-zaposljavanje-invalida.jpg 666w\" sizes=\"(max-width: 300px) 100vw, 300px\" \/><\/a>U Republici Srpskoj pove\u0107ana su stimulativna sredstva za zapo\u0161ljavanje i samozapo\u0161ljavanje lica sa invaliditetom. U zavisnosti od kategorije i procenta invaliditeta predvi\u0111eno je od sedam do 12 hiljada maraka.<\/p>\n<p>U Fondu za rehabilitaciju i zapo\u0161ljavanje invalida o\u010dekuju da \u0107e, zahvaljuju\u0107i ovom programu, biti zaposleno ili samozaposleno oko 70 lica sa invaliditetom.<\/p>\n<p>\u0408avni konkurs za zapo\u0161ljavanje i samozapo\u0161ljavanje otvoren je tokom cijele godine. Prijavio se i Damjan Bla\u0161kovi\u0107, koji je u Doboju otvorio prodavnicu ku\u0107nih ljubimaca i opreme. Ka\u017ee da to ne bi bilo mogu\u0107e bez stimulativnih sredstava Fonda za rehabilitaciju i zapo\u0161ljavanje invalida.<\/p>\n<p>&#8211; Iskoristili smo sredstva \u010ditavu radnju opremimo, nabavimo ribie, hranu za njih, akvarijume, opremu za akvarijume, hranu za pse, ptice. Mislim da svaki invalid da treba da po\u010dne da radi i da ima podsticaja &#8211; ka\u017ee vlasnik pet \u0161opa iz Doboja, Damjan Bla\u0161kovi\u0107.<\/p>\n<p>Radojica Grabovca ratni je vojni invalid iz Bistrice kod Prijedora. Registrovao je komercijalno poljoprivredno gazdinstvo i uzgaja svinje. Najavljuje pro\u0161irenje proizvodnje. Stimulans je iskoristio za kupovinu roto-drlja\u010de.<\/p>\n<p>Prije dvije godine nov\u010dani stimulans iznosio je 4.500 KM, a pro\u0161le godine 7.000. Ove godine 7.000 je najmanji iznos, a 12.000 najvi\u0161i. Visina stimulansa zavisi od kategorije i procenta invaliditeta. <\/p>\n<p>&#8211; Kod svakog zapo\u0161ljavanja ili samozapo\u0161ljavanja, \u010dim se lice zaposli ili stupi u radni odnos, obaveza poslodavca, ukoliko \u017eeli da ostvari nov\u010dani stimulans, je da se, u roku od 30 dana od zasnivanja radnog odnosa, javi u Fond za rehabilitaciju i zapo\u0161ljavanje invalida &#8211; rekao je direktor Fonda Stevica Dronjak.<\/p>\n<p>Fond je pro\u0161le godine sa 23 na 13 smanjio i broj dokumenata potrebnih za prijavu. U Ministarstvu rada i bora\u010dko-invalidske za\u0161tite zadovoljni su poslovanjem Fonda.<\/p>\n<p>&#8211; Za poslodavce koji zaposle \u017eene i mla\u0111e od 35 godina tako\u0111e su pove\u0107ana sredstva, \u0161to je jako zna\u010dajno i \u0161to \u0107e u budu\u0107nosti dati jo\u0161 bolje rezultate u zapo\u0161ljavanju lica sa invaliditetom &#8211; rekao je ministar rada i bora\u010dko-invalidske za\u0161tite Republike Srpske Danijel Egi\u0107.<\/p>\n<p>Iz resornog ministarstva najavljuju i dono\u0161enje novog zakona o zapo\u0161ljavanju i profesionalnoj rehabilitaciji invalida.<\/p>\n<p>RTRS<\/p>\n<p><iframe loading=\"lazy\" title=\"Pove\u0107ana stimulativna sredstva za zapo\u0161ljavanje lica sa invaliditetom\" width=\"500\" height=\"281\" src=\"https:\/\/www.youtube.com\/embed\/QOSpcUJCWSI?feature=oembed\" frameborder=\"0\" allow=\"accelerometer; autoplay; clipboard-write; encrypted-media; gyroscope; picture-in-picture; web-share\" referrerpolicy=\"strict-origin-when-cross-origin\" allowfullscreen><\/iframe><\/p>\n","protected":false},"excerpt":{"rendered":"<p>U Republici Srpskoj pove\u0107ana su stimulativna sredstva za zapo\u0161ljavanje i samozapo\u0161ljavanje lica sa invaliditetom. U zavisnosti od kategorije i procenta invaliditeta predvi\u0111eno je od sedam do 12 hiljada maraka. U [&hellip;]<\/p>\n","protected":false},"author":1,"featured_media":0,"comment_status":"closed","ping_status":"open","sticky":false,"template":"","format":"standard","meta":{"_monsterinsights_skip_tracking":false,"_monsterinsights_sitenote_active":false,"_monsterinsights_sitenote_note":"","_monsterinsights_sitenote_category":0,"footnotes":""},"categories":[8],"tags":[],"yoast_head":"<!-- This site is optimized with the Yoast SEO plugin v21.6 - https:\/\/yoast.com\/wordpress\/plugins\/seo\/ -->\n<title>Pove\u0107ana stimulativna sredstva za zapo\u0161ljavanje lica sa invaliditetom: Ratni vojni invalid iz Prijedora nabavio novu ma\u0161inu za poljoprivredu - VIDEO - PrijedorDanas.com - Prijedorski gradski portal<\/title>\n<meta name=\"robots\" content=\"index, follow, max-snippet:-1, max-image-preview:large, max-video-preview:-1\" \/>\n<link rel=\"canonical\" href=\"https:\/\/www.prijedordanas.com\/?p=223454\" \/>\n<meta property=\"og:locale\" content=\"en_US\" \/>\n<meta property=\"og:type\" content=\"article\" \/>\n<meta property=\"og:title\" content=\"Pove\u0107ana stimulativna sredstva za zapo\u0161ljavanje lica sa invaliditetom: Ratni vojni invalid iz Prijedora nabavio novu ma\u0161inu za poljoprivredu - VIDEO - PrijedorDanas.com - Prijedorski gradski portal\" \/>\n<meta property=\"og:description\" content=\"U Republici Srpskoj pove\u0107ana su stimulativna sredstva za zapo\u0161ljavanje i samozapo\u0161ljavanje lica sa invaliditetom. U zavisnosti od kategorije i procenta invaliditeta predvi\u0111eno je od sedam do 12 hiljada maraka. U [&hellip;]\" \/>\n<meta property=\"og:url\" content=\"https:\/\/www.prijedordanas.com\/?p=223454\" \/>\n<meta property=\"og:site_name\" content=\"PrijedorDanas.com - Prijedorski gradski portal\" \/>\n<meta property=\"article:publisher\" content=\"https:\/\/www.facebook.com\/PrijedorDanasCom\/\" \/>\n<meta property=\"article:published_time\" content=\"2024-04-15T17:06:52+00:00\" \/>\n<meta property=\"og:image\" content=\"https:\/\/www.prijedordanas.com\/wp-content\/uploads\/2024\/04\/rtrs-fond-za-profesionalnu-rehabilitaciju-i-zaposljavanje-invalida-300x225.jpg\" \/>\n<meta name=\"author\" content=\"admin\" \/>\n<meta name=\"twitter:card\" content=\"summary_large_image\" \/>\n<meta name=\"twitter:label1\" content=\"Written by\" \/>\n\t<meta name=\"twitter:data1\" content=\"admin\" \/>\n<script type=\"application\/ld+json\" class=\"yoast-schema-graph\">{\"@context\":\"https:\/\/schema.org\",\"@graph\":[{\"@type\":\"Article\",\"@id\":\"https:\/\/www.prijedordanas.com\/?p=223454#article\",\"isPartOf\":{\"@id\":\"https:\/\/www.prijedordanas.com\/?p=223454\"},\"author\":{\"name\":\"admin\",\"@id\":\"https:\/\/www.prijedordanas.com\/#\/schema\/person\/4e08ccf29b506ca916ff86d46bb700e6\"},\"headline\":\"Pove\u0107ana stimulativna sredstva za zapo\u0161ljavanje lica sa invaliditetom: Ratni vojni invalid iz Prijedora nabavio novu ma\u0161inu za poljoprivredu &#8211; VIDEO\",\"datePublished\":\"2024-04-15T17:06:52+00:00\",\"dateModified\":\"2024-04-15T17:06:52+00:00\",\"mainEntityOfPage\":{\"@id\":\"https:\/\/www.prijedordanas.com\/?p=223454\"},\"wordCount\":389,\"publisher\":{\"@id\":\"https:\/\/www.prijedordanas.com\/#organization\"},\"articleSection\":[\"Svakodnevno\"],\"inLanguage\":\"en-US\"},{\"@type\":\"WebPage\",\"@id\":\"https:\/\/www.prijedordanas.com\/?p=223454\",\"url\":\"https:\/\/www.prijedordanas.com\/?p=223454\",\"name\":\"Pove\u0107ana stimulativna sredstva za zapo\u0161ljavanje lica sa invaliditetom: Ratni vojni invalid iz Prijedora nabavio novu ma\u0161inu za poljoprivredu - VIDEO - PrijedorDanas.com - Prijedorski gradski portal\",\"isPartOf\":{\"@id\":\"https:\/\/www.prijedordanas.com\/#website\"},\"datePublished\":\"2024-04-15T17:06:52+00:00\",\"dateModified\":\"2024-04-15T17:06:52+00:00\",\"breadcrumb\":{\"@id\":\"https:\/\/www.prijedordanas.com\/?p=223454#breadcrumb\"},\"inLanguage\":\"en-US\",\"potentialAction\":[{\"@type\":\"ReadAction\",\"target\":[\"https:\/\/www.prijedordanas.com\/?p=223454\"]}]},{\"@type\":\"BreadcrumbList\",\"@id\":\"https:\/\/www.prijedordanas.com\/?p=223454#breadcrumb\",\"itemListElement\":[{\"@type\":\"ListItem\",\"position\":1,\"name\":\"Home\",\"item\":\"https:\/\/www.prijedordanas.com\/\"},{\"@type\":\"ListItem\",\"position\":2,\"name\":\"Pove\u0107ana stimulativna sredstva za zapo\u0161ljavanje lica sa invaliditetom: Ratni vojni invalid iz Prijedora nabavio novu ma\u0161inu za poljoprivredu &#8211; VIDEO\"}]},{\"@type\":\"WebSite\",\"@id\":\"https:\/\/www.prijedordanas.com\/#website\",\"url\":\"https:\/\/www.prijedordanas.com\/\",\"name\":\"PrijedorDanas.com - Prijedorski gradski portal\",\"description\":\"Portal o doga\u0111anjima u gradu Prijedoru\",\"publisher\":{\"@id\":\"https:\/\/www.prijedordanas.com\/#organization\"},\"potentialAction\":[{\"@type\":\"SearchAction\",\"target\":{\"@type\":\"EntryPoint\",\"urlTemplate\":\"https:\/\/www.prijedordanas.com\/?s={search_term_string}\"},\"query-input\":\"required name=search_term_string\"}],\"inLanguage\":\"en-US\"},{\"@type\":\"Organization\",\"@id\":\"https:\/\/www.prijedordanas.com\/#organization\",\"name\":\"PrijedorDanas.com\",\"url\":\"https:\/\/www.prijedordanas.com\/\",\"logo\":{\"@type\":\"ImageObject\",\"inLanguage\":\"en-US\",\"@id\":\"https:\/\/www.prijedordanas.com\/#\/schema\/logo\/image\/\",\"url\":\"http:\/\/www.prijedordanas.com\/wp-content\/uploads\/2021\/12\/logopng.png\",\"contentUrl\":\"http:\/\/www.prijedordanas.com\/wp-content\/uploads\/2021\/12\/logopng.png\",\"width\":1019,\"height\":776,\"caption\":\"PrijedorDanas.com\"},\"image\":{\"@id\":\"https:\/\/www.prijedordanas.com\/#\/schema\/logo\/image\/\"},\"sameAs\":[\"https:\/\/www.facebook.com\/PrijedorDanasCom\/\"]},{\"@type\":\"Person\",\"@id\":\"https:\/\/www.prijedordanas.com\/#\/schema\/person\/4e08ccf29b506ca916ff86d46bb700e6\",\"name\":\"admin\",\"image\":{\"@type\":\"ImageObject\",\"inLanguage\":\"en-US\",\"@id\":\"https:\/\/www.prijedordanas.com\/#\/schema\/person\/image\/\",\"url\":\"https:\/\/secure.gravatar.com\/avatar\/1d3fc949d550f0b53a5f0d51e06dfd79?s=96&d=mm&r=g\",\"contentUrl\":\"https:\/\/secure.gravatar.com\/avatar\/1d3fc949d550f0b53a5f0d51e06dfd79?s=96&d=mm&r=g\",\"caption\":\"admin\"},\"url\":\"https:\/\/www.prijedordanas.com\/?author=1\"}]}<\/script>\n<!-- \/ Yoast SEO plugin. -->","yoast_head_json":{"title":"Pove\u0107ana stimulativna sredstva za zapo\u0161ljavanje lica sa invaliditetom: Ratni vojni invalid iz Prijedora nabavio novu ma\u0161inu za poljoprivredu - VIDEO - PrijedorDanas.com - Prijedorski gradski portal","robots":{"index":"index","follow":"follow","max-snippet":"max-snippet:-1","max-image-preview":"max-image-preview:large","max-video-preview":"max-video-preview:-1"},"canonical":"https:\/\/www.prijedordanas.com\/?p=223454","og_locale":"en_US","og_type":"article","og_title":"Pove\u0107ana stimulativna sredstva za zapo\u0161ljavanje lica sa invaliditetom: Ratni vojni invalid iz Prijedora nabavio novu ma\u0161inu za poljoprivredu - VIDEO - PrijedorDanas.com - Prijedorski gradski portal","og_description":"U Republici Srpskoj pove\u0107ana su stimulativna sredstva za zapo\u0161ljavanje i samozapo\u0161ljavanje lica sa invaliditetom. U zavisnosti od kategorije i procenta invaliditeta predvi\u0111eno je od sedam do 12 hiljada maraka. U [&hellip;]","og_url":"https:\/\/www.prijedordanas.com\/?p=223454","og_site_name":"PrijedorDanas.com - Prijedorski gradski portal","article_publisher":"https:\/\/www.facebook.com\/PrijedorDanasCom\/","article_published_time":"2024-04-15T17:06:52+00:00","og_image":[{"url":"https:\/\/www.prijedordanas.com\/wp-content\/uploads\/2024\/04\/rtrs-fond-za-profesionalnu-rehabilitaciju-i-zaposljavanje-invalida-300x225.jpg"}],"author":"admin","twitter_card":"summary_large_image","twitter_misc":{"Written by":"admin"},"schema":{"@context":"https:\/\/schema.org","@graph":[{"@type":"Article","@id":"https:\/\/www.prijedordanas.com\/?p=223454#article","isPartOf":{"@id":"https:\/\/www.prijedordanas.com\/?p=223454"},"author":{"name":"admin","@id":"https:\/\/www.prijedordanas.com\/#\/schema\/person\/4e08ccf29b506ca916ff86d46bb700e6"},"headline":"Pove\u0107ana stimulativna sredstva za zapo\u0161ljavanje lica sa invaliditetom: Ratni vojni invalid iz Prijedora nabavio novu ma\u0161inu za poljoprivredu &#8211; VIDEO","datePublished":"2024-04-15T17:06:52+00:00","dateModified":"2024-04-15T17:06:52+00:00","mainEntityOfPage":{"@id":"https:\/\/www.prijedordanas.com\/?p=223454"},"wordCount":389,"publisher":{"@id":"https:\/\/www.prijedordanas.com\/#organization"},"articleSection":["Svakodnevno"],"inLanguage":"en-US"},{"@type":"WebPage","@id":"https:\/\/www.prijedordanas.com\/?p=223454","url":"https:\/\/www.prijedordanas.com\/?p=223454","name":"Pove\u0107ana stimulativna sredstva za zapo\u0161ljavanje lica sa invaliditetom: Ratni vojni invalid iz Prijedora nabavio novu ma\u0161inu za poljoprivredu - VIDEO - PrijedorDanas.com - Prijedorski gradski portal","isPartOf":{"@id":"https:\/\/www.prijedordanas.com\/#website"},"datePublished":"2024-04-15T17:06:52+00:00","dateModified":"2024-04-15T17:06:52+00:00","breadcrumb":{"@id":"https:\/\/www.prijedordanas.com\/?p=223454#breadcrumb"},"inLanguage":"en-US","potentialAction":[{"@type":"ReadAction","target":["https:\/\/www.prijedordanas.com\/?p=223454"]}]},{"@type":"BreadcrumbList","@id":"https:\/\/www.prijedordanas.com\/?p=223454#breadcrumb","itemListElement":[{"@type":"ListItem","position":1,"name":"Home","item":"https:\/\/www.prijedordanas.com\/"},{"@type":"ListItem","position":2,"name":"Pove\u0107ana stimulativna sredstva za zapo\u0161ljavanje lica sa invaliditetom: Ratni vojni invalid iz Prijedora nabavio novu ma\u0161inu za poljoprivredu &#8211; VIDEO"}]},{"@type":"WebSite","@id":"https:\/\/www.prijedordanas.com\/#website","url":"https:\/\/www.prijedordanas.com\/","name":"PrijedorDanas.com - Prijedorski gradski portal","description":"Portal o doga\u0111anjima u gradu Prijedoru","publisher":{"@id":"https:\/\/www.prijedordanas.com\/#organization"},"potentialAction":[{"@type":"SearchAction","target":{"@type":"EntryPoint","urlTemplate":"https:\/\/www.prijedordanas.com\/?s={search_term_string}"},"query-input":"required name=search_term_string"}],"inLanguage":"en-US"},{"@type":"Organization","@id":"https:\/\/www.prijedordanas.com\/#organization","name":"PrijedorDanas.com","url":"https:\/\/www.prijedordanas.com\/","logo":{"@type":"ImageObject","inLanguage":"en-US","@id":"https:\/\/www.prijedordanas.com\/#\/schema\/logo\/image\/","url":"http:\/\/www.prijedordanas.com\/wp-content\/uploads\/2021\/12\/logopng.png","contentUrl":"http:\/\/www.prijedordanas.com\/wp-content\/uploads\/2021\/12\/logopng.png","width":1019,"height":776,"caption":"PrijedorDanas.com"},"image":{"@id":"https:\/\/www.prijedordanas.com\/#\/schema\/logo\/image\/"},"sameAs":["https:\/\/www.facebook.com\/PrijedorDanasCom\/"]},{"@type":"Person","@id":"https:\/\/www.prijedordanas.com\/#\/schema\/person\/4e08ccf29b506ca916ff86d46bb700e6","name":"admin","image":{"@type":"ImageObject","inLanguage":"en-US","@id":"https:\/\/www.prijedordanas.com\/#\/schema\/person\/image\/","url":"https:\/\/secure.gravatar.com\/avatar\/1d3fc949d550f0b53a5f0d51e06dfd79?s=96&d=mm&r=g","contentUrl":"https:\/\/secure.gravatar.com\/avatar\/1d3fc949d550f0b53a5f0d51e06dfd79?s=96&d=mm&r=g","caption":"admin"},"url":"https:\/\/www.prijedordanas.com\/?author=1"}]}},"_links":{"self":[{"href":"https:\/\/www.prijedordanas.com\/index.php?rest_route=\/wp\/v2\/posts\/223454"}],"collection":[{"href":"https:\/\/www.prijedordanas.com\/index.php?rest_route=\/wp\/v2\/posts"}],"about":[{"href":"https:\/\/www.prijedordanas.com\/index.php?rest_route=\/wp\/v2\/types\/post"}],"author":[{"embeddable":true,"href":"https:\/\/www.prijedordanas.com\/index.php?rest_route=\/wp\/v2\/users\/1"}],"replies":[{"embeddable":true,"href":"https:\/\/www.prijedordanas.com\/index.php?rest_route=%2Fwp%2Fv2%2Fcomments&post=223454"}],"version-history":[{"count":1,"href":"https:\/\/www.prijedordanas.com\/index.php?rest_route=\/wp\/v2\/posts\/223454\/revisions"}],"predecessor-version":[{"id":223456,"href":"https:\/\/www.prijedordanas.com\/index.php?rest_route=\/wp\/v2\/posts\/223454\/revisions\/223456"}],"wp:attachment":[{"href":"https:\/\/www.prijedordanas.com\/index.php?rest_route=%2Fwp%2Fv2%2Fmedia&parent=223454"}],"wp:term":[{"taxonomy":"category","embeddable":true,"href":"https:\/\/www.prijedordanas.com\/index.php?rest_route=%2Fwp%2Fv2%2Fcategories&post=223454"},{"taxonomy":"post_tag","embeddable":true,"href":"https:\/\/www.prijedordanas.com\/index.php?rest_route=%2Fwp%2Fv2%2Ftags&post=223454"}],"curies":[{"name":"wp","href":"https:\/\/api.w.org\/{rel}","templated":true}]}}