{"id":223199,"date":"2024-04-11T15:14:32","date_gmt":"2024-04-11T13:14:32","guid":{"rendered":"https:\/\/www.prijedordanas.com\/?p=223199"},"modified":"2024-04-11T15:14:32","modified_gmt":"2024-04-11T13:14:32","slug":"vode-srpske-privremeno-koristenje-zemljista-radi-regulacije-milosevice-u-prijedoru","status":"publish","type":"post","link":"https:\/\/www.prijedordanas.com\/?p=223199","title":{"rendered":"&#8220;Vode Srpske&#8221;: Privremeno kori\u0161tenje zemlji\u0161ta radi regulacije Milo\u0161evice u Prijedoru"},"content":{"rendered":"<p><a href=\"https:\/\/www.prijedordanas.com\/wp-content\/uploads\/2024\/04\/kozarski-uredjenje-milosevice.jpg\"><img loading=\"lazy\" decoding=\"async\" src=\"https:\/\/www.prijedordanas.com\/wp-content\/uploads\/2024\/04\/kozarski-uredjenje-milosevice-300x225.jpg\" alt=\"\" width=\"300\" height=\"225\" class=\"alignleft size-medium wp-image-223200\" srcset=\"https:\/\/www.prijedordanas.com\/wp-content\/uploads\/2024\/04\/kozarski-uredjenje-milosevice-300x225.jpg 300w, https:\/\/www.prijedordanas.com\/wp-content\/uploads\/2024\/04\/kozarski-uredjenje-milosevice-640x480.jpg 640w, https:\/\/www.prijedordanas.com\/wp-content\/uploads\/2024\/04\/kozarski-uredjenje-milosevice.jpg 667w\" sizes=\"(max-width: 300px) 100vw, 300px\" \/><\/a>&#8220;Vode Republike Srpske&#8221; privremeno koriste zemlji\u0161te vi\u0161e vlasnika i posjednika radi realizacije projekta regulacije rijeke Milo\u0161evice u Prijedoru, a za eventualnu \u0161tetu nastalu zbog prolaska gra\u0111evinskih ma\u0161ina i kamiona nov\u010dana naknada se potra\u017euje od grada, objavila je Gradska uprava.<\/p>\n<p>Gradska uprava Prijedor prenosi poja\u0161njenje &#8220;Voda&#8221; da privremeno koriste zemlji\u0161te jer li\u010dno dostavljanje informacije nije uspjelo usljed nepoznate ili neta\u010dne adrese pojedinaca ili nepoznatih nasljednika.<\/p>\n<p>Kako su naveli, Zakonom o vodama propisano da je vlasnik odnosno korisnik zemlji\u0161ta du\u017ean dopustiti prelaz preko zemlji\u0161ta ovla\u0161tenima za izvo\u0111enje radova na izgradnji, rekonstrukciji ili odr\u017eavanju vodnih objekata ili postrojenja.<\/p>\n<p>&#8220;Nakon zavr\u0161enih radova, za eventualnu nastalu \u0161tetu posjednici i vlasnici zemlji\u0161ta koje je kori\u0161teno za prelazak gra\u0111evinskih ma\u0161ina i kamiona imaju pravo na potra\u017eivanje nov\u010dane naknade od grada Prijedora, \u010dija je obaveza rje\u0161avanje svih imovinsko-pravnih odnosa&#8221;, navodi se u saop\u0161tenju.<\/p>\n<p>U okviru projekta mjera za\u0161tite od poplava u Republici Srpskoj vr\u0161i se regulacija rijeke Milo\u0161evice, \u0161to se finansira sredstvima Evropske investicione banke, a radove izvode &#8220;Prijedorputevi&#8221; od 3. aprila pro\u0161le godine.<\/p>\n<p>SRNA<br \/>\nFoto &#8211; kozarski.com<\/p>\n","protected":false},"excerpt":{"rendered":"<p>&#8220;Vode Republike Srpske&#8221; privremeno koriste zemlji\u0161te vi\u0161e vlasnika i posjednika radi realizacije projekta regulacije rijeke Milo\u0161evice u Prijedoru, a za eventualnu \u0161tetu nastalu zbog prolaska gra\u0111evinskih ma\u0161ina i kamiona nov\u010dana [&hellip;]<\/p>\n","protected":false},"author":1,"featured_media":0,"comment_status":"closed","ping_status":"open","sticky":false,"template":"","format":"standard","meta":{"_monsterinsights_skip_tracking":false,"_monsterinsights_sitenote_active":false,"_monsterinsights_sitenote_note":"","_monsterinsights_sitenote_category":0,"footnotes":""},"categories":[4],"tags":[],"yoast_head":"<!-- This site is optimized with the Yoast SEO plugin v21.6 - https:\/\/yoast.com\/wordpress\/plugins\/seo\/ -->\n<title>&quot;Vode Srpske&quot;: Privremeno kori\u0161tenje zemlji\u0161ta radi regulacije Milo\u0161evice u Prijedoru - PrijedorDanas.com - Prijedorski gradski portal<\/title>\n<meta name=\"robots\" content=\"index, follow, max-snippet:-1, max-image-preview:large, max-video-preview:-1\" \/>\n<link rel=\"canonical\" href=\"https:\/\/www.prijedordanas.com\/?p=223199\" \/>\n<meta property=\"og:locale\" content=\"en_US\" \/>\n<meta property=\"og:type\" content=\"article\" \/>\n<meta property=\"og:title\" content=\"&quot;Vode Srpske&quot;: Privremeno kori\u0161tenje zemlji\u0161ta radi regulacije Milo\u0161evice u Prijedoru - PrijedorDanas.com - Prijedorski gradski portal\" \/>\n<meta property=\"og:description\" content=\"&#8220;Vode Republike Srpske&#8221; privremeno koriste zemlji\u0161te vi\u0161e vlasnika i posjednika radi realizacije projekta regulacije rijeke Milo\u0161evice u Prijedoru, a za eventualnu \u0161tetu nastalu zbog prolaska gra\u0111evinskih ma\u0161ina i kamiona nov\u010dana [&hellip;]\" \/>\n<meta property=\"og:url\" content=\"https:\/\/www.prijedordanas.com\/?p=223199\" \/>\n<meta property=\"og:site_name\" content=\"PrijedorDanas.com - Prijedorski gradski portal\" \/>\n<meta property=\"article:publisher\" content=\"https:\/\/www.facebook.com\/PrijedorDanasCom\/\" \/>\n<meta property=\"article:published_time\" content=\"2024-04-11T13:14:32+00:00\" \/>\n<meta property=\"og:image\" content=\"https:\/\/www.prijedordanas.com\/wp-content\/uploads\/2024\/04\/kozarski-uredjenje-milosevice-300x225.jpg\" \/>\n<meta name=\"author\" content=\"admin\" \/>\n<meta name=\"twitter:card\" content=\"summary_large_image\" \/>\n<meta name=\"twitter:label1\" content=\"Written by\" \/>\n\t<meta name=\"twitter:data1\" content=\"admin\" \/>\n<script type=\"application\/ld+json\" class=\"yoast-schema-graph\">{\"@context\":\"https:\/\/schema.org\",\"@graph\":[{\"@type\":\"Article\",\"@id\":\"https:\/\/www.prijedordanas.com\/?p=223199#article\",\"isPartOf\":{\"@id\":\"https:\/\/www.prijedordanas.com\/?p=223199\"},\"author\":{\"name\":\"admin\",\"@id\":\"https:\/\/www.prijedordanas.com\/#\/schema\/person\/4e08ccf29b506ca916ff86d46bb700e6\"},\"headline\":\"&#8220;Vode Srpske&#8221;: Privremeno kori\u0161tenje zemlji\u0161ta radi regulacije Milo\u0161evice u Prijedoru\",\"datePublished\":\"2024-04-11T13:14:32+00:00\",\"dateModified\":\"2024-04-11T13:14:32+00:00\",\"mainEntityOfPage\":{\"@id\":\"https:\/\/www.prijedordanas.com\/?p=223199\"},\"wordCount\":213,\"publisher\":{\"@id\":\"https:\/\/www.prijedordanas.com\/#organization\"},\"articleSection\":[\"Dru\u0161tvo\"],\"inLanguage\":\"en-US\"},{\"@type\":\"WebPage\",\"@id\":\"https:\/\/www.prijedordanas.com\/?p=223199\",\"url\":\"https:\/\/www.prijedordanas.com\/?p=223199\",\"name\":\"\\\"Vode Srpske\\\": Privremeno kori\u0161tenje zemlji\u0161ta radi regulacije Milo\u0161evice u Prijedoru - PrijedorDanas.com - Prijedorski gradski portal\",\"isPartOf\":{\"@id\":\"https:\/\/www.prijedordanas.com\/#website\"},\"datePublished\":\"2024-04-11T13:14:32+00:00\",\"dateModified\":\"2024-04-11T13:14:32+00:00\",\"breadcrumb\":{\"@id\":\"https:\/\/www.prijedordanas.com\/?p=223199#breadcrumb\"},\"inLanguage\":\"en-US\",\"potentialAction\":[{\"@type\":\"ReadAction\",\"target\":[\"https:\/\/www.prijedordanas.com\/?p=223199\"]}]},{\"@type\":\"BreadcrumbList\",\"@id\":\"https:\/\/www.prijedordanas.com\/?p=223199#breadcrumb\",\"itemListElement\":[{\"@type\":\"ListItem\",\"position\":1,\"name\":\"Home\",\"item\":\"https:\/\/www.prijedordanas.com\/\"},{\"@type\":\"ListItem\",\"position\":2,\"name\":\"&#8220;Vode Srpske&#8221;: Privremeno kori\u0161tenje zemlji\u0161ta radi regulacije Milo\u0161evice u Prijedoru\"}]},{\"@type\":\"WebSite\",\"@id\":\"https:\/\/www.prijedordanas.com\/#website\",\"url\":\"https:\/\/www.prijedordanas.com\/\",\"name\":\"PrijedorDanas.com - Prijedorski gradski portal\",\"description\":\"Portal o doga\u0111anjima u gradu Prijedoru\",\"publisher\":{\"@id\":\"https:\/\/www.prijedordanas.com\/#organization\"},\"potentialAction\":[{\"@type\":\"SearchAction\",\"target\":{\"@type\":\"EntryPoint\",\"urlTemplate\":\"https:\/\/www.prijedordanas.com\/?s={search_term_string}\"},\"query-input\":\"required name=search_term_string\"}],\"inLanguage\":\"en-US\"},{\"@type\":\"Organization\",\"@id\":\"https:\/\/www.prijedordanas.com\/#organization\",\"name\":\"PrijedorDanas.com\",\"url\":\"https:\/\/www.prijedordanas.com\/\",\"logo\":{\"@type\":\"ImageObject\",\"inLanguage\":\"en-US\",\"@id\":\"https:\/\/www.prijedordanas.com\/#\/schema\/logo\/image\/\",\"url\":\"http:\/\/www.prijedordanas.com\/wp-content\/uploads\/2021\/12\/logopng.png\",\"contentUrl\":\"http:\/\/www.prijedordanas.com\/wp-content\/uploads\/2021\/12\/logopng.png\",\"width\":1019,\"height\":776,\"caption\":\"PrijedorDanas.com\"},\"image\":{\"@id\":\"https:\/\/www.prijedordanas.com\/#\/schema\/logo\/image\/\"},\"sameAs\":[\"https:\/\/www.facebook.com\/PrijedorDanasCom\/\"]},{\"@type\":\"Person\",\"@id\":\"https:\/\/www.prijedordanas.com\/#\/schema\/person\/4e08ccf29b506ca916ff86d46bb700e6\",\"name\":\"admin\",\"image\":{\"@type\":\"ImageObject\",\"inLanguage\":\"en-US\",\"@id\":\"https:\/\/www.prijedordanas.com\/#\/schema\/person\/image\/\",\"url\":\"https:\/\/secure.gravatar.com\/avatar\/1d3fc949d550f0b53a5f0d51e06dfd79?s=96&d=mm&r=g\",\"contentUrl\":\"https:\/\/secure.gravatar.com\/avatar\/1d3fc949d550f0b53a5f0d51e06dfd79?s=96&d=mm&r=g\",\"caption\":\"admin\"},\"url\":\"https:\/\/www.prijedordanas.com\/?author=1\"}]}<\/script>\n<!-- \/ Yoast SEO plugin. -->","yoast_head_json":{"title":"\"Vode Srpske\": Privremeno kori\u0161tenje zemlji\u0161ta radi regulacije Milo\u0161evice u Prijedoru - PrijedorDanas.com - Prijedorski gradski portal","robots":{"index":"index","follow":"follow","max-snippet":"max-snippet:-1","max-image-preview":"max-image-preview:large","max-video-preview":"max-video-preview:-1"},"canonical":"https:\/\/www.prijedordanas.com\/?p=223199","og_locale":"en_US","og_type":"article","og_title":"\"Vode Srpske\": Privremeno kori\u0161tenje zemlji\u0161ta radi regulacije Milo\u0161evice u Prijedoru - PrijedorDanas.com - Prijedorski gradski portal","og_description":"&#8220;Vode Republike Srpske&#8221; privremeno koriste zemlji\u0161te vi\u0161e vlasnika i posjednika radi realizacije projekta regulacije rijeke Milo\u0161evice u Prijedoru, a za eventualnu \u0161tetu nastalu zbog prolaska gra\u0111evinskih ma\u0161ina i kamiona nov\u010dana [&hellip;]","og_url":"https:\/\/www.prijedordanas.com\/?p=223199","og_site_name":"PrijedorDanas.com - Prijedorski gradski portal","article_publisher":"https:\/\/www.facebook.com\/PrijedorDanasCom\/","article_published_time":"2024-04-11T13:14:32+00:00","og_image":[{"url":"https:\/\/www.prijedordanas.com\/wp-content\/uploads\/2024\/04\/kozarski-uredjenje-milosevice-300x225.jpg"}],"author":"admin","twitter_card":"summary_large_image","twitter_misc":{"Written by":"admin"},"schema":{"@context":"https:\/\/schema.org","@graph":[{"@type":"Article","@id":"https:\/\/www.prijedordanas.com\/?p=223199#article","isPartOf":{"@id":"https:\/\/www.prijedordanas.com\/?p=223199"},"author":{"name":"admin","@id":"https:\/\/www.prijedordanas.com\/#\/schema\/person\/4e08ccf29b506ca916ff86d46bb700e6"},"headline":"&#8220;Vode Srpske&#8221;: Privremeno kori\u0161tenje zemlji\u0161ta radi regulacije Milo\u0161evice u Prijedoru","datePublished":"2024-04-11T13:14:32+00:00","dateModified":"2024-04-11T13:14:32+00:00","mainEntityOfPage":{"@id":"https:\/\/www.prijedordanas.com\/?p=223199"},"wordCount":213,"publisher":{"@id":"https:\/\/www.prijedordanas.com\/#organization"},"articleSection":["Dru\u0161tvo"],"inLanguage":"en-US"},{"@type":"WebPage","@id":"https:\/\/www.prijedordanas.com\/?p=223199","url":"https:\/\/www.prijedordanas.com\/?p=223199","name":"\"Vode Srpske\": Privremeno kori\u0161tenje zemlji\u0161ta radi regulacije Milo\u0161evice u Prijedoru - PrijedorDanas.com - Prijedorski gradski portal","isPartOf":{"@id":"https:\/\/www.prijedordanas.com\/#website"},"datePublished":"2024-04-11T13:14:32+00:00","dateModified":"2024-04-11T13:14:32+00:00","breadcrumb":{"@id":"https:\/\/www.prijedordanas.com\/?p=223199#breadcrumb"},"inLanguage":"en-US","potentialAction":[{"@type":"ReadAction","target":["https:\/\/www.prijedordanas.com\/?p=223199"]}]},{"@type":"BreadcrumbList","@id":"https:\/\/www.prijedordanas.com\/?p=223199#breadcrumb","itemListElement":[{"@type":"ListItem","position":1,"name":"Home","item":"https:\/\/www.prijedordanas.com\/"},{"@type":"ListItem","position":2,"name":"&#8220;Vode Srpske&#8221;: Privremeno kori\u0161tenje zemlji\u0161ta radi regulacije Milo\u0161evice u Prijedoru"}]},{"@type":"WebSite","@id":"https:\/\/www.prijedordanas.com\/#website","url":"https:\/\/www.prijedordanas.com\/","name":"PrijedorDanas.com - Prijedorski gradski portal","description":"Portal o doga\u0111anjima u gradu Prijedoru","publisher":{"@id":"https:\/\/www.prijedordanas.com\/#organization"},"potentialAction":[{"@type":"SearchAction","target":{"@type":"EntryPoint","urlTemplate":"https:\/\/www.prijedordanas.com\/?s={search_term_string}"},"query-input":"required name=search_term_string"}],"inLanguage":"en-US"},{"@type":"Organization","@id":"https:\/\/www.prijedordanas.com\/#organization","name":"PrijedorDanas.com","url":"https:\/\/www.prijedordanas.com\/","logo":{"@type":"ImageObject","inLanguage":"en-US","@id":"https:\/\/www.prijedordanas.com\/#\/schema\/logo\/image\/","url":"http:\/\/www.prijedordanas.com\/wp-content\/uploads\/2021\/12\/logopng.png","contentUrl":"http:\/\/www.prijedordanas.com\/wp-content\/uploads\/2021\/12\/logopng.png","width":1019,"height":776,"caption":"PrijedorDanas.com"},"image":{"@id":"https:\/\/www.prijedordanas.com\/#\/schema\/logo\/image\/"},"sameAs":["https:\/\/www.facebook.com\/PrijedorDanasCom\/"]},{"@type":"Person","@id":"https:\/\/www.prijedordanas.com\/#\/schema\/person\/4e08ccf29b506ca916ff86d46bb700e6","name":"admin","image":{"@type":"ImageObject","inLanguage":"en-US","@id":"https:\/\/www.prijedordanas.com\/#\/schema\/person\/image\/","url":"https:\/\/secure.gravatar.com\/avatar\/1d3fc949d550f0b53a5f0d51e06dfd79?s=96&d=mm&r=g","contentUrl":"https:\/\/secure.gravatar.com\/avatar\/1d3fc949d550f0b53a5f0d51e06dfd79?s=96&d=mm&r=g","caption":"admin"},"url":"https:\/\/www.prijedordanas.com\/?author=1"}]}},"_links":{"self":[{"href":"https:\/\/www.prijedordanas.com\/index.php?rest_route=\/wp\/v2\/posts\/223199"}],"collection":[{"href":"https:\/\/www.prijedordanas.com\/index.php?rest_route=\/wp\/v2\/posts"}],"about":[{"href":"https:\/\/www.prijedordanas.com\/index.php?rest_route=\/wp\/v2\/types\/post"}],"author":[{"embeddable":true,"href":"https:\/\/www.prijedordanas.com\/index.php?rest_route=\/wp\/v2\/users\/1"}],"replies":[{"embeddable":true,"href":"https:\/\/www.prijedordanas.com\/index.php?rest_route=%2Fwp%2Fv2%2Fcomments&post=223199"}],"version-history":[{"count":1,"href":"https:\/\/www.prijedordanas.com\/index.php?rest_route=\/wp\/v2\/posts\/223199\/revisions"}],"predecessor-version":[{"id":223201,"href":"https:\/\/www.prijedordanas.com\/index.php?rest_route=\/wp\/v2\/posts\/223199\/revisions\/223201"}],"wp:attachment":[{"href":"https:\/\/www.prijedordanas.com\/index.php?rest_route=%2Fwp%2Fv2%2Fmedia&parent=223199"}],"wp:term":[{"taxonomy":"category","embeddable":true,"href":"https:\/\/www.prijedordanas.com\/index.php?rest_route=%2Fwp%2Fv2%2Fcategories&post=223199"},{"taxonomy":"post_tag","embeddable":true,"href":"https:\/\/www.prijedordanas.com\/index.php?rest_route=%2Fwp%2Fv2%2Ftags&post=223199"}],"curies":[{"name":"wp","href":"https:\/\/api.w.org\/{rel}","templated":true}]}}