{"id":22280,"date":"2015-05-13T14:07:35","date_gmt":"2015-05-13T13:07:35","guid":{"rendered":"https:\/\/www.prijedordanas.com\/?p=22280"},"modified":"2015-05-13T14:07:35","modified_gmt":"2015-05-13T13:07:35","slug":"hag-sudenje-mladicu-radulj-bezvlasce-u-prijedoru-video","status":"publish","type":"post","link":"https:\/\/www.prijedordanas.com\/?p=22280","title":{"rendered":"HAG-SU\u0110ENJE MLADI\u0106U-RADULJ: BEZVLA\u0160\u0106E U PRIJEDORU \u2013 VIDEO"},"content":{"rendered":"<p><a href=\"https:\/\/www.prijedordanas.com\/wp-content\/uploads\/2015\/05\/slobodan-radulj.jpg\"><img loading=\"lazy\" decoding=\"async\" class=\"alignleft size-medium wp-image-22281\" src=\"https:\/\/www.prijedordanas.com\/wp-content\/uploads\/2015\/05\/slobodan-radulj-300x191.jpg\" alt=\"slobodan radulj\" width=\"300\" height=\"191\" srcset=\"https:\/\/www.prijedordanas.com\/wp-content\/uploads\/2015\/05\/slobodan-radulj-300x191.jpg 300w, https:\/\/www.prijedordanas.com\/wp-content\/uploads\/2015\/05\/slobodan-radulj.jpg 600w\" sizes=\"(max-width: 300px) 100vw, 300px\" \/><\/a>Svjedo\u010de\u0107i u Odbranu Ratka Mladi\u0107a, biv\u0161i javni pravobranilac u Prijedoru Slobodan Radulj izjavio je da su 1992. i 1993. godine zlo\u010dini nad nesrbima u tom gradu po\u010dinjeni usljed \u201cvakuuma\u201d u sistemu vlasti.<\/p>\n<p>\u201cU Prijedoru je 1992. i 1993. godine najve\u0107i problem bilo uspostavljanje kakve-takve vlasti&#8230; Taj vakuum popunjen je lopovima i kriminalcima, koji su mislili da mogu da rade \u0161ta ho\u0107e&#8230; Na\u017ealost, u tom vakuumu nastali su i svi ti zlo\u010dini\u201d, rekao je Radulj.<\/p>\n<p>Radulj je kazao i da se, u to vrijeme, \u201cnajvi\u0161e borio da sa\u010duva imovinu\u201d gra\u0111ana koji su \u201czbog ratnih dejstava, silom prilika, ne svojom voljom, morali napustiti grad\u201d.<\/p>\n<p>Potvr\u0111uju\u0107i da je bilo \u201cbespravnog useljavanja u napu\u0161tene\u201d stanove i ku\u0107e, svjedok je kazao da su vlasti i on nalo\u017eili delo\u017eaciju Srba koji su te nekretnine zauzeli.<\/p>\n<p>Kao javni pravobranilac, Radulj, kako je rekao, nije ni\u0161ta znao o logorima Omarska i Keraterm, u kojima su, po optu\u017enici, po\u010dinjeni te\u0161ki i sistematski zlo\u010dini nad Muslimanima i Hrvatima.<\/p>\n<p>Prijedor je jedna od op\u0161tina gdje je, po optu\u017enici protiv Mladi\u0107a, progon kojem je Vojska Republike Srpske (VRS) podvrgla Muslimane i Hrvate imao razmjere genocida.<\/p>\n<p>Mladi\u0107u se kao biv\u0161em komandantu Glavnog \u0161taba VRS-a, sudi i za genocid u Srebrenici, terorisanje gra\u0111ana Sarajeva i uzimanje pripadnika UNPROFOR-a za taoce.<\/p>\n<p>BIRN<\/p>\n<p><iframe loading=\"lazy\" width=\"500\" height=\"281\" src=\"https:\/\/www.youtube.com\/embed\/J7x_0r_AT5c?feature=oembed\" frameborder=\"0\" allowfullscreen><\/iframe><\/p>\n<p><iframe loading=\"lazy\" width=\"500\" height=\"281\" src=\"https:\/\/www.youtube.com\/embed\/MlUrtdD325I?feature=oembed\" frameborder=\"0\" allowfullscreen><\/iframe><\/p>\n","protected":false},"excerpt":{"rendered":"<p>Svjedo\u010de\u0107i u Odbranu Ratka Mladi\u0107a, biv\u0161i javni pravobranilac u Prijedoru Slobodan Radulj izjavio je da su 1992. i 1993. godine zlo\u010dini nad nesrbima u tom gradu po\u010dinjeni usljed \u201cvakuuma\u201d u [&hellip;]<\/p>\n","protected":false},"author":1,"featured_media":0,"comment_status":"closed","ping_status":"open","sticky":false,"template":"","format":"standard","meta":{"_monsterinsights_skip_tracking":false,"_monsterinsights_sitenote_active":false,"_monsterinsights_sitenote_note":"","_monsterinsights_sitenote_category":0,"footnotes":""},"categories":[5],"tags":[3218,2745,3520,249],"yoast_head":"<!-- This site is optimized with the Yoast SEO plugin v21.6 - https:\/\/yoast.com\/wordpress\/plugins\/seo\/ -->\n<title>HAG-SU\u0110ENJE MLADI\u0106U-RADULJ: BEZVLA\u0160\u0106E U PRIJEDORU \u2013 VIDEO - PrijedorDanas.com - Prijedorski gradski portal<\/title>\n<meta name=\"robots\" content=\"index, follow, max-snippet:-1, max-image-preview:large, max-video-preview:-1\" \/>\n<link rel=\"canonical\" href=\"https:\/\/www.prijedordanas.com\/?p=22280\" \/>\n<meta property=\"og:locale\" content=\"en_US\" \/>\n<meta property=\"og:type\" content=\"article\" \/>\n<meta property=\"og:title\" content=\"HAG-SU\u0110ENJE MLADI\u0106U-RADULJ: BEZVLA\u0160\u0106E U PRIJEDORU \u2013 VIDEO - PrijedorDanas.com - Prijedorski gradski portal\" \/>\n<meta property=\"og:description\" content=\"Svjedo\u010de\u0107i u Odbranu Ratka Mladi\u0107a, biv\u0161i javni pravobranilac u Prijedoru Slobodan Radulj izjavio je da su 1992. i 1993. godine zlo\u010dini nad nesrbima u tom gradu po\u010dinjeni usljed \u201cvakuuma\u201d u [&hellip;]\" \/>\n<meta property=\"og:url\" content=\"https:\/\/www.prijedordanas.com\/?p=22280\" \/>\n<meta property=\"og:site_name\" content=\"PrijedorDanas.com - Prijedorski gradski portal\" \/>\n<meta property=\"article:publisher\" content=\"https:\/\/www.facebook.com\/PrijedorDanasCom\/\" \/>\n<meta property=\"article:published_time\" content=\"2015-05-13T13:07:35+00:00\" \/>\n<meta property=\"og:image\" content=\"https:\/\/www.prijedordanas.com\/wp-content\/uploads\/2015\/05\/slobodan-radulj-300x191.jpg\" \/>\n<meta name=\"author\" content=\"admin\" \/>\n<meta name=\"twitter:card\" content=\"summary_large_image\" \/>\n<meta name=\"twitter:label1\" content=\"Written by\" \/>\n\t<meta name=\"twitter:data1\" content=\"admin\" \/>\n\t<meta name=\"twitter:label2\" content=\"Est. reading time\" \/>\n\t<meta name=\"twitter:data2\" content=\"1 minute\" \/>\n<script type=\"application\/ld+json\" class=\"yoast-schema-graph\">{\"@context\":\"https:\/\/schema.org\",\"@graph\":[{\"@type\":\"Article\",\"@id\":\"https:\/\/www.prijedordanas.com\/?p=22280#article\",\"isPartOf\":{\"@id\":\"https:\/\/www.prijedordanas.com\/?p=22280\"},\"author\":{\"name\":\"admin\",\"@id\":\"https:\/\/www.prijedordanas.com\/#\/schema\/person\/4e08ccf29b506ca916ff86d46bb700e6\"},\"headline\":\"HAG-SU\u0110ENJE MLADI\u0106U-RADULJ: BEZVLA\u0160\u0106E U PRIJEDORU \u2013 VIDEO\",\"datePublished\":\"2015-05-13T13:07:35+00:00\",\"dateModified\":\"2015-05-13T13:07:35+00:00\",\"mainEntityOfPage\":{\"@id\":\"https:\/\/www.prijedordanas.com\/?p=22280\"},\"wordCount\":255,\"publisher\":{\"@id\":\"https:\/\/www.prijedordanas.com\/#organization\"},\"keywords\":[\"Hag\",\"Mladi\u0107\",\"Slobodan Radulj\",\"su\u0111enje\"],\"articleSection\":[\"Hronika\"],\"inLanguage\":\"en-US\"},{\"@type\":\"WebPage\",\"@id\":\"https:\/\/www.prijedordanas.com\/?p=22280\",\"url\":\"https:\/\/www.prijedordanas.com\/?p=22280\",\"name\":\"HAG-SU\u0110ENJE MLADI\u0106U-RADULJ: BEZVLA\u0160\u0106E U PRIJEDORU \u2013 VIDEO - PrijedorDanas.com - Prijedorski gradski portal\",\"isPartOf\":{\"@id\":\"https:\/\/www.prijedordanas.com\/#website\"},\"datePublished\":\"2015-05-13T13:07:35+00:00\",\"dateModified\":\"2015-05-13T13:07:35+00:00\",\"breadcrumb\":{\"@id\":\"https:\/\/www.prijedordanas.com\/?p=22280#breadcrumb\"},\"inLanguage\":\"en-US\",\"potentialAction\":[{\"@type\":\"ReadAction\",\"target\":[\"https:\/\/www.prijedordanas.com\/?p=22280\"]}]},{\"@type\":\"BreadcrumbList\",\"@id\":\"https:\/\/www.prijedordanas.com\/?p=22280#breadcrumb\",\"itemListElement\":[{\"@type\":\"ListItem\",\"position\":1,\"name\":\"Home\",\"item\":\"https:\/\/www.prijedordanas.com\/\"},{\"@type\":\"ListItem\",\"position\":2,\"name\":\"HAG-SU\u0110ENJE MLADI\u0106U-RADULJ: BEZVLA\u0160\u0106E U PRIJEDORU \u2013 VIDEO\"}]},{\"@type\":\"WebSite\",\"@id\":\"https:\/\/www.prijedordanas.com\/#website\",\"url\":\"https:\/\/www.prijedordanas.com\/\",\"name\":\"PrijedorDanas.com - Prijedorski gradski portal\",\"description\":\"Portal o doga\u0111anjima u gradu Prijedoru\",\"publisher\":{\"@id\":\"https:\/\/www.prijedordanas.com\/#organization\"},\"potentialAction\":[{\"@type\":\"SearchAction\",\"target\":{\"@type\":\"EntryPoint\",\"urlTemplate\":\"https:\/\/www.prijedordanas.com\/?s={search_term_string}\"},\"query-input\":\"required name=search_term_string\"}],\"inLanguage\":\"en-US\"},{\"@type\":\"Organization\",\"@id\":\"https:\/\/www.prijedordanas.com\/#organization\",\"name\":\"PrijedorDanas.com\",\"url\":\"https:\/\/www.prijedordanas.com\/\",\"logo\":{\"@type\":\"ImageObject\",\"inLanguage\":\"en-US\",\"@id\":\"https:\/\/www.prijedordanas.com\/#\/schema\/logo\/image\/\",\"url\":\"http:\/\/www.prijedordanas.com\/wp-content\/uploads\/2021\/12\/logopng.png\",\"contentUrl\":\"http:\/\/www.prijedordanas.com\/wp-content\/uploads\/2021\/12\/logopng.png\",\"width\":1019,\"height\":776,\"caption\":\"PrijedorDanas.com\"},\"image\":{\"@id\":\"https:\/\/www.prijedordanas.com\/#\/schema\/logo\/image\/\"},\"sameAs\":[\"https:\/\/www.facebook.com\/PrijedorDanasCom\/\"]},{\"@type\":\"Person\",\"@id\":\"https:\/\/www.prijedordanas.com\/#\/schema\/person\/4e08ccf29b506ca916ff86d46bb700e6\",\"name\":\"admin\",\"image\":{\"@type\":\"ImageObject\",\"inLanguage\":\"en-US\",\"@id\":\"https:\/\/www.prijedordanas.com\/#\/schema\/person\/image\/\",\"url\":\"https:\/\/secure.gravatar.com\/avatar\/1d3fc949d550f0b53a5f0d51e06dfd79?s=96&d=mm&r=g\",\"contentUrl\":\"https:\/\/secure.gravatar.com\/avatar\/1d3fc949d550f0b53a5f0d51e06dfd79?s=96&d=mm&r=g\",\"caption\":\"admin\"},\"url\":\"https:\/\/www.prijedordanas.com\/?author=1\"}]}<\/script>\n<!-- \/ Yoast SEO plugin. -->","yoast_head_json":{"title":"HAG-SU\u0110ENJE MLADI\u0106U-RADULJ: BEZVLA\u0160\u0106E U PRIJEDORU \u2013 VIDEO - PrijedorDanas.com - Prijedorski gradski portal","robots":{"index":"index","follow":"follow","max-snippet":"max-snippet:-1","max-image-preview":"max-image-preview:large","max-video-preview":"max-video-preview:-1"},"canonical":"https:\/\/www.prijedordanas.com\/?p=22280","og_locale":"en_US","og_type":"article","og_title":"HAG-SU\u0110ENJE MLADI\u0106U-RADULJ: BEZVLA\u0160\u0106E U PRIJEDORU \u2013 VIDEO - PrijedorDanas.com - Prijedorski gradski portal","og_description":"Svjedo\u010de\u0107i u Odbranu Ratka Mladi\u0107a, biv\u0161i javni pravobranilac u Prijedoru Slobodan Radulj izjavio je da su 1992. i 1993. godine zlo\u010dini nad nesrbima u tom gradu po\u010dinjeni usljed \u201cvakuuma\u201d u [&hellip;]","og_url":"https:\/\/www.prijedordanas.com\/?p=22280","og_site_name":"PrijedorDanas.com - Prijedorski gradski portal","article_publisher":"https:\/\/www.facebook.com\/PrijedorDanasCom\/","article_published_time":"2015-05-13T13:07:35+00:00","og_image":[{"url":"https:\/\/www.prijedordanas.com\/wp-content\/uploads\/2015\/05\/slobodan-radulj-300x191.jpg"}],"author":"admin","twitter_card":"summary_large_image","twitter_misc":{"Written by":"admin","Est. reading time":"1 minute"},"schema":{"@context":"https:\/\/schema.org","@graph":[{"@type":"Article","@id":"https:\/\/www.prijedordanas.com\/?p=22280#article","isPartOf":{"@id":"https:\/\/www.prijedordanas.com\/?p=22280"},"author":{"name":"admin","@id":"https:\/\/www.prijedordanas.com\/#\/schema\/person\/4e08ccf29b506ca916ff86d46bb700e6"},"headline":"HAG-SU\u0110ENJE MLADI\u0106U-RADULJ: BEZVLA\u0160\u0106E U PRIJEDORU \u2013 VIDEO","datePublished":"2015-05-13T13:07:35+00:00","dateModified":"2015-05-13T13:07:35+00:00","mainEntityOfPage":{"@id":"https:\/\/www.prijedordanas.com\/?p=22280"},"wordCount":255,"publisher":{"@id":"https:\/\/www.prijedordanas.com\/#organization"},"keywords":["Hag","Mladi\u0107","Slobodan Radulj","su\u0111enje"],"articleSection":["Hronika"],"inLanguage":"en-US"},{"@type":"WebPage","@id":"https:\/\/www.prijedordanas.com\/?p=22280","url":"https:\/\/www.prijedordanas.com\/?p=22280","name":"HAG-SU\u0110ENJE MLADI\u0106U-RADULJ: BEZVLA\u0160\u0106E U PRIJEDORU \u2013 VIDEO - PrijedorDanas.com - Prijedorski gradski portal","isPartOf":{"@id":"https:\/\/www.prijedordanas.com\/#website"},"datePublished":"2015-05-13T13:07:35+00:00","dateModified":"2015-05-13T13:07:35+00:00","breadcrumb":{"@id":"https:\/\/www.prijedordanas.com\/?p=22280#breadcrumb"},"inLanguage":"en-US","potentialAction":[{"@type":"ReadAction","target":["https:\/\/www.prijedordanas.com\/?p=22280"]}]},{"@type":"BreadcrumbList","@id":"https:\/\/www.prijedordanas.com\/?p=22280#breadcrumb","itemListElement":[{"@type":"ListItem","position":1,"name":"Home","item":"https:\/\/www.prijedordanas.com\/"},{"@type":"ListItem","position":2,"name":"HAG-SU\u0110ENJE MLADI\u0106U-RADULJ: BEZVLA\u0160\u0106E U PRIJEDORU \u2013 VIDEO"}]},{"@type":"WebSite","@id":"https:\/\/www.prijedordanas.com\/#website","url":"https:\/\/www.prijedordanas.com\/","name":"PrijedorDanas.com - Prijedorski gradski portal","description":"Portal o doga\u0111anjima u gradu Prijedoru","publisher":{"@id":"https:\/\/www.prijedordanas.com\/#organization"},"potentialAction":[{"@type":"SearchAction","target":{"@type":"EntryPoint","urlTemplate":"https:\/\/www.prijedordanas.com\/?s={search_term_string}"},"query-input":"required name=search_term_string"}],"inLanguage":"en-US"},{"@type":"Organization","@id":"https:\/\/www.prijedordanas.com\/#organization","name":"PrijedorDanas.com","url":"https:\/\/www.prijedordanas.com\/","logo":{"@type":"ImageObject","inLanguage":"en-US","@id":"https:\/\/www.prijedordanas.com\/#\/schema\/logo\/image\/","url":"http:\/\/www.prijedordanas.com\/wp-content\/uploads\/2021\/12\/logopng.png","contentUrl":"http:\/\/www.prijedordanas.com\/wp-content\/uploads\/2021\/12\/logopng.png","width":1019,"height":776,"caption":"PrijedorDanas.com"},"image":{"@id":"https:\/\/www.prijedordanas.com\/#\/schema\/logo\/image\/"},"sameAs":["https:\/\/www.facebook.com\/PrijedorDanasCom\/"]},{"@type":"Person","@id":"https:\/\/www.prijedordanas.com\/#\/schema\/person\/4e08ccf29b506ca916ff86d46bb700e6","name":"admin","image":{"@type":"ImageObject","inLanguage":"en-US","@id":"https:\/\/www.prijedordanas.com\/#\/schema\/person\/image\/","url":"https:\/\/secure.gravatar.com\/avatar\/1d3fc949d550f0b53a5f0d51e06dfd79?s=96&d=mm&r=g","contentUrl":"https:\/\/secure.gravatar.com\/avatar\/1d3fc949d550f0b53a5f0d51e06dfd79?s=96&d=mm&r=g","caption":"admin"},"url":"https:\/\/www.prijedordanas.com\/?author=1"}]}},"_links":{"self":[{"href":"https:\/\/www.prijedordanas.com\/index.php?rest_route=\/wp\/v2\/posts\/22280"}],"collection":[{"href":"https:\/\/www.prijedordanas.com\/index.php?rest_route=\/wp\/v2\/posts"}],"about":[{"href":"https:\/\/www.prijedordanas.com\/index.php?rest_route=\/wp\/v2\/types\/post"}],"author":[{"embeddable":true,"href":"https:\/\/www.prijedordanas.com\/index.php?rest_route=\/wp\/v2\/users\/1"}],"replies":[{"embeddable":true,"href":"https:\/\/www.prijedordanas.com\/index.php?rest_route=%2Fwp%2Fv2%2Fcomments&post=22280"}],"version-history":[{"count":1,"href":"https:\/\/www.prijedordanas.com\/index.php?rest_route=\/wp\/v2\/posts\/22280\/revisions"}],"predecessor-version":[{"id":22282,"href":"https:\/\/www.prijedordanas.com\/index.php?rest_route=\/wp\/v2\/posts\/22280\/revisions\/22282"}],"wp:attachment":[{"href":"https:\/\/www.prijedordanas.com\/index.php?rest_route=%2Fwp%2Fv2%2Fmedia&parent=22280"}],"wp:term":[{"taxonomy":"category","embeddable":true,"href":"https:\/\/www.prijedordanas.com\/index.php?rest_route=%2Fwp%2Fv2%2Fcategories&post=22280"},{"taxonomy":"post_tag","embeddable":true,"href":"https:\/\/www.prijedordanas.com\/index.php?rest_route=%2Fwp%2Fv2%2Ftags&post=22280"}],"curies":[{"name":"wp","href":"https:\/\/api.w.org\/{rel}","templated":true}]}}