{"id":222609,"date":"2024-04-01T18:36:47","date_gmt":"2024-04-01T16:36:47","guid":{"rendered":"https:\/\/www.prijedordanas.com\/?p=222609"},"modified":"2024-04-02T19:21:32","modified_gmt":"2024-04-02T17:21:32","slug":"rudar-prijedor-modrica-30-foto","status":"publish","type":"post","link":"https:\/\/www.prijedordanas.com\/?p=222609","title":{"rendered":"Rudar-Prijedor: Modri\u010da 3:0 &#8211; FOTO"},"content":{"rendered":"<p><a href=\"https:\/\/www.prijedordanas.com\/wp-content\/uploads\/2024\/04\/rudarpd-modrica-3-0-1.jpg\"><img loading=\"lazy\" decoding=\"async\" class=\"alignleft size-medium wp-image-222610\" src=\"https:\/\/www.prijedordanas.com\/wp-content\/uploads\/2024\/04\/rudarpd-modrica-3-0-1-300x225.jpg\" alt=\"\" width=\"300\" height=\"225\" srcset=\"https:\/\/www.prijedordanas.com\/wp-content\/uploads\/2024\/04\/rudarpd-modrica-3-0-1-300x225.jpg 300w, https:\/\/www.prijedordanas.com\/wp-content\/uploads\/2024\/04\/rudarpd-modrica-3-0-1-640x480.jpg 640w, https:\/\/www.prijedordanas.com\/wp-content\/uploads\/2024\/04\/rudarpd-modrica-3-0-1.jpg 667w\" sizes=\"(max-width: 300px) 100vw, 300px\" \/><\/a>U susretu 23. kola Prve lige Republike Srpske, fudbaleri Rudar-Prijedora savladali su Modri\u010du rezultatom 3:0 (2:0).<\/p>\n<p>Prijedor\u010dani su na po\u010detku me\u010da imali terensku inicijativu ali njihovi napadi bili su bezidejni i jalovi.<\/p>\n<p>Ipak, da bodovi ostanu u gradu na Sani pobrinuo se najbolji igra\u010d doma\u0107ih Da Silva.<\/p>\n<p>Prvo je u 27. minuti na asistenciju Sal\u010dina pogodio sa ivice kaznenog prostora.<\/p>\n<p>Isti igra\u010d je 11 minuta kasnije sa 30-ak metara iznenadio Krneti\u0107a za 2:0.<\/p>\n<p>Drugi dio igre protekao je u propu\u0161tenim \u0161ansama doma\u0107ih.<\/p>\n<p>Dobre prilike za pogotke nisu iskoristili Amoa, Gbegbe, Sal\u010din, \u0160ebez, Da Silva.<\/p>\n<p>Kona\u010dan rezultat postavio je Gbegbe u 65. minuti.<\/p>\n<p><a href=\"https:\/\/www.prijedordanas.com\/wp-content\/uploads\/2024\/04\/rudarpd-modrica-3-0-2.jpg\"><img loading=\"lazy\" decoding=\"async\" src=\"https:\/\/www.prijedordanas.com\/wp-content\/uploads\/2024\/04\/rudarpd-modrica-3-0-2-300x225.jpg\" alt=\"\" width=\"300\" height=\"225\" class=\"alignleft size-medium wp-image-222611\" srcset=\"https:\/\/www.prijedordanas.com\/wp-content\/uploads\/2024\/04\/rudarpd-modrica-3-0-2-300x225.jpg 300w, https:\/\/www.prijedordanas.com\/wp-content\/uploads\/2024\/04\/rudarpd-modrica-3-0-2-640x480.jpg 640w, https:\/\/www.prijedordanas.com\/wp-content\/uploads\/2024\/04\/rudarpd-modrica-3-0-2.jpg 667w\" sizes=\"(max-width: 300px) 100vw, 300px\" \/><\/a>Rudar-Prijedor: Modri\u010da 3:0 (2:0)<\/p>\n<p>Prijedor<br \/>\nGradski stadion<br \/>\nGledalaca: 300<br \/>\nSudija: Nemanja \u0160esti\u0107 (Banjaluka)<br \/>\nStrijelci: Da Silva u 27. i 38., Gbegbe u 65. minuti<br \/>\n\u017duti kartoni: Smaji\u0107, Rakovi\u0107 (Rudar-Prijedor), Ku\u0161lji\u0107, Disubi, Sedlar, Geri\u0107 (Modri\u010da)<\/p>\n<p>Rudar-Prijedor<br \/>\nTrnini\u0107, Pekija, Samard\u017ei\u0107 (Njamculovi\u0107), Kova\u010devi\u0107, Sal\u010din, Kesi\u0107 (\u0160ebez), Rakovi\u0107 (Rau\u0161), Amoa, Bilbija, Smaji\u0107 (Gbegbe), Da Silva (Markovi\u0107)<\/p>\n<p>Modri\u010da<br \/>\nKrneti\u0107, Pljevalj\u010di\u0107, Jolovi\u0107, Ku\u0161lji\u0107, Spai\u0107 (Mari\u0107), Sedlar, Numanovi\u0107 (Maksimovi\u0107), Limi\u0107 (Geri\u0107), Ofosu, Hasegava, Disubi<\/p>\n<p>Tekst i foto \u2013 Aleksandar Drakuli\u0107 &#8211; <a href=\"https:\/\/www.prijedordanas.com\" target=\"_blank\" rel=\"noopener noreferrer\">www.prijedordanas.com<\/a><\/p>\n<p><a href=\"https:\/\/www.prijedordanas.com\/wp-content\/uploads\/2024\/04\/rudarpd-modrica-3-0-3.jpg\"><img loading=\"lazy\" decoding=\"async\" src=\"https:\/\/www.prijedordanas.com\/wp-content\/uploads\/2024\/04\/rudarpd-modrica-3-0-3-300x225.jpg\" alt=\"\" width=\"300\" height=\"225\" class=\"alignleft size-medium wp-image-222612\" srcset=\"https:\/\/www.prijedordanas.com\/wp-content\/uploads\/2024\/04\/rudarpd-modrica-3-0-3-300x225.jpg 300w, https:\/\/www.prijedordanas.com\/wp-content\/uploads\/2024\/04\/rudarpd-modrica-3-0-3-640x480.jpg 640w, https:\/\/www.prijedordanas.com\/wp-content\/uploads\/2024\/04\/rudarpd-modrica-3-0-3.jpg 667w\" sizes=\"(max-width: 300px) 100vw, 300px\" \/><\/a> <a href=\"https:\/\/www.prijedordanas.com\/wp-content\/uploads\/2024\/04\/rudarpd-modrica-3-0-4.jpg\"><img loading=\"lazy\" decoding=\"async\" src=\"https:\/\/www.prijedordanas.com\/wp-content\/uploads\/2024\/04\/rudarpd-modrica-3-0-4-300x225.jpg\" alt=\"\" width=\"300\" height=\"225\" class=\"alignleft size-medium wp-image-222613\" srcset=\"https:\/\/www.prijedordanas.com\/wp-content\/uploads\/2024\/04\/rudarpd-modrica-3-0-4-300x225.jpg 300w, https:\/\/www.prijedordanas.com\/wp-content\/uploads\/2024\/04\/rudarpd-modrica-3-0-4-640x480.jpg 640w, https:\/\/www.prijedordanas.com\/wp-content\/uploads\/2024\/04\/rudarpd-modrica-3-0-4.jpg 667w\" sizes=\"(max-width: 300px) 100vw, 300px\" \/><\/a> <a href=\"https:\/\/www.prijedordanas.com\/wp-content\/uploads\/2024\/04\/rudarpd-modrica-3-0-5.jpg\"><img loading=\"lazy\" decoding=\"async\" src=\"https:\/\/www.prijedordanas.com\/wp-content\/uploads\/2024\/04\/rudarpd-modrica-3-0-5-300x225.jpg\" alt=\"\" width=\"300\" height=\"225\" class=\"alignleft size-medium wp-image-222614\" srcset=\"https:\/\/www.prijedordanas.com\/wp-content\/uploads\/2024\/04\/rudarpd-modrica-3-0-5-300x225.jpg 300w, https:\/\/www.prijedordanas.com\/wp-content\/uploads\/2024\/04\/rudarpd-modrica-3-0-5-640x480.jpg 640w, https:\/\/www.prijedordanas.com\/wp-content\/uploads\/2024\/04\/rudarpd-modrica-3-0-5.jpg 667w\" sizes=\"(max-width: 300px) 100vw, 300px\" \/><\/a> <a href=\"https:\/\/www.prijedordanas.com\/wp-content\/uploads\/2024\/04\/rudarpd-modrica-3-0-6.jpg\"><img loading=\"lazy\" decoding=\"async\" src=\"https:\/\/www.prijedordanas.com\/wp-content\/uploads\/2024\/04\/rudarpd-modrica-3-0-6-300x225.jpg\" alt=\"\" width=\"300\" height=\"225\" class=\"alignleft size-medium wp-image-222615\" srcset=\"https:\/\/www.prijedordanas.com\/wp-content\/uploads\/2024\/04\/rudarpd-modrica-3-0-6-300x225.jpg 300w, https:\/\/www.prijedordanas.com\/wp-content\/uploads\/2024\/04\/rudarpd-modrica-3-0-6-640x480.jpg 640w, https:\/\/www.prijedordanas.com\/wp-content\/uploads\/2024\/04\/rudarpd-modrica-3-0-6.jpg 667w\" sizes=\"(max-width: 300px) 100vw, 300px\" \/><\/a> <a href=\"https:\/\/www.prijedordanas.com\/wp-content\/uploads\/2024\/04\/rudarpd-modrica-3-0-7.jpg\"><img loading=\"lazy\" decoding=\"async\" src=\"https:\/\/www.prijedordanas.com\/wp-content\/uploads\/2024\/04\/rudarpd-modrica-3-0-7-300x225.jpg\" alt=\"\" width=\"300\" height=\"225\" class=\"alignleft size-medium wp-image-222616\" srcset=\"https:\/\/www.prijedordanas.com\/wp-content\/uploads\/2024\/04\/rudarpd-modrica-3-0-7-300x225.jpg 300w, https:\/\/www.prijedordanas.com\/wp-content\/uploads\/2024\/04\/rudarpd-modrica-3-0-7-640x480.jpg 640w, https:\/\/www.prijedordanas.com\/wp-content\/uploads\/2024\/04\/rudarpd-modrica-3-0-7.jpg 667w\" sizes=\"(max-width: 300px) 100vw, 300px\" \/><\/a><\/p>\n","protected":false},"excerpt":{"rendered":"<p>U susretu 23. kola Prve lige Republike Srpske, fudbaleri Rudar-Prijedora savladali su Modri\u010du rezultatom 3:0 (2:0). Prijedor\u010dani su na po\u010detku me\u010da imali terensku inicijativu ali njihovi napadi bili su bezidejni [&hellip;]<\/p>\n","protected":false},"author":1,"featured_media":0,"comment_status":"closed","ping_status":"open","sticky":false,"template":"","format":"standard","meta":{"_monsterinsights_skip_tracking":false,"_monsterinsights_sitenote_active":false,"_monsterinsights_sitenote_note":"","_monsterinsights_sitenote_category":0,"footnotes":""},"categories":[7],"tags":[],"yoast_head":"<!-- This site is optimized with the Yoast SEO plugin v21.6 - https:\/\/yoast.com\/wordpress\/plugins\/seo\/ -->\n<title>Rudar-Prijedor: Modri\u010da 3:0 - FOTO - PrijedorDanas.com - Prijedorski gradski portal<\/title>\n<meta name=\"robots\" content=\"index, follow, max-snippet:-1, max-image-preview:large, max-video-preview:-1\" \/>\n<link rel=\"canonical\" href=\"https:\/\/www.prijedordanas.com\/?p=222609\" \/>\n<meta property=\"og:locale\" content=\"en_US\" \/>\n<meta property=\"og:type\" content=\"article\" \/>\n<meta property=\"og:title\" content=\"Rudar-Prijedor: Modri\u010da 3:0 - FOTO - PrijedorDanas.com - Prijedorski gradski portal\" \/>\n<meta property=\"og:description\" content=\"U susretu 23. kola Prve lige Republike Srpske, fudbaleri Rudar-Prijedora savladali su Modri\u010du rezultatom 3:0 (2:0). Prijedor\u010dani su na po\u010detku me\u010da imali terensku inicijativu ali njihovi napadi bili su bezidejni [&hellip;]\" \/>\n<meta property=\"og:url\" content=\"https:\/\/www.prijedordanas.com\/?p=222609\" \/>\n<meta property=\"og:site_name\" content=\"PrijedorDanas.com - Prijedorski gradski portal\" \/>\n<meta property=\"article:publisher\" content=\"https:\/\/www.facebook.com\/PrijedorDanasCom\/\" \/>\n<meta property=\"article:published_time\" content=\"2024-04-01T16:36:47+00:00\" \/>\n<meta property=\"article:modified_time\" content=\"2024-04-02T17:21:32+00:00\" \/>\n<meta property=\"og:image\" content=\"https:\/\/www.prijedordanas.com\/wp-content\/uploads\/2024\/04\/rudarpd-modrica-3-0-1-300x225.jpg\" \/>\n<meta name=\"author\" content=\"admin\" \/>\n<meta name=\"twitter:card\" content=\"summary_large_image\" \/>\n<meta name=\"twitter:label1\" content=\"Written by\" \/>\n\t<meta name=\"twitter:data1\" content=\"admin\" \/>\n\t<meta name=\"twitter:label2\" content=\"Est. reading time\" \/>\n\t<meta name=\"twitter:data2\" content=\"1 minute\" \/>\n<script type=\"application\/ld+json\" class=\"yoast-schema-graph\">{\"@context\":\"https:\/\/schema.org\",\"@graph\":[{\"@type\":\"Article\",\"@id\":\"https:\/\/www.prijedordanas.com\/?p=222609#article\",\"isPartOf\":{\"@id\":\"https:\/\/www.prijedordanas.com\/?p=222609\"},\"author\":{\"name\":\"admin\",\"@id\":\"https:\/\/www.prijedordanas.com\/#\/schema\/person\/4e08ccf29b506ca916ff86d46bb700e6\"},\"headline\":\"Rudar-Prijedor: Modri\u010da 3:0 &#8211; FOTO\",\"datePublished\":\"2024-04-01T16:36:47+00:00\",\"dateModified\":\"2024-04-02T17:21:32+00:00\",\"mainEntityOfPage\":{\"@id\":\"https:\/\/www.prijedordanas.com\/?p=222609\"},\"wordCount\":190,\"publisher\":{\"@id\":\"https:\/\/www.prijedordanas.com\/#organization\"},\"articleSection\":[\"Sport\"],\"inLanguage\":\"en-US\"},{\"@type\":\"WebPage\",\"@id\":\"https:\/\/www.prijedordanas.com\/?p=222609\",\"url\":\"https:\/\/www.prijedordanas.com\/?p=222609\",\"name\":\"Rudar-Prijedor: Modri\u010da 3:0 - FOTO - PrijedorDanas.com - Prijedorski gradski portal\",\"isPartOf\":{\"@id\":\"https:\/\/www.prijedordanas.com\/#website\"},\"datePublished\":\"2024-04-01T16:36:47+00:00\",\"dateModified\":\"2024-04-02T17:21:32+00:00\",\"breadcrumb\":{\"@id\":\"https:\/\/www.prijedordanas.com\/?p=222609#breadcrumb\"},\"inLanguage\":\"en-US\",\"potentialAction\":[{\"@type\":\"ReadAction\",\"target\":[\"https:\/\/www.prijedordanas.com\/?p=222609\"]}]},{\"@type\":\"BreadcrumbList\",\"@id\":\"https:\/\/www.prijedordanas.com\/?p=222609#breadcrumb\",\"itemListElement\":[{\"@type\":\"ListItem\",\"position\":1,\"name\":\"Home\",\"item\":\"https:\/\/www.prijedordanas.com\/\"},{\"@type\":\"ListItem\",\"position\":2,\"name\":\"Rudar-Prijedor: Modri\u010da 3:0 &#8211; FOTO\"}]},{\"@type\":\"WebSite\",\"@id\":\"https:\/\/www.prijedordanas.com\/#website\",\"url\":\"https:\/\/www.prijedordanas.com\/\",\"name\":\"PrijedorDanas.com - Prijedorski gradski portal\",\"description\":\"Portal o doga\u0111anjima u gradu Prijedoru\",\"publisher\":{\"@id\":\"https:\/\/www.prijedordanas.com\/#organization\"},\"potentialAction\":[{\"@type\":\"SearchAction\",\"target\":{\"@type\":\"EntryPoint\",\"urlTemplate\":\"https:\/\/www.prijedordanas.com\/?s={search_term_string}\"},\"query-input\":\"required name=search_term_string\"}],\"inLanguage\":\"en-US\"},{\"@type\":\"Organization\",\"@id\":\"https:\/\/www.prijedordanas.com\/#organization\",\"name\":\"PrijedorDanas.com\",\"url\":\"https:\/\/www.prijedordanas.com\/\",\"logo\":{\"@type\":\"ImageObject\",\"inLanguage\":\"en-US\",\"@id\":\"https:\/\/www.prijedordanas.com\/#\/schema\/logo\/image\/\",\"url\":\"http:\/\/www.prijedordanas.com\/wp-content\/uploads\/2021\/12\/logopng.png\",\"contentUrl\":\"http:\/\/www.prijedordanas.com\/wp-content\/uploads\/2021\/12\/logopng.png\",\"width\":1019,\"height\":776,\"caption\":\"PrijedorDanas.com\"},\"image\":{\"@id\":\"https:\/\/www.prijedordanas.com\/#\/schema\/logo\/image\/\"},\"sameAs\":[\"https:\/\/www.facebook.com\/PrijedorDanasCom\/\"]},{\"@type\":\"Person\",\"@id\":\"https:\/\/www.prijedordanas.com\/#\/schema\/person\/4e08ccf29b506ca916ff86d46bb700e6\",\"name\":\"admin\",\"image\":{\"@type\":\"ImageObject\",\"inLanguage\":\"en-US\",\"@id\":\"https:\/\/www.prijedordanas.com\/#\/schema\/person\/image\/\",\"url\":\"https:\/\/secure.gravatar.com\/avatar\/1d3fc949d550f0b53a5f0d51e06dfd79?s=96&d=mm&r=g\",\"contentUrl\":\"https:\/\/secure.gravatar.com\/avatar\/1d3fc949d550f0b53a5f0d51e06dfd79?s=96&d=mm&r=g\",\"caption\":\"admin\"},\"url\":\"https:\/\/www.prijedordanas.com\/?author=1\"}]}<\/script>\n<!-- \/ Yoast SEO plugin. -->","yoast_head_json":{"title":"Rudar-Prijedor: Modri\u010da 3:0 - FOTO - PrijedorDanas.com - Prijedorski gradski portal","robots":{"index":"index","follow":"follow","max-snippet":"max-snippet:-1","max-image-preview":"max-image-preview:large","max-video-preview":"max-video-preview:-1"},"canonical":"https:\/\/www.prijedordanas.com\/?p=222609","og_locale":"en_US","og_type":"article","og_title":"Rudar-Prijedor: Modri\u010da 3:0 - FOTO - PrijedorDanas.com - Prijedorski gradski portal","og_description":"U susretu 23. kola Prve lige Republike Srpske, fudbaleri Rudar-Prijedora savladali su Modri\u010du rezultatom 3:0 (2:0). Prijedor\u010dani su na po\u010detku me\u010da imali terensku inicijativu ali njihovi napadi bili su bezidejni [&hellip;]","og_url":"https:\/\/www.prijedordanas.com\/?p=222609","og_site_name":"PrijedorDanas.com - Prijedorski gradski portal","article_publisher":"https:\/\/www.facebook.com\/PrijedorDanasCom\/","article_published_time":"2024-04-01T16:36:47+00:00","article_modified_time":"2024-04-02T17:21:32+00:00","og_image":[{"url":"https:\/\/www.prijedordanas.com\/wp-content\/uploads\/2024\/04\/rudarpd-modrica-3-0-1-300x225.jpg"}],"author":"admin","twitter_card":"summary_large_image","twitter_misc":{"Written by":"admin","Est. reading time":"1 minute"},"schema":{"@context":"https:\/\/schema.org","@graph":[{"@type":"Article","@id":"https:\/\/www.prijedordanas.com\/?p=222609#article","isPartOf":{"@id":"https:\/\/www.prijedordanas.com\/?p=222609"},"author":{"name":"admin","@id":"https:\/\/www.prijedordanas.com\/#\/schema\/person\/4e08ccf29b506ca916ff86d46bb700e6"},"headline":"Rudar-Prijedor: Modri\u010da 3:0 &#8211; FOTO","datePublished":"2024-04-01T16:36:47+00:00","dateModified":"2024-04-02T17:21:32+00:00","mainEntityOfPage":{"@id":"https:\/\/www.prijedordanas.com\/?p=222609"},"wordCount":190,"publisher":{"@id":"https:\/\/www.prijedordanas.com\/#organization"},"articleSection":["Sport"],"inLanguage":"en-US"},{"@type":"WebPage","@id":"https:\/\/www.prijedordanas.com\/?p=222609","url":"https:\/\/www.prijedordanas.com\/?p=222609","name":"Rudar-Prijedor: Modri\u010da 3:0 - FOTO - PrijedorDanas.com - Prijedorski gradski portal","isPartOf":{"@id":"https:\/\/www.prijedordanas.com\/#website"},"datePublished":"2024-04-01T16:36:47+00:00","dateModified":"2024-04-02T17:21:32+00:00","breadcrumb":{"@id":"https:\/\/www.prijedordanas.com\/?p=222609#breadcrumb"},"inLanguage":"en-US","potentialAction":[{"@type":"ReadAction","target":["https:\/\/www.prijedordanas.com\/?p=222609"]}]},{"@type":"BreadcrumbList","@id":"https:\/\/www.prijedordanas.com\/?p=222609#breadcrumb","itemListElement":[{"@type":"ListItem","position":1,"name":"Home","item":"https:\/\/www.prijedordanas.com\/"},{"@type":"ListItem","position":2,"name":"Rudar-Prijedor: Modri\u010da 3:0 &#8211; FOTO"}]},{"@type":"WebSite","@id":"https:\/\/www.prijedordanas.com\/#website","url":"https:\/\/www.prijedordanas.com\/","name":"PrijedorDanas.com - Prijedorski gradski portal","description":"Portal o doga\u0111anjima u gradu Prijedoru","publisher":{"@id":"https:\/\/www.prijedordanas.com\/#organization"},"potentialAction":[{"@type":"SearchAction","target":{"@type":"EntryPoint","urlTemplate":"https:\/\/www.prijedordanas.com\/?s={search_term_string}"},"query-input":"required name=search_term_string"}],"inLanguage":"en-US"},{"@type":"Organization","@id":"https:\/\/www.prijedordanas.com\/#organization","name":"PrijedorDanas.com","url":"https:\/\/www.prijedordanas.com\/","logo":{"@type":"ImageObject","inLanguage":"en-US","@id":"https:\/\/www.prijedordanas.com\/#\/schema\/logo\/image\/","url":"http:\/\/www.prijedordanas.com\/wp-content\/uploads\/2021\/12\/logopng.png","contentUrl":"http:\/\/www.prijedordanas.com\/wp-content\/uploads\/2021\/12\/logopng.png","width":1019,"height":776,"caption":"PrijedorDanas.com"},"image":{"@id":"https:\/\/www.prijedordanas.com\/#\/schema\/logo\/image\/"},"sameAs":["https:\/\/www.facebook.com\/PrijedorDanasCom\/"]},{"@type":"Person","@id":"https:\/\/www.prijedordanas.com\/#\/schema\/person\/4e08ccf29b506ca916ff86d46bb700e6","name":"admin","image":{"@type":"ImageObject","inLanguage":"en-US","@id":"https:\/\/www.prijedordanas.com\/#\/schema\/person\/image\/","url":"https:\/\/secure.gravatar.com\/avatar\/1d3fc949d550f0b53a5f0d51e06dfd79?s=96&d=mm&r=g","contentUrl":"https:\/\/secure.gravatar.com\/avatar\/1d3fc949d550f0b53a5f0d51e06dfd79?s=96&d=mm&r=g","caption":"admin"},"url":"https:\/\/www.prijedordanas.com\/?author=1"}]}},"_links":{"self":[{"href":"https:\/\/www.prijedordanas.com\/index.php?rest_route=\/wp\/v2\/posts\/222609"}],"collection":[{"href":"https:\/\/www.prijedordanas.com\/index.php?rest_route=\/wp\/v2\/posts"}],"about":[{"href":"https:\/\/www.prijedordanas.com\/index.php?rest_route=\/wp\/v2\/types\/post"}],"author":[{"embeddable":true,"href":"https:\/\/www.prijedordanas.com\/index.php?rest_route=\/wp\/v2\/users\/1"}],"replies":[{"embeddable":true,"href":"https:\/\/www.prijedordanas.com\/index.php?rest_route=%2Fwp%2Fv2%2Fcomments&post=222609"}],"version-history":[{"count":1,"href":"https:\/\/www.prijedordanas.com\/index.php?rest_route=\/wp\/v2\/posts\/222609\/revisions"}],"predecessor-version":[{"id":222617,"href":"https:\/\/www.prijedordanas.com\/index.php?rest_route=\/wp\/v2\/posts\/222609\/revisions\/222617"}],"wp:attachment":[{"href":"https:\/\/www.prijedordanas.com\/index.php?rest_route=%2Fwp%2Fv2%2Fmedia&parent=222609"}],"wp:term":[{"taxonomy":"category","embeddable":true,"href":"https:\/\/www.prijedordanas.com\/index.php?rest_route=%2Fwp%2Fv2%2Fcategories&post=222609"},{"taxonomy":"post_tag","embeddable":true,"href":"https:\/\/www.prijedordanas.com\/index.php?rest_route=%2Fwp%2Fv2%2Ftags&post=222609"}],"curies":[{"name":"wp","href":"https:\/\/api.w.org\/{rel}","templated":true}]}}