{"id":222584,"date":"2024-04-02T15:09:14","date_gmt":"2024-04-02T13:09:14","guid":{"rendered":"https:\/\/www.prijedordanas.com\/?p=222584"},"modified":"2024-04-02T15:09:14","modified_gmt":"2024-04-02T13:09:14","slug":"dosenovic-ostra-luka-ce-nastaviti-putem-razvoja","status":"publish","type":"post","link":"https:\/\/www.prijedordanas.com\/?p=222584","title":{"rendered":"Do\u0161enovi\u0107: O\u0161tra Luka \u0107e nastaviti putem razvoja"},"content":{"rendered":"<p><a href=\"https:\/\/www.prijedordanas.com\/wp-content\/uploads\/2024\/04\/ostra-luka-dusko-dosenovic.jpg\"><img loading=\"lazy\" decoding=\"async\" src=\"https:\/\/www.prijedordanas.com\/wp-content\/uploads\/2024\/04\/ostra-luka-dusko-dosenovic-300x225.jpg\" alt=\"\" width=\"300\" height=\"225\" class=\"alignleft size-medium wp-image-222585\" srcset=\"https:\/\/www.prijedordanas.com\/wp-content\/uploads\/2024\/04\/ostra-luka-dusko-dosenovic-300x225.jpg 300w, https:\/\/www.prijedordanas.com\/wp-content\/uploads\/2024\/04\/ostra-luka-dusko-dosenovic-640x480.jpg 640w, https:\/\/www.prijedordanas.com\/wp-content\/uploads\/2024\/04\/ostra-luka-dusko-dosenovic.jpg 667w\" sizes=\"(max-width: 300px) 100vw, 300px\" \/><\/a>Nakon velikog gubitka za op\u0161tinu O\u0161tra Luka i prerane smrti na\u010delnika Dragana Mastikose, du\u017enost na\u010delnika preuzeo je doskora\u0161nji zamjenik na\u010delnika, Du\u0161ko Do\u0161enovi\u0107, koji je poru\u010dio da \u0107e op\u0161tinu voditi stopama svog prethodnika, sa ciljem o\u010duvanja stanovni\u0161tva, te razvoja privrede i posebno turizma.<\/p>\n<p>Do\u0161enovi\u0107 je izjavio da je op\u0161tinski bud\u017eet postavljen na zdrave noge nakon nekoliko te\u0161kih godina i velikih zadu\u017eenja, te da je u toku realizacija nekoliko projekata va\u017enih za ovu op\u0161tinu.<\/p>\n<p>\u201cProjekat prve faze vodovoda je pri samom kraju, nakon \u010dega \u0107e uslijediti nastavak. U toku je projekat rekonstrukcije i ogra\u0111ivanja dva op\u0161tinska groblja. Tako\u0111e, op\u0161tina je i u procesu osnivanja industrijske zone, a bli\u017ei se i zavr\u0161etak radova na novoj zgradi op\u0161tinske uprave\u201d, rekao je Do\u0161enovi\u0107.<\/p>\n<p>On se zahvalio predsjedniku Republike Srpske Miloradu Dodiku koji je na skora\u0161njem sastanku sa rukovodstvom op\u0161tine obe\u0107ao 300.000 KM za zavr\u0161etak izgradnje zgrade op\u0161tinske uprave i 200.000 KM za vanjsko ure\u0111enje, u sklopu kojeg \u0107e biti izgra\u0111en trg, koji \u0107e biti nazvan po nedavno preminulom na\u010delniku, Draganu Mastikosi.<\/p>\n<p>\u201cNastavi\u0107emo graditi politiku mira, stabilnosti i ja\u010danja lokalnih institucija u saradnji sa republi\u010dkim vlastima i koalicionim partnerima u na\u0161oj op\u0161tini. O\u0161tra Luka \u0107e nastaviti putem razvoja. Cilj nam je da zadr\u017eimo stanovni\u0161tvo i da razvijamo sve grane privrede, a posebno turizam\u201d, poru\u010dio je vr\u0161ilac du\u017enosti na\u010delnika O\u0161tre Luke Du\u0161ko Do\u0161enovi\u0107.<\/p>\n<p><a href=\"https:\/\/srpskainfo.com\/dosenovic-ostra-luka-ce-nastaviti-putem-razvoja\/\" rel=\"noopener\" target=\"_blank\">srpskainfo.com<\/a><\/p>\n","protected":false},"excerpt":{"rendered":"<p>Nakon velikog gubitka za op\u0161tinu O\u0161tra Luka i prerane smrti na\u010delnika Dragana Mastikose, du\u017enost na\u010delnika preuzeo je doskora\u0161nji zamjenik na\u010delnika, Du\u0161ko Do\u0161enovi\u0107, koji je poru\u010dio da \u0107e op\u0161tinu voditi stopama [&hellip;]<\/p>\n","protected":false},"author":1,"featured_media":0,"comment_status":"closed","ping_status":"open","sticky":false,"template":"","format":"standard","meta":{"_monsterinsights_skip_tracking":false,"_monsterinsights_sitenote_active":false,"_monsterinsights_sitenote_note":"","_monsterinsights_sitenote_category":0,"footnotes":""},"categories":[8],"tags":[],"yoast_head":"<!-- This site is optimized with the Yoast SEO plugin v21.6 - https:\/\/yoast.com\/wordpress\/plugins\/seo\/ -->\n<title>Do\u0161enovi\u0107: O\u0161tra Luka \u0107e nastaviti putem razvoja - PrijedorDanas.com - Prijedorski gradski portal<\/title>\n<meta name=\"robots\" content=\"index, follow, max-snippet:-1, max-image-preview:large, max-video-preview:-1\" \/>\n<link rel=\"canonical\" href=\"https:\/\/www.prijedordanas.com\/?p=222584\" \/>\n<meta property=\"og:locale\" content=\"en_US\" \/>\n<meta property=\"og:type\" content=\"article\" \/>\n<meta property=\"og:title\" content=\"Do\u0161enovi\u0107: O\u0161tra Luka \u0107e nastaviti putem razvoja - PrijedorDanas.com - Prijedorski gradski portal\" \/>\n<meta property=\"og:description\" content=\"Nakon velikog gubitka za op\u0161tinu O\u0161tra Luka i prerane smrti na\u010delnika Dragana Mastikose, du\u017enost na\u010delnika preuzeo je doskora\u0161nji zamjenik na\u010delnika, Du\u0161ko Do\u0161enovi\u0107, koji je poru\u010dio da \u0107e op\u0161tinu voditi stopama [&hellip;]\" \/>\n<meta property=\"og:url\" content=\"https:\/\/www.prijedordanas.com\/?p=222584\" \/>\n<meta property=\"og:site_name\" content=\"PrijedorDanas.com - Prijedorski gradski portal\" \/>\n<meta property=\"article:publisher\" content=\"https:\/\/www.facebook.com\/PrijedorDanasCom\/\" \/>\n<meta property=\"article:published_time\" content=\"2024-04-02T13:09:14+00:00\" \/>\n<meta property=\"og:image\" content=\"https:\/\/www.prijedordanas.com\/wp-content\/uploads\/2024\/04\/ostra-luka-dusko-dosenovic-300x225.jpg\" \/>\n<meta name=\"author\" content=\"admin\" \/>\n<meta name=\"twitter:card\" content=\"summary_large_image\" \/>\n<meta name=\"twitter:label1\" content=\"Written by\" \/>\n\t<meta name=\"twitter:data1\" content=\"admin\" \/>\n<script type=\"application\/ld+json\" class=\"yoast-schema-graph\">{\"@context\":\"https:\/\/schema.org\",\"@graph\":[{\"@type\":\"Article\",\"@id\":\"https:\/\/www.prijedordanas.com\/?p=222584#article\",\"isPartOf\":{\"@id\":\"https:\/\/www.prijedordanas.com\/?p=222584\"},\"author\":{\"name\":\"admin\",\"@id\":\"https:\/\/www.prijedordanas.com\/#\/schema\/person\/4e08ccf29b506ca916ff86d46bb700e6\"},\"headline\":\"Do\u0161enovi\u0107: O\u0161tra Luka \u0107e nastaviti putem razvoja\",\"datePublished\":\"2024-04-02T13:09:14+00:00\",\"dateModified\":\"2024-04-02T13:09:14+00:00\",\"mainEntityOfPage\":{\"@id\":\"https:\/\/www.prijedordanas.com\/?p=222584\"},\"wordCount\":276,\"publisher\":{\"@id\":\"https:\/\/www.prijedordanas.com\/#organization\"},\"articleSection\":[\"Svakodnevno\"],\"inLanguage\":\"en-US\"},{\"@type\":\"WebPage\",\"@id\":\"https:\/\/www.prijedordanas.com\/?p=222584\",\"url\":\"https:\/\/www.prijedordanas.com\/?p=222584\",\"name\":\"Do\u0161enovi\u0107: O\u0161tra Luka \u0107e nastaviti putem razvoja - PrijedorDanas.com - Prijedorski gradski portal\",\"isPartOf\":{\"@id\":\"https:\/\/www.prijedordanas.com\/#website\"},\"datePublished\":\"2024-04-02T13:09:14+00:00\",\"dateModified\":\"2024-04-02T13:09:14+00:00\",\"breadcrumb\":{\"@id\":\"https:\/\/www.prijedordanas.com\/?p=222584#breadcrumb\"},\"inLanguage\":\"en-US\",\"potentialAction\":[{\"@type\":\"ReadAction\",\"target\":[\"https:\/\/www.prijedordanas.com\/?p=222584\"]}]},{\"@type\":\"BreadcrumbList\",\"@id\":\"https:\/\/www.prijedordanas.com\/?p=222584#breadcrumb\",\"itemListElement\":[{\"@type\":\"ListItem\",\"position\":1,\"name\":\"Home\",\"item\":\"https:\/\/www.prijedordanas.com\/\"},{\"@type\":\"ListItem\",\"position\":2,\"name\":\"Do\u0161enovi\u0107: O\u0161tra Luka \u0107e nastaviti putem razvoja\"}]},{\"@type\":\"WebSite\",\"@id\":\"https:\/\/www.prijedordanas.com\/#website\",\"url\":\"https:\/\/www.prijedordanas.com\/\",\"name\":\"PrijedorDanas.com - Prijedorski gradski portal\",\"description\":\"Portal o doga\u0111anjima u gradu Prijedoru\",\"publisher\":{\"@id\":\"https:\/\/www.prijedordanas.com\/#organization\"},\"potentialAction\":[{\"@type\":\"SearchAction\",\"target\":{\"@type\":\"EntryPoint\",\"urlTemplate\":\"https:\/\/www.prijedordanas.com\/?s={search_term_string}\"},\"query-input\":\"required name=search_term_string\"}],\"inLanguage\":\"en-US\"},{\"@type\":\"Organization\",\"@id\":\"https:\/\/www.prijedordanas.com\/#organization\",\"name\":\"PrijedorDanas.com\",\"url\":\"https:\/\/www.prijedordanas.com\/\",\"logo\":{\"@type\":\"ImageObject\",\"inLanguage\":\"en-US\",\"@id\":\"https:\/\/www.prijedordanas.com\/#\/schema\/logo\/image\/\",\"url\":\"http:\/\/www.prijedordanas.com\/wp-content\/uploads\/2021\/12\/logopng.png\",\"contentUrl\":\"http:\/\/www.prijedordanas.com\/wp-content\/uploads\/2021\/12\/logopng.png\",\"width\":1019,\"height\":776,\"caption\":\"PrijedorDanas.com\"},\"image\":{\"@id\":\"https:\/\/www.prijedordanas.com\/#\/schema\/logo\/image\/\"},\"sameAs\":[\"https:\/\/www.facebook.com\/PrijedorDanasCom\/\"]},{\"@type\":\"Person\",\"@id\":\"https:\/\/www.prijedordanas.com\/#\/schema\/person\/4e08ccf29b506ca916ff86d46bb700e6\",\"name\":\"admin\",\"image\":{\"@type\":\"ImageObject\",\"inLanguage\":\"en-US\",\"@id\":\"https:\/\/www.prijedordanas.com\/#\/schema\/person\/image\/\",\"url\":\"https:\/\/secure.gravatar.com\/avatar\/1d3fc949d550f0b53a5f0d51e06dfd79?s=96&d=mm&r=g\",\"contentUrl\":\"https:\/\/secure.gravatar.com\/avatar\/1d3fc949d550f0b53a5f0d51e06dfd79?s=96&d=mm&r=g\",\"caption\":\"admin\"},\"url\":\"https:\/\/www.prijedordanas.com\/?author=1\"}]}<\/script>\n<!-- \/ Yoast SEO plugin. -->","yoast_head_json":{"title":"Do\u0161enovi\u0107: O\u0161tra Luka \u0107e nastaviti putem razvoja - PrijedorDanas.com - Prijedorski gradski portal","robots":{"index":"index","follow":"follow","max-snippet":"max-snippet:-1","max-image-preview":"max-image-preview:large","max-video-preview":"max-video-preview:-1"},"canonical":"https:\/\/www.prijedordanas.com\/?p=222584","og_locale":"en_US","og_type":"article","og_title":"Do\u0161enovi\u0107: O\u0161tra Luka \u0107e nastaviti putem razvoja - PrijedorDanas.com - Prijedorski gradski portal","og_description":"Nakon velikog gubitka za op\u0161tinu O\u0161tra Luka i prerane smrti na\u010delnika Dragana Mastikose, du\u017enost na\u010delnika preuzeo je doskora\u0161nji zamjenik na\u010delnika, Du\u0161ko Do\u0161enovi\u0107, koji je poru\u010dio da \u0107e op\u0161tinu voditi stopama [&hellip;]","og_url":"https:\/\/www.prijedordanas.com\/?p=222584","og_site_name":"PrijedorDanas.com - Prijedorski gradski portal","article_publisher":"https:\/\/www.facebook.com\/PrijedorDanasCom\/","article_published_time":"2024-04-02T13:09:14+00:00","og_image":[{"url":"https:\/\/www.prijedordanas.com\/wp-content\/uploads\/2024\/04\/ostra-luka-dusko-dosenovic-300x225.jpg"}],"author":"admin","twitter_card":"summary_large_image","twitter_misc":{"Written by":"admin"},"schema":{"@context":"https:\/\/schema.org","@graph":[{"@type":"Article","@id":"https:\/\/www.prijedordanas.com\/?p=222584#article","isPartOf":{"@id":"https:\/\/www.prijedordanas.com\/?p=222584"},"author":{"name":"admin","@id":"https:\/\/www.prijedordanas.com\/#\/schema\/person\/4e08ccf29b506ca916ff86d46bb700e6"},"headline":"Do\u0161enovi\u0107: O\u0161tra Luka \u0107e nastaviti putem razvoja","datePublished":"2024-04-02T13:09:14+00:00","dateModified":"2024-04-02T13:09:14+00:00","mainEntityOfPage":{"@id":"https:\/\/www.prijedordanas.com\/?p=222584"},"wordCount":276,"publisher":{"@id":"https:\/\/www.prijedordanas.com\/#organization"},"articleSection":["Svakodnevno"],"inLanguage":"en-US"},{"@type":"WebPage","@id":"https:\/\/www.prijedordanas.com\/?p=222584","url":"https:\/\/www.prijedordanas.com\/?p=222584","name":"Do\u0161enovi\u0107: O\u0161tra Luka \u0107e nastaviti putem razvoja - PrijedorDanas.com - Prijedorski gradski portal","isPartOf":{"@id":"https:\/\/www.prijedordanas.com\/#website"},"datePublished":"2024-04-02T13:09:14+00:00","dateModified":"2024-04-02T13:09:14+00:00","breadcrumb":{"@id":"https:\/\/www.prijedordanas.com\/?p=222584#breadcrumb"},"inLanguage":"en-US","potentialAction":[{"@type":"ReadAction","target":["https:\/\/www.prijedordanas.com\/?p=222584"]}]},{"@type":"BreadcrumbList","@id":"https:\/\/www.prijedordanas.com\/?p=222584#breadcrumb","itemListElement":[{"@type":"ListItem","position":1,"name":"Home","item":"https:\/\/www.prijedordanas.com\/"},{"@type":"ListItem","position":2,"name":"Do\u0161enovi\u0107: O\u0161tra Luka \u0107e nastaviti putem razvoja"}]},{"@type":"WebSite","@id":"https:\/\/www.prijedordanas.com\/#website","url":"https:\/\/www.prijedordanas.com\/","name":"PrijedorDanas.com - Prijedorski gradski portal","description":"Portal o doga\u0111anjima u gradu Prijedoru","publisher":{"@id":"https:\/\/www.prijedordanas.com\/#organization"},"potentialAction":[{"@type":"SearchAction","target":{"@type":"EntryPoint","urlTemplate":"https:\/\/www.prijedordanas.com\/?s={search_term_string}"},"query-input":"required name=search_term_string"}],"inLanguage":"en-US"},{"@type":"Organization","@id":"https:\/\/www.prijedordanas.com\/#organization","name":"PrijedorDanas.com","url":"https:\/\/www.prijedordanas.com\/","logo":{"@type":"ImageObject","inLanguage":"en-US","@id":"https:\/\/www.prijedordanas.com\/#\/schema\/logo\/image\/","url":"http:\/\/www.prijedordanas.com\/wp-content\/uploads\/2021\/12\/logopng.png","contentUrl":"http:\/\/www.prijedordanas.com\/wp-content\/uploads\/2021\/12\/logopng.png","width":1019,"height":776,"caption":"PrijedorDanas.com"},"image":{"@id":"https:\/\/www.prijedordanas.com\/#\/schema\/logo\/image\/"},"sameAs":["https:\/\/www.facebook.com\/PrijedorDanasCom\/"]},{"@type":"Person","@id":"https:\/\/www.prijedordanas.com\/#\/schema\/person\/4e08ccf29b506ca916ff86d46bb700e6","name":"admin","image":{"@type":"ImageObject","inLanguage":"en-US","@id":"https:\/\/www.prijedordanas.com\/#\/schema\/person\/image\/","url":"https:\/\/secure.gravatar.com\/avatar\/1d3fc949d550f0b53a5f0d51e06dfd79?s=96&d=mm&r=g","contentUrl":"https:\/\/secure.gravatar.com\/avatar\/1d3fc949d550f0b53a5f0d51e06dfd79?s=96&d=mm&r=g","caption":"admin"},"url":"https:\/\/www.prijedordanas.com\/?author=1"}]}},"_links":{"self":[{"href":"https:\/\/www.prijedordanas.com\/index.php?rest_route=\/wp\/v2\/posts\/222584"}],"collection":[{"href":"https:\/\/www.prijedordanas.com\/index.php?rest_route=\/wp\/v2\/posts"}],"about":[{"href":"https:\/\/www.prijedordanas.com\/index.php?rest_route=\/wp\/v2\/types\/post"}],"author":[{"embeddable":true,"href":"https:\/\/www.prijedordanas.com\/index.php?rest_route=\/wp\/v2\/users\/1"}],"replies":[{"embeddable":true,"href":"https:\/\/www.prijedordanas.com\/index.php?rest_route=%2Fwp%2Fv2%2Fcomments&post=222584"}],"version-history":[{"count":1,"href":"https:\/\/www.prijedordanas.com\/index.php?rest_route=\/wp\/v2\/posts\/222584\/revisions"}],"predecessor-version":[{"id":222586,"href":"https:\/\/www.prijedordanas.com\/index.php?rest_route=\/wp\/v2\/posts\/222584\/revisions\/222586"}],"wp:attachment":[{"href":"https:\/\/www.prijedordanas.com\/index.php?rest_route=%2Fwp%2Fv2%2Fmedia&parent=222584"}],"wp:term":[{"taxonomy":"category","embeddable":true,"href":"https:\/\/www.prijedordanas.com\/index.php?rest_route=%2Fwp%2Fv2%2Fcategories&post=222584"},{"taxonomy":"post_tag","embeddable":true,"href":"https:\/\/www.prijedordanas.com\/index.php?rest_route=%2Fwp%2Fv2%2Ftags&post=222584"}],"curies":[{"name":"wp","href":"https:\/\/api.w.org\/{rel}","templated":true}]}}