{"id":222570,"date":"2024-04-02T12:49:26","date_gmt":"2024-04-02T10:49:26","guid":{"rendered":"https:\/\/www.prijedordanas.com\/?p=222570"},"modified":"2024-04-02T12:49:26","modified_gmt":"2024-04-02T10:49:26","slug":"radionice-o-sajber-bezbjednosti-prva-3-aprila-u-prijedoru","status":"publish","type":"post","link":"https:\/\/www.prijedordanas.com\/?p=222570","title":{"rendered":"Radionice o sajber bezbjednosti: Prva 3. aprila u Prijedoru"},"content":{"rendered":"<p><a href=\"https:\/\/www.prijedordanas.com\/wp-content\/uploads\/2024\/04\/radionica-sajber-bezbjednost-prijedor-najava.jpg\"><img loading=\"lazy\" decoding=\"async\" class=\"alignleft size-medium wp-image-222571\" src=\"https:\/\/www.prijedordanas.com\/wp-content\/uploads\/2024\/04\/radionica-sajber-bezbjednost-prijedor-najava-300x252.jpg\" alt=\"\" width=\"300\" height=\"252\" srcset=\"https:\/\/www.prijedordanas.com\/wp-content\/uploads\/2024\/04\/radionica-sajber-bezbjednost-prijedor-najava-300x252.jpg 300w, https:\/\/www.prijedordanas.com\/wp-content\/uploads\/2024\/04\/radionica-sajber-bezbjednost-prijedor-najava.jpg 600w\" sizes=\"(max-width: 300px) 100vw, 300px\" \/><\/a>Supernova i Gransko udru\u017eenje za ICT Privredne komore Republike Srpske a uz stru\u010dnu saradnju sa MUP-om RS \u2013 Odjeljenjem za visokotehnolo\u0161ki kriminal i Elektrotehni\u010dkog fakulteta u Banjaluci organizuju niz stru\u010dnih radionica sa predstavnicima MSP-ova i lokalnih zajednica.<\/p>\n<p>Prva radionica pod nazivom \u201cSajber bezbjednost i inovativne mre\u017ene tehnologije u industriji \u2013 Izazovi i trendovi\u201d bi\u0107e odr\u017eana u Prijedoru, 3. aprila 2024. od 11 \u010dasova, na adresi Aleja Kozarskog odreda br. 9 (kancelarija Podru\u010dne Privredne Komore Banja Luka \u2013 Poslovni Centar Prijedor \u2013 CELPAK).<\/p>\n<p>-Pozivamo da se na radionicu prijave rukovodioci ili predstavnici malih i srednjih preduze\u0107a koji se suo\u010davaju sa dilemama u vezi sa informacionom i sajber bezbjedno\u0161\u0107u u poslovanju kao i bezbjedno\u0161\u0107u svojih sistema tokom procesa digitalizacije i digitalne transformacije u kompanijama, posebno u kontekstu uvo\u0111enja ERP sistema i primjene nove generacije mre\u017enih tehnologija- navodi se u pozivu organizatora.<\/p>\n<p>Ovo je jedinstvena stru\u010dna radionica sa stru\u010dnjacima i temama koje sublimiraju najnovije trendove, primjere iz prakse, stru\u010dnu pomo\u0107 i iskustva sa savjetima za postupanje u incidentnim situacijama.<\/p>\n<p>Svoje u\u010de\u0161\u0107e na radionici mo\u017eete prijaviti najkasnije do 03.04.2024. godine na <a href=\"https:\/\/edukacije.komorars.ba\/event\/radionica-cyber-bezbjednost-i-inovativne-mrezne-tehnologije-u-industriji-izazovi-i-trendovi\/\" target=\"_blank\" rel=\"noopener\">ovom linku<\/a><\/p>\n<p>Za vi\u0161e informacija mo\u017eete se obratiti na mejl: ict@komorars.ba ili na telefon broj 051\/493-136.<\/p>\n<p>U narednom periodu radionice \u0107e biti odr\u017eane i u Bijeljini, Doboju, Trebinju, Isto\u010dnom Sarajevu i Banjaluci.<\/p>\n<p>Glas Srpske<\/p>\n","protected":false},"excerpt":{"rendered":"<p>Supernova i Gransko udru\u017eenje za ICT Privredne komore Republike Srpske a uz stru\u010dnu saradnju sa MUP-om RS \u2013 Odjeljenjem za visokotehnolo\u0161ki kriminal i Elektrotehni\u010dkog fakulteta u Banjaluci organizuju niz stru\u010dnih [&hellip;]<\/p>\n","protected":false},"author":1,"featured_media":0,"comment_status":"closed","ping_status":"open","sticky":false,"template":"","format":"standard","meta":{"_monsterinsights_skip_tracking":false,"_monsterinsights_sitenote_active":false,"_monsterinsights_sitenote_note":"","_monsterinsights_sitenote_category":0,"footnotes":""},"categories":[8],"tags":[],"yoast_head":"<!-- This site is optimized with the Yoast SEO plugin v21.6 - https:\/\/yoast.com\/wordpress\/plugins\/seo\/ -->\n<title>Radionice o sajber bezbjednosti: Prva 3. aprila u Prijedoru - PrijedorDanas.com - Prijedorski gradski portal<\/title>\n<meta name=\"robots\" content=\"index, follow, max-snippet:-1, max-image-preview:large, max-video-preview:-1\" \/>\n<link rel=\"canonical\" href=\"https:\/\/www.prijedordanas.com\/?p=222570\" \/>\n<meta property=\"og:locale\" content=\"en_US\" \/>\n<meta property=\"og:type\" content=\"article\" \/>\n<meta property=\"og:title\" content=\"Radionice o sajber bezbjednosti: Prva 3. aprila u Prijedoru - PrijedorDanas.com - Prijedorski gradski portal\" \/>\n<meta property=\"og:description\" content=\"Supernova i Gransko udru\u017eenje za ICT Privredne komore Republike Srpske a uz stru\u010dnu saradnju sa MUP-om RS \u2013 Odjeljenjem za visokotehnolo\u0161ki kriminal i Elektrotehni\u010dkog fakulteta u Banjaluci organizuju niz stru\u010dnih [&hellip;]\" \/>\n<meta property=\"og:url\" content=\"https:\/\/www.prijedordanas.com\/?p=222570\" \/>\n<meta property=\"og:site_name\" content=\"PrijedorDanas.com - Prijedorski gradski portal\" \/>\n<meta property=\"article:publisher\" content=\"https:\/\/www.facebook.com\/PrijedorDanasCom\/\" \/>\n<meta property=\"article:published_time\" content=\"2024-04-02T10:49:26+00:00\" \/>\n<meta property=\"og:image\" content=\"https:\/\/www.prijedordanas.com\/wp-content\/uploads\/2024\/04\/radionica-sajber-bezbjednost-prijedor-najava-300x252.jpg\" \/>\n<meta name=\"author\" content=\"admin\" \/>\n<meta name=\"twitter:card\" content=\"summary_large_image\" \/>\n<meta name=\"twitter:label1\" content=\"Written by\" \/>\n\t<meta name=\"twitter:data1\" content=\"admin\" \/>\n\t<meta name=\"twitter:label2\" content=\"Est. reading time\" \/>\n\t<meta name=\"twitter:data2\" content=\"2 minutes\" \/>\n<script type=\"application\/ld+json\" class=\"yoast-schema-graph\">{\"@context\":\"https:\/\/schema.org\",\"@graph\":[{\"@type\":\"Article\",\"@id\":\"https:\/\/www.prijedordanas.com\/?p=222570#article\",\"isPartOf\":{\"@id\":\"https:\/\/www.prijedordanas.com\/?p=222570\"},\"author\":{\"name\":\"admin\",\"@id\":\"https:\/\/www.prijedordanas.com\/#\/schema\/person\/4e08ccf29b506ca916ff86d46bb700e6\"},\"headline\":\"Radionice o sajber bezbjednosti: Prva 3. aprila u Prijedoru\",\"datePublished\":\"2024-04-02T10:49:26+00:00\",\"dateModified\":\"2024-04-02T10:49:26+00:00\",\"mainEntityOfPage\":{\"@id\":\"https:\/\/www.prijedordanas.com\/?p=222570\"},\"wordCount\":237,\"publisher\":{\"@id\":\"https:\/\/www.prijedordanas.com\/#organization\"},\"articleSection\":[\"Svakodnevno\"],\"inLanguage\":\"en-US\"},{\"@type\":\"WebPage\",\"@id\":\"https:\/\/www.prijedordanas.com\/?p=222570\",\"url\":\"https:\/\/www.prijedordanas.com\/?p=222570\",\"name\":\"Radionice o sajber bezbjednosti: Prva 3. aprila u Prijedoru - PrijedorDanas.com - Prijedorski gradski portal\",\"isPartOf\":{\"@id\":\"https:\/\/www.prijedordanas.com\/#website\"},\"datePublished\":\"2024-04-02T10:49:26+00:00\",\"dateModified\":\"2024-04-02T10:49:26+00:00\",\"breadcrumb\":{\"@id\":\"https:\/\/www.prijedordanas.com\/?p=222570#breadcrumb\"},\"inLanguage\":\"en-US\",\"potentialAction\":[{\"@type\":\"ReadAction\",\"target\":[\"https:\/\/www.prijedordanas.com\/?p=222570\"]}]},{\"@type\":\"BreadcrumbList\",\"@id\":\"https:\/\/www.prijedordanas.com\/?p=222570#breadcrumb\",\"itemListElement\":[{\"@type\":\"ListItem\",\"position\":1,\"name\":\"Home\",\"item\":\"https:\/\/www.prijedordanas.com\/\"},{\"@type\":\"ListItem\",\"position\":2,\"name\":\"Radionice o sajber bezbjednosti: Prva 3. aprila u Prijedoru\"}]},{\"@type\":\"WebSite\",\"@id\":\"https:\/\/www.prijedordanas.com\/#website\",\"url\":\"https:\/\/www.prijedordanas.com\/\",\"name\":\"PrijedorDanas.com - Prijedorski gradski portal\",\"description\":\"Portal o doga\u0111anjima u gradu Prijedoru\",\"publisher\":{\"@id\":\"https:\/\/www.prijedordanas.com\/#organization\"},\"potentialAction\":[{\"@type\":\"SearchAction\",\"target\":{\"@type\":\"EntryPoint\",\"urlTemplate\":\"https:\/\/www.prijedordanas.com\/?s={search_term_string}\"},\"query-input\":\"required name=search_term_string\"}],\"inLanguage\":\"en-US\"},{\"@type\":\"Organization\",\"@id\":\"https:\/\/www.prijedordanas.com\/#organization\",\"name\":\"PrijedorDanas.com\",\"url\":\"https:\/\/www.prijedordanas.com\/\",\"logo\":{\"@type\":\"ImageObject\",\"inLanguage\":\"en-US\",\"@id\":\"https:\/\/www.prijedordanas.com\/#\/schema\/logo\/image\/\",\"url\":\"http:\/\/www.prijedordanas.com\/wp-content\/uploads\/2021\/12\/logopng.png\",\"contentUrl\":\"http:\/\/www.prijedordanas.com\/wp-content\/uploads\/2021\/12\/logopng.png\",\"width\":1019,\"height\":776,\"caption\":\"PrijedorDanas.com\"},\"image\":{\"@id\":\"https:\/\/www.prijedordanas.com\/#\/schema\/logo\/image\/\"},\"sameAs\":[\"https:\/\/www.facebook.com\/PrijedorDanasCom\/\"]},{\"@type\":\"Person\",\"@id\":\"https:\/\/www.prijedordanas.com\/#\/schema\/person\/4e08ccf29b506ca916ff86d46bb700e6\",\"name\":\"admin\",\"image\":{\"@type\":\"ImageObject\",\"inLanguage\":\"en-US\",\"@id\":\"https:\/\/www.prijedordanas.com\/#\/schema\/person\/image\/\",\"url\":\"https:\/\/secure.gravatar.com\/avatar\/1d3fc949d550f0b53a5f0d51e06dfd79?s=96&d=mm&r=g\",\"contentUrl\":\"https:\/\/secure.gravatar.com\/avatar\/1d3fc949d550f0b53a5f0d51e06dfd79?s=96&d=mm&r=g\",\"caption\":\"admin\"},\"url\":\"https:\/\/www.prijedordanas.com\/?author=1\"}]}<\/script>\n<!-- \/ Yoast SEO plugin. -->","yoast_head_json":{"title":"Radionice o sajber bezbjednosti: Prva 3. aprila u Prijedoru - PrijedorDanas.com - Prijedorski gradski portal","robots":{"index":"index","follow":"follow","max-snippet":"max-snippet:-1","max-image-preview":"max-image-preview:large","max-video-preview":"max-video-preview:-1"},"canonical":"https:\/\/www.prijedordanas.com\/?p=222570","og_locale":"en_US","og_type":"article","og_title":"Radionice o sajber bezbjednosti: Prva 3. aprila u Prijedoru - PrijedorDanas.com - Prijedorski gradski portal","og_description":"Supernova i Gransko udru\u017eenje za ICT Privredne komore Republike Srpske a uz stru\u010dnu saradnju sa MUP-om RS \u2013 Odjeljenjem za visokotehnolo\u0161ki kriminal i Elektrotehni\u010dkog fakulteta u Banjaluci organizuju niz stru\u010dnih [&hellip;]","og_url":"https:\/\/www.prijedordanas.com\/?p=222570","og_site_name":"PrijedorDanas.com - Prijedorski gradski portal","article_publisher":"https:\/\/www.facebook.com\/PrijedorDanasCom\/","article_published_time":"2024-04-02T10:49:26+00:00","og_image":[{"url":"https:\/\/www.prijedordanas.com\/wp-content\/uploads\/2024\/04\/radionica-sajber-bezbjednost-prijedor-najava-300x252.jpg"}],"author":"admin","twitter_card":"summary_large_image","twitter_misc":{"Written by":"admin","Est. reading time":"2 minutes"},"schema":{"@context":"https:\/\/schema.org","@graph":[{"@type":"Article","@id":"https:\/\/www.prijedordanas.com\/?p=222570#article","isPartOf":{"@id":"https:\/\/www.prijedordanas.com\/?p=222570"},"author":{"name":"admin","@id":"https:\/\/www.prijedordanas.com\/#\/schema\/person\/4e08ccf29b506ca916ff86d46bb700e6"},"headline":"Radionice o sajber bezbjednosti: Prva 3. aprila u Prijedoru","datePublished":"2024-04-02T10:49:26+00:00","dateModified":"2024-04-02T10:49:26+00:00","mainEntityOfPage":{"@id":"https:\/\/www.prijedordanas.com\/?p=222570"},"wordCount":237,"publisher":{"@id":"https:\/\/www.prijedordanas.com\/#organization"},"articleSection":["Svakodnevno"],"inLanguage":"en-US"},{"@type":"WebPage","@id":"https:\/\/www.prijedordanas.com\/?p=222570","url":"https:\/\/www.prijedordanas.com\/?p=222570","name":"Radionice o sajber bezbjednosti: Prva 3. aprila u Prijedoru - PrijedorDanas.com - Prijedorski gradski portal","isPartOf":{"@id":"https:\/\/www.prijedordanas.com\/#website"},"datePublished":"2024-04-02T10:49:26+00:00","dateModified":"2024-04-02T10:49:26+00:00","breadcrumb":{"@id":"https:\/\/www.prijedordanas.com\/?p=222570#breadcrumb"},"inLanguage":"en-US","potentialAction":[{"@type":"ReadAction","target":["https:\/\/www.prijedordanas.com\/?p=222570"]}]},{"@type":"BreadcrumbList","@id":"https:\/\/www.prijedordanas.com\/?p=222570#breadcrumb","itemListElement":[{"@type":"ListItem","position":1,"name":"Home","item":"https:\/\/www.prijedordanas.com\/"},{"@type":"ListItem","position":2,"name":"Radionice o sajber bezbjednosti: Prva 3. aprila u Prijedoru"}]},{"@type":"WebSite","@id":"https:\/\/www.prijedordanas.com\/#website","url":"https:\/\/www.prijedordanas.com\/","name":"PrijedorDanas.com - Prijedorski gradski portal","description":"Portal o doga\u0111anjima u gradu Prijedoru","publisher":{"@id":"https:\/\/www.prijedordanas.com\/#organization"},"potentialAction":[{"@type":"SearchAction","target":{"@type":"EntryPoint","urlTemplate":"https:\/\/www.prijedordanas.com\/?s={search_term_string}"},"query-input":"required name=search_term_string"}],"inLanguage":"en-US"},{"@type":"Organization","@id":"https:\/\/www.prijedordanas.com\/#organization","name":"PrijedorDanas.com","url":"https:\/\/www.prijedordanas.com\/","logo":{"@type":"ImageObject","inLanguage":"en-US","@id":"https:\/\/www.prijedordanas.com\/#\/schema\/logo\/image\/","url":"http:\/\/www.prijedordanas.com\/wp-content\/uploads\/2021\/12\/logopng.png","contentUrl":"http:\/\/www.prijedordanas.com\/wp-content\/uploads\/2021\/12\/logopng.png","width":1019,"height":776,"caption":"PrijedorDanas.com"},"image":{"@id":"https:\/\/www.prijedordanas.com\/#\/schema\/logo\/image\/"},"sameAs":["https:\/\/www.facebook.com\/PrijedorDanasCom\/"]},{"@type":"Person","@id":"https:\/\/www.prijedordanas.com\/#\/schema\/person\/4e08ccf29b506ca916ff86d46bb700e6","name":"admin","image":{"@type":"ImageObject","inLanguage":"en-US","@id":"https:\/\/www.prijedordanas.com\/#\/schema\/person\/image\/","url":"https:\/\/secure.gravatar.com\/avatar\/1d3fc949d550f0b53a5f0d51e06dfd79?s=96&d=mm&r=g","contentUrl":"https:\/\/secure.gravatar.com\/avatar\/1d3fc949d550f0b53a5f0d51e06dfd79?s=96&d=mm&r=g","caption":"admin"},"url":"https:\/\/www.prijedordanas.com\/?author=1"}]}},"_links":{"self":[{"href":"https:\/\/www.prijedordanas.com\/index.php?rest_route=\/wp\/v2\/posts\/222570"}],"collection":[{"href":"https:\/\/www.prijedordanas.com\/index.php?rest_route=\/wp\/v2\/posts"}],"about":[{"href":"https:\/\/www.prijedordanas.com\/index.php?rest_route=\/wp\/v2\/types\/post"}],"author":[{"embeddable":true,"href":"https:\/\/www.prijedordanas.com\/index.php?rest_route=\/wp\/v2\/users\/1"}],"replies":[{"embeddable":true,"href":"https:\/\/www.prijedordanas.com\/index.php?rest_route=%2Fwp%2Fv2%2Fcomments&post=222570"}],"version-history":[{"count":1,"href":"https:\/\/www.prijedordanas.com\/index.php?rest_route=\/wp\/v2\/posts\/222570\/revisions"}],"predecessor-version":[{"id":222572,"href":"https:\/\/www.prijedordanas.com\/index.php?rest_route=\/wp\/v2\/posts\/222570\/revisions\/222572"}],"wp:attachment":[{"href":"https:\/\/www.prijedordanas.com\/index.php?rest_route=%2Fwp%2Fv2%2Fmedia&parent=222570"}],"wp:term":[{"taxonomy":"category","embeddable":true,"href":"https:\/\/www.prijedordanas.com\/index.php?rest_route=%2Fwp%2Fv2%2Fcategories&post=222570"},{"taxonomy":"post_tag","embeddable":true,"href":"https:\/\/www.prijedordanas.com\/index.php?rest_route=%2Fwp%2Fv2%2Ftags&post=222570"}],"curies":[{"name":"wp","href":"https:\/\/api.w.org\/{rel}","templated":true}]}}