{"id":222515,"date":"2024-04-01T22:18:47","date_gmt":"2024-04-01T20:18:47","guid":{"rendered":"https:\/\/www.prijedordanas.com\/?p=222515"},"modified":"2024-04-01T22:18:47","modified_gmt":"2024-04-01T20:18:47","slug":"sjecanje-na-narodnog-heroja-doktora-mladena-stojanovica-foto-video","status":"publish","type":"post","link":"https:\/\/www.prijedordanas.com\/?p=222515","title":{"rendered":"Sje\u0107anje na narodnog heroja doktora Mladena Stojanovi\u0107a &#8211; FOTO\/VIDEO"},"content":{"rendered":"<p><a href=\"https:\/\/www.prijedordanas.com\/wp-content\/uploads\/2024\/04\/kozarski-godisnjica-dr-mladen-stojanovic.jpg\"><img loading=\"lazy\" decoding=\"async\" class=\"alignleft size-medium wp-image-222542\" src=\"https:\/\/www.prijedordanas.com\/wp-content\/uploads\/2024\/04\/kozarski-godisnjica-dr-mladen-stojanovic-300x225.jpg\" alt=\"\" width=\"300\" height=\"225\" srcset=\"https:\/\/www.prijedordanas.com\/wp-content\/uploads\/2024\/04\/kozarski-godisnjica-dr-mladen-stojanovic-300x225.jpg 300w, https:\/\/www.prijedordanas.com\/wp-content\/uploads\/2024\/04\/kozarski-godisnjica-dr-mladen-stojanovic-640x480.jpg 640w, https:\/\/www.prijedordanas.com\/wp-content\/uploads\/2024\/04\/kozarski-godisnjica-dr-mladen-stojanovic.jpg 667w\" sizes=\"(max-width: 300px) 100vw, 300px\" \/><\/a>U Prijedoru je danas prigodnim programom obilje\u017eeno 128 godina od ro\u0111enja i 82 godine od smrti narodnog heroja doktora Mladena Stojanovi\u0107a.<\/p>\n<p>Predsjednik Gradskog odbora SUBNOR-a Prijedor Veljko Rodi\u0107 rekao je da je spomenik Mladenu Stojanovi\u0107u pred zgradom Gradske uprave podignut 1952. godine i da od tada na tom mjestu traje okupljanje radi sje\u0107anja na veli\u010dinu i lik doktora Mladana Sajanovi\u0107a.<\/p>\n<p>&#8220;To je zato \u0161to je taj narod sa ovog kraja posebno cijenio i volio doktora Mladana i sa posebnim pijetetom imao pa\u017enju prema njemu. Sada\u0161nje generacije i one \u0161to \u0107e dolaziti poslije nas, ovdje \u0107e se okupljati i napajati jednim duhom heroizma, humanosti, ljudskosti i veli\u010dine jednog \u010dovjeka kakav je bio doktor Mladan&#8221;, rekao je Rodi\u0107.<\/p>\n<p><a href=\"https:\/\/www.prijedordanas.com\/wp-content\/uploads\/2024\/04\/prijedorgradorg-godisnjica-dr-mladen-stojanovic-1.jpg\"><img loading=\"lazy\" decoding=\"async\" src=\"https:\/\/www.prijedordanas.com\/wp-content\/uploads\/2024\/04\/prijedorgradorg-godisnjica-dr-mladen-stojanovic-1-300x225.jpg\" alt=\"\" width=\"300\" height=\"225\" class=\"alignleft size-medium wp-image-222543\" srcset=\"https:\/\/www.prijedordanas.com\/wp-content\/uploads\/2024\/04\/prijedorgradorg-godisnjica-dr-mladen-stojanovic-1-300x225.jpg 300w, https:\/\/www.prijedordanas.com\/wp-content\/uploads\/2024\/04\/prijedorgradorg-godisnjica-dr-mladen-stojanovic-1-640x480.jpg 640w, https:\/\/www.prijedordanas.com\/wp-content\/uploads\/2024\/04\/prijedorgradorg-godisnjica-dr-mladen-stojanovic-1.jpg 667w\" sizes=\"(max-width: 300px) 100vw, 300px\" \/><\/a>Gradona\u010delnik Prijedora Slobodan Javor rekao je da je jako va\u017eno da djeca \u0161kolskog uzrasta imaju ta\u010dnu informaciju i da znaju \u0161ta se de\u0161avalo, ko je bio narodni heroj i \u0161ta je on zapravo uradio.<\/p>\n<p>&#8220;Pored toga \u0161to je bio Prijedor\u010danin, iskreni patriota bio je borac za slobodu i pravu i veliku humanista. Koliko je on bio zna\u010dajan za grad Prijedor, govori podatak \u0161to mnoge ustanove, \u0161kole, sportski klubovi, kulturno-umjetni\u010dka dru\u0161tva nose ime doktora Mladena Stojanovi\u0107a. Ono \u0161to je radio za na\u0161 grad pokazuje njegovu odlu\u010dnost, prije svega njegovu hrabrost u Drugom svjetskom ratu kada se borio prvenstveno za svoj narod i za slobodu kada je okupator napravio te, na\u017ealost, te\u0161ke korake za istoriju potkozarskog naroda&#8221;, naveo je Javor.<\/p>\n<p>Vijence i cvije\u0107e na spomenik Mladenu Stojanvi\u0107u polo\u017eilo je vi\u0161e delegacija.<\/p>\n<p><a href=\"https:\/\/www.prijedorgrad.org\/sr-EU\/vijesti-sadrzaj.html?vid=19743\" target=\"_blank\" rel=\"noopener\">prijedorgrad.org<\/a><\/p>\n<p><a href=\"https:\/\/www.prijedordanas.com\/wp-content\/uploads\/2024\/04\/prijedorgradorg-godisnjica-dr-mladen-stojanovic-2.jpg\"><img loading=\"lazy\" decoding=\"async\" src=\"https:\/\/www.prijedordanas.com\/wp-content\/uploads\/2024\/04\/prijedorgradorg-godisnjica-dr-mladen-stojanovic-2-300x200.jpg\" alt=\"\" width=\"300\" height=\"200\" class=\"alignleft size-medium wp-image-222544\" srcset=\"https:\/\/www.prijedordanas.com\/wp-content\/uploads\/2024\/04\/prijedorgradorg-godisnjica-dr-mladen-stojanovic-2-300x200.jpg 300w, https:\/\/www.prijedordanas.com\/wp-content\/uploads\/2024\/04\/prijedorgradorg-godisnjica-dr-mladen-stojanovic-2-480x320.jpg 480w, https:\/\/www.prijedordanas.com\/wp-content\/uploads\/2024\/04\/prijedorgradorg-godisnjica-dr-mladen-stojanovic-2.jpg 600w\" sizes=\"(max-width: 300px) 100vw, 300px\" \/><\/a> <a href=\"https:\/\/www.prijedordanas.com\/wp-content\/uploads\/2024\/04\/prijedorgradorg-godisnjica-dr-mladen-stojanovic-3.jpg\"><img loading=\"lazy\" decoding=\"async\" src=\"https:\/\/www.prijedordanas.com\/wp-content\/uploads\/2024\/04\/prijedorgradorg-godisnjica-dr-mladen-stojanovic-3-300x200.jpg\" alt=\"\" width=\"300\" height=\"200\" class=\"alignleft size-medium wp-image-222545\" srcset=\"https:\/\/www.prijedordanas.com\/wp-content\/uploads\/2024\/04\/prijedorgradorg-godisnjica-dr-mladen-stojanovic-3-300x200.jpg 300w, https:\/\/www.prijedordanas.com\/wp-content\/uploads\/2024\/04\/prijedorgradorg-godisnjica-dr-mladen-stojanovic-3-480x320.jpg 480w, https:\/\/www.prijedordanas.com\/wp-content\/uploads\/2024\/04\/prijedorgradorg-godisnjica-dr-mladen-stojanovic-3.jpg 600w\" sizes=\"(max-width: 300px) 100vw, 300px\" \/><\/a> <a href=\"https:\/\/www.prijedordanas.com\/wp-content\/uploads\/2024\/04\/prijedorgradorg-godisnjica-dr-mladen-stojanovic-4.jpg\"><img loading=\"lazy\" decoding=\"async\" src=\"https:\/\/www.prijedordanas.com\/wp-content\/uploads\/2024\/04\/prijedorgradorg-godisnjica-dr-mladen-stojanovic-4-300x200.jpg\" alt=\"\" width=\"300\" height=\"200\" class=\"alignleft size-medium wp-image-222546\" srcset=\"https:\/\/www.prijedordanas.com\/wp-content\/uploads\/2024\/04\/prijedorgradorg-godisnjica-dr-mladen-stojanovic-4-300x200.jpg 300w, https:\/\/www.prijedordanas.com\/wp-content\/uploads\/2024\/04\/prijedorgradorg-godisnjica-dr-mladen-stojanovic-4-480x320.jpg 480w, https:\/\/www.prijedordanas.com\/wp-content\/uploads\/2024\/04\/prijedorgradorg-godisnjica-dr-mladen-stojanovic-4.jpg 600w\" sizes=\"(max-width: 300px) 100vw, 300px\" \/><\/a> <a href=\"https:\/\/www.prijedordanas.com\/wp-content\/uploads\/2024\/04\/prijedorgradorg-godisnjica-dr-mladen-stojanovic-5.jpg\"><img loading=\"lazy\" decoding=\"async\" src=\"https:\/\/www.prijedordanas.com\/wp-content\/uploads\/2024\/04\/prijedorgradorg-godisnjica-dr-mladen-stojanovic-5-300x200.jpg\" alt=\"\" width=\"300\" height=\"200\" class=\"alignleft size-medium wp-image-222547\" srcset=\"https:\/\/www.prijedordanas.com\/wp-content\/uploads\/2024\/04\/prijedorgradorg-godisnjica-dr-mladen-stojanovic-5-300x200.jpg 300w, https:\/\/www.prijedordanas.com\/wp-content\/uploads\/2024\/04\/prijedorgradorg-godisnjica-dr-mladen-stojanovic-5-480x320.jpg 480w, https:\/\/www.prijedordanas.com\/wp-content\/uploads\/2024\/04\/prijedorgradorg-godisnjica-dr-mladen-stojanovic-5.jpg 600w\" sizes=\"(max-width: 300px) 100vw, 300px\" \/><\/a> <a href=\"https:\/\/www.prijedordanas.com\/wp-content\/uploads\/2024\/04\/prijedorgradorg-godisnjica-dr-mladen-stojanovic-6.jpg\"><img loading=\"lazy\" decoding=\"async\" src=\"https:\/\/www.prijedordanas.com\/wp-content\/uploads\/2024\/04\/prijedorgradorg-godisnjica-dr-mladen-stojanovic-6-300x200.jpg\" alt=\"\" width=\"300\" height=\"200\" class=\"alignleft size-medium wp-image-222548\" srcset=\"https:\/\/www.prijedordanas.com\/wp-content\/uploads\/2024\/04\/prijedorgradorg-godisnjica-dr-mladen-stojanovic-6-300x200.jpg 300w, https:\/\/www.prijedordanas.com\/wp-content\/uploads\/2024\/04\/prijedorgradorg-godisnjica-dr-mladen-stojanovic-6-480x320.jpg 480w, https:\/\/www.prijedordanas.com\/wp-content\/uploads\/2024\/04\/prijedorgradorg-godisnjica-dr-mladen-stojanovic-6.jpg 600w\" sizes=\"(max-width: 300px) 100vw, 300px\" \/><\/a><\/p>\n<p><iframe loading=\"lazy\" title=\"OBILJE\u017dENE GODI\u0160NJICE RO\u0110ENJA I SMRTI DOKTORA MLADENA\" width=\"500\" height=\"281\" src=\"https:\/\/www.youtube.com\/embed\/_3iaE1CVl44?feature=oembed\" frameborder=\"0\" allow=\"accelerometer; autoplay; clipboard-write; encrypted-media; gyroscope; picture-in-picture; web-share\" referrerpolicy=\"strict-origin-when-cross-origin\" allowfullscreen><\/iframe><\/p>\n","protected":false},"excerpt":{"rendered":"<p>U Prijedoru je danas prigodnim programom obilje\u017eeno 128 godina od ro\u0111enja i 82 godine od smrti narodnog heroja doktora Mladena Stojanovi\u0107a. Predsjednik Gradskog odbora SUBNOR-a Prijedor Veljko Rodi\u0107 rekao je [&hellip;]<\/p>\n","protected":false},"author":1,"featured_media":0,"comment_status":"closed","ping_status":"open","sticky":false,"template":"","format":"standard","meta":{"_monsterinsights_skip_tracking":false,"_monsterinsights_sitenote_active":false,"_monsterinsights_sitenote_note":"","_monsterinsights_sitenote_category":0,"footnotes":""},"categories":[4],"tags":[],"yoast_head":"<!-- This site is optimized with the Yoast SEO plugin v21.6 - https:\/\/yoast.com\/wordpress\/plugins\/seo\/ -->\n<title>Sje\u0107anje na narodnog heroja doktora Mladena Stojanovi\u0107a - FOTO\/VIDEO - PrijedorDanas.com - Prijedorski gradski portal<\/title>\n<meta name=\"robots\" content=\"index, follow, max-snippet:-1, max-image-preview:large, max-video-preview:-1\" \/>\n<link rel=\"canonical\" href=\"https:\/\/www.prijedordanas.com\/?p=222515\" \/>\n<meta property=\"og:locale\" content=\"en_US\" \/>\n<meta property=\"og:type\" content=\"article\" \/>\n<meta property=\"og:title\" content=\"Sje\u0107anje na narodnog heroja doktora Mladena Stojanovi\u0107a - FOTO\/VIDEO - PrijedorDanas.com - Prijedorski gradski portal\" \/>\n<meta property=\"og:description\" content=\"U Prijedoru je danas prigodnim programom obilje\u017eeno 128 godina od ro\u0111enja i 82 godine od smrti narodnog heroja doktora Mladena Stojanovi\u0107a. Predsjednik Gradskog odbora SUBNOR-a Prijedor Veljko Rodi\u0107 rekao je [&hellip;]\" \/>\n<meta property=\"og:url\" content=\"https:\/\/www.prijedordanas.com\/?p=222515\" \/>\n<meta property=\"og:site_name\" content=\"PrijedorDanas.com - Prijedorski gradski portal\" \/>\n<meta property=\"article:publisher\" content=\"https:\/\/www.facebook.com\/PrijedorDanasCom\/\" \/>\n<meta property=\"article:published_time\" content=\"2024-04-01T20:18:47+00:00\" \/>\n<meta property=\"og:image\" content=\"https:\/\/www.prijedordanas.com\/wp-content\/uploads\/2024\/04\/kozarski-godisnjica-dr-mladen-stojanovic-300x225.jpg\" \/>\n<meta name=\"author\" content=\"admin\" \/>\n<meta name=\"twitter:card\" content=\"summary_large_image\" \/>\n<meta name=\"twitter:label1\" content=\"Written by\" \/>\n\t<meta name=\"twitter:data1\" content=\"admin\" \/>\n\t<meta name=\"twitter:label2\" content=\"Est. reading time\" \/>\n\t<meta name=\"twitter:data2\" content=\"2 minutes\" \/>\n<script type=\"application\/ld+json\" class=\"yoast-schema-graph\">{\"@context\":\"https:\/\/schema.org\",\"@graph\":[{\"@type\":\"Article\",\"@id\":\"https:\/\/www.prijedordanas.com\/?p=222515#article\",\"isPartOf\":{\"@id\":\"https:\/\/www.prijedordanas.com\/?p=222515\"},\"author\":{\"name\":\"admin\",\"@id\":\"https:\/\/www.prijedordanas.com\/#\/schema\/person\/4e08ccf29b506ca916ff86d46bb700e6\"},\"headline\":\"Sje\u0107anje na narodnog heroja doktora Mladena Stojanovi\u0107a &#8211; FOTO\/VIDEO\",\"datePublished\":\"2024-04-01T20:18:47+00:00\",\"dateModified\":\"2024-04-01T20:18:47+00:00\",\"mainEntityOfPage\":{\"@id\":\"https:\/\/www.prijedordanas.com\/?p=222515\"},\"wordCount\":292,\"publisher\":{\"@id\":\"https:\/\/www.prijedordanas.com\/#organization\"},\"articleSection\":[\"Dru\u0161tvo\"],\"inLanguage\":\"en-US\"},{\"@type\":\"WebPage\",\"@id\":\"https:\/\/www.prijedordanas.com\/?p=222515\",\"url\":\"https:\/\/www.prijedordanas.com\/?p=222515\",\"name\":\"Sje\u0107anje na narodnog heroja doktora Mladena Stojanovi\u0107a - FOTO\/VIDEO - PrijedorDanas.com - Prijedorski gradski portal\",\"isPartOf\":{\"@id\":\"https:\/\/www.prijedordanas.com\/#website\"},\"datePublished\":\"2024-04-01T20:18:47+00:00\",\"dateModified\":\"2024-04-01T20:18:47+00:00\",\"breadcrumb\":{\"@id\":\"https:\/\/www.prijedordanas.com\/?p=222515#breadcrumb\"},\"inLanguage\":\"en-US\",\"potentialAction\":[{\"@type\":\"ReadAction\",\"target\":[\"https:\/\/www.prijedordanas.com\/?p=222515\"]}]},{\"@type\":\"BreadcrumbList\",\"@id\":\"https:\/\/www.prijedordanas.com\/?p=222515#breadcrumb\",\"itemListElement\":[{\"@type\":\"ListItem\",\"position\":1,\"name\":\"Home\",\"item\":\"https:\/\/www.prijedordanas.com\/\"},{\"@type\":\"ListItem\",\"position\":2,\"name\":\"Sje\u0107anje na narodnog heroja doktora Mladena Stojanovi\u0107a &#8211; FOTO\/VIDEO\"}]},{\"@type\":\"WebSite\",\"@id\":\"https:\/\/www.prijedordanas.com\/#website\",\"url\":\"https:\/\/www.prijedordanas.com\/\",\"name\":\"PrijedorDanas.com - Prijedorski gradski portal\",\"description\":\"Portal o doga\u0111anjima u gradu Prijedoru\",\"publisher\":{\"@id\":\"https:\/\/www.prijedordanas.com\/#organization\"},\"potentialAction\":[{\"@type\":\"SearchAction\",\"target\":{\"@type\":\"EntryPoint\",\"urlTemplate\":\"https:\/\/www.prijedordanas.com\/?s={search_term_string}\"},\"query-input\":\"required name=search_term_string\"}],\"inLanguage\":\"en-US\"},{\"@type\":\"Organization\",\"@id\":\"https:\/\/www.prijedordanas.com\/#organization\",\"name\":\"PrijedorDanas.com\",\"url\":\"https:\/\/www.prijedordanas.com\/\",\"logo\":{\"@type\":\"ImageObject\",\"inLanguage\":\"en-US\",\"@id\":\"https:\/\/www.prijedordanas.com\/#\/schema\/logo\/image\/\",\"url\":\"http:\/\/www.prijedordanas.com\/wp-content\/uploads\/2021\/12\/logopng.png\",\"contentUrl\":\"http:\/\/www.prijedordanas.com\/wp-content\/uploads\/2021\/12\/logopng.png\",\"width\":1019,\"height\":776,\"caption\":\"PrijedorDanas.com\"},\"image\":{\"@id\":\"https:\/\/www.prijedordanas.com\/#\/schema\/logo\/image\/\"},\"sameAs\":[\"https:\/\/www.facebook.com\/PrijedorDanasCom\/\"]},{\"@type\":\"Person\",\"@id\":\"https:\/\/www.prijedordanas.com\/#\/schema\/person\/4e08ccf29b506ca916ff86d46bb700e6\",\"name\":\"admin\",\"image\":{\"@type\":\"ImageObject\",\"inLanguage\":\"en-US\",\"@id\":\"https:\/\/www.prijedordanas.com\/#\/schema\/person\/image\/\",\"url\":\"https:\/\/secure.gravatar.com\/avatar\/1d3fc949d550f0b53a5f0d51e06dfd79?s=96&d=mm&r=g\",\"contentUrl\":\"https:\/\/secure.gravatar.com\/avatar\/1d3fc949d550f0b53a5f0d51e06dfd79?s=96&d=mm&r=g\",\"caption\":\"admin\"},\"url\":\"https:\/\/www.prijedordanas.com\/?author=1\"}]}<\/script>\n<!-- \/ Yoast SEO plugin. -->","yoast_head_json":{"title":"Sje\u0107anje na narodnog heroja doktora Mladena Stojanovi\u0107a - FOTO\/VIDEO - PrijedorDanas.com - Prijedorski gradski portal","robots":{"index":"index","follow":"follow","max-snippet":"max-snippet:-1","max-image-preview":"max-image-preview:large","max-video-preview":"max-video-preview:-1"},"canonical":"https:\/\/www.prijedordanas.com\/?p=222515","og_locale":"en_US","og_type":"article","og_title":"Sje\u0107anje na narodnog heroja doktora Mladena Stojanovi\u0107a - FOTO\/VIDEO - PrijedorDanas.com - Prijedorski gradski portal","og_description":"U Prijedoru je danas prigodnim programom obilje\u017eeno 128 godina od ro\u0111enja i 82 godine od smrti narodnog heroja doktora Mladena Stojanovi\u0107a. Predsjednik Gradskog odbora SUBNOR-a Prijedor Veljko Rodi\u0107 rekao je [&hellip;]","og_url":"https:\/\/www.prijedordanas.com\/?p=222515","og_site_name":"PrijedorDanas.com - Prijedorski gradski portal","article_publisher":"https:\/\/www.facebook.com\/PrijedorDanasCom\/","article_published_time":"2024-04-01T20:18:47+00:00","og_image":[{"url":"https:\/\/www.prijedordanas.com\/wp-content\/uploads\/2024\/04\/kozarski-godisnjica-dr-mladen-stojanovic-300x225.jpg"}],"author":"admin","twitter_card":"summary_large_image","twitter_misc":{"Written by":"admin","Est. reading time":"2 minutes"},"schema":{"@context":"https:\/\/schema.org","@graph":[{"@type":"Article","@id":"https:\/\/www.prijedordanas.com\/?p=222515#article","isPartOf":{"@id":"https:\/\/www.prijedordanas.com\/?p=222515"},"author":{"name":"admin","@id":"https:\/\/www.prijedordanas.com\/#\/schema\/person\/4e08ccf29b506ca916ff86d46bb700e6"},"headline":"Sje\u0107anje na narodnog heroja doktora Mladena Stojanovi\u0107a &#8211; FOTO\/VIDEO","datePublished":"2024-04-01T20:18:47+00:00","dateModified":"2024-04-01T20:18:47+00:00","mainEntityOfPage":{"@id":"https:\/\/www.prijedordanas.com\/?p=222515"},"wordCount":292,"publisher":{"@id":"https:\/\/www.prijedordanas.com\/#organization"},"articleSection":["Dru\u0161tvo"],"inLanguage":"en-US"},{"@type":"WebPage","@id":"https:\/\/www.prijedordanas.com\/?p=222515","url":"https:\/\/www.prijedordanas.com\/?p=222515","name":"Sje\u0107anje na narodnog heroja doktora Mladena Stojanovi\u0107a - FOTO\/VIDEO - PrijedorDanas.com - Prijedorski gradski portal","isPartOf":{"@id":"https:\/\/www.prijedordanas.com\/#website"},"datePublished":"2024-04-01T20:18:47+00:00","dateModified":"2024-04-01T20:18:47+00:00","breadcrumb":{"@id":"https:\/\/www.prijedordanas.com\/?p=222515#breadcrumb"},"inLanguage":"en-US","potentialAction":[{"@type":"ReadAction","target":["https:\/\/www.prijedordanas.com\/?p=222515"]}]},{"@type":"BreadcrumbList","@id":"https:\/\/www.prijedordanas.com\/?p=222515#breadcrumb","itemListElement":[{"@type":"ListItem","position":1,"name":"Home","item":"https:\/\/www.prijedordanas.com\/"},{"@type":"ListItem","position":2,"name":"Sje\u0107anje na narodnog heroja doktora Mladena Stojanovi\u0107a &#8211; FOTO\/VIDEO"}]},{"@type":"WebSite","@id":"https:\/\/www.prijedordanas.com\/#website","url":"https:\/\/www.prijedordanas.com\/","name":"PrijedorDanas.com - Prijedorski gradski portal","description":"Portal o doga\u0111anjima u gradu Prijedoru","publisher":{"@id":"https:\/\/www.prijedordanas.com\/#organization"},"potentialAction":[{"@type":"SearchAction","target":{"@type":"EntryPoint","urlTemplate":"https:\/\/www.prijedordanas.com\/?s={search_term_string}"},"query-input":"required name=search_term_string"}],"inLanguage":"en-US"},{"@type":"Organization","@id":"https:\/\/www.prijedordanas.com\/#organization","name":"PrijedorDanas.com","url":"https:\/\/www.prijedordanas.com\/","logo":{"@type":"ImageObject","inLanguage":"en-US","@id":"https:\/\/www.prijedordanas.com\/#\/schema\/logo\/image\/","url":"http:\/\/www.prijedordanas.com\/wp-content\/uploads\/2021\/12\/logopng.png","contentUrl":"http:\/\/www.prijedordanas.com\/wp-content\/uploads\/2021\/12\/logopng.png","width":1019,"height":776,"caption":"PrijedorDanas.com"},"image":{"@id":"https:\/\/www.prijedordanas.com\/#\/schema\/logo\/image\/"},"sameAs":["https:\/\/www.facebook.com\/PrijedorDanasCom\/"]},{"@type":"Person","@id":"https:\/\/www.prijedordanas.com\/#\/schema\/person\/4e08ccf29b506ca916ff86d46bb700e6","name":"admin","image":{"@type":"ImageObject","inLanguage":"en-US","@id":"https:\/\/www.prijedordanas.com\/#\/schema\/person\/image\/","url":"https:\/\/secure.gravatar.com\/avatar\/1d3fc949d550f0b53a5f0d51e06dfd79?s=96&d=mm&r=g","contentUrl":"https:\/\/secure.gravatar.com\/avatar\/1d3fc949d550f0b53a5f0d51e06dfd79?s=96&d=mm&r=g","caption":"admin"},"url":"https:\/\/www.prijedordanas.com\/?author=1"}]}},"_links":{"self":[{"href":"https:\/\/www.prijedordanas.com\/index.php?rest_route=\/wp\/v2\/posts\/222515"}],"collection":[{"href":"https:\/\/www.prijedordanas.com\/index.php?rest_route=\/wp\/v2\/posts"}],"about":[{"href":"https:\/\/www.prijedordanas.com\/index.php?rest_route=\/wp\/v2\/types\/post"}],"author":[{"embeddable":true,"href":"https:\/\/www.prijedordanas.com\/index.php?rest_route=\/wp\/v2\/users\/1"}],"replies":[{"embeddable":true,"href":"https:\/\/www.prijedordanas.com\/index.php?rest_route=%2Fwp%2Fv2%2Fcomments&post=222515"}],"version-history":[{"count":2,"href":"https:\/\/www.prijedordanas.com\/index.php?rest_route=\/wp\/v2\/posts\/222515\/revisions"}],"predecessor-version":[{"id":222549,"href":"https:\/\/www.prijedordanas.com\/index.php?rest_route=\/wp\/v2\/posts\/222515\/revisions\/222549"}],"wp:attachment":[{"href":"https:\/\/www.prijedordanas.com\/index.php?rest_route=%2Fwp%2Fv2%2Fmedia&parent=222515"}],"wp:term":[{"taxonomy":"category","embeddable":true,"href":"https:\/\/www.prijedordanas.com\/index.php?rest_route=%2Fwp%2Fv2%2Fcategories&post=222515"},{"taxonomy":"post_tag","embeddable":true,"href":"https:\/\/www.prijedordanas.com\/index.php?rest_route=%2Fwp%2Fv2%2Ftags&post=222515"}],"curies":[{"name":"wp","href":"https:\/\/api.w.org\/{rel}","templated":true}]}}