{"id":222470,"date":"2024-03-31T21:08:44","date_gmt":"2024-03-31T19:08:44","guid":{"rendered":"https:\/\/www.prijedordanas.com\/?p=222470"},"modified":"2024-03-31T21:08:44","modified_gmt":"2024-03-31T19:08:44","slug":"prijedor-ove-nedjelje-jedan-od-tri-najtoplija-grada-u-bih","status":"publish","type":"post","link":"https:\/\/www.prijedordanas.com\/?p=222470","title":{"rendered":"Prijedor ove nedjelje jedan od tri najtoplija grada u BiH"},"content":{"rendered":"<p><a href=\"https:\/\/www.prijedordanas.com\/wp-content\/uploads\/2024\/03\/prijedor-setaliste-mart2024.jpg\"><img loading=\"lazy\" decoding=\"async\" src=\"https:\/\/www.prijedordanas.com\/wp-content\/uploads\/2024\/03\/prijedor-setaliste-mart2024-300x225.jpg\" alt=\"\" width=\"300\" height=\"225\" class=\"alignleft size-medium wp-image-222471\" srcset=\"https:\/\/www.prijedordanas.com\/wp-content\/uploads\/2024\/03\/prijedor-setaliste-mart2024-300x225.jpg 300w, https:\/\/www.prijedordanas.com\/wp-content\/uploads\/2024\/03\/prijedor-setaliste-mart2024-640x480.jpg 640w, https:\/\/www.prijedordanas.com\/wp-content\/uploads\/2024\/03\/prijedor-setaliste-mart2024.jpg 667w\" sizes=\"(max-width: 300px) 100vw, 300px\" \/><\/a>Danas je u Bosni i Hercegovini preovladavalo sun\u010dano vrijeme uz malu do umjerenu obla\u010dnost, saop\u0161teno je iz Federalnog hidrometeorolo\u0161kog zavoda BiH.<\/p>\n<p>Temperature vazduha izmjerene u 14.00 sati (\u00b0C): Bjela\u0161nica 7; Livno 18; Ivan Sedlo 20; Sokolac 21; Neum i \u0160iroki Brijeg 22; Bugojno 23; Mostar i Sarajevo 24; Biha\u0107 25; Srebrenica, Tuzla i Zenica 26; Banjaluka, Bijeljina i Sanski Most 27; Doboj, Grada\u010dac i Prijedor 28\u00b0C.<\/p>\n<p>U ponedjeljak, 1. aprila 2024. godine, u Bosni i Hercegovini ve\u0107i dio dana bi\u0107e sun\u010dano uz malu do umjerenu obla\u010dnost.<\/p>\n<p>Ja\u010de naobla\u010denje sa zapada se o\u010dekuje od poslijepodnevnih sati koje \u0107e pre\u0107i preko Bosne i Hercegovine i \u0161irom zemlje usloviti ki\u0161u, pljuskove, lokalno i grmljavinu.<\/p>\n<p>Vjetrovito u cijeloj zemlji. Vjetar umjeren i jak ju\u017enog smjera. Najni\u017ea jutarnja temperatura zraka ve\u0107inom izme\u0111u 11 i 17\u00b0C. Najvi\u0161a dnevna temperatura vazduha uglavnom izme\u0111u 22 i 29\u00b0C.<\/p>\n<p>U Sarajevu \u0107e ve\u0107i dio dana biti prete\u017eno sun\u010dano vrijeme. Naobla\u010denje i ki\u0161a se o\u010dekuju krajem dana. Najni\u017ea jutarnja temperature vazduha oko 14\u00b0C. Najvi\u0161a dnevna temperatura zraka oko 25\u00b0C, navodi Fena.<\/p>\n<p>FENA<\/p>\n","protected":false},"excerpt":{"rendered":"<p>Danas je u Bosni i Hercegovini preovladavalo sun\u010dano vrijeme uz malu do umjerenu obla\u010dnost, saop\u0161teno je iz Federalnog hidrometeorolo\u0161kog zavoda BiH. Temperature vazduha izmjerene u 14.00 sati (\u00b0C): Bjela\u0161nica 7; [&hellip;]<\/p>\n","protected":false},"author":1,"featured_media":0,"comment_status":"closed","ping_status":"open","sticky":false,"template":"","format":"standard","meta":{"_monsterinsights_skip_tracking":false,"_monsterinsights_sitenote_active":false,"_monsterinsights_sitenote_note":"","_monsterinsights_sitenote_category":0,"footnotes":""},"categories":[3],"tags":[],"yoast_head":"<!-- This site is optimized with the Yoast SEO plugin v21.6 - https:\/\/yoast.com\/wordpress\/plugins\/seo\/ -->\n<title>Prijedor ove nedjelje jedan od tri najtoplija grada u BiH - PrijedorDanas.com - Prijedorski gradski portal<\/title>\n<meta name=\"robots\" content=\"index, follow, max-snippet:-1, max-image-preview:large, max-video-preview:-1\" \/>\n<link rel=\"canonical\" href=\"https:\/\/www.prijedordanas.com\/?p=222470\" \/>\n<meta property=\"og:locale\" content=\"en_US\" \/>\n<meta property=\"og:type\" content=\"article\" \/>\n<meta property=\"og:title\" content=\"Prijedor ove nedjelje jedan od tri najtoplija grada u BiH - PrijedorDanas.com - Prijedorski gradski portal\" \/>\n<meta property=\"og:description\" content=\"Danas je u Bosni i Hercegovini preovladavalo sun\u010dano vrijeme uz malu do umjerenu obla\u010dnost, saop\u0161teno je iz Federalnog hidrometeorolo\u0161kog zavoda BiH. Temperature vazduha izmjerene u 14.00 sati (\u00b0C): Bjela\u0161nica 7; [&hellip;]\" \/>\n<meta property=\"og:url\" content=\"https:\/\/www.prijedordanas.com\/?p=222470\" \/>\n<meta property=\"og:site_name\" content=\"PrijedorDanas.com - Prijedorski gradski portal\" \/>\n<meta property=\"article:publisher\" content=\"https:\/\/www.facebook.com\/PrijedorDanasCom\/\" \/>\n<meta property=\"article:published_time\" content=\"2024-03-31T19:08:44+00:00\" \/>\n<meta property=\"og:image\" content=\"https:\/\/www.prijedordanas.com\/wp-content\/uploads\/2024\/03\/prijedor-setaliste-mart2024-300x225.jpg\" \/>\n<meta name=\"author\" content=\"admin\" \/>\n<meta name=\"twitter:card\" content=\"summary_large_image\" \/>\n<meta name=\"twitter:label1\" content=\"Written by\" \/>\n\t<meta name=\"twitter:data1\" content=\"admin\" \/>\n<script type=\"application\/ld+json\" class=\"yoast-schema-graph\">{\"@context\":\"https:\/\/schema.org\",\"@graph\":[{\"@type\":\"Article\",\"@id\":\"https:\/\/www.prijedordanas.com\/?p=222470#article\",\"isPartOf\":{\"@id\":\"https:\/\/www.prijedordanas.com\/?p=222470\"},\"author\":{\"name\":\"admin\",\"@id\":\"https:\/\/www.prijedordanas.com\/#\/schema\/person\/4e08ccf29b506ca916ff86d46bb700e6\"},\"headline\":\"Prijedor ove nedjelje jedan od tri najtoplija grada u BiH\",\"datePublished\":\"2024-03-31T19:08:44+00:00\",\"dateModified\":\"2024-03-31T19:08:44+00:00\",\"mainEntityOfPage\":{\"@id\":\"https:\/\/www.prijedordanas.com\/?p=222470\"},\"wordCount\":195,\"publisher\":{\"@id\":\"https:\/\/www.prijedordanas.com\/#organization\"},\"articleSection\":[\"\u017divot\"],\"inLanguage\":\"en-US\"},{\"@type\":\"WebPage\",\"@id\":\"https:\/\/www.prijedordanas.com\/?p=222470\",\"url\":\"https:\/\/www.prijedordanas.com\/?p=222470\",\"name\":\"Prijedor ove nedjelje jedan od tri najtoplija grada u BiH - PrijedorDanas.com - Prijedorski gradski portal\",\"isPartOf\":{\"@id\":\"https:\/\/www.prijedordanas.com\/#website\"},\"datePublished\":\"2024-03-31T19:08:44+00:00\",\"dateModified\":\"2024-03-31T19:08:44+00:00\",\"breadcrumb\":{\"@id\":\"https:\/\/www.prijedordanas.com\/?p=222470#breadcrumb\"},\"inLanguage\":\"en-US\",\"potentialAction\":[{\"@type\":\"ReadAction\",\"target\":[\"https:\/\/www.prijedordanas.com\/?p=222470\"]}]},{\"@type\":\"BreadcrumbList\",\"@id\":\"https:\/\/www.prijedordanas.com\/?p=222470#breadcrumb\",\"itemListElement\":[{\"@type\":\"ListItem\",\"position\":1,\"name\":\"Home\",\"item\":\"https:\/\/www.prijedordanas.com\/\"},{\"@type\":\"ListItem\",\"position\":2,\"name\":\"Prijedor ove nedjelje jedan od tri najtoplija grada u BiH\"}]},{\"@type\":\"WebSite\",\"@id\":\"https:\/\/www.prijedordanas.com\/#website\",\"url\":\"https:\/\/www.prijedordanas.com\/\",\"name\":\"PrijedorDanas.com - Prijedorski gradski portal\",\"description\":\"Portal o doga\u0111anjima u gradu Prijedoru\",\"publisher\":{\"@id\":\"https:\/\/www.prijedordanas.com\/#organization\"},\"potentialAction\":[{\"@type\":\"SearchAction\",\"target\":{\"@type\":\"EntryPoint\",\"urlTemplate\":\"https:\/\/www.prijedordanas.com\/?s={search_term_string}\"},\"query-input\":\"required name=search_term_string\"}],\"inLanguage\":\"en-US\"},{\"@type\":\"Organization\",\"@id\":\"https:\/\/www.prijedordanas.com\/#organization\",\"name\":\"PrijedorDanas.com\",\"url\":\"https:\/\/www.prijedordanas.com\/\",\"logo\":{\"@type\":\"ImageObject\",\"inLanguage\":\"en-US\",\"@id\":\"https:\/\/www.prijedordanas.com\/#\/schema\/logo\/image\/\",\"url\":\"http:\/\/www.prijedordanas.com\/wp-content\/uploads\/2021\/12\/logopng.png\",\"contentUrl\":\"http:\/\/www.prijedordanas.com\/wp-content\/uploads\/2021\/12\/logopng.png\",\"width\":1019,\"height\":776,\"caption\":\"PrijedorDanas.com\"},\"image\":{\"@id\":\"https:\/\/www.prijedordanas.com\/#\/schema\/logo\/image\/\"},\"sameAs\":[\"https:\/\/www.facebook.com\/PrijedorDanasCom\/\"]},{\"@type\":\"Person\",\"@id\":\"https:\/\/www.prijedordanas.com\/#\/schema\/person\/4e08ccf29b506ca916ff86d46bb700e6\",\"name\":\"admin\",\"image\":{\"@type\":\"ImageObject\",\"inLanguage\":\"en-US\",\"@id\":\"https:\/\/www.prijedordanas.com\/#\/schema\/person\/image\/\",\"url\":\"https:\/\/secure.gravatar.com\/avatar\/1d3fc949d550f0b53a5f0d51e06dfd79?s=96&d=mm&r=g\",\"contentUrl\":\"https:\/\/secure.gravatar.com\/avatar\/1d3fc949d550f0b53a5f0d51e06dfd79?s=96&d=mm&r=g\",\"caption\":\"admin\"},\"url\":\"https:\/\/www.prijedordanas.com\/?author=1\"}]}<\/script>\n<!-- \/ Yoast SEO plugin. -->","yoast_head_json":{"title":"Prijedor ove nedjelje jedan od tri najtoplija grada u BiH - PrijedorDanas.com - Prijedorski gradski portal","robots":{"index":"index","follow":"follow","max-snippet":"max-snippet:-1","max-image-preview":"max-image-preview:large","max-video-preview":"max-video-preview:-1"},"canonical":"https:\/\/www.prijedordanas.com\/?p=222470","og_locale":"en_US","og_type":"article","og_title":"Prijedor ove nedjelje jedan od tri najtoplija grada u BiH - PrijedorDanas.com - Prijedorski gradski portal","og_description":"Danas je u Bosni i Hercegovini preovladavalo sun\u010dano vrijeme uz malu do umjerenu obla\u010dnost, saop\u0161teno je iz Federalnog hidrometeorolo\u0161kog zavoda BiH. Temperature vazduha izmjerene u 14.00 sati (\u00b0C): Bjela\u0161nica 7; [&hellip;]","og_url":"https:\/\/www.prijedordanas.com\/?p=222470","og_site_name":"PrijedorDanas.com - Prijedorski gradski portal","article_publisher":"https:\/\/www.facebook.com\/PrijedorDanasCom\/","article_published_time":"2024-03-31T19:08:44+00:00","og_image":[{"url":"https:\/\/www.prijedordanas.com\/wp-content\/uploads\/2024\/03\/prijedor-setaliste-mart2024-300x225.jpg"}],"author":"admin","twitter_card":"summary_large_image","twitter_misc":{"Written by":"admin"},"schema":{"@context":"https:\/\/schema.org","@graph":[{"@type":"Article","@id":"https:\/\/www.prijedordanas.com\/?p=222470#article","isPartOf":{"@id":"https:\/\/www.prijedordanas.com\/?p=222470"},"author":{"name":"admin","@id":"https:\/\/www.prijedordanas.com\/#\/schema\/person\/4e08ccf29b506ca916ff86d46bb700e6"},"headline":"Prijedor ove nedjelje jedan od tri najtoplija grada u BiH","datePublished":"2024-03-31T19:08:44+00:00","dateModified":"2024-03-31T19:08:44+00:00","mainEntityOfPage":{"@id":"https:\/\/www.prijedordanas.com\/?p=222470"},"wordCount":195,"publisher":{"@id":"https:\/\/www.prijedordanas.com\/#organization"},"articleSection":["\u017divot"],"inLanguage":"en-US"},{"@type":"WebPage","@id":"https:\/\/www.prijedordanas.com\/?p=222470","url":"https:\/\/www.prijedordanas.com\/?p=222470","name":"Prijedor ove nedjelje jedan od tri najtoplija grada u BiH - PrijedorDanas.com - Prijedorski gradski portal","isPartOf":{"@id":"https:\/\/www.prijedordanas.com\/#website"},"datePublished":"2024-03-31T19:08:44+00:00","dateModified":"2024-03-31T19:08:44+00:00","breadcrumb":{"@id":"https:\/\/www.prijedordanas.com\/?p=222470#breadcrumb"},"inLanguage":"en-US","potentialAction":[{"@type":"ReadAction","target":["https:\/\/www.prijedordanas.com\/?p=222470"]}]},{"@type":"BreadcrumbList","@id":"https:\/\/www.prijedordanas.com\/?p=222470#breadcrumb","itemListElement":[{"@type":"ListItem","position":1,"name":"Home","item":"https:\/\/www.prijedordanas.com\/"},{"@type":"ListItem","position":2,"name":"Prijedor ove nedjelje jedan od tri najtoplija grada u BiH"}]},{"@type":"WebSite","@id":"https:\/\/www.prijedordanas.com\/#website","url":"https:\/\/www.prijedordanas.com\/","name":"PrijedorDanas.com - Prijedorski gradski portal","description":"Portal o doga\u0111anjima u gradu Prijedoru","publisher":{"@id":"https:\/\/www.prijedordanas.com\/#organization"},"potentialAction":[{"@type":"SearchAction","target":{"@type":"EntryPoint","urlTemplate":"https:\/\/www.prijedordanas.com\/?s={search_term_string}"},"query-input":"required name=search_term_string"}],"inLanguage":"en-US"},{"@type":"Organization","@id":"https:\/\/www.prijedordanas.com\/#organization","name":"PrijedorDanas.com","url":"https:\/\/www.prijedordanas.com\/","logo":{"@type":"ImageObject","inLanguage":"en-US","@id":"https:\/\/www.prijedordanas.com\/#\/schema\/logo\/image\/","url":"http:\/\/www.prijedordanas.com\/wp-content\/uploads\/2021\/12\/logopng.png","contentUrl":"http:\/\/www.prijedordanas.com\/wp-content\/uploads\/2021\/12\/logopng.png","width":1019,"height":776,"caption":"PrijedorDanas.com"},"image":{"@id":"https:\/\/www.prijedordanas.com\/#\/schema\/logo\/image\/"},"sameAs":["https:\/\/www.facebook.com\/PrijedorDanasCom\/"]},{"@type":"Person","@id":"https:\/\/www.prijedordanas.com\/#\/schema\/person\/4e08ccf29b506ca916ff86d46bb700e6","name":"admin","image":{"@type":"ImageObject","inLanguage":"en-US","@id":"https:\/\/www.prijedordanas.com\/#\/schema\/person\/image\/","url":"https:\/\/secure.gravatar.com\/avatar\/1d3fc949d550f0b53a5f0d51e06dfd79?s=96&d=mm&r=g","contentUrl":"https:\/\/secure.gravatar.com\/avatar\/1d3fc949d550f0b53a5f0d51e06dfd79?s=96&d=mm&r=g","caption":"admin"},"url":"https:\/\/www.prijedordanas.com\/?author=1"}]}},"_links":{"self":[{"href":"https:\/\/www.prijedordanas.com\/index.php?rest_route=\/wp\/v2\/posts\/222470"}],"collection":[{"href":"https:\/\/www.prijedordanas.com\/index.php?rest_route=\/wp\/v2\/posts"}],"about":[{"href":"https:\/\/www.prijedordanas.com\/index.php?rest_route=\/wp\/v2\/types\/post"}],"author":[{"embeddable":true,"href":"https:\/\/www.prijedordanas.com\/index.php?rest_route=\/wp\/v2\/users\/1"}],"replies":[{"embeddable":true,"href":"https:\/\/www.prijedordanas.com\/index.php?rest_route=%2Fwp%2Fv2%2Fcomments&post=222470"}],"version-history":[{"count":1,"href":"https:\/\/www.prijedordanas.com\/index.php?rest_route=\/wp\/v2\/posts\/222470\/revisions"}],"predecessor-version":[{"id":222472,"href":"https:\/\/www.prijedordanas.com\/index.php?rest_route=\/wp\/v2\/posts\/222470\/revisions\/222472"}],"wp:attachment":[{"href":"https:\/\/www.prijedordanas.com\/index.php?rest_route=%2Fwp%2Fv2%2Fmedia&parent=222470"}],"wp:term":[{"taxonomy":"category","embeddable":true,"href":"https:\/\/www.prijedordanas.com\/index.php?rest_route=%2Fwp%2Fv2%2Fcategories&post=222470"},{"taxonomy":"post_tag","embeddable":true,"href":"https:\/\/www.prijedordanas.com\/index.php?rest_route=%2Fwp%2Fv2%2Ftags&post=222470"}],"curies":[{"name":"wp","href":"https:\/\/api.w.org\/{rel}","templated":true}]}}