{"id":222338,"date":"2024-03-29T16:22:09","date_gmt":"2024-03-29T15:22:09","guid":{"rendered":"https:\/\/www.prijedordanas.com\/?p=222338"},"modified":"2024-03-29T16:39:34","modified_gmt":"2024-03-29T15:39:34","slug":"od-politicara-samo-kes","status":"publish","type":"post","link":"https:\/\/www.prijedordanas.com\/?p=222338","title":{"rendered":"Od politi\u010dara samo ke\u0161"},"content":{"rendered":"<p><a href=\"https:\/\/www.prijedordanas.com\/wp-content\/uploads\/2021\/07\/katarina-panic.jpg\"><img loading=\"lazy\" decoding=\"async\" class=\"alignleft size-medium wp-image-171199\" src=\"https:\/\/www.prijedordanas.com\/wp-content\/uploads\/2021\/07\/katarina-panic-300x263.jpg\" alt=\"\" width=\"300\" height=\"263\" srcset=\"https:\/\/www.prijedordanas.com\/wp-content\/uploads\/2021\/07\/katarina-panic-300x263.jpg 300w, https:\/\/www.prijedordanas.com\/wp-content\/uploads\/2021\/07\/katarina-panic.jpg 600w\" sizes=\"(max-width: 300px) 100vw, 300px\" \/><\/a>\u010citao\/la sam na portalu grada.<\/p>\n<p>Re\u010denicu koja ukazuje na rasprostranjeno shvatanje da Prijedor ima jedan news portal izgovaraju gra\u0111ani bez obzira na godine, obrazovanje, dru\u0161tveni status, posao kojim se bave, uklju\u010duju\u0107i i one od kojih se o\u010dekuje odre\u0111en nivo medijske pismenosti \u2013 sudije, vi\u0161i policijski slu\u017ebenici, politi\u010dari, pravnici, prosvjetni, zdravstveni i socijalni radnici, advokati, ekonomisti, in\u017eenjeri\u2026<\/p>\n<p>\u201ePa, ja sam zato uklonio svoje ime i broj mobilnog sa sajta. Masa ljudi zove, \u0161to si pustio ovo, \u0161to nisi ono. Ne mogu vi\u0161e obja\u0161njavati \u0161ta je moje, \u0161ta nije moje\u201c, ka\u017ee Aleksandar \u017duni\u0107 koji od 2008. godine ima www.gradprijedor.com.<\/p>\n<p>\u201cNajvi\u0161e su zvali zbog fotografija no\u0107nog \u017eivota grada. Pa, ka\u017ee, nije trebalo da sam tad u Prijedoru.Ili, ja sam na bolovanju, ne smiju me vidjeti s posla. Ili do\u0111e na koncert s ljubavnicom i stane za prvi sto do bine. Ili, ka\u017ee, ne smije se vidjeti da pijem. Ovo je, na primjer, bio slu\u010daj s igra\u010dima jednog kluba. Oni su ba\u0161 bili naporni, tra\u017eili da uklanjam slike gdje se vidi alkohol pred njima. Izgube utakmicu, pa im ja kriv. Poslije su pili iz \u0161olja za kafu. Majke mi! A ja iz inata jedno vrijeme objavljivao samo vijesti sa utakmica koje izgube\u201d, sje\u0107a se \u017duni\u0107.<\/p>\n<p><a href=\"https:\/\/www.prijedordanas.com\/wp-content\/uploads\/2024\/03\/zamisliba-infografika-portali.jpg\"><img loading=\"lazy\" decoding=\"async\" class=\"alignleft size-medium wp-image-222339\" src=\"https:\/\/www.prijedordanas.com\/wp-content\/uploads\/2024\/03\/zamisliba-infografika-portali-120x300.jpg\" alt=\"\" width=\"120\" height=\"300\" srcset=\"https:\/\/www.prijedordanas.com\/wp-content\/uploads\/2024\/03\/zamisliba-infografika-portali-120x300.jpg 120w, https:\/\/www.prijedordanas.com\/wp-content\/uploads\/2024\/03\/zamisliba-infografika-portali-410x1024.jpg 410w, https:\/\/www.prijedordanas.com\/wp-content\/uploads\/2024\/03\/zamisliba-infografika-portali.jpg 600w\" sizes=\"(max-width: 120px) 100vw, 120px\" \/><\/a>Pored online platformi Gradske uprave i portala u \u010dijem sadr\u017eaju prevladava Prijedor, ali u naslovu nemaju ime grada \/npr. kozarac.eu i kozarac.ba\/, u gradu na Sani je sedam aktivnih news portala koji u imenu imaju Prijedor[1]. Nijedan nema pratiocima dostupnu informaciju o vlani\u0161tvu ni da li je \/i na koji na\u010din\/ registrovan. Tri od \u010detiri nemaju nijedno ime.<\/p>\n<p>\u201cI ljudi koji me poznaju godinama i koji znaju \u010dime se bavim, pitaju koji je ono moj. Ili pitaju za neku objavu \u0161to nije vezana za Prijedor. A ja to ne radim, pa i tako vidim da brkaju\u201d, ka\u017ee Aleksandar Drakuli\u0107, urednik www.prijedordanas.com.<\/p>\n<p>Pojavom online medija, televizija, radio i \u0161tampa izgubili su monopol i dobili konkurenciju na tr\u017ei\u0161tu informacija, ali i dalje ne postojipropis koji portale obavezuje naregistraciju. U me\u0111uvremenu, svako mo\u017ee da radi \u0161ta ho\u0107e.<\/p>\n<p>\u201cZa klijente koji tra\u017ee da ogla\u0161avanje plate putem ra\u010duna uslugu naplatim preko prijatelja koji ima srodnu firmu. Od politi\u010dara mi nikad niko ra\u010dun nije ni tra\u017eio\u201d, ka\u017ee jedan od vlasnika prijedorskih portala.<\/p>\n<p>\u201cTe klijente prepustim kolegi koji vodi drugi portal, a neko njegov je registrovano pravno lice, jer je meni ovo usput, ne \u017eivim od toga. A s politi\u010darima samo ke\u0161\u201d, ka\u017ee drugi.<\/p>\n<p>Politi\u010dari na razme\u0111u digitalnog i papirnog<\/p>\n<p>\u201cNa po\u010detku sam, sje\u0107am se,napla\u0107ivao 20 KM po objavi. I to i\u0161ao na doga\u0111aje, fotografisao. Posljednja dva-tri izborna ciklusa ne. Oni \u0161alju, ja ne moram nigdje, 50 KM po objavi. A sad \u0107e biti skuplje\u201d, ka\u017ee Drakuli\u0107.<\/p>\n<p>\u201cPa, prvo zato zato \u0161to sam 2023. godinu zavr\u0161io s 4,5 miliona posjeta, a 2014. krenuo s manje od pola miliona. I odavno vidim uticaj svog portala na kreiranje javnog mnijenja u ovom gradu. A drugo zato \u0161to su oni sve ono \u0161to se nekad podrazumijevalo \u2013 tribine, pres konferencije, upalja\u010de, planere, ka\u010dkete, olovke, rokovnike, kalendare \u2013 zamijenili digitalnim ogla\u0161avanjem. Sje\u0107am se izbora 2020. godine, otvori\u0161 na telefonu snima\u010d zvuka, na aplikaciji prvo reklama kandidata za gradona\u010delnika\u201d, dodaje Drakuli\u0107. \u201cDa, da, uzima\u0161 njegovu izjavu, gleda\u0161 ga na ekranu telefona i gleda\u0161 ga ispred sebe\u201d, smije se.<\/p>\n<p>\u201cI kod mene \u0107e usluge za politi\u010dke subjekte biti skuplje\u201d, najavljuje. \u201cZato \u0161to su te\u0161ki, brate! Ikad-nikad naplatiti. Obe\u0107avaju, la\u017eu, ote\u017eu, odugovla\u010de, iscrpljuju\u2026 Jedni su mi i dalje du\u017eni. Do\u0161lo do promjena kod njih u partiji, pa,kad ih opomenem, ka\u017eu nemamo mi ni\u0161ta s onima prije nas\u201d, dodaje \u017duni\u0107.<\/p>\n<p><a href=\"https:\/\/www.prijedordanas.com\/wp-content\/uploads\/2024\/03\/zamisliba-prijedor-23marta2024-1.jpg\"><img loading=\"lazy\" decoding=\"async\" class=\"alignleft size-medium wp-image-222340\" src=\"https:\/\/www.prijedordanas.com\/wp-content\/uploads\/2024\/03\/zamisliba-prijedor-23marta2024-1-300x135.jpg\" alt=\"\" width=\"300\" height=\"135\" srcset=\"https:\/\/www.prijedordanas.com\/wp-content\/uploads\/2024\/03\/zamisliba-prijedor-23marta2024-1-300x135.jpg 300w, https:\/\/www.prijedordanas.com\/wp-content\/uploads\/2024\/03\/zamisliba-prijedor-23marta2024-1.jpg 600w\" sizes=\"(max-width: 300px) 100vw, 300px\" \/><\/a>I Drakuli\u0107 ima iskustva sa du\u017enicima. Znao je preko slike kandidata velikim slovima napisati\u201cOtkazano zbog nepla\u0107anja\u201d i poslati to izbornom \u0161tabu. I onda taj kandidat odmah plati dug.<\/p>\n<p>\u201cNije tu stranka odgovorna, jer ima desetak godina otkad su se nekada\u0161nje uravnilovke, kada je iz partijskih bud\u017eeta svima finansirano sve jednako, prebacile na pojedina\u010dne kandidate gdje svako sebi finansira kampanju, pa mnogi di\u017eu i kredite, pored onog jednog obaveznog, da ka\u017eem op\u0161teg dijela, koji i dalje pla\u0107a stranka. Doskora mi je i jedna velika stranka dugovala 300 KM za 2022. Sad mi duguje jo\u0161 samo jedan kandidat, ba\u0161 iz te iste stranke\u201d, pri\u010da Drakuli\u0107.<\/p>\n<p><a href=\"https:\/\/www.prijedordanas.com\/wp-content\/uploads\/2024\/03\/zamisliba-prijedor-23marta2024-2.jpg\"><img loading=\"lazy\" decoding=\"async\" class=\"alignleft size-medium wp-image-222341\" src=\"https:\/\/www.prijedordanas.com\/wp-content\/uploads\/2024\/03\/zamisliba-prijedor-23marta2024-2-300x135.jpg\" alt=\"\" width=\"300\" height=\"135\" srcset=\"https:\/\/www.prijedordanas.com\/wp-content\/uploads\/2024\/03\/zamisliba-prijedor-23marta2024-2-300x135.jpg 300w, https:\/\/www.prijedordanas.com\/wp-content\/uploads\/2024\/03\/zamisliba-prijedor-23marta2024-2.jpg 600w\" sizes=\"(max-width: 300px) 100vw, 300px\" \/><\/a>Filip Fi\u0107ovi\u0107 aktivan je od 2015. u oblasti digitalne diplomatije, a od 2020.je u politi\u010dkim partijama u Republici Srpskoj anga\u017eovan za digitalno ogla\u0161avanje. Iako je pandemija korone cjelokupnu politi\u010dku kampanju prenijela na displej, isti\u010de da i dalje tradicionalno ogla\u0161avanje prevladava i da je digitalno nebo na ovim prostorima gotovo prazno, a digitalna pismenost nerazvijena, kao i svijest da su online mediji, dru\u0161tvene mre\u017ee i mobilne aplikacije budu\u0107nost.<\/p>\n<p>\u201cPoliti\u010dari uglavnom ne razumiju procese. Misle da ima neki klju\u010d, da su kompjuter i dva dugmeta dovoljni za milijardu pregleda. Tako\u0111e misle da se parama rje\u0161ava sve. Vidi, na primjer, da neko ima 300.000 pratilaca. Ho\u0107e i on. Ne pita koliko ko\u0161ta. Pa, ne mogu da ti uzmem pare, a da te gleda neko iz Pakistana\u201d, ka\u017ee Fi\u0107ovi\u0107.<\/p>\n<p><a href=\"https:\/\/www.prijedordanas.com\/wp-content\/uploads\/2024\/03\/zamisliba-prijedor-23marta2024-3.jpg\"><img loading=\"lazy\" decoding=\"async\" class=\"alignleft size-medium wp-image-222342\" src=\"https:\/\/www.prijedordanas.com\/wp-content\/uploads\/2024\/03\/zamisliba-prijedor-23marta2024-3-300x135.jpg\" alt=\"\" width=\"300\" height=\"135\" srcset=\"https:\/\/www.prijedordanas.com\/wp-content\/uploads\/2024\/03\/zamisliba-prijedor-23marta2024-3-300x135.jpg 300w, https:\/\/www.prijedordanas.com\/wp-content\/uploads\/2024\/03\/zamisliba-prijedor-23marta2024-3.jpg 600w\" sizes=\"(max-width: 300px) 100vw, 300px\" \/><\/a>Visoko pozicionirani funkcioner sa dugogodi\u0161njim iskustvom u radu izbornih \u0161tabova politi\u010dkih partija ka\u017ee da se bez tradicionalnih kampanja ne mo\u017ee pristupiti svim ciljnim grupama, ali da to ne zna\u010di da digitalno ogla\u0161avanje treba zapostaviti, te da \u0107e oba pristupa biti zastupljena i za ovogodi\u0161nje lokalne izbore u BiH.<\/p>\n<p>\u201cZa pro\u0161le izbore, op\u0161te, imao sam sastanke sa ljudima iz pet od ovih sedam portala, a saradnju dogovorio s dvama, vode\u0107i se cijenama usluga i pokazateljima o dosegu. Nemaju oni istu publiku.Tad sam jo\u0161 htio neke pozicije banera, ali je to ve\u0107 bilo zakupljeno. Zato sam sad krenuo dosta ranije. Ono \u0161to je tad neko ve\u0107 bio zauzeo prije mene, sad sam ve\u0107 rije\u0161io i moje je\u201d, poja\u0161njava.<\/p>\n<p>\u201cPrekupljen\u201d i fotograf<\/p>\n<p>Lokalni informativni portali imaju razli\u010dit pristup radu u izbornim godinama: od potpunog ignorisanja, prekoad hoc i neplanskog, do organizovanog, uz blagovremeno obra\u0107anje svim politi\u010dkim subjektima koji u\u010destvuju u izborima.<\/p>\n<p>Senudin Safi\u0107 u novinarstvu je gotovo \u010detvrt vijeka i s grupom ljudi vodi portal www.mojprijedor.com koji se finansira od donacija pratilaca i ne radi marketing uop\u0161te, pa tako ni politi\u010dko ogla\u0161avanje.<\/p>\n<p>\u201eRaja, a ne politika. I to ljudi prepoznaju i tako pla\u0107amo tro\u0161kove\u201c, ka\u017ee Safi\u0107.<\/p>\n<p>\u201cNikom se ja ne obra\u0107am, niti zovem, niti ih tra\u017eim. Ko mi se obrati, po\u0161aljem ponudu. Nekad drugi vide, pa se i oni onda jave. Ko se ne obrati, ja ga ni ne ganjam. Sa \u0161est sam politi\u010dkih partija dosad radio, ne, ne, sa sedam\u201d, ka\u017ee \u017duni\u0107.<\/p>\n<p>\u201cU aprilu ili maju prestanem objavljivati strana\u010dke aktivnosti koje dotad objavljujem u okviru redovne infromative. U junu ili julu \u0161aljem politi\u010dkim subjektima ponudu usluga sa cjenovnikom. Nekad misle da su u privilegovanom polo\u017eaju jer su me anga\u017eovali, pa i prije kampanje, ono kad se mnogi pojavljuju na doga\u0111ajima s kojima nikakve veze nemaju, pitaju gdje sam ja na ovom doga\u0111aju, \u0161to nema moje slike, moje izjave. Nema jer si tu govorio kao kandidat, a kao funkcioner si tu suvi\u0161an, nema veze doga\u0111aj s institucijom koju predstavlja\u0161\u201d, ka\u017ee Drakuli\u0107.<\/p>\n<p>Susretao se, ka\u017ee, i sa poku\u0161ajima udaraca ispod pojasa, iako im na vrijeme objasni pravila \u2013 nema nepotpisanih sadr\u017eaja, nema la\u017enih potpisa, nema uvreda ni govora mr\u017enje, a pogotovo ne demantija ne\u010dega \u0161to kod sebe nije ni objavio. Komentare moderira, sve koji do\u0111u sa la\u017enih profila bri\u0161e, a za oko 300 rije\u010di i kombinacija ima restrikcije, i po cijenu manjeg broja interakcija.<\/p>\n<p>\u201cNeki misle, ako plate, objavi\u0107u \u0161ta god oni \u017eele. Uo\u010di lokalnih izbora 2020. jedan dan mi gotovo polupani\u010dno, najavljuju da \u0107u dobiti video i da ga pustim \u0161to prije. Nema izvora, potpisa, ikakvog znaka, ikakvog vizuala da bi se nedvosmisleno povezao s tom strankom. A tra\u017ee da ga pustim sa svog YT kanala. Po\u0161aljem to svom tehni\u010dkom saradniku da pogleda, ka\u017ee: \u2018\u0160ta je ovo, brate?!\u2019 Odbijam to objaviti pod takvim uslovima\u201d, sje\u0107a se Drakuli\u0107. \u201cI \u0161to je najsmje\u0161nije, do kraja kampanje, bilo jo\u0161 desetak dana, ni\u0161ta mi vi\u0161e nisu poslali, a pla\u0107anje ide po broju objava\u201d, svjedo\u010di Drakuli\u0107.<\/p>\n<p>Budu\u0107i da radi i kao fotograf i videograf, Drakuli\u0107 je imao i te anga\u017emane za politi\u010dke subjekte. Iako nisu ni u kakvoj vezi s portalom, pri\u0161ivane su mu strana\u010dke etikete. Vjeruje da je to prevazi\u0111eno, jer je sara\u0111ivao sa osam politi\u010dkih partija i jer raste i broj kandidata koji koriste usluge njegovog portala, a, prema statistici koju vodi, vi\u0161e od 70 odsto onih koji su se kod njega ogla\u0161avali, dobili su izbore.<\/p>\n<p>\u201cIma jedna pojava, koja uop\u0161te nije rijetka: da te zivka, zanovijeta, maltretiraneko ko uop\u0161te nije u dogovorima ni u\u010destvovao ni naveden kao neko ko ti se ima pravo obratiti s nekim zahtjevom. \u0160to je ve\u0107a stranka, takvih je sve vi\u0161e. Jednom sam tako odbio slati fotografije osobi iz okru\u017eenja tada\u0161njeg ministra. Objasnio sam da nije uop\u0161te problem da i njoj \u0161aljem, meni je to samo jedna adresa vi\u0161e u \u2019cc\u2019, ali samo ako mi tako ka\u017ee osoba s kojom sam sve dogovarao. Odjednom, po\u010dinje se na tribinama koje fotografi\u0161em za tu stranku pojavljivati jo\u0161 jedan fotograf. Zovnu me iz druge velike stranke da pitaju mogu li raditi za njih, jer im je taj samo nestao. Taj izraz, \u2018prekupiti\u2019 nekoga, dotad sam \u010duo samo kad se kandidati \u017eale da su drugi ve\u0107 \u2018rije\u0161enom\u2019 \u010dlanu bira\u010dkog odbora dali bolju ponudu, pa ka\u017ee, \u2018prekupili\u2019 mi ga\u201d, kazuje Drakuli\u0107.<\/p>\n<p>\u201cNi\u010diji\u201d \u0107e se tek cijeniti<\/p>\n<p>\u0160to se ti\u010de informativnog dijela, kriterijum mu je od po\u010detka bio da sadr\u017eaj ima veze s Prijedorom, bilo da je, kako ka\u017ee, na ponos ili na sramotu. Ranije mu je zamjerano \u0161to objavljuje vijesti o masovnim grobnicama, logorima i ratnim zlo\u010dinima u svom rodnom gradu, sad mu se zamjera \u0161to objavljuje sadr\u017eaje u kojima se kritikuje vlast \u2013 na primjer, tekstove o otvaranju rudnika u Bukovoj kosi i Bistrici.<\/p>\n<p>\u201cSara\u0111ivao sam godinama unazad s Gradskom upravom, \u010detiri su se gradona\u010delnika promijenila. I u ugovoru o djelu mi je pisalo: medijsko pra\u0107enje i promocija Grada, \u0161to sam ispo\u0161tovao, i preispo\u0161tovao. Odjednom \u010dujem da se samo meni ne produ\u017eava ugovor. Pitam visokog zvani\u010dnika Gradske uprave za\u0161to. Ka\u017ee: \u2018Ne svi\u0111a se stranci \u0161to objavljuje\u0161 vijesti sa BN-a.\u2019\/smijeh\/ Jesam bio zate\u010den, ali sam nastavio raditi sve isto. Sad da ponudite nagradu mojim \u010ditaocima da prepoznaju na sajtu kad se to desilo, ne\u0107e uspjeti. Nema razlike u pra\u0107enju aktivnosti Gradske uprave prije, za vrijeme ni poslije ugovora[2]. Ja se na taj nivo ne spu\u0161tam\u201d, zaklju\u010dio je Drakuli\u0107.<\/p>\n<p>S druge strane, \u017duni\u0107ev pristup je da ne \u017eeli objavljivati ru\u017ene stvari. Ne smatra da je to podila\u017eenje vlastima, nego autocenzuru obrazla\u017ee ovako:<\/p>\n<p>\u201cZato \u0161to volim svoj grad.\u201d<\/p>\n<p><a href=\"https:\/\/www.prijedordanas.com\/wp-content\/uploads\/2024\/03\/zamisliba-primjerak-ugovora-gu-prijedor-s-fizickim-licima-koji-posjeduju-portale.jpg\"><img loading=\"lazy\" decoding=\"async\" class=\"alignleft size-medium wp-image-222343\" src=\"https:\/\/www.prijedordanas.com\/wp-content\/uploads\/2024\/03\/zamisliba-primjerak-ugovora-gu-prijedor-s-fizickim-licima-koji-posjeduju-portale-245x300.jpg\" alt=\"\" width=\"245\" height=\"300\" srcset=\"https:\/\/www.prijedordanas.com\/wp-content\/uploads\/2024\/03\/zamisliba-primjerak-ugovora-gu-prijedor-s-fizickim-licima-koji-posjeduju-portale-245x300.jpg 245w, https:\/\/www.prijedordanas.com\/wp-content\/uploads\/2024\/03\/zamisliba-primjerak-ugovora-gu-prijedor-s-fizickim-licima-koji-posjeduju-portale.jpg 490w\" sizes=\"(max-width: 245px) 100vw, 245px\" \/><\/a>Na primjeru Prijedora, a koji osilikava stanje i u drugim lokalnim zajednicama u BiH, vidimo male online portale koje vode fizi\u010dka lica kojima to nije ni jedini ni osnovni izvor prihoda. Ono \u0161to ih dalje razlikuje od velikih portala, a koji su mahom registrovani kao udru\u017eenja gra\u0111ana \/Birn, Buka, Kapital, CIN, Gerila, \u017durnal\u2026\/, jeste to da nemaju klasi\u010dne novinarske redakcije, da veliku ve\u0107inu vode ljudi bez prethodnog iskustva u medijskoj industriji, da daleko manje sadr\u017eaja proizvode nego \u0161to preuzimaju od drugih, a da sve vi\u0161e zauzimaju informativni prostor \u2013 nesrazmjerno vlastitoj produkciji i kapacitetima.<\/p>\n<p>Publika je stoga uvijek \u2013 pa i u izbornoj godini \u2013 izlo\u017eena jednako i onima koji te\u017ee standardima profesije na \u010dijem su terenu i onima kojima je nepostojanje regulative izgovor.<\/p>\n<p>\u201eProblem je \u0161to veliki broj ljudi ne prepoznaje razliku. Zato obrazovni sistem vapi za uvo\u0111enjem medijske pismenosti, ne od \u0161kole, ve\u0107 od vrti\u0107a\u201c, rekao je Zoran Peto\u0161 iz Koalicije \u201ePod lupom\u201c koji izbore u BiH prati od 2008. godine, a koji u Udru\u017eenju gra\u0111ana \u201eDON\u201c Prijedor radi i projekte u vezi sa medijskom pismeno\u0161\u0107u.<\/p>\n<p>Ka\u017ee da lokalni portali imaju ogromnu informativnu ulogu uop\u0161te, pa tako i u izbornim godinama, pogotovo kad su lokalni izbori. Vjeruje da \u0107e do\u0107i dan kada \u0107e i politi\u010dki subjekti njegovati higijenu ogla\u0161avanja, da \u0107e birati gdje \u0107e se ogla\u0161avati ne samo na bazi dosega nego izbjegavati one koji su kompromitovani:<\/p>\n<p><iframe loading=\"lazy\" title=\"Od politi\u010dara samo ke\u0161 - Zoran Peto\u0161, Koalicija Pod lupom\" width=\"500\" height=\"281\" src=\"https:\/\/www.youtube.com\/embed\/KS9-5bj_xRw?feature=oembed\" frameborder=\"0\" allow=\"accelerometer; autoplay; clipboard-write; encrypted-media; gyroscope; picture-in-picture; web-share\" referrerpolicy=\"strict-origin-when-cross-origin\" allowfullscreen><\/iframe><\/p>\n<p>Re\u010denicu s po\u010detka teksta nikad ne izgovaraju ljudi koji su na bilo koji na\u010din vezani za medijsku industriju. Jer impresum je svetinja.<\/p>\n<p>\u201eMi, u internoj komunikaciji, govorimo: kod Sa\u0161e, kod \u017dune, kod Velida, kod Gige, kod \u0160ijana\u2026 I znamo, \u0161to se ka\u017ee, u bocu, \u0161ta ko ho\u0107e, a \u0161ta ne\u0107e pustiti\u201c, ka\u017ee novinarka iz Prijedora. \u201eDa, da, predvidljivi su, kao i tradicionalni mediji. To im jeste zajedni\u010dko\u201c, smije se.<\/p>\n<p>\/U vrijeme nastajanja ovog teksta Evropska unija je donijela odluku o po\u010detku pristupnih pregovora s BiH. Prijedor je jedna od lokalnih zajednica u kojima su tim povodom osvanuli bilbordi s proevropskim porukama. Tema pregovora bi\u0107e i zakon o transparentnom vlasni\u0161tvu nad medijima, gdje evropski standardi podrazumijevaju da su javnosti dostupne informacije o svim udjelima u vlasni\u0161tvu ve\u0107im od pet odsto.\/<\/p>\n<p>[1]Na upit upu\u0107en na adrese sedam prijedorskih portala, s molbom da osobe zadu\u017eene za ure\u0111iva\u010dku politiku budu sagovornici, tri su pristala, www.prijedor24.com je rekao da nema vremena, a tri nisu odgovorila.<\/p>\n<p>[2]Iz Gradske uprave Prijedor nisu odgovorili na pitanja kojih od sedam portala su koristili usluge u periodu od 1.1.2020. do 29.2.2024. godine, po kojim kriterijumima, na osnovu kojih vrsta ugovora, sa kojim fizi\u010dkim ili pravnim licima, za koje vremenske periode i za koje mjese\u010dne iznose.<\/p>\n<p>Katarina Pani\u0107 &#8211; zamisli.ba<\/p>\n","protected":false},"excerpt":{"rendered":"<p>\u010citao\/la sam na portalu grada. Re\u010denicu koja ukazuje na rasprostranjeno shvatanje da Prijedor ima jedan news portal izgovaraju gra\u0111ani bez obzira na godine, obrazovanje, dru\u0161tveni status, posao kojim se bave, [&hellip;]<\/p>\n","protected":false},"author":1,"featured_media":0,"comment_status":"closed","ping_status":"open","sticky":false,"template":"","format":"standard","meta":{"_monsterinsights_skip_tracking":false,"_monsterinsights_sitenote_active":false,"_monsterinsights_sitenote_note":"","_monsterinsights_sitenote_category":0,"footnotes":""},"categories":[3],"tags":[],"yoast_head":"<!-- This site is optimized with the Yoast SEO plugin v21.6 - https:\/\/yoast.com\/wordpress\/plugins\/seo\/ -->\n<title>Od politi\u010dara samo ke\u0161 - PrijedorDanas.com - Prijedorski gradski portal<\/title>\n<meta name=\"robots\" content=\"index, follow, max-snippet:-1, max-image-preview:large, max-video-preview:-1\" \/>\n<link rel=\"canonical\" href=\"https:\/\/www.prijedordanas.com\/?p=222338\" \/>\n<meta property=\"og:locale\" content=\"en_US\" \/>\n<meta property=\"og:type\" content=\"article\" \/>\n<meta property=\"og:title\" content=\"Od politi\u010dara samo ke\u0161 - PrijedorDanas.com - Prijedorski gradski portal\" \/>\n<meta property=\"og:description\" content=\"\u010citao\/la sam na portalu grada. Re\u010denicu koja ukazuje na rasprostranjeno shvatanje da Prijedor ima jedan news portal izgovaraju gra\u0111ani bez obzira na godine, obrazovanje, dru\u0161tveni status, posao kojim se bave, [&hellip;]\" \/>\n<meta property=\"og:url\" content=\"https:\/\/www.prijedordanas.com\/?p=222338\" \/>\n<meta property=\"og:site_name\" content=\"PrijedorDanas.com - Prijedorski gradski portal\" \/>\n<meta property=\"article:publisher\" content=\"https:\/\/www.facebook.com\/PrijedorDanasCom\/\" \/>\n<meta property=\"article:published_time\" content=\"2024-03-29T15:22:09+00:00\" \/>\n<meta property=\"article:modified_time\" content=\"2024-03-29T15:39:34+00:00\" \/>\n<meta property=\"og:image\" content=\"https:\/\/www.prijedordanas.com\/wp-content\/uploads\/2021\/07\/katarina-panic-300x263.jpg\" \/>\n<meta name=\"author\" content=\"admin\" \/>\n<meta name=\"twitter:card\" content=\"summary_large_image\" \/>\n<meta name=\"twitter:label1\" content=\"Written by\" \/>\n\t<meta name=\"twitter:data1\" content=\"admin\" \/>\n\t<meta name=\"twitter:label2\" content=\"Est. reading time\" \/>\n\t<meta name=\"twitter:data2\" content=\"11 minutes\" \/>\n<script type=\"application\/ld+json\" class=\"yoast-schema-graph\">{\"@context\":\"https:\/\/schema.org\",\"@graph\":[{\"@type\":\"Article\",\"@id\":\"https:\/\/www.prijedordanas.com\/?p=222338#article\",\"isPartOf\":{\"@id\":\"https:\/\/www.prijedordanas.com\/?p=222338\"},\"author\":{\"name\":\"admin\",\"@id\":\"https:\/\/www.prijedordanas.com\/#\/schema\/person\/4e08ccf29b506ca916ff86d46bb700e6\"},\"headline\":\"Od politi\u010dara samo ke\u0161\",\"datePublished\":\"2024-03-29T15:22:09+00:00\",\"dateModified\":\"2024-03-29T15:39:34+00:00\",\"mainEntityOfPage\":{\"@id\":\"https:\/\/www.prijedordanas.com\/?p=222338\"},\"wordCount\":2412,\"publisher\":{\"@id\":\"https:\/\/www.prijedordanas.com\/#organization\"},\"articleSection\":[\"\u017divot\"],\"inLanguage\":\"en-US\"},{\"@type\":\"WebPage\",\"@id\":\"https:\/\/www.prijedordanas.com\/?p=222338\",\"url\":\"https:\/\/www.prijedordanas.com\/?p=222338\",\"name\":\"Od politi\u010dara samo ke\u0161 - PrijedorDanas.com - Prijedorski gradski portal\",\"isPartOf\":{\"@id\":\"https:\/\/www.prijedordanas.com\/#website\"},\"datePublished\":\"2024-03-29T15:22:09+00:00\",\"dateModified\":\"2024-03-29T15:39:34+00:00\",\"breadcrumb\":{\"@id\":\"https:\/\/www.prijedordanas.com\/?p=222338#breadcrumb\"},\"inLanguage\":\"en-US\",\"potentialAction\":[{\"@type\":\"ReadAction\",\"target\":[\"https:\/\/www.prijedordanas.com\/?p=222338\"]}]},{\"@type\":\"BreadcrumbList\",\"@id\":\"https:\/\/www.prijedordanas.com\/?p=222338#breadcrumb\",\"itemListElement\":[{\"@type\":\"ListItem\",\"position\":1,\"name\":\"Home\",\"item\":\"https:\/\/www.prijedordanas.com\/\"},{\"@type\":\"ListItem\",\"position\":2,\"name\":\"Od politi\u010dara samo ke\u0161\"}]},{\"@type\":\"WebSite\",\"@id\":\"https:\/\/www.prijedordanas.com\/#website\",\"url\":\"https:\/\/www.prijedordanas.com\/\",\"name\":\"PrijedorDanas.com - Prijedorski gradski portal\",\"description\":\"Portal o doga\u0111anjima u gradu Prijedoru\",\"publisher\":{\"@id\":\"https:\/\/www.prijedordanas.com\/#organization\"},\"potentialAction\":[{\"@type\":\"SearchAction\",\"target\":{\"@type\":\"EntryPoint\",\"urlTemplate\":\"https:\/\/www.prijedordanas.com\/?s={search_term_string}\"},\"query-input\":\"required name=search_term_string\"}],\"inLanguage\":\"en-US\"},{\"@type\":\"Organization\",\"@id\":\"https:\/\/www.prijedordanas.com\/#organization\",\"name\":\"PrijedorDanas.com\",\"url\":\"https:\/\/www.prijedordanas.com\/\",\"logo\":{\"@type\":\"ImageObject\",\"inLanguage\":\"en-US\",\"@id\":\"https:\/\/www.prijedordanas.com\/#\/schema\/logo\/image\/\",\"url\":\"http:\/\/www.prijedordanas.com\/wp-content\/uploads\/2021\/12\/logopng.png\",\"contentUrl\":\"http:\/\/www.prijedordanas.com\/wp-content\/uploads\/2021\/12\/logopng.png\",\"width\":1019,\"height\":776,\"caption\":\"PrijedorDanas.com\"},\"image\":{\"@id\":\"https:\/\/www.prijedordanas.com\/#\/schema\/logo\/image\/\"},\"sameAs\":[\"https:\/\/www.facebook.com\/PrijedorDanasCom\/\"]},{\"@type\":\"Person\",\"@id\":\"https:\/\/www.prijedordanas.com\/#\/schema\/person\/4e08ccf29b506ca916ff86d46bb700e6\",\"name\":\"admin\",\"image\":{\"@type\":\"ImageObject\",\"inLanguage\":\"en-US\",\"@id\":\"https:\/\/www.prijedordanas.com\/#\/schema\/person\/image\/\",\"url\":\"https:\/\/secure.gravatar.com\/avatar\/1d3fc949d550f0b53a5f0d51e06dfd79?s=96&d=mm&r=g\",\"contentUrl\":\"https:\/\/secure.gravatar.com\/avatar\/1d3fc949d550f0b53a5f0d51e06dfd79?s=96&d=mm&r=g\",\"caption\":\"admin\"},\"url\":\"https:\/\/www.prijedordanas.com\/?author=1\"}]}<\/script>\n<!-- \/ Yoast SEO plugin. -->","yoast_head_json":{"title":"Od politi\u010dara samo ke\u0161 - PrijedorDanas.com - Prijedorski gradski portal","robots":{"index":"index","follow":"follow","max-snippet":"max-snippet:-1","max-image-preview":"max-image-preview:large","max-video-preview":"max-video-preview:-1"},"canonical":"https:\/\/www.prijedordanas.com\/?p=222338","og_locale":"en_US","og_type":"article","og_title":"Od politi\u010dara samo ke\u0161 - PrijedorDanas.com - Prijedorski gradski portal","og_description":"\u010citao\/la sam na portalu grada. Re\u010denicu koja ukazuje na rasprostranjeno shvatanje da Prijedor ima jedan news portal izgovaraju gra\u0111ani bez obzira na godine, obrazovanje, dru\u0161tveni status, posao kojim se bave, [&hellip;]","og_url":"https:\/\/www.prijedordanas.com\/?p=222338","og_site_name":"PrijedorDanas.com - Prijedorski gradski portal","article_publisher":"https:\/\/www.facebook.com\/PrijedorDanasCom\/","article_published_time":"2024-03-29T15:22:09+00:00","article_modified_time":"2024-03-29T15:39:34+00:00","og_image":[{"url":"https:\/\/www.prijedordanas.com\/wp-content\/uploads\/2021\/07\/katarina-panic-300x263.jpg"}],"author":"admin","twitter_card":"summary_large_image","twitter_misc":{"Written by":"admin","Est. reading time":"11 minutes"},"schema":{"@context":"https:\/\/schema.org","@graph":[{"@type":"Article","@id":"https:\/\/www.prijedordanas.com\/?p=222338#article","isPartOf":{"@id":"https:\/\/www.prijedordanas.com\/?p=222338"},"author":{"name":"admin","@id":"https:\/\/www.prijedordanas.com\/#\/schema\/person\/4e08ccf29b506ca916ff86d46bb700e6"},"headline":"Od politi\u010dara samo ke\u0161","datePublished":"2024-03-29T15:22:09+00:00","dateModified":"2024-03-29T15:39:34+00:00","mainEntityOfPage":{"@id":"https:\/\/www.prijedordanas.com\/?p=222338"},"wordCount":2412,"publisher":{"@id":"https:\/\/www.prijedordanas.com\/#organization"},"articleSection":["\u017divot"],"inLanguage":"en-US"},{"@type":"WebPage","@id":"https:\/\/www.prijedordanas.com\/?p=222338","url":"https:\/\/www.prijedordanas.com\/?p=222338","name":"Od politi\u010dara samo ke\u0161 - PrijedorDanas.com - Prijedorski gradski portal","isPartOf":{"@id":"https:\/\/www.prijedordanas.com\/#website"},"datePublished":"2024-03-29T15:22:09+00:00","dateModified":"2024-03-29T15:39:34+00:00","breadcrumb":{"@id":"https:\/\/www.prijedordanas.com\/?p=222338#breadcrumb"},"inLanguage":"en-US","potentialAction":[{"@type":"ReadAction","target":["https:\/\/www.prijedordanas.com\/?p=222338"]}]},{"@type":"BreadcrumbList","@id":"https:\/\/www.prijedordanas.com\/?p=222338#breadcrumb","itemListElement":[{"@type":"ListItem","position":1,"name":"Home","item":"https:\/\/www.prijedordanas.com\/"},{"@type":"ListItem","position":2,"name":"Od politi\u010dara samo ke\u0161"}]},{"@type":"WebSite","@id":"https:\/\/www.prijedordanas.com\/#website","url":"https:\/\/www.prijedordanas.com\/","name":"PrijedorDanas.com - Prijedorski gradski portal","description":"Portal o doga\u0111anjima u gradu Prijedoru","publisher":{"@id":"https:\/\/www.prijedordanas.com\/#organization"},"potentialAction":[{"@type":"SearchAction","target":{"@type":"EntryPoint","urlTemplate":"https:\/\/www.prijedordanas.com\/?s={search_term_string}"},"query-input":"required name=search_term_string"}],"inLanguage":"en-US"},{"@type":"Organization","@id":"https:\/\/www.prijedordanas.com\/#organization","name":"PrijedorDanas.com","url":"https:\/\/www.prijedordanas.com\/","logo":{"@type":"ImageObject","inLanguage":"en-US","@id":"https:\/\/www.prijedordanas.com\/#\/schema\/logo\/image\/","url":"http:\/\/www.prijedordanas.com\/wp-content\/uploads\/2021\/12\/logopng.png","contentUrl":"http:\/\/www.prijedordanas.com\/wp-content\/uploads\/2021\/12\/logopng.png","width":1019,"height":776,"caption":"PrijedorDanas.com"},"image":{"@id":"https:\/\/www.prijedordanas.com\/#\/schema\/logo\/image\/"},"sameAs":["https:\/\/www.facebook.com\/PrijedorDanasCom\/"]},{"@type":"Person","@id":"https:\/\/www.prijedordanas.com\/#\/schema\/person\/4e08ccf29b506ca916ff86d46bb700e6","name":"admin","image":{"@type":"ImageObject","inLanguage":"en-US","@id":"https:\/\/www.prijedordanas.com\/#\/schema\/person\/image\/","url":"https:\/\/secure.gravatar.com\/avatar\/1d3fc949d550f0b53a5f0d51e06dfd79?s=96&d=mm&r=g","contentUrl":"https:\/\/secure.gravatar.com\/avatar\/1d3fc949d550f0b53a5f0d51e06dfd79?s=96&d=mm&r=g","caption":"admin"},"url":"https:\/\/www.prijedordanas.com\/?author=1"}]}},"_links":{"self":[{"href":"https:\/\/www.prijedordanas.com\/index.php?rest_route=\/wp\/v2\/posts\/222338"}],"collection":[{"href":"https:\/\/www.prijedordanas.com\/index.php?rest_route=\/wp\/v2\/posts"}],"about":[{"href":"https:\/\/www.prijedordanas.com\/index.php?rest_route=\/wp\/v2\/types\/post"}],"author":[{"embeddable":true,"href":"https:\/\/www.prijedordanas.com\/index.php?rest_route=\/wp\/v2\/users\/1"}],"replies":[{"embeddable":true,"href":"https:\/\/www.prijedordanas.com\/index.php?rest_route=%2Fwp%2Fv2%2Fcomments&post=222338"}],"version-history":[{"count":4,"href":"https:\/\/www.prijedordanas.com\/index.php?rest_route=\/wp\/v2\/posts\/222338\/revisions"}],"predecessor-version":[{"id":222350,"href":"https:\/\/www.prijedordanas.com\/index.php?rest_route=\/wp\/v2\/posts\/222338\/revisions\/222350"}],"wp:attachment":[{"href":"https:\/\/www.prijedordanas.com\/index.php?rest_route=%2Fwp%2Fv2%2Fmedia&parent=222338"}],"wp:term":[{"taxonomy":"category","embeddable":true,"href":"https:\/\/www.prijedordanas.com\/index.php?rest_route=%2Fwp%2Fv2%2Fcategories&post=222338"},{"taxonomy":"post_tag","embeddable":true,"href":"https:\/\/www.prijedordanas.com\/index.php?rest_route=%2Fwp%2Fv2%2Ftags&post=222338"}],"curies":[{"name":"wp","href":"https:\/\/api.w.org\/{rel}","templated":true}]}}