{"id":222010,"date":"2024-03-24T22:03:02","date_gmt":"2024-03-24T21:03:02","guid":{"rendered":"https:\/\/www.prijedordanas.com\/?p=222010"},"modified":"2024-03-24T22:19:32","modified_gmt":"2024-03-24T21:19:32","slug":"na-mrakovici-odrzana-42-manifestacija-pozdrav-proljecu-foto-video","status":"publish","type":"post","link":"https:\/\/www.prijedordanas.com\/?p=222010","title":{"rendered":"Na Mrakovici odr\u017eana 42. manifestacija &#8220;Pozdrav prolje\u0107u&#8221; &#8211; FOTO\/VIDEO"},"content":{"rendered":"<p><a href=\"https:\/\/www.prijedordanas.com\/wp-content\/uploads\/2024\/03\/kozarski-pozdrav-proljecu-2024-1.jpg\"><img loading=\"lazy\" decoding=\"async\" class=\"alignleft size-medium wp-image-222011\" src=\"https:\/\/www.prijedordanas.com\/wp-content\/uploads\/2024\/03\/kozarski-pozdrav-proljecu-2024-1-300x225.jpg\" alt=\"\" width=\"300\" height=\"225\" srcset=\"https:\/\/www.prijedordanas.com\/wp-content\/uploads\/2024\/03\/kozarski-pozdrav-proljecu-2024-1-300x225.jpg 300w, https:\/\/www.prijedordanas.com\/wp-content\/uploads\/2024\/03\/kozarski-pozdrav-proljecu-2024-1-640x480.jpg 640w, https:\/\/www.prijedordanas.com\/wp-content\/uploads\/2024\/03\/kozarski-pozdrav-proljecu-2024-1.jpg 667w\" sizes=\"(max-width: 300px) 100vw, 300px\" \/><\/a>Prijedorsko Planinarsko dru\u0161tvo \u201eKlekova\u010da\u201c po 42. put organizovalo je manifestaciju pod nazivom \u201ePozdrav prolje\u0107u\u201c.<\/p>\n<p>Oko 800 planinara iz Srbije, Hrvatske, Slovenije, Federacije BiH i Republike Srpske mar\u0161iralo je stazom dugom 13 kilometara od Rajkovi\u0107a preko Kozara\u010dkog kamena, Be\u0161i\u0107a poljane i Glavu\u0161e do Mrakovice. Ki\u0161a i snijeg koji je padao na Mrakovici uklizali su stazu i ote\u017eali kretanje, ali planinari, pa i oni najmla\u0111i, nisu dali da im to poremeti zacrtane ciljeve.<\/p>\n<p>Devetogodi\u0161nji Krsto Jandri\u0107 iz Prijedora ka\u017ee da je u po\u010detku bilo hladno, ali da je na kraju sve dobro zavr\u0161ilo.<\/p>\n<p>\u201cBilo je tu i padova, ali nije ni\u0161ta bilo pretjerano te\u0161ko. Kad su bili te\u0161ki i strmi dijelovi, imao sam ili \u0161tapove ili su nam dali u\u017ee pa smo se penjali\u201d, ka\u017ee ovaj mladi planinar.<\/p>\n<p><a href=\"https:\/\/www.prijedordanas.com\/wp-content\/uploads\/2024\/03\/kozarski-pozdrav-proljecu-2024-2.jpg\"><img loading=\"lazy\" decoding=\"async\" class=\"alignleft size-medium wp-image-222012\" src=\"https:\/\/www.prijedordanas.com\/wp-content\/uploads\/2024\/03\/kozarski-pozdrav-proljecu-2024-2-300x169.jpg\" alt=\"\" width=\"300\" height=\"169\" srcset=\"https:\/\/www.prijedordanas.com\/wp-content\/uploads\/2024\/03\/kozarski-pozdrav-proljecu-2024-2-300x169.jpg 300w, https:\/\/www.prijedordanas.com\/wp-content\/uploads\/2024\/03\/kozarski-pozdrav-proljecu-2024-2.jpg 600w\" sizes=\"(max-width: 300px) 100vw, 300px\" \/><\/a>Da pozdravi prolje\u0107e i druguje sa ostalim planinarima, iz Piskavice je stigla Danica Zvonar, koja je istakla da je manifestacija dobro organizovana.<\/p>\n<p>\u201eUpoznali smo mnoge prijatelje iz drugih mjesta, \u0161to je veoma va\u017eno. \u0160irimo prijateljstvo, planinarstvo, drugarstvo, zdrav \u017eivot. \u010cuvamo prirodu, upozoravamo ljude da to rade i dalje, \u0161to je najva\u017enije za dana\u0161nje vrijeme jer te\u0161ko je na\u0107i ovako lijepa i \u010dista mjesta kao \u0161to je Kozara i kao \u0161to su njene \u0161ume\u201c, rekla je Zvonareva.<\/p>\n<p>Na Kozaru i na manifestaciju \u201ePozdrav prolje\u0107u\u201c godinama dolaze i planinari iz Slovenije i Hrvatske.<\/p>\n<p><a href=\"https:\/\/www.prijedordanas.com\/wp-content\/uploads\/2024\/03\/kozarski-pozdrav-proljecu-2024-3.jpg\"><img loading=\"lazy\" decoding=\"async\" class=\"alignleft size-medium wp-image-222013\" src=\"https:\/\/www.prijedordanas.com\/wp-content\/uploads\/2024\/03\/kozarski-pozdrav-proljecu-2024-3-300x169.jpg\" alt=\"\" width=\"300\" height=\"169\" srcset=\"https:\/\/www.prijedordanas.com\/wp-content\/uploads\/2024\/03\/kozarski-pozdrav-proljecu-2024-3-300x169.jpg 300w, https:\/\/www.prijedordanas.com\/wp-content\/uploads\/2024\/03\/kozarski-pozdrav-proljecu-2024-3.jpg 600w\" sizes=\"(max-width: 300px) 100vw, 300px\" \/><\/a>Ki\u0161a i snijeg malo su poremetili planove mar\u0161iranja, ali na goste iz ove dvije dr\u017eave Mrakovica i dru\u017eenje sa drugim planinarima i ove godine ostavili su pozitivne utiske.<\/p>\n<p>Sedamdeset\u010detvorogodi\u0161nji Luka Mlinar planinari \u010detiri decenije, a sa kolegama iz slovena\u010dkog Planinarskog dru\u0161tva \u201eMislinja\u201c do\u0161ao je da se na Mrakovici dru\u017ei sa prijateljima.<\/p>\n<p>Ka\u017ee da je to njegov \u017eivotni put i da se sa kolegama iz Planinarskog dru\u0161tva \u201eKlekova\u010da\u201c dru\u017ei vi\u0161e od petnaest godina.<\/p>\n<p>Tre\u0107i put na Kozari i na \u201ePozdravu prolje\u0107u\u201c bila je Ana Marija Markovi\u0107 iz Hrvatskog planinarskog dru\u0161tva \u201eSokolovac\u201c iz Po\u017eege.<\/p>\n<p><a href=\"https:\/\/www.prijedordanas.com\/wp-content\/uploads\/2024\/03\/kozarski-pozdrav-proljecu-2024-4.jpg\"><img loading=\"lazy\" decoding=\"async\" class=\"alignleft size-medium wp-image-222014\" src=\"https:\/\/www.prijedordanas.com\/wp-content\/uploads\/2024\/03\/kozarski-pozdrav-proljecu-2024-4-300x169.jpg\" alt=\"\" width=\"300\" height=\"169\" srcset=\"https:\/\/www.prijedordanas.com\/wp-content\/uploads\/2024\/03\/kozarski-pozdrav-proljecu-2024-4-300x169.jpg 300w, https:\/\/www.prijedordanas.com\/wp-content\/uploads\/2024\/03\/kozarski-pozdrav-proljecu-2024-4.jpg 600w\" sizes=\"(max-width: 300px) 100vw, 300px\" \/><\/a>\u201cIskreno re\u010deno, Kozara je jako sli\u010dna na\u0161em Papuku. Vrlo smo sli\u010dni po visinama i po ovom svemu, ali evo mo\u017eda, ako ovi moji ne\u0107e \u010ditati, \u010dak mi je Kozara malo zanimljivija, malo atraktivnija od Papuka. Prelijepo nam je ovdje\u201d, uz osmijeh je naglasila Markovi\u0107eva.<\/p>\n<p>Planinarskom stazom od Rajkovi\u0107a do Mrakovice mar\u0161irali su i u\u010denici Srednje \u0161kole unutra\u0161njih poslova iz Banjaluke, koji \u0107e, kako su rekli, sa Kozare ponijeti puno lijepih utisaka. \u201cPrvi put sam na Kozari i prvi put ovoliku distancu da pje\u0161a\u010dim. Predivno je iskustvo i nadam se da \u0107u i slede\u0107e godine ako bog da ovdje pje\u0161a\u010diti i veoma je lijepa ova tura. Vidio sam da ovdje ima jako dobrih i humanih ljudi koji \u0107e pomo\u0107i ukoliko se desi neka nevolja\u201d, Isti\u010de osamnaestogodi\u0161nji Milovan Grmu\u0161a. I njegov kolega Marko Vranje\u0161 ka\u017ee da je atmosfera na manifestaciji bila za pam\u0107enje, dodaju\u0107i da jedva \u010deka slede\u0107i dolazak.<\/p>\n<p><a href=\"https:\/\/www.prijedordanas.com\/wp-content\/uploads\/2024\/03\/pozdrav-proljecu2024-11.jpg\"><img loading=\"lazy\" decoding=\"async\" class=\"alignleft size-medium wp-image-222019\" src=\"https:\/\/www.prijedordanas.com\/wp-content\/uploads\/2024\/03\/pozdrav-proljecu2024-11-300x135.jpg\" alt=\"\" width=\"300\" height=\"135\" srcset=\"https:\/\/www.prijedordanas.com\/wp-content\/uploads\/2024\/03\/pozdrav-proljecu2024-11-300x135.jpg 300w, https:\/\/www.prijedordanas.com\/wp-content\/uploads\/2024\/03\/pozdrav-proljecu2024-11.jpg 600w\" sizes=\"(max-width: 300px) 100vw, 300px\" \/><\/a>U svoj kalendar aktivnosti, Planinarsko dru\u0161tvo \u201cMajevica\u201d iz Bijeljine uvrstilo je i \u201cPozdrav prolje\u0107u\u201d na Mrakovici.<\/p>\n<p>Sa 40 bijeljinskih planinara, na Kozaru su do\u0161la i \u010detiri predstavnika turisti\u010dke organizacije ovog grada.<\/p>\n<p>\u201eMi smo se organizovali i na poziv prijatelja iz Planinarskog dru\u0161tva \u201eKlekova\u010da\u201c do\u0161li da podr\u017eimo ovu manifestaciju i da budemo na \u201ePozdravu prolje\u0107u\u201c. Nepovoljno vrijeme nije pokvarilo na\u0161e raspolo\u017eenje jer smo proveli ugodno vrijeme sa na\u0161im prijateljima planinarima na Kozari\u201c, rekao je Oliver Ostoji\u0107, vodi\u010d u Planinarsko ekolo\u0161kom dru\u0161tvu \u201eMajevica\u201c.<\/p>\n<p><a href=\"https:\/\/www.prijedordanas.com\/wp-content\/uploads\/2024\/03\/pozdrav-proljecu2024-7.jpg\"><img loading=\"lazy\" decoding=\"async\" class=\"alignleft size-medium wp-image-222021\" src=\"https:\/\/www.prijedordanas.com\/wp-content\/uploads\/2024\/03\/pozdrav-proljecu2024-7-300x225.jpg\" alt=\"\" width=\"300\" height=\"225\" srcset=\"https:\/\/www.prijedordanas.com\/wp-content\/uploads\/2024\/03\/pozdrav-proljecu2024-7-300x225.jpg 300w, https:\/\/www.prijedordanas.com\/wp-content\/uploads\/2024\/03\/pozdrav-proljecu2024-7.jpg 600w\" sizes=\"(max-width: 300px) 100vw, 300px\" \/><\/a>U Planinarskom savezu Republike Srpske isti\u010du da je \u201ePozdrav prolje\u0107u\u201c jedna od najva\u017enijih manifestacija u kalendaru ove organizacije.<\/p>\n<p>\u201cMi generalno imamo kalendar godi\u0161njih akcija Saveza i svako dru\u0161tvo dostavlja akcije od zna\u010daja koje prolaze odre\u0111enu provjeru i verifikaciju i unose se u kalendar. Jedna od najzna\u010dajnijih je ova akcija, koju svakako podr\u017eavamo i uvijek \u0107emo podr\u017eavati i ve\u0107ina planinarskih dru\u0161tava Republike Srpske u\u010destvuje u akciji\u201d, istakao je Neno Dobrijevi\u0107, predsjednik Saveza.<\/p>\n<p>Planinarsko dru\u0161tvo \u201cKlekova\u010da\u201d uspje\u0161no je organizovalo i ovogodi\u0161nju manifestaciju \u201cPozdrav prolje\u0107u\u201d.<\/p>\n<p>Iako su vremenske prilike bile nepovoljne u prvom dijelu dana, doma\u0107ini su zadovoljni odzivom gostiju i ukupnim ambijentom.<\/p>\n<p><a href=\"https:\/\/www.prijedordanas.com\/wp-content\/uploads\/2024\/03\/pozdrav-proljecu2024-8.jpg\"><img loading=\"lazy\" decoding=\"async\" class=\"alignleft size-medium wp-image-222022\" src=\"https:\/\/www.prijedordanas.com\/wp-content\/uploads\/2024\/03\/pozdrav-proljecu2024-8-300x200.jpg\" alt=\"\" width=\"300\" height=\"200\" srcset=\"https:\/\/www.prijedordanas.com\/wp-content\/uploads\/2024\/03\/pozdrav-proljecu2024-8-300x200.jpg 300w, https:\/\/www.prijedordanas.com\/wp-content\/uploads\/2024\/03\/pozdrav-proljecu2024-8-480x320.jpg 480w, https:\/\/www.prijedordanas.com\/wp-content\/uploads\/2024\/03\/pozdrav-proljecu2024-8.jpg 600w\" sizes=\"(max-width: 300px) 100vw, 300px\" \/><\/a>\u201cOvo je 42. put kako organizujemo ovu manifestaciju. Zadovoljni smo odzivom dru\u0161tava iz Republike Srpske, dijela Federacije BiH, Hrvatske, Slovenije i Srbije. Svi oni koji redovno dolaze, do\u0161li su i ovaj put, neki u manjem broju, ali uglavnom su se svi odazvali koji su dolazili i prethodnih godina na ovu manifestaciju. Sa te strane mo\u017eemo biti zadovoljni\u201d, rekao je Dragan Rom\u010devi\u0107, predsjednik Dru\u0161tva.<\/p>\n<p>Vremenske prilike bile su povoljnije u drugom dijelu dana \u0161to je planinarima omogu\u0107ilo da se nesmetano dru\u017ee uz vojni\u010dki pasulj.<\/p>\n<p>\u201cPozdrav prolje\u0107u\u201d trebalo je da obogati i muzi\u010dko zabavni program, ali je on otkazan zbog Dana \u017ealosti u Republici Srpskoj.<\/p>\n<p><a href=\"https:\/\/kozarski.com\/na-mrakovici-odrzana-42-manifestacija-pozdrav-proljecu\/\" target=\"_blank\" rel=\"noopener\">kozarski.com<\/a><\/p>\n<p><a href=\"https:\/\/www.prijedordanas.com\/wp-content\/uploads\/2024\/03\/pozdrav-proljecu2024-2.jpg\"><img loading=\"lazy\" decoding=\"async\" src=\"https:\/\/www.prijedordanas.com\/wp-content\/uploads\/2024\/03\/pozdrav-proljecu2024-2-140x300.jpg\" alt=\"\" width=\"140\" height=\"300\" class=\"alignleft size-medium wp-image-222023\" srcset=\"https:\/\/www.prijedordanas.com\/wp-content\/uploads\/2024\/03\/pozdrav-proljecu2024-2-140x300.jpg 140w, https:\/\/www.prijedordanas.com\/wp-content\/uploads\/2024\/03\/pozdrav-proljecu2024-2.jpg 280w\" sizes=\"(max-width: 140px) 100vw, 140px\" \/><\/a> <a href=\"https:\/\/www.prijedordanas.com\/wp-content\/uploads\/2024\/03\/pozdrav-proljecu2024-4.jpg\"><img loading=\"lazy\" decoding=\"async\" src=\"https:\/\/www.prijedordanas.com\/wp-content\/uploads\/2024\/03\/pozdrav-proljecu2024-4-169x300.jpg\" alt=\"\" width=\"169\" height=\"300\" class=\"alignleft size-medium wp-image-222024\" srcset=\"https:\/\/www.prijedordanas.com\/wp-content\/uploads\/2024\/03\/pozdrav-proljecu2024-4-169x300.jpg 169w, https:\/\/www.prijedordanas.com\/wp-content\/uploads\/2024\/03\/pozdrav-proljecu2024-4.jpg 338w\" sizes=\"(max-width: 169px) 100vw, 169px\" \/><\/a> <a href=\"https:\/\/www.prijedordanas.com\/wp-content\/uploads\/2024\/03\/pozdrav-proljecu2024-5.jpg\"><img loading=\"lazy\" decoding=\"async\" src=\"https:\/\/www.prijedordanas.com\/wp-content\/uploads\/2024\/03\/pozdrav-proljecu2024-5-169x300.jpg\" alt=\"\" width=\"169\" height=\"300\" class=\"alignleft size-medium wp-image-222025\" srcset=\"https:\/\/www.prijedordanas.com\/wp-content\/uploads\/2024\/03\/pozdrav-proljecu2024-5-169x300.jpg 169w, https:\/\/www.prijedordanas.com\/wp-content\/uploads\/2024\/03\/pozdrav-proljecu2024-5.jpg 338w\" sizes=\"(max-width: 169px) 100vw, 169px\" \/><\/a> <a href=\"https:\/\/www.prijedordanas.com\/wp-content\/uploads\/2024\/03\/pozdrav-proljecu2024-9.jpg\"><img loading=\"lazy\" decoding=\"async\" src=\"https:\/\/www.prijedordanas.com\/wp-content\/uploads\/2024\/03\/pozdrav-proljecu2024-9-300x140.jpg\" alt=\"\" width=\"300\" height=\"140\" class=\"alignleft size-medium wp-image-222026\" srcset=\"https:\/\/www.prijedordanas.com\/wp-content\/uploads\/2024\/03\/pozdrav-proljecu2024-9-300x140.jpg 300w, https:\/\/www.prijedordanas.com\/wp-content\/uploads\/2024\/03\/pozdrav-proljecu2024-9.jpg 600w\" sizes=\"(max-width: 300px) 100vw, 300px\" \/><\/a> <a href=\"https:\/\/www.prijedordanas.com\/wp-content\/uploads\/2024\/03\/pozdrav-proljecu2024-10.jpg\"><img loading=\"lazy\" decoding=\"async\" src=\"https:\/\/www.prijedordanas.com\/wp-content\/uploads\/2024\/03\/pozdrav-proljecu2024-10-300x140.jpg\" alt=\"\" width=\"300\" height=\"140\" class=\"alignleft size-medium wp-image-222027\" srcset=\"https:\/\/www.prijedordanas.com\/wp-content\/uploads\/2024\/03\/pozdrav-proljecu2024-10-300x140.jpg 300w, https:\/\/www.prijedordanas.com\/wp-content\/uploads\/2024\/03\/pozdrav-proljecu2024-10.jpg 600w\" sizes=\"(max-width: 300px) 100vw, 300px\" \/><\/a> <a href=\"https:\/\/www.prijedordanas.com\/wp-content\/uploads\/2024\/03\/pozdrav-proljecu2024-1.jpg\"><img loading=\"lazy\" decoding=\"async\" src=\"https:\/\/www.prijedordanas.com\/wp-content\/uploads\/2024\/03\/pozdrav-proljecu2024-1-248x300.jpg\" alt=\"\" width=\"248\" height=\"300\" class=\"alignleft size-medium wp-image-222028\" srcset=\"https:\/\/www.prijedordanas.com\/wp-content\/uploads\/2024\/03\/pozdrav-proljecu2024-1-248x300.jpg 248w, https:\/\/www.prijedordanas.com\/wp-content\/uploads\/2024\/03\/pozdrav-proljecu2024-1.jpg 495w\" sizes=\"(max-width: 248px) 100vw, 248px\" \/><\/a> <a href=\"https:\/\/www.prijedordanas.com\/wp-content\/uploads\/2024\/03\/pozdrav-proljecu2024-3.jpg\"><img loading=\"lazy\" decoding=\"async\" src=\"https:\/\/www.prijedordanas.com\/wp-content\/uploads\/2024\/03\/pozdrav-proljecu2024-3-225x300.jpg\" alt=\"\" width=\"225\" height=\"300\" class=\"alignleft size-medium wp-image-222029\" srcset=\"https:\/\/www.prijedordanas.com\/wp-content\/uploads\/2024\/03\/pozdrav-proljecu2024-3-225x300.jpg 225w, https:\/\/www.prijedordanas.com\/wp-content\/uploads\/2024\/03\/pozdrav-proljecu2024-3.jpg 450w\" sizes=\"(max-width: 225px) 100vw, 225px\" \/><\/a> <a href=\"https:\/\/www.prijedordanas.com\/wp-content\/uploads\/2024\/03\/pozdrav-proljecu2024-6.jpg\"><img loading=\"lazy\" decoding=\"async\" src=\"https:\/\/www.prijedordanas.com\/wp-content\/uploads\/2024\/03\/pozdrav-proljecu2024-6-169x300.jpg\" alt=\"\" width=\"169\" height=\"300\" class=\"alignleft size-medium wp-image-222030\" srcset=\"https:\/\/www.prijedordanas.com\/wp-content\/uploads\/2024\/03\/pozdrav-proljecu2024-6-169x300.jpg 169w, https:\/\/www.prijedordanas.com\/wp-content\/uploads\/2024\/03\/pozdrav-proljecu2024-6.jpg 338w\" sizes=\"(max-width: 169px) 100vw, 169px\" \/><\/a><\/p>\n<p><iframe loading=\"lazy\" title=\"PLANINARSKI \u201ePOZDRAV PROLJE\u0106U\u201c NA MRAKOVICI\" width=\"500\" height=\"281\" src=\"https:\/\/www.youtube.com\/embed\/jiXfX_ZOTF8?feature=oembed\" frameborder=\"0\" allow=\"accelerometer; autoplay; clipboard-write; encrypted-media; gyroscope; picture-in-picture; web-share\" allowfullscreen><\/iframe><\/p>\n","protected":false},"excerpt":{"rendered":"<p>Prijedorsko Planinarsko dru\u0161tvo \u201eKlekova\u010da\u201c po 42. put organizovalo je manifestaciju pod nazivom \u201ePozdrav prolje\u0107u\u201c. Oko 800 planinara iz Srbije, Hrvatske, Slovenije, Federacije BiH i Republike Srpske mar\u0161iralo je stazom dugom [&hellip;]<\/p>\n","protected":false},"author":1,"featured_media":0,"comment_status":"closed","ping_status":"open","sticky":false,"template":"","format":"standard","meta":{"_monsterinsights_skip_tracking":false,"_monsterinsights_sitenote_active":false,"_monsterinsights_sitenote_note":"","_monsterinsights_sitenote_category":0,"footnotes":""},"categories":[4,7515],"tags":[],"yoast_head":"<!-- This site is optimized with the Yoast SEO plugin v21.6 - https:\/\/yoast.com\/wordpress\/plugins\/seo\/ -->\n<title>Na Mrakovici odr\u017eana 42. manifestacija &quot;Pozdrav prolje\u0107u&quot; - FOTO\/VIDEO - PrijedorDanas.com - Prijedorski gradski portal<\/title>\n<meta name=\"robots\" content=\"index, follow, max-snippet:-1, max-image-preview:large, max-video-preview:-1\" \/>\n<link rel=\"canonical\" href=\"https:\/\/www.prijedordanas.com\/?p=222010\" \/>\n<meta property=\"og:locale\" content=\"en_US\" \/>\n<meta property=\"og:type\" content=\"article\" \/>\n<meta property=\"og:title\" content=\"Na Mrakovici odr\u017eana 42. manifestacija &quot;Pozdrav prolje\u0107u&quot; - FOTO\/VIDEO - PrijedorDanas.com - Prijedorski gradski portal\" \/>\n<meta property=\"og:description\" content=\"Prijedorsko Planinarsko dru\u0161tvo \u201eKlekova\u010da\u201c po 42. put organizovalo je manifestaciju pod nazivom \u201ePozdrav prolje\u0107u\u201c. Oko 800 planinara iz Srbije, Hrvatske, Slovenije, Federacije BiH i Republike Srpske mar\u0161iralo je stazom dugom [&hellip;]\" \/>\n<meta property=\"og:url\" content=\"https:\/\/www.prijedordanas.com\/?p=222010\" \/>\n<meta property=\"og:site_name\" content=\"PrijedorDanas.com - Prijedorski gradski portal\" \/>\n<meta property=\"article:publisher\" content=\"https:\/\/www.facebook.com\/PrijedorDanasCom\/\" \/>\n<meta property=\"article:published_time\" content=\"2024-03-24T21:03:02+00:00\" \/>\n<meta property=\"article:modified_time\" content=\"2024-03-24T21:19:32+00:00\" \/>\n<meta property=\"og:image\" content=\"https:\/\/www.prijedordanas.com\/wp-content\/uploads\/2024\/03\/kozarski-pozdrav-proljecu-2024-1-300x225.jpg\" \/>\n<meta name=\"author\" content=\"admin\" \/>\n<meta name=\"twitter:card\" content=\"summary_large_image\" \/>\n<meta name=\"twitter:label1\" content=\"Written by\" \/>\n\t<meta name=\"twitter:data1\" content=\"admin\" \/>\n\t<meta name=\"twitter:label2\" content=\"Est. reading time\" \/>\n\t<meta name=\"twitter:data2\" content=\"5 minutes\" \/>\n<script type=\"application\/ld+json\" class=\"yoast-schema-graph\">{\"@context\":\"https:\/\/schema.org\",\"@graph\":[{\"@type\":\"Article\",\"@id\":\"https:\/\/www.prijedordanas.com\/?p=222010#article\",\"isPartOf\":{\"@id\":\"https:\/\/www.prijedordanas.com\/?p=222010\"},\"author\":{\"name\":\"admin\",\"@id\":\"https:\/\/www.prijedordanas.com\/#\/schema\/person\/4e08ccf29b506ca916ff86d46bb700e6\"},\"headline\":\"Na Mrakovici odr\u017eana 42. manifestacija &#8220;Pozdrav prolje\u0107u&#8221; &#8211; FOTO\/VIDEO\",\"datePublished\":\"2024-03-24T21:03:02+00:00\",\"dateModified\":\"2024-03-24T21:19:32+00:00\",\"mainEntityOfPage\":{\"@id\":\"https:\/\/www.prijedordanas.com\/?p=222010\"},\"wordCount\":871,\"publisher\":{\"@id\":\"https:\/\/www.prijedordanas.com\/#organization\"},\"articleSection\":[\"Dru\u0161tvo\",\"Foto dana\"],\"inLanguage\":\"en-US\"},{\"@type\":\"WebPage\",\"@id\":\"https:\/\/www.prijedordanas.com\/?p=222010\",\"url\":\"https:\/\/www.prijedordanas.com\/?p=222010\",\"name\":\"Na Mrakovici odr\u017eana 42. manifestacija \\\"Pozdrav prolje\u0107u\\\" - FOTO\/VIDEO - PrijedorDanas.com - Prijedorski gradski portal\",\"isPartOf\":{\"@id\":\"https:\/\/www.prijedordanas.com\/#website\"},\"datePublished\":\"2024-03-24T21:03:02+00:00\",\"dateModified\":\"2024-03-24T21:19:32+00:00\",\"breadcrumb\":{\"@id\":\"https:\/\/www.prijedordanas.com\/?p=222010#breadcrumb\"},\"inLanguage\":\"en-US\",\"potentialAction\":[{\"@type\":\"ReadAction\",\"target\":[\"https:\/\/www.prijedordanas.com\/?p=222010\"]}]},{\"@type\":\"BreadcrumbList\",\"@id\":\"https:\/\/www.prijedordanas.com\/?p=222010#breadcrumb\",\"itemListElement\":[{\"@type\":\"ListItem\",\"position\":1,\"name\":\"Home\",\"item\":\"https:\/\/www.prijedordanas.com\/\"},{\"@type\":\"ListItem\",\"position\":2,\"name\":\"Na Mrakovici odr\u017eana 42. manifestacija &#8220;Pozdrav prolje\u0107u&#8221; &#8211; FOTO\/VIDEO\"}]},{\"@type\":\"WebSite\",\"@id\":\"https:\/\/www.prijedordanas.com\/#website\",\"url\":\"https:\/\/www.prijedordanas.com\/\",\"name\":\"PrijedorDanas.com - Prijedorski gradski portal\",\"description\":\"Portal o doga\u0111anjima u gradu Prijedoru\",\"publisher\":{\"@id\":\"https:\/\/www.prijedordanas.com\/#organization\"},\"potentialAction\":[{\"@type\":\"SearchAction\",\"target\":{\"@type\":\"EntryPoint\",\"urlTemplate\":\"https:\/\/www.prijedordanas.com\/?s={search_term_string}\"},\"query-input\":\"required name=search_term_string\"}],\"inLanguage\":\"en-US\"},{\"@type\":\"Organization\",\"@id\":\"https:\/\/www.prijedordanas.com\/#organization\",\"name\":\"PrijedorDanas.com\",\"url\":\"https:\/\/www.prijedordanas.com\/\",\"logo\":{\"@type\":\"ImageObject\",\"inLanguage\":\"en-US\",\"@id\":\"https:\/\/www.prijedordanas.com\/#\/schema\/logo\/image\/\",\"url\":\"http:\/\/www.prijedordanas.com\/wp-content\/uploads\/2021\/12\/logopng.png\",\"contentUrl\":\"http:\/\/www.prijedordanas.com\/wp-content\/uploads\/2021\/12\/logopng.png\",\"width\":1019,\"height\":776,\"caption\":\"PrijedorDanas.com\"},\"image\":{\"@id\":\"https:\/\/www.prijedordanas.com\/#\/schema\/logo\/image\/\"},\"sameAs\":[\"https:\/\/www.facebook.com\/PrijedorDanasCom\/\"]},{\"@type\":\"Person\",\"@id\":\"https:\/\/www.prijedordanas.com\/#\/schema\/person\/4e08ccf29b506ca916ff86d46bb700e6\",\"name\":\"admin\",\"image\":{\"@type\":\"ImageObject\",\"inLanguage\":\"en-US\",\"@id\":\"https:\/\/www.prijedordanas.com\/#\/schema\/person\/image\/\",\"url\":\"https:\/\/secure.gravatar.com\/avatar\/1d3fc949d550f0b53a5f0d51e06dfd79?s=96&d=mm&r=g\",\"contentUrl\":\"https:\/\/secure.gravatar.com\/avatar\/1d3fc949d550f0b53a5f0d51e06dfd79?s=96&d=mm&r=g\",\"caption\":\"admin\"},\"url\":\"https:\/\/www.prijedordanas.com\/?author=1\"}]}<\/script>\n<!-- \/ Yoast SEO plugin. -->","yoast_head_json":{"title":"Na Mrakovici odr\u017eana 42. manifestacija \"Pozdrav prolje\u0107u\" - FOTO\/VIDEO - PrijedorDanas.com - Prijedorski gradski portal","robots":{"index":"index","follow":"follow","max-snippet":"max-snippet:-1","max-image-preview":"max-image-preview:large","max-video-preview":"max-video-preview:-1"},"canonical":"https:\/\/www.prijedordanas.com\/?p=222010","og_locale":"en_US","og_type":"article","og_title":"Na Mrakovici odr\u017eana 42. manifestacija \"Pozdrav prolje\u0107u\" - FOTO\/VIDEO - PrijedorDanas.com - Prijedorski gradski portal","og_description":"Prijedorsko Planinarsko dru\u0161tvo \u201eKlekova\u010da\u201c po 42. put organizovalo je manifestaciju pod nazivom \u201ePozdrav prolje\u0107u\u201c. Oko 800 planinara iz Srbije, Hrvatske, Slovenije, Federacije BiH i Republike Srpske mar\u0161iralo je stazom dugom [&hellip;]","og_url":"https:\/\/www.prijedordanas.com\/?p=222010","og_site_name":"PrijedorDanas.com - Prijedorski gradski portal","article_publisher":"https:\/\/www.facebook.com\/PrijedorDanasCom\/","article_published_time":"2024-03-24T21:03:02+00:00","article_modified_time":"2024-03-24T21:19:32+00:00","og_image":[{"url":"https:\/\/www.prijedordanas.com\/wp-content\/uploads\/2024\/03\/kozarski-pozdrav-proljecu-2024-1-300x225.jpg"}],"author":"admin","twitter_card":"summary_large_image","twitter_misc":{"Written by":"admin","Est. reading time":"5 minutes"},"schema":{"@context":"https:\/\/schema.org","@graph":[{"@type":"Article","@id":"https:\/\/www.prijedordanas.com\/?p=222010#article","isPartOf":{"@id":"https:\/\/www.prijedordanas.com\/?p=222010"},"author":{"name":"admin","@id":"https:\/\/www.prijedordanas.com\/#\/schema\/person\/4e08ccf29b506ca916ff86d46bb700e6"},"headline":"Na Mrakovici odr\u017eana 42. manifestacija &#8220;Pozdrav prolje\u0107u&#8221; &#8211; FOTO\/VIDEO","datePublished":"2024-03-24T21:03:02+00:00","dateModified":"2024-03-24T21:19:32+00:00","mainEntityOfPage":{"@id":"https:\/\/www.prijedordanas.com\/?p=222010"},"wordCount":871,"publisher":{"@id":"https:\/\/www.prijedordanas.com\/#organization"},"articleSection":["Dru\u0161tvo","Foto dana"],"inLanguage":"en-US"},{"@type":"WebPage","@id":"https:\/\/www.prijedordanas.com\/?p=222010","url":"https:\/\/www.prijedordanas.com\/?p=222010","name":"Na Mrakovici odr\u017eana 42. manifestacija \"Pozdrav prolje\u0107u\" - FOTO\/VIDEO - PrijedorDanas.com - Prijedorski gradski portal","isPartOf":{"@id":"https:\/\/www.prijedordanas.com\/#website"},"datePublished":"2024-03-24T21:03:02+00:00","dateModified":"2024-03-24T21:19:32+00:00","breadcrumb":{"@id":"https:\/\/www.prijedordanas.com\/?p=222010#breadcrumb"},"inLanguage":"en-US","potentialAction":[{"@type":"ReadAction","target":["https:\/\/www.prijedordanas.com\/?p=222010"]}]},{"@type":"BreadcrumbList","@id":"https:\/\/www.prijedordanas.com\/?p=222010#breadcrumb","itemListElement":[{"@type":"ListItem","position":1,"name":"Home","item":"https:\/\/www.prijedordanas.com\/"},{"@type":"ListItem","position":2,"name":"Na Mrakovici odr\u017eana 42. manifestacija &#8220;Pozdrav prolje\u0107u&#8221; &#8211; FOTO\/VIDEO"}]},{"@type":"WebSite","@id":"https:\/\/www.prijedordanas.com\/#website","url":"https:\/\/www.prijedordanas.com\/","name":"PrijedorDanas.com - Prijedorski gradski portal","description":"Portal o doga\u0111anjima u gradu Prijedoru","publisher":{"@id":"https:\/\/www.prijedordanas.com\/#organization"},"potentialAction":[{"@type":"SearchAction","target":{"@type":"EntryPoint","urlTemplate":"https:\/\/www.prijedordanas.com\/?s={search_term_string}"},"query-input":"required name=search_term_string"}],"inLanguage":"en-US"},{"@type":"Organization","@id":"https:\/\/www.prijedordanas.com\/#organization","name":"PrijedorDanas.com","url":"https:\/\/www.prijedordanas.com\/","logo":{"@type":"ImageObject","inLanguage":"en-US","@id":"https:\/\/www.prijedordanas.com\/#\/schema\/logo\/image\/","url":"http:\/\/www.prijedordanas.com\/wp-content\/uploads\/2021\/12\/logopng.png","contentUrl":"http:\/\/www.prijedordanas.com\/wp-content\/uploads\/2021\/12\/logopng.png","width":1019,"height":776,"caption":"PrijedorDanas.com"},"image":{"@id":"https:\/\/www.prijedordanas.com\/#\/schema\/logo\/image\/"},"sameAs":["https:\/\/www.facebook.com\/PrijedorDanasCom\/"]},{"@type":"Person","@id":"https:\/\/www.prijedordanas.com\/#\/schema\/person\/4e08ccf29b506ca916ff86d46bb700e6","name":"admin","image":{"@type":"ImageObject","inLanguage":"en-US","@id":"https:\/\/www.prijedordanas.com\/#\/schema\/person\/image\/","url":"https:\/\/secure.gravatar.com\/avatar\/1d3fc949d550f0b53a5f0d51e06dfd79?s=96&d=mm&r=g","contentUrl":"https:\/\/secure.gravatar.com\/avatar\/1d3fc949d550f0b53a5f0d51e06dfd79?s=96&d=mm&r=g","caption":"admin"},"url":"https:\/\/www.prijedordanas.com\/?author=1"}]}},"_links":{"self":[{"href":"https:\/\/www.prijedordanas.com\/index.php?rest_route=\/wp\/v2\/posts\/222010"}],"collection":[{"href":"https:\/\/www.prijedordanas.com\/index.php?rest_route=\/wp\/v2\/posts"}],"about":[{"href":"https:\/\/www.prijedordanas.com\/index.php?rest_route=\/wp\/v2\/types\/post"}],"author":[{"embeddable":true,"href":"https:\/\/www.prijedordanas.com\/index.php?rest_route=\/wp\/v2\/users\/1"}],"replies":[{"embeddable":true,"href":"https:\/\/www.prijedordanas.com\/index.php?rest_route=%2Fwp%2Fv2%2Fcomments&post=222010"}],"version-history":[{"count":3,"href":"https:\/\/www.prijedordanas.com\/index.php?rest_route=\/wp\/v2\/posts\/222010\/revisions"}],"predecessor-version":[{"id":222031,"href":"https:\/\/www.prijedordanas.com\/index.php?rest_route=\/wp\/v2\/posts\/222010\/revisions\/222031"}],"wp:attachment":[{"href":"https:\/\/www.prijedordanas.com\/index.php?rest_route=%2Fwp%2Fv2%2Fmedia&parent=222010"}],"wp:term":[{"taxonomy":"category","embeddable":true,"href":"https:\/\/www.prijedordanas.com\/index.php?rest_route=%2Fwp%2Fv2%2Fcategories&post=222010"},{"taxonomy":"post_tag","embeddable":true,"href":"https:\/\/www.prijedordanas.com\/index.php?rest_route=%2Fwp%2Fv2%2Ftags&post=222010"}],"curies":[{"name":"wp","href":"https:\/\/api.w.org\/{rel}","templated":true}]}}