{"id":221532,"date":"2024-03-15T14:16:17","date_gmt":"2024-03-15T13:16:17","guid":{"rendered":"https:\/\/www.prijedordanas.com\/?p=221532"},"modified":"2024-03-15T14:16:17","modified_gmt":"2024-03-15T13:16:17","slug":"grad-prijedor-za-dacki-prevoz-srednjoskolcima-subvencije-od-20-50-i-100-odsto-3","status":"publish","type":"post","link":"https:\/\/www.prijedordanas.com\/?p=221532","title":{"rendered":"Grad Prijedor: Za \u0111a\u010dki prevoz srednjo\u0161kolcima subvencije od 20, 50 i 100 odsto"},"content":{"rendered":"<p><a href=\"https:\/\/www.prijedordanas.com\/wp-content\/uploads\/2023\/11\/gradska-uprava-prijedor-novembar2023-1.jpg\"><img loading=\"lazy\" decoding=\"async\" src=\"https:\/\/www.prijedordanas.com\/wp-content\/uploads\/2023\/11\/gradska-uprava-prijedor-novembar2023-1-300x225.jpg\" alt=\"\" width=\"300\" height=\"225\" class=\"alignleft size-medium wp-image-214192\" srcset=\"https:\/\/www.prijedordanas.com\/wp-content\/uploads\/2023\/11\/gradska-uprava-prijedor-novembar2023-1-300x225.jpg 300w, https:\/\/www.prijedordanas.com\/wp-content\/uploads\/2023\/11\/gradska-uprava-prijedor-novembar2023-1-640x480.jpg 640w, https:\/\/www.prijedordanas.com\/wp-content\/uploads\/2023\/11\/gradska-uprava-prijedor-novembar2023-1.jpg 667w\" sizes=\"(max-width: 300px) 100vw, 300px\" \/><\/a>Grad Prijedor raspisao je danas javne pozive za subvencije \u0111a\u010dkog prevoza za srednjo\u0161kolce iz Prijedora \u010dije mjesto prebivali\u0161ta je od \u0161kole udaljeno vi\u0161e od \u010detiri kilometra, za drugo polugodi\u0161te \u0161kolske 2023\/2024. godine.<\/p>\n<p>Na subvenciju od 20 odsto od cijene mjese\u010dne karte imaju pravo svi srednjo\u0161kolci koji ne ostvaruju subvenciju po drugom osnovu.<\/p>\n<p>Na subvenciju od 50 odsto imaju pravo srednjo\u0161kolci koji nemaju jednog roditelja, \u010diji roditelj ima status ratnog vojnog invalida, civilne \u017ertve rata ili \u017ertve ratne torture, kojima je jedan roditelj nezaposlen, a \u017eive u vi\u0161e\u010dlanoj porodici, kao i gdje jedan roditelj samostalno izdr\u017eava dijete.<\/p>\n<p>Pravo na subvenciju od 100 odsto imaju \u0111aci iz vi\u0161e\u010dlanih porodica gdje su oba roditelja nezaposlena, djeca bez roditeljskog staranja, u\u010denici sa invaliditetom, korisnici prava na njegu i pomo\u0107 drugog lica i djeca iz porodica \u010diji je roditelj korisnik stalne nov\u010dane pomo\u0107i ili prava na pomo\u0107 i njegu drugog lica.<\/p>\n<p>Pozivi su objavljeni na internet stranici grada i u sedmi\u010dnom listu &#8220;Kozarski vjesnik&#8221;, a rok za podno\u0161enje prijava je 15 dana.<\/p>\n<p>Za subvencije \u0111a\u010dkog prevoza u bud\u017eetu grada za ovu godinu planirano je 110.000 KM ili za 5.000 KM vi\u0161e nego lani. <\/p>\n<p>SRNA<\/p>\n","protected":false},"excerpt":{"rendered":"<p>Grad Prijedor raspisao je danas javne pozive za subvencije \u0111a\u010dkog prevoza za srednjo\u0161kolce iz Prijedora \u010dije mjesto prebivali\u0161ta je od \u0161kole udaljeno vi\u0161e od \u010detiri kilometra, za drugo polugodi\u0161te \u0161kolske [&hellip;]<\/p>\n","protected":false},"author":1,"featured_media":0,"comment_status":"closed","ping_status":"open","sticky":false,"template":"","format":"standard","meta":{"_monsterinsights_skip_tracking":false,"_monsterinsights_sitenote_active":false,"_monsterinsights_sitenote_note":"","_monsterinsights_sitenote_category":0,"footnotes":""},"categories":[4,7518],"tags":[],"yoast_head":"<!-- This site is optimized with the Yoast SEO plugin v21.6 - https:\/\/yoast.com\/wordpress\/plugins\/seo\/ -->\n<title>Grad Prijedor: Za \u0111a\u010dki prevoz srednjo\u0161kolcima subvencije od 20, 50 i 100 odsto - PrijedorDanas.com - Prijedorski gradski portal<\/title>\n<meta name=\"robots\" content=\"index, follow, max-snippet:-1, max-image-preview:large, max-video-preview:-1\" \/>\n<link rel=\"canonical\" href=\"https:\/\/www.prijedordanas.com\/?p=221532\" \/>\n<meta property=\"og:locale\" content=\"en_US\" \/>\n<meta property=\"og:type\" content=\"article\" \/>\n<meta property=\"og:title\" content=\"Grad Prijedor: Za \u0111a\u010dki prevoz srednjo\u0161kolcima subvencije od 20, 50 i 100 odsto - PrijedorDanas.com - Prijedorski gradski portal\" \/>\n<meta property=\"og:description\" content=\"Grad Prijedor raspisao je danas javne pozive za subvencije \u0111a\u010dkog prevoza za srednjo\u0161kolce iz Prijedora \u010dije mjesto prebivali\u0161ta je od \u0161kole udaljeno vi\u0161e od \u010detiri kilometra, za drugo polugodi\u0161te \u0161kolske [&hellip;]\" \/>\n<meta property=\"og:url\" content=\"https:\/\/www.prijedordanas.com\/?p=221532\" \/>\n<meta property=\"og:site_name\" content=\"PrijedorDanas.com - Prijedorski gradski portal\" \/>\n<meta property=\"article:publisher\" content=\"https:\/\/www.facebook.com\/PrijedorDanasCom\/\" \/>\n<meta property=\"article:published_time\" content=\"2024-03-15T13:16:17+00:00\" \/>\n<meta property=\"og:image\" content=\"https:\/\/www.prijedordanas.com\/wp-content\/uploads\/2023\/11\/gradska-uprava-prijedor-novembar2023-1-300x225.jpg\" \/>\n<meta name=\"author\" content=\"admin\" \/>\n<meta name=\"twitter:card\" content=\"summary_large_image\" \/>\n<meta name=\"twitter:label1\" content=\"Written by\" \/>\n\t<meta name=\"twitter:data1\" content=\"admin\" \/>\n\t<meta name=\"twitter:label2\" content=\"Est. reading time\" \/>\n\t<meta name=\"twitter:data2\" content=\"1 minute\" \/>\n<script type=\"application\/ld+json\" class=\"yoast-schema-graph\">{\"@context\":\"https:\/\/schema.org\",\"@graph\":[{\"@type\":\"Article\",\"@id\":\"https:\/\/www.prijedordanas.com\/?p=221532#article\",\"isPartOf\":{\"@id\":\"https:\/\/www.prijedordanas.com\/?p=221532\"},\"author\":{\"name\":\"admin\",\"@id\":\"https:\/\/www.prijedordanas.com\/#\/schema\/person\/4e08ccf29b506ca916ff86d46bb700e6\"},\"headline\":\"Grad Prijedor: Za \u0111a\u010dki prevoz srednjo\u0161kolcima subvencije od 20, 50 i 100 odsto\",\"datePublished\":\"2024-03-15T13:16:17+00:00\",\"dateModified\":\"2024-03-15T13:16:17+00:00\",\"mainEntityOfPage\":{\"@id\":\"https:\/\/www.prijedordanas.com\/?p=221532\"},\"wordCount\":215,\"publisher\":{\"@id\":\"https:\/\/www.prijedordanas.com\/#organization\"},\"articleSection\":[\"Dru\u0161tvo\",\"Mladi\"],\"inLanguage\":\"en-US\"},{\"@type\":\"WebPage\",\"@id\":\"https:\/\/www.prijedordanas.com\/?p=221532\",\"url\":\"https:\/\/www.prijedordanas.com\/?p=221532\",\"name\":\"Grad Prijedor: Za \u0111a\u010dki prevoz srednjo\u0161kolcima subvencije od 20, 50 i 100 odsto - PrijedorDanas.com - Prijedorski gradski portal\",\"isPartOf\":{\"@id\":\"https:\/\/www.prijedordanas.com\/#website\"},\"datePublished\":\"2024-03-15T13:16:17+00:00\",\"dateModified\":\"2024-03-15T13:16:17+00:00\",\"breadcrumb\":{\"@id\":\"https:\/\/www.prijedordanas.com\/?p=221532#breadcrumb\"},\"inLanguage\":\"en-US\",\"potentialAction\":[{\"@type\":\"ReadAction\",\"target\":[\"https:\/\/www.prijedordanas.com\/?p=221532\"]}]},{\"@type\":\"BreadcrumbList\",\"@id\":\"https:\/\/www.prijedordanas.com\/?p=221532#breadcrumb\",\"itemListElement\":[{\"@type\":\"ListItem\",\"position\":1,\"name\":\"Home\",\"item\":\"https:\/\/www.prijedordanas.com\/\"},{\"@type\":\"ListItem\",\"position\":2,\"name\":\"Grad Prijedor: Za \u0111a\u010dki prevoz srednjo\u0161kolcima subvencije od 20, 50 i 100 odsto\"}]},{\"@type\":\"WebSite\",\"@id\":\"https:\/\/www.prijedordanas.com\/#website\",\"url\":\"https:\/\/www.prijedordanas.com\/\",\"name\":\"PrijedorDanas.com - Prijedorski gradski portal\",\"description\":\"Portal o doga\u0111anjima u gradu Prijedoru\",\"publisher\":{\"@id\":\"https:\/\/www.prijedordanas.com\/#organization\"},\"potentialAction\":[{\"@type\":\"SearchAction\",\"target\":{\"@type\":\"EntryPoint\",\"urlTemplate\":\"https:\/\/www.prijedordanas.com\/?s={search_term_string}\"},\"query-input\":\"required name=search_term_string\"}],\"inLanguage\":\"en-US\"},{\"@type\":\"Organization\",\"@id\":\"https:\/\/www.prijedordanas.com\/#organization\",\"name\":\"PrijedorDanas.com\",\"url\":\"https:\/\/www.prijedordanas.com\/\",\"logo\":{\"@type\":\"ImageObject\",\"inLanguage\":\"en-US\",\"@id\":\"https:\/\/www.prijedordanas.com\/#\/schema\/logo\/image\/\",\"url\":\"http:\/\/www.prijedordanas.com\/wp-content\/uploads\/2021\/12\/logopng.png\",\"contentUrl\":\"http:\/\/www.prijedordanas.com\/wp-content\/uploads\/2021\/12\/logopng.png\",\"width\":1019,\"height\":776,\"caption\":\"PrijedorDanas.com\"},\"image\":{\"@id\":\"https:\/\/www.prijedordanas.com\/#\/schema\/logo\/image\/\"},\"sameAs\":[\"https:\/\/www.facebook.com\/PrijedorDanasCom\/\"]},{\"@type\":\"Person\",\"@id\":\"https:\/\/www.prijedordanas.com\/#\/schema\/person\/4e08ccf29b506ca916ff86d46bb700e6\",\"name\":\"admin\",\"image\":{\"@type\":\"ImageObject\",\"inLanguage\":\"en-US\",\"@id\":\"https:\/\/www.prijedordanas.com\/#\/schema\/person\/image\/\",\"url\":\"https:\/\/secure.gravatar.com\/avatar\/1d3fc949d550f0b53a5f0d51e06dfd79?s=96&d=mm&r=g\",\"contentUrl\":\"https:\/\/secure.gravatar.com\/avatar\/1d3fc949d550f0b53a5f0d51e06dfd79?s=96&d=mm&r=g\",\"caption\":\"admin\"},\"url\":\"https:\/\/www.prijedordanas.com\/?author=1\"}]}<\/script>\n<!-- \/ Yoast SEO plugin. -->","yoast_head_json":{"title":"Grad Prijedor: Za \u0111a\u010dki prevoz srednjo\u0161kolcima subvencije od 20, 50 i 100 odsto - PrijedorDanas.com - Prijedorski gradski portal","robots":{"index":"index","follow":"follow","max-snippet":"max-snippet:-1","max-image-preview":"max-image-preview:large","max-video-preview":"max-video-preview:-1"},"canonical":"https:\/\/www.prijedordanas.com\/?p=221532","og_locale":"en_US","og_type":"article","og_title":"Grad Prijedor: Za \u0111a\u010dki prevoz srednjo\u0161kolcima subvencije od 20, 50 i 100 odsto - PrijedorDanas.com - Prijedorski gradski portal","og_description":"Grad Prijedor raspisao je danas javne pozive za subvencije \u0111a\u010dkog prevoza za srednjo\u0161kolce iz Prijedora \u010dije mjesto prebivali\u0161ta je od \u0161kole udaljeno vi\u0161e od \u010detiri kilometra, za drugo polugodi\u0161te \u0161kolske [&hellip;]","og_url":"https:\/\/www.prijedordanas.com\/?p=221532","og_site_name":"PrijedorDanas.com - Prijedorski gradski portal","article_publisher":"https:\/\/www.facebook.com\/PrijedorDanasCom\/","article_published_time":"2024-03-15T13:16:17+00:00","og_image":[{"url":"https:\/\/www.prijedordanas.com\/wp-content\/uploads\/2023\/11\/gradska-uprava-prijedor-novembar2023-1-300x225.jpg"}],"author":"admin","twitter_card":"summary_large_image","twitter_misc":{"Written by":"admin","Est. reading time":"1 minute"},"schema":{"@context":"https:\/\/schema.org","@graph":[{"@type":"Article","@id":"https:\/\/www.prijedordanas.com\/?p=221532#article","isPartOf":{"@id":"https:\/\/www.prijedordanas.com\/?p=221532"},"author":{"name":"admin","@id":"https:\/\/www.prijedordanas.com\/#\/schema\/person\/4e08ccf29b506ca916ff86d46bb700e6"},"headline":"Grad Prijedor: Za \u0111a\u010dki prevoz srednjo\u0161kolcima subvencije od 20, 50 i 100 odsto","datePublished":"2024-03-15T13:16:17+00:00","dateModified":"2024-03-15T13:16:17+00:00","mainEntityOfPage":{"@id":"https:\/\/www.prijedordanas.com\/?p=221532"},"wordCount":215,"publisher":{"@id":"https:\/\/www.prijedordanas.com\/#organization"},"articleSection":["Dru\u0161tvo","Mladi"],"inLanguage":"en-US"},{"@type":"WebPage","@id":"https:\/\/www.prijedordanas.com\/?p=221532","url":"https:\/\/www.prijedordanas.com\/?p=221532","name":"Grad Prijedor: Za \u0111a\u010dki prevoz srednjo\u0161kolcima subvencije od 20, 50 i 100 odsto - PrijedorDanas.com - Prijedorski gradski portal","isPartOf":{"@id":"https:\/\/www.prijedordanas.com\/#website"},"datePublished":"2024-03-15T13:16:17+00:00","dateModified":"2024-03-15T13:16:17+00:00","breadcrumb":{"@id":"https:\/\/www.prijedordanas.com\/?p=221532#breadcrumb"},"inLanguage":"en-US","potentialAction":[{"@type":"ReadAction","target":["https:\/\/www.prijedordanas.com\/?p=221532"]}]},{"@type":"BreadcrumbList","@id":"https:\/\/www.prijedordanas.com\/?p=221532#breadcrumb","itemListElement":[{"@type":"ListItem","position":1,"name":"Home","item":"https:\/\/www.prijedordanas.com\/"},{"@type":"ListItem","position":2,"name":"Grad Prijedor: Za \u0111a\u010dki prevoz srednjo\u0161kolcima subvencije od 20, 50 i 100 odsto"}]},{"@type":"WebSite","@id":"https:\/\/www.prijedordanas.com\/#website","url":"https:\/\/www.prijedordanas.com\/","name":"PrijedorDanas.com - Prijedorski gradski portal","description":"Portal o doga\u0111anjima u gradu Prijedoru","publisher":{"@id":"https:\/\/www.prijedordanas.com\/#organization"},"potentialAction":[{"@type":"SearchAction","target":{"@type":"EntryPoint","urlTemplate":"https:\/\/www.prijedordanas.com\/?s={search_term_string}"},"query-input":"required name=search_term_string"}],"inLanguage":"en-US"},{"@type":"Organization","@id":"https:\/\/www.prijedordanas.com\/#organization","name":"PrijedorDanas.com","url":"https:\/\/www.prijedordanas.com\/","logo":{"@type":"ImageObject","inLanguage":"en-US","@id":"https:\/\/www.prijedordanas.com\/#\/schema\/logo\/image\/","url":"http:\/\/www.prijedordanas.com\/wp-content\/uploads\/2021\/12\/logopng.png","contentUrl":"http:\/\/www.prijedordanas.com\/wp-content\/uploads\/2021\/12\/logopng.png","width":1019,"height":776,"caption":"PrijedorDanas.com"},"image":{"@id":"https:\/\/www.prijedordanas.com\/#\/schema\/logo\/image\/"},"sameAs":["https:\/\/www.facebook.com\/PrijedorDanasCom\/"]},{"@type":"Person","@id":"https:\/\/www.prijedordanas.com\/#\/schema\/person\/4e08ccf29b506ca916ff86d46bb700e6","name":"admin","image":{"@type":"ImageObject","inLanguage":"en-US","@id":"https:\/\/www.prijedordanas.com\/#\/schema\/person\/image\/","url":"https:\/\/secure.gravatar.com\/avatar\/1d3fc949d550f0b53a5f0d51e06dfd79?s=96&d=mm&r=g","contentUrl":"https:\/\/secure.gravatar.com\/avatar\/1d3fc949d550f0b53a5f0d51e06dfd79?s=96&d=mm&r=g","caption":"admin"},"url":"https:\/\/www.prijedordanas.com\/?author=1"}]}},"_links":{"self":[{"href":"https:\/\/www.prijedordanas.com\/index.php?rest_route=\/wp\/v2\/posts\/221532"}],"collection":[{"href":"https:\/\/www.prijedordanas.com\/index.php?rest_route=\/wp\/v2\/posts"}],"about":[{"href":"https:\/\/www.prijedordanas.com\/index.php?rest_route=\/wp\/v2\/types\/post"}],"author":[{"embeddable":true,"href":"https:\/\/www.prijedordanas.com\/index.php?rest_route=\/wp\/v2\/users\/1"}],"replies":[{"embeddable":true,"href":"https:\/\/www.prijedordanas.com\/index.php?rest_route=%2Fwp%2Fv2%2Fcomments&post=221532"}],"version-history":[{"count":1,"href":"https:\/\/www.prijedordanas.com\/index.php?rest_route=\/wp\/v2\/posts\/221532\/revisions"}],"predecessor-version":[{"id":221534,"href":"https:\/\/www.prijedordanas.com\/index.php?rest_route=\/wp\/v2\/posts\/221532\/revisions\/221534"}],"wp:attachment":[{"href":"https:\/\/www.prijedordanas.com\/index.php?rest_route=%2Fwp%2Fv2%2Fmedia&parent=221532"}],"wp:term":[{"taxonomy":"category","embeddable":true,"href":"https:\/\/www.prijedordanas.com\/index.php?rest_route=%2Fwp%2Fv2%2Fcategories&post=221532"},{"taxonomy":"post_tag","embeddable":true,"href":"https:\/\/www.prijedordanas.com\/index.php?rest_route=%2Fwp%2Fv2%2Ftags&post=221532"}],"curies":[{"name":"wp","href":"https:\/\/api.w.org\/{rel}","templated":true}]}}