{"id":221313,"date":"2024-03-10T09:40:43","date_gmt":"2024-03-10T08:40:43","guid":{"rendered":"https:\/\/www.prijedordanas.com\/?p=221313"},"modified":"2024-03-10T09:40:43","modified_gmt":"2024-03-10T08:40:43","slug":"pobjeda-rudar-prijedora-u-nevesinju-petarda-u-mrezi-veleza-foto","status":"publish","type":"post","link":"https:\/\/www.prijedordanas.com\/?p=221313","title":{"rendered":"Pobjeda &#8220;Rudar-Prijedora&#8221; u Nevesinju: &#8220;Petarda&#8221; u mre\u017ei &#8220;Vele\u017ea&#8221; &#8211; FOTO"},"content":{"rendered":"<p><a href=\"https:\/\/www.prijedordanas.com\/wp-content\/uploads\/2024\/03\/velez-rudarpd-0-5-1.jpg\"><img loading=\"lazy\" decoding=\"async\" class=\"alignleft size-medium wp-image-221314\" src=\"https:\/\/www.prijedordanas.com\/wp-content\/uploads\/2024\/03\/velez-rudarpd-0-5-1-300x225.jpg\" alt=\"\" width=\"300\" height=\"225\" srcset=\"https:\/\/www.prijedordanas.com\/wp-content\/uploads\/2024\/03\/velez-rudarpd-0-5-1-300x225.jpg 300w, https:\/\/www.prijedordanas.com\/wp-content\/uploads\/2024\/03\/velez-rudarpd-0-5-1-640x480.jpg 640w, https:\/\/www.prijedordanas.com\/wp-content\/uploads\/2024\/03\/velez-rudarpd-0-5-1.jpg 666w\" sizes=\"(max-width: 300px) 100vw, 300px\" \/><\/a>U okviru 19. kola Prve lige RS, fudbaleri &#8220;Rudar-Prijedora&#8221; ostvarili su novu pobjedu.<\/p>\n<p>Prijedor\u010dani su u Nevesinju bez mnogo muke slavili u duelu sa &#8220;Vele\u017eom&#8221;.<\/p>\n<p>&#8220;Petarda&#8221; u mre\u017ei doma\u0107ih najbolje pokazuje odnos snaga na vodom natopljenom terenu.<\/p>\n<p>Gosti su odli\u010dno po\u010deli susret pa je Kesi\u0107 pogodio u 3. minuti a Sal\u010din udvostru\u010dio prednost pred kraj prvog dijela igre.<\/p>\n<p>Golovima Da Silve i Kesi\u0107a od 57. do 59. minute rije\u0161eno je pitanje pobjednika pa je do kraja autogolom Boti\u0107a samo postavljen kona\u010dan rezultat.<\/p>\n<p>Ono \u0161to posebno raduje sve u taboru &#8220;Rudar-Prijedora&#8221; su dva pogotka Edina Kesi\u0107a koji je pokazao da se radi o vrsnom golgeteru kojeg su povrede sprije\u010dile da od dolaska u klub iz grada na Sani poka\u017ee sav svoj talenat.<\/p>\n<p><a href=\"https:\/\/www.prijedordanas.com\/wp-content\/uploads\/2024\/03\/radio-nevesinje-velez-rudarpd-1.jpg\"><img loading=\"lazy\" decoding=\"async\" src=\"https:\/\/www.prijedordanas.com\/wp-content\/uploads\/2024\/03\/radio-nevesinje-velez-rudarpd-1-300x160.jpg\" alt=\"\" width=\"300\" height=\"160\" class=\"alignleft size-medium wp-image-221317\" srcset=\"https:\/\/www.prijedordanas.com\/wp-content\/uploads\/2024\/03\/radio-nevesinje-velez-rudarpd-1-300x160.jpg 300w, https:\/\/www.prijedordanas.com\/wp-content\/uploads\/2024\/03\/radio-nevesinje-velez-rudarpd-1.jpg 600w\" sizes=\"(max-width: 300px) 100vw, 300px\" \/><\/a>Vele\u017e (Nevesinje): Rudar-Prijedor 0:5 (0:2)<\/p>\n<p>Nevesinje<br \/>\nGradski stadion<br \/>\nGledalaca: 150<br \/>\nSudija: Marko Domazet (Isto\u010dna Ilid\u017ea)<br \/>\nStrijelci: Kesi\u0107 u 3. i 59., Sal\u010din u 39., Da Silva u 57. i Boti\u0107 (autogol) u 80. minuti<br \/>\n\u017duti karton: Da Silva (Rudar-Prijedor)<\/p>\n<p>Vele\u017e<br \/>\nVukanovi\u0107, Boti\u0107, Abaza (Andrija\u0161evi\u0107), Petkovi\u0107, An\u0111elovi\u0107, G.Prodanovi\u0107 (Kljaki\u0107), Mikuli\u0107, Sekulovi\u0107, \u017divkovi\u0107 (Ad\u017ei\u0107), S.Prodanovi\u0107, Repovi\u0107<\/p>\n<p>Rudar-Prijedor<br \/>\nTri\u0161i\u0107, Pekija, Sal\u010din, Kesi\u0107 (Gbegbe), Milakovi\u0107 (Smaji\u0107), Mari\u0107 (\u017divanovi\u0107), Beki\u0107, Rakovi\u0107, Amoa (Kova\u010devi\u0107), Bilbija, Da Silva (Markovi\u0107)<\/p>\n<p>Tekst \u2013 <a href=\"https:\/\/www.prijedordanas.com\" target=\"_blank\" rel=\"noopener noreferrer\">www.prijedordanas.com<\/a><br \/>\nFoto &#8211; FK Rudar-Prijedor\/Radio Nevesinje<\/p>\n<p><a href=\"https:\/\/www.prijedordanas.com\/wp-content\/uploads\/2024\/03\/velez-rudarpd-0-5-2.jpg\"><img loading=\"lazy\" decoding=\"async\" class=\"alignleft size-medium wp-image-221315\" src=\"https:\/\/www.prijedordanas.com\/wp-content\/uploads\/2024\/03\/velez-rudarpd-0-5-2-300x169.jpg\" alt=\"\" width=\"300\" height=\"169\" srcset=\"https:\/\/www.prijedordanas.com\/wp-content\/uploads\/2024\/03\/velez-rudarpd-0-5-2-300x169.jpg 300w, https:\/\/www.prijedordanas.com\/wp-content\/uploads\/2024\/03\/velez-rudarpd-0-5-2.jpg 600w\" sizes=\"(max-width: 300px) 100vw, 300px\" \/><\/a> <a href=\"https:\/\/www.prijedordanas.com\/wp-content\/uploads\/2024\/03\/velez-rudarpd-0-5-3.jpg\"><img loading=\"lazy\" decoding=\"async\" class=\"alignleft size-medium wp-image-221316\" src=\"https:\/\/www.prijedordanas.com\/wp-content\/uploads\/2024\/03\/velez-rudarpd-0-5-3-300x169.jpg\" alt=\"\" width=\"300\" height=\"169\" srcset=\"https:\/\/www.prijedordanas.com\/wp-content\/uploads\/2024\/03\/velez-rudarpd-0-5-3-300x169.jpg 300w, https:\/\/www.prijedordanas.com\/wp-content\/uploads\/2024\/03\/velez-rudarpd-0-5-3.jpg 600w\" sizes=\"(max-width: 300px) 100vw, 300px\" \/><\/a> <a href=\"https:\/\/www.prijedordanas.com\/wp-content\/uploads\/2024\/03\/radio-nevesinje-velez-rudarpd-2.jpg\"><img loading=\"lazy\" decoding=\"async\" src=\"https:\/\/www.prijedordanas.com\/wp-content\/uploads\/2024\/03\/radio-nevesinje-velez-rudarpd-2-300x151.jpg\" alt=\"\" width=\"300\" height=\"151\" class=\"alignleft size-medium wp-image-221318\" srcset=\"https:\/\/www.prijedordanas.com\/wp-content\/uploads\/2024\/03\/radio-nevesinje-velez-rudarpd-2-300x151.jpg 300w, https:\/\/www.prijedordanas.com\/wp-content\/uploads\/2024\/03\/radio-nevesinje-velez-rudarpd-2.jpg 600w\" sizes=\"(max-width: 300px) 100vw, 300px\" \/><\/a><\/p>\n","protected":false},"excerpt":{"rendered":"<p>U okviru 19. kola Prve lige RS, fudbaleri &#8220;Rudar-Prijedora&#8221; ostvarili su novu pobjedu. Prijedor\u010dani su u Nevesinju bez mnogo muke slavili u duelu sa &#8220;Vele\u017eom&#8221;. &#8220;Petarda&#8221; u mre\u017ei doma\u0107ih najbolje [&hellip;]<\/p>\n","protected":false},"author":1,"featured_media":0,"comment_status":"closed","ping_status":"open","sticky":false,"template":"","format":"standard","meta":{"_monsterinsights_skip_tracking":false,"_monsterinsights_sitenote_active":false,"_monsterinsights_sitenote_note":"","_monsterinsights_sitenote_category":0,"footnotes":""},"categories":[7],"tags":[],"yoast_head":"<!-- This site is optimized with the Yoast SEO plugin v21.6 - https:\/\/yoast.com\/wordpress\/plugins\/seo\/ -->\n<title>Pobjeda &quot;Rudar-Prijedora&quot; u Nevesinju: &quot;Petarda&quot; u mre\u017ei &quot;Vele\u017ea&quot; - FOTO - PrijedorDanas.com - Prijedorski gradski portal<\/title>\n<meta name=\"robots\" content=\"index, follow, max-snippet:-1, max-image-preview:large, max-video-preview:-1\" \/>\n<link rel=\"canonical\" href=\"https:\/\/www.prijedordanas.com\/?p=221313\" \/>\n<meta property=\"og:locale\" content=\"en_US\" \/>\n<meta property=\"og:type\" content=\"article\" \/>\n<meta property=\"og:title\" content=\"Pobjeda &quot;Rudar-Prijedora&quot; u Nevesinju: &quot;Petarda&quot; u mre\u017ei &quot;Vele\u017ea&quot; - FOTO - PrijedorDanas.com - Prijedorski gradski portal\" \/>\n<meta property=\"og:description\" content=\"U okviru 19. kola Prve lige RS, fudbaleri &#8220;Rudar-Prijedora&#8221; ostvarili su novu pobjedu. Prijedor\u010dani su u Nevesinju bez mnogo muke slavili u duelu sa &#8220;Vele\u017eom&#8221;. &#8220;Petarda&#8221; u mre\u017ei doma\u0107ih najbolje [&hellip;]\" \/>\n<meta property=\"og:url\" content=\"https:\/\/www.prijedordanas.com\/?p=221313\" \/>\n<meta property=\"og:site_name\" content=\"PrijedorDanas.com - Prijedorski gradski portal\" \/>\n<meta property=\"article:publisher\" content=\"https:\/\/www.facebook.com\/PrijedorDanasCom\/\" \/>\n<meta property=\"article:published_time\" content=\"2024-03-10T08:40:43+00:00\" \/>\n<meta property=\"og:image\" content=\"https:\/\/www.prijedordanas.com\/wp-content\/uploads\/2024\/03\/velez-rudarpd-0-5-1-300x225.jpg\" \/>\n<meta name=\"author\" content=\"admin\" \/>\n<meta name=\"twitter:card\" content=\"summary_large_image\" \/>\n<meta name=\"twitter:label1\" content=\"Written by\" \/>\n\t<meta name=\"twitter:data1\" content=\"admin\" \/>\n\t<meta name=\"twitter:label2\" content=\"Est. reading time\" \/>\n\t<meta name=\"twitter:data2\" content=\"2 minutes\" \/>\n<script type=\"application\/ld+json\" class=\"yoast-schema-graph\">{\"@context\":\"https:\/\/schema.org\",\"@graph\":[{\"@type\":\"Article\",\"@id\":\"https:\/\/www.prijedordanas.com\/?p=221313#article\",\"isPartOf\":{\"@id\":\"https:\/\/www.prijedordanas.com\/?p=221313\"},\"author\":{\"name\":\"admin\",\"@id\":\"https:\/\/www.prijedordanas.com\/#\/schema\/person\/4e08ccf29b506ca916ff86d46bb700e6\"},\"headline\":\"Pobjeda &#8220;Rudar-Prijedora&#8221; u Nevesinju: &#8220;Petarda&#8221; u mre\u017ei &#8220;Vele\u017ea&#8221; &#8211; FOTO\",\"datePublished\":\"2024-03-10T08:40:43+00:00\",\"dateModified\":\"2024-03-10T08:40:43+00:00\",\"mainEntityOfPage\":{\"@id\":\"https:\/\/www.prijedordanas.com\/?p=221313\"},\"wordCount\":229,\"publisher\":{\"@id\":\"https:\/\/www.prijedordanas.com\/#organization\"},\"articleSection\":[\"Sport\"],\"inLanguage\":\"en-US\"},{\"@type\":\"WebPage\",\"@id\":\"https:\/\/www.prijedordanas.com\/?p=221313\",\"url\":\"https:\/\/www.prijedordanas.com\/?p=221313\",\"name\":\"Pobjeda \\\"Rudar-Prijedora\\\" u Nevesinju: \\\"Petarda\\\" u mre\u017ei \\\"Vele\u017ea\\\" - FOTO - PrijedorDanas.com - Prijedorski gradski portal\",\"isPartOf\":{\"@id\":\"https:\/\/www.prijedordanas.com\/#website\"},\"datePublished\":\"2024-03-10T08:40:43+00:00\",\"dateModified\":\"2024-03-10T08:40:43+00:00\",\"breadcrumb\":{\"@id\":\"https:\/\/www.prijedordanas.com\/?p=221313#breadcrumb\"},\"inLanguage\":\"en-US\",\"potentialAction\":[{\"@type\":\"ReadAction\",\"target\":[\"https:\/\/www.prijedordanas.com\/?p=221313\"]}]},{\"@type\":\"BreadcrumbList\",\"@id\":\"https:\/\/www.prijedordanas.com\/?p=221313#breadcrumb\",\"itemListElement\":[{\"@type\":\"ListItem\",\"position\":1,\"name\":\"Home\",\"item\":\"https:\/\/www.prijedordanas.com\/\"},{\"@type\":\"ListItem\",\"position\":2,\"name\":\"Pobjeda &#8220;Rudar-Prijedora&#8221; u Nevesinju: &#8220;Petarda&#8221; u mre\u017ei &#8220;Vele\u017ea&#8221; &#8211; FOTO\"}]},{\"@type\":\"WebSite\",\"@id\":\"https:\/\/www.prijedordanas.com\/#website\",\"url\":\"https:\/\/www.prijedordanas.com\/\",\"name\":\"PrijedorDanas.com - Prijedorski gradski portal\",\"description\":\"Portal o doga\u0111anjima u gradu Prijedoru\",\"publisher\":{\"@id\":\"https:\/\/www.prijedordanas.com\/#organization\"},\"potentialAction\":[{\"@type\":\"SearchAction\",\"target\":{\"@type\":\"EntryPoint\",\"urlTemplate\":\"https:\/\/www.prijedordanas.com\/?s={search_term_string}\"},\"query-input\":\"required name=search_term_string\"}],\"inLanguage\":\"en-US\"},{\"@type\":\"Organization\",\"@id\":\"https:\/\/www.prijedordanas.com\/#organization\",\"name\":\"PrijedorDanas.com\",\"url\":\"https:\/\/www.prijedordanas.com\/\",\"logo\":{\"@type\":\"ImageObject\",\"inLanguage\":\"en-US\",\"@id\":\"https:\/\/www.prijedordanas.com\/#\/schema\/logo\/image\/\",\"url\":\"http:\/\/www.prijedordanas.com\/wp-content\/uploads\/2021\/12\/logopng.png\",\"contentUrl\":\"http:\/\/www.prijedordanas.com\/wp-content\/uploads\/2021\/12\/logopng.png\",\"width\":1019,\"height\":776,\"caption\":\"PrijedorDanas.com\"},\"image\":{\"@id\":\"https:\/\/www.prijedordanas.com\/#\/schema\/logo\/image\/\"},\"sameAs\":[\"https:\/\/www.facebook.com\/PrijedorDanasCom\/\"]},{\"@type\":\"Person\",\"@id\":\"https:\/\/www.prijedordanas.com\/#\/schema\/person\/4e08ccf29b506ca916ff86d46bb700e6\",\"name\":\"admin\",\"image\":{\"@type\":\"ImageObject\",\"inLanguage\":\"en-US\",\"@id\":\"https:\/\/www.prijedordanas.com\/#\/schema\/person\/image\/\",\"url\":\"https:\/\/secure.gravatar.com\/avatar\/1d3fc949d550f0b53a5f0d51e06dfd79?s=96&d=mm&r=g\",\"contentUrl\":\"https:\/\/secure.gravatar.com\/avatar\/1d3fc949d550f0b53a5f0d51e06dfd79?s=96&d=mm&r=g\",\"caption\":\"admin\"},\"url\":\"https:\/\/www.prijedordanas.com\/?author=1\"}]}<\/script>\n<!-- \/ Yoast SEO plugin. -->","yoast_head_json":{"title":"Pobjeda \"Rudar-Prijedora\" u Nevesinju: \"Petarda\" u mre\u017ei \"Vele\u017ea\" - FOTO - PrijedorDanas.com - Prijedorski gradski portal","robots":{"index":"index","follow":"follow","max-snippet":"max-snippet:-1","max-image-preview":"max-image-preview:large","max-video-preview":"max-video-preview:-1"},"canonical":"https:\/\/www.prijedordanas.com\/?p=221313","og_locale":"en_US","og_type":"article","og_title":"Pobjeda \"Rudar-Prijedora\" u Nevesinju: \"Petarda\" u mre\u017ei \"Vele\u017ea\" - FOTO - PrijedorDanas.com - Prijedorski gradski portal","og_description":"U okviru 19. kola Prve lige RS, fudbaleri &#8220;Rudar-Prijedora&#8221; ostvarili su novu pobjedu. Prijedor\u010dani su u Nevesinju bez mnogo muke slavili u duelu sa &#8220;Vele\u017eom&#8221;. &#8220;Petarda&#8221; u mre\u017ei doma\u0107ih najbolje [&hellip;]","og_url":"https:\/\/www.prijedordanas.com\/?p=221313","og_site_name":"PrijedorDanas.com - Prijedorski gradski portal","article_publisher":"https:\/\/www.facebook.com\/PrijedorDanasCom\/","article_published_time":"2024-03-10T08:40:43+00:00","og_image":[{"url":"https:\/\/www.prijedordanas.com\/wp-content\/uploads\/2024\/03\/velez-rudarpd-0-5-1-300x225.jpg"}],"author":"admin","twitter_card":"summary_large_image","twitter_misc":{"Written by":"admin","Est. reading time":"2 minutes"},"schema":{"@context":"https:\/\/schema.org","@graph":[{"@type":"Article","@id":"https:\/\/www.prijedordanas.com\/?p=221313#article","isPartOf":{"@id":"https:\/\/www.prijedordanas.com\/?p=221313"},"author":{"name":"admin","@id":"https:\/\/www.prijedordanas.com\/#\/schema\/person\/4e08ccf29b506ca916ff86d46bb700e6"},"headline":"Pobjeda &#8220;Rudar-Prijedora&#8221; u Nevesinju: &#8220;Petarda&#8221; u mre\u017ei &#8220;Vele\u017ea&#8221; &#8211; FOTO","datePublished":"2024-03-10T08:40:43+00:00","dateModified":"2024-03-10T08:40:43+00:00","mainEntityOfPage":{"@id":"https:\/\/www.prijedordanas.com\/?p=221313"},"wordCount":229,"publisher":{"@id":"https:\/\/www.prijedordanas.com\/#organization"},"articleSection":["Sport"],"inLanguage":"en-US"},{"@type":"WebPage","@id":"https:\/\/www.prijedordanas.com\/?p=221313","url":"https:\/\/www.prijedordanas.com\/?p=221313","name":"Pobjeda \"Rudar-Prijedora\" u Nevesinju: \"Petarda\" u mre\u017ei \"Vele\u017ea\" - FOTO - PrijedorDanas.com - Prijedorski gradski portal","isPartOf":{"@id":"https:\/\/www.prijedordanas.com\/#website"},"datePublished":"2024-03-10T08:40:43+00:00","dateModified":"2024-03-10T08:40:43+00:00","breadcrumb":{"@id":"https:\/\/www.prijedordanas.com\/?p=221313#breadcrumb"},"inLanguage":"en-US","potentialAction":[{"@type":"ReadAction","target":["https:\/\/www.prijedordanas.com\/?p=221313"]}]},{"@type":"BreadcrumbList","@id":"https:\/\/www.prijedordanas.com\/?p=221313#breadcrumb","itemListElement":[{"@type":"ListItem","position":1,"name":"Home","item":"https:\/\/www.prijedordanas.com\/"},{"@type":"ListItem","position":2,"name":"Pobjeda &#8220;Rudar-Prijedora&#8221; u Nevesinju: &#8220;Petarda&#8221; u mre\u017ei &#8220;Vele\u017ea&#8221; &#8211; FOTO"}]},{"@type":"WebSite","@id":"https:\/\/www.prijedordanas.com\/#website","url":"https:\/\/www.prijedordanas.com\/","name":"PrijedorDanas.com - Prijedorski gradski portal","description":"Portal o doga\u0111anjima u gradu Prijedoru","publisher":{"@id":"https:\/\/www.prijedordanas.com\/#organization"},"potentialAction":[{"@type":"SearchAction","target":{"@type":"EntryPoint","urlTemplate":"https:\/\/www.prijedordanas.com\/?s={search_term_string}"},"query-input":"required name=search_term_string"}],"inLanguage":"en-US"},{"@type":"Organization","@id":"https:\/\/www.prijedordanas.com\/#organization","name":"PrijedorDanas.com","url":"https:\/\/www.prijedordanas.com\/","logo":{"@type":"ImageObject","inLanguage":"en-US","@id":"https:\/\/www.prijedordanas.com\/#\/schema\/logo\/image\/","url":"http:\/\/www.prijedordanas.com\/wp-content\/uploads\/2021\/12\/logopng.png","contentUrl":"http:\/\/www.prijedordanas.com\/wp-content\/uploads\/2021\/12\/logopng.png","width":1019,"height":776,"caption":"PrijedorDanas.com"},"image":{"@id":"https:\/\/www.prijedordanas.com\/#\/schema\/logo\/image\/"},"sameAs":["https:\/\/www.facebook.com\/PrijedorDanasCom\/"]},{"@type":"Person","@id":"https:\/\/www.prijedordanas.com\/#\/schema\/person\/4e08ccf29b506ca916ff86d46bb700e6","name":"admin","image":{"@type":"ImageObject","inLanguage":"en-US","@id":"https:\/\/www.prijedordanas.com\/#\/schema\/person\/image\/","url":"https:\/\/secure.gravatar.com\/avatar\/1d3fc949d550f0b53a5f0d51e06dfd79?s=96&d=mm&r=g","contentUrl":"https:\/\/secure.gravatar.com\/avatar\/1d3fc949d550f0b53a5f0d51e06dfd79?s=96&d=mm&r=g","caption":"admin"},"url":"https:\/\/www.prijedordanas.com\/?author=1"}]}},"_links":{"self":[{"href":"https:\/\/www.prijedordanas.com\/index.php?rest_route=\/wp\/v2\/posts\/221313"}],"collection":[{"href":"https:\/\/www.prijedordanas.com\/index.php?rest_route=\/wp\/v2\/posts"}],"about":[{"href":"https:\/\/www.prijedordanas.com\/index.php?rest_route=\/wp\/v2\/types\/post"}],"author":[{"embeddable":true,"href":"https:\/\/www.prijedordanas.com\/index.php?rest_route=\/wp\/v2\/users\/1"}],"replies":[{"embeddable":true,"href":"https:\/\/www.prijedordanas.com\/index.php?rest_route=%2Fwp%2Fv2%2Fcomments&post=221313"}],"version-history":[{"count":1,"href":"https:\/\/www.prijedordanas.com\/index.php?rest_route=\/wp\/v2\/posts\/221313\/revisions"}],"predecessor-version":[{"id":221319,"href":"https:\/\/www.prijedordanas.com\/index.php?rest_route=\/wp\/v2\/posts\/221313\/revisions\/221319"}],"wp:attachment":[{"href":"https:\/\/www.prijedordanas.com\/index.php?rest_route=%2Fwp%2Fv2%2Fmedia&parent=221313"}],"wp:term":[{"taxonomy":"category","embeddable":true,"href":"https:\/\/www.prijedordanas.com\/index.php?rest_route=%2Fwp%2Fv2%2Fcategories&post=221313"},{"taxonomy":"post_tag","embeddable":true,"href":"https:\/\/www.prijedordanas.com\/index.php?rest_route=%2Fwp%2Fv2%2Ftags&post=221313"}],"curies":[{"name":"wp","href":"https:\/\/api.w.org\/{rel}","templated":true}]}}