{"id":221275,"date":"2024-03-08T16:40:53","date_gmt":"2024-03-08T15:40:53","guid":{"rendered":"https:\/\/www.prijedordanas.com\/?p=221275"},"modified":"2024-03-08T16:40:53","modified_gmt":"2024-03-08T15:40:53","slug":"prijedor-objavljen-javni-poziv-za-sufinansiranje-projekata-udruzenja","status":"publish","type":"post","link":"https:\/\/www.prijedordanas.com\/?p=221275","title":{"rendered":"Prijedor: Objavljen javni poziv za sufinansiranje projekata udru\u017eenja"},"content":{"rendered":"<p><a href=\"https:\/\/www.prijedordanas.com\/wp-content\/uploads\/2019\/12\/grad-prijedor-ilustracija.jpg\"><img loading=\"lazy\" decoding=\"async\" src=\"https:\/\/www.prijedordanas.com\/wp-content\/uploads\/2019\/12\/grad-prijedor-ilustracija-300x253.jpg\" alt=\"\" width=\"300\" height=\"253\" class=\"alignleft size-medium wp-image-137729\" srcset=\"https:\/\/www.prijedordanas.com\/wp-content\/uploads\/2019\/12\/grad-prijedor-ilustracija-300x253.jpg 300w, https:\/\/www.prijedordanas.com\/wp-content\/uploads\/2019\/12\/grad-prijedor-ilustracija.jpg 653w\" sizes=\"(max-width: 300px) 100vw, 300px\" \/><\/a>Grad Prijedor objavio je danas javni poziv za sufinansiranje programsko-projektnih aktivnosti socijalno-humanitarnih saveza\/udru\u017eenja i udru\u017eenja nacionalnih manjina iz bud\u017eeta Grada Prijedora u 2024. godini<\/p>\n<p>Na\u010delnik Odjeljenja za kulturu, me\u0111unarodnu saradnju, sport i nevladine organizacije Aleksandar Milje\u0161i\u0107 pozvao je sve socijalno-humanitarne saveze i udru\u017eenja te udru\u017eenja nacionalnih manjina da se prijave za raspodjelu sredstava iz bud\u017eeta Grada Prijedora u 2024. godini.<\/p>\n<p>Javni poziv je objavljen u sedmi\u010dnom listu \u201dKozarski vjesnik\u201d i na zvani\u010dnom sajtu grada gdje je navedena sva potrebna dokumentacija za prijavu na ovaj javni poziv.Za socijalno-humanitarna udru\u017eenja u bud\u017eetu grada za 2024.godinu planirano je 120.000 KM, a za udru\u017eenja nacionalnih manjina 25.000 KM.<\/p>\n<p><a href=\"https:\/\/www.prijedorgrad.org\/sr-EU\/vijesti-sadrzaj.html?vid=19632\" target=\"_blank\" rel=\"noopener\">prijedorgrad.org<\/a><\/p>\n<p><strong><a href=\"https:\/\/www.prijedorgrad.org\/files\/sadrzaj\/S19631_3.JAVNI%20POZIV%20-%20sa%20obrascima%20-%202024.pdf\" target=\"_blank\" rel=\"noopener\">JAVNI POZIV <\/a><\/strong><\/p>\n","protected":false},"excerpt":{"rendered":"<p>Grad Prijedor objavio je danas javni poziv za sufinansiranje programsko-projektnih aktivnosti socijalno-humanitarnih saveza\/udru\u017eenja i udru\u017eenja nacionalnih manjina iz bud\u017eeta Grada Prijedora u 2024. godini Na\u010delnik Odjeljenja za kulturu, me\u0111unarodnu saradnju, [&hellip;]<\/p>\n","protected":false},"author":1,"featured_media":0,"comment_status":"closed","ping_status":"open","sticky":false,"template":"","format":"standard","meta":{"_monsterinsights_skip_tracking":false,"_monsterinsights_sitenote_active":false,"_monsterinsights_sitenote_note":"","_monsterinsights_sitenote_category":0,"footnotes":""},"categories":[8],"tags":[],"yoast_head":"<!-- This site is optimized with the Yoast SEO plugin v21.6 - https:\/\/yoast.com\/wordpress\/plugins\/seo\/ -->\n<title>Prijedor: Objavljen javni poziv za sufinansiranje projekata udru\u017eenja - PrijedorDanas.com - Prijedorski gradski portal<\/title>\n<meta name=\"robots\" content=\"index, follow, max-snippet:-1, max-image-preview:large, max-video-preview:-1\" \/>\n<link rel=\"canonical\" href=\"https:\/\/www.prijedordanas.com\/?p=221275\" \/>\n<meta property=\"og:locale\" content=\"en_US\" \/>\n<meta property=\"og:type\" content=\"article\" \/>\n<meta property=\"og:title\" content=\"Prijedor: Objavljen javni poziv za sufinansiranje projekata udru\u017eenja - PrijedorDanas.com - Prijedorski gradski portal\" \/>\n<meta property=\"og:description\" content=\"Grad Prijedor objavio je danas javni poziv za sufinansiranje programsko-projektnih aktivnosti socijalno-humanitarnih saveza\/udru\u017eenja i udru\u017eenja nacionalnih manjina iz bud\u017eeta Grada Prijedora u 2024. godini Na\u010delnik Odjeljenja za kulturu, me\u0111unarodnu saradnju, [&hellip;]\" \/>\n<meta property=\"og:url\" content=\"https:\/\/www.prijedordanas.com\/?p=221275\" \/>\n<meta property=\"og:site_name\" content=\"PrijedorDanas.com - Prijedorski gradski portal\" \/>\n<meta property=\"article:publisher\" content=\"https:\/\/www.facebook.com\/PrijedorDanasCom\/\" \/>\n<meta property=\"article:published_time\" content=\"2024-03-08T15:40:53+00:00\" \/>\n<meta property=\"og:image\" content=\"https:\/\/www.prijedordanas.com\/wp-content\/uploads\/2019\/12\/grad-prijedor-ilustracija-300x253.jpg\" \/>\n<meta name=\"author\" content=\"admin\" \/>\n<meta name=\"twitter:card\" content=\"summary_large_image\" \/>\n<meta name=\"twitter:label1\" content=\"Written by\" \/>\n\t<meta name=\"twitter:data1\" content=\"admin\" \/>\n\t<meta name=\"twitter:label2\" content=\"Est. reading time\" \/>\n\t<meta name=\"twitter:data2\" content=\"1 minute\" \/>\n<script type=\"application\/ld+json\" class=\"yoast-schema-graph\">{\"@context\":\"https:\/\/schema.org\",\"@graph\":[{\"@type\":\"Article\",\"@id\":\"https:\/\/www.prijedordanas.com\/?p=221275#article\",\"isPartOf\":{\"@id\":\"https:\/\/www.prijedordanas.com\/?p=221275\"},\"author\":{\"name\":\"admin\",\"@id\":\"https:\/\/www.prijedordanas.com\/#\/schema\/person\/4e08ccf29b506ca916ff86d46bb700e6\"},\"headline\":\"Prijedor: Objavljen javni poziv za sufinansiranje projekata udru\u017eenja\",\"datePublished\":\"2024-03-08T15:40:53+00:00\",\"dateModified\":\"2024-03-08T15:40:53+00:00\",\"mainEntityOfPage\":{\"@id\":\"https:\/\/www.prijedordanas.com\/?p=221275\"},\"wordCount\":129,\"publisher\":{\"@id\":\"https:\/\/www.prijedordanas.com\/#organization\"},\"articleSection\":[\"Svakodnevno\"],\"inLanguage\":\"en-US\"},{\"@type\":\"WebPage\",\"@id\":\"https:\/\/www.prijedordanas.com\/?p=221275\",\"url\":\"https:\/\/www.prijedordanas.com\/?p=221275\",\"name\":\"Prijedor: Objavljen javni poziv za sufinansiranje projekata udru\u017eenja - PrijedorDanas.com - Prijedorski gradski portal\",\"isPartOf\":{\"@id\":\"https:\/\/www.prijedordanas.com\/#website\"},\"datePublished\":\"2024-03-08T15:40:53+00:00\",\"dateModified\":\"2024-03-08T15:40:53+00:00\",\"breadcrumb\":{\"@id\":\"https:\/\/www.prijedordanas.com\/?p=221275#breadcrumb\"},\"inLanguage\":\"en-US\",\"potentialAction\":[{\"@type\":\"ReadAction\",\"target\":[\"https:\/\/www.prijedordanas.com\/?p=221275\"]}]},{\"@type\":\"BreadcrumbList\",\"@id\":\"https:\/\/www.prijedordanas.com\/?p=221275#breadcrumb\",\"itemListElement\":[{\"@type\":\"ListItem\",\"position\":1,\"name\":\"Home\",\"item\":\"https:\/\/www.prijedordanas.com\/\"},{\"@type\":\"ListItem\",\"position\":2,\"name\":\"Prijedor: Objavljen javni poziv za sufinansiranje projekata udru\u017eenja\"}]},{\"@type\":\"WebSite\",\"@id\":\"https:\/\/www.prijedordanas.com\/#website\",\"url\":\"https:\/\/www.prijedordanas.com\/\",\"name\":\"PrijedorDanas.com - Prijedorski gradski portal\",\"description\":\"Portal o doga\u0111anjima u gradu Prijedoru\",\"publisher\":{\"@id\":\"https:\/\/www.prijedordanas.com\/#organization\"},\"potentialAction\":[{\"@type\":\"SearchAction\",\"target\":{\"@type\":\"EntryPoint\",\"urlTemplate\":\"https:\/\/www.prijedordanas.com\/?s={search_term_string}\"},\"query-input\":\"required name=search_term_string\"}],\"inLanguage\":\"en-US\"},{\"@type\":\"Organization\",\"@id\":\"https:\/\/www.prijedordanas.com\/#organization\",\"name\":\"PrijedorDanas.com\",\"url\":\"https:\/\/www.prijedordanas.com\/\",\"logo\":{\"@type\":\"ImageObject\",\"inLanguage\":\"en-US\",\"@id\":\"https:\/\/www.prijedordanas.com\/#\/schema\/logo\/image\/\",\"url\":\"http:\/\/www.prijedordanas.com\/wp-content\/uploads\/2021\/12\/logopng.png\",\"contentUrl\":\"http:\/\/www.prijedordanas.com\/wp-content\/uploads\/2021\/12\/logopng.png\",\"width\":1019,\"height\":776,\"caption\":\"PrijedorDanas.com\"},\"image\":{\"@id\":\"https:\/\/www.prijedordanas.com\/#\/schema\/logo\/image\/\"},\"sameAs\":[\"https:\/\/www.facebook.com\/PrijedorDanasCom\/\"]},{\"@type\":\"Person\",\"@id\":\"https:\/\/www.prijedordanas.com\/#\/schema\/person\/4e08ccf29b506ca916ff86d46bb700e6\",\"name\":\"admin\",\"image\":{\"@type\":\"ImageObject\",\"inLanguage\":\"en-US\",\"@id\":\"https:\/\/www.prijedordanas.com\/#\/schema\/person\/image\/\",\"url\":\"https:\/\/secure.gravatar.com\/avatar\/1d3fc949d550f0b53a5f0d51e06dfd79?s=96&d=mm&r=g\",\"contentUrl\":\"https:\/\/secure.gravatar.com\/avatar\/1d3fc949d550f0b53a5f0d51e06dfd79?s=96&d=mm&r=g\",\"caption\":\"admin\"},\"url\":\"https:\/\/www.prijedordanas.com\/?author=1\"}]}<\/script>\n<!-- \/ Yoast SEO plugin. -->","yoast_head_json":{"title":"Prijedor: Objavljen javni poziv za sufinansiranje projekata udru\u017eenja - PrijedorDanas.com - Prijedorski gradski portal","robots":{"index":"index","follow":"follow","max-snippet":"max-snippet:-1","max-image-preview":"max-image-preview:large","max-video-preview":"max-video-preview:-1"},"canonical":"https:\/\/www.prijedordanas.com\/?p=221275","og_locale":"en_US","og_type":"article","og_title":"Prijedor: Objavljen javni poziv za sufinansiranje projekata udru\u017eenja - PrijedorDanas.com - Prijedorski gradski portal","og_description":"Grad Prijedor objavio je danas javni poziv za sufinansiranje programsko-projektnih aktivnosti socijalno-humanitarnih saveza\/udru\u017eenja i udru\u017eenja nacionalnih manjina iz bud\u017eeta Grada Prijedora u 2024. godini Na\u010delnik Odjeljenja za kulturu, me\u0111unarodnu saradnju, [&hellip;]","og_url":"https:\/\/www.prijedordanas.com\/?p=221275","og_site_name":"PrijedorDanas.com - Prijedorski gradski portal","article_publisher":"https:\/\/www.facebook.com\/PrijedorDanasCom\/","article_published_time":"2024-03-08T15:40:53+00:00","og_image":[{"url":"https:\/\/www.prijedordanas.com\/wp-content\/uploads\/2019\/12\/grad-prijedor-ilustracija-300x253.jpg"}],"author":"admin","twitter_card":"summary_large_image","twitter_misc":{"Written by":"admin","Est. reading time":"1 minute"},"schema":{"@context":"https:\/\/schema.org","@graph":[{"@type":"Article","@id":"https:\/\/www.prijedordanas.com\/?p=221275#article","isPartOf":{"@id":"https:\/\/www.prijedordanas.com\/?p=221275"},"author":{"name":"admin","@id":"https:\/\/www.prijedordanas.com\/#\/schema\/person\/4e08ccf29b506ca916ff86d46bb700e6"},"headline":"Prijedor: Objavljen javni poziv za sufinansiranje projekata udru\u017eenja","datePublished":"2024-03-08T15:40:53+00:00","dateModified":"2024-03-08T15:40:53+00:00","mainEntityOfPage":{"@id":"https:\/\/www.prijedordanas.com\/?p=221275"},"wordCount":129,"publisher":{"@id":"https:\/\/www.prijedordanas.com\/#organization"},"articleSection":["Svakodnevno"],"inLanguage":"en-US"},{"@type":"WebPage","@id":"https:\/\/www.prijedordanas.com\/?p=221275","url":"https:\/\/www.prijedordanas.com\/?p=221275","name":"Prijedor: Objavljen javni poziv za sufinansiranje projekata udru\u017eenja - PrijedorDanas.com - Prijedorski gradski portal","isPartOf":{"@id":"https:\/\/www.prijedordanas.com\/#website"},"datePublished":"2024-03-08T15:40:53+00:00","dateModified":"2024-03-08T15:40:53+00:00","breadcrumb":{"@id":"https:\/\/www.prijedordanas.com\/?p=221275#breadcrumb"},"inLanguage":"en-US","potentialAction":[{"@type":"ReadAction","target":["https:\/\/www.prijedordanas.com\/?p=221275"]}]},{"@type":"BreadcrumbList","@id":"https:\/\/www.prijedordanas.com\/?p=221275#breadcrumb","itemListElement":[{"@type":"ListItem","position":1,"name":"Home","item":"https:\/\/www.prijedordanas.com\/"},{"@type":"ListItem","position":2,"name":"Prijedor: Objavljen javni poziv za sufinansiranje projekata udru\u017eenja"}]},{"@type":"WebSite","@id":"https:\/\/www.prijedordanas.com\/#website","url":"https:\/\/www.prijedordanas.com\/","name":"PrijedorDanas.com - Prijedorski gradski portal","description":"Portal o doga\u0111anjima u gradu Prijedoru","publisher":{"@id":"https:\/\/www.prijedordanas.com\/#organization"},"potentialAction":[{"@type":"SearchAction","target":{"@type":"EntryPoint","urlTemplate":"https:\/\/www.prijedordanas.com\/?s={search_term_string}"},"query-input":"required name=search_term_string"}],"inLanguage":"en-US"},{"@type":"Organization","@id":"https:\/\/www.prijedordanas.com\/#organization","name":"PrijedorDanas.com","url":"https:\/\/www.prijedordanas.com\/","logo":{"@type":"ImageObject","inLanguage":"en-US","@id":"https:\/\/www.prijedordanas.com\/#\/schema\/logo\/image\/","url":"http:\/\/www.prijedordanas.com\/wp-content\/uploads\/2021\/12\/logopng.png","contentUrl":"http:\/\/www.prijedordanas.com\/wp-content\/uploads\/2021\/12\/logopng.png","width":1019,"height":776,"caption":"PrijedorDanas.com"},"image":{"@id":"https:\/\/www.prijedordanas.com\/#\/schema\/logo\/image\/"},"sameAs":["https:\/\/www.facebook.com\/PrijedorDanasCom\/"]},{"@type":"Person","@id":"https:\/\/www.prijedordanas.com\/#\/schema\/person\/4e08ccf29b506ca916ff86d46bb700e6","name":"admin","image":{"@type":"ImageObject","inLanguage":"en-US","@id":"https:\/\/www.prijedordanas.com\/#\/schema\/person\/image\/","url":"https:\/\/secure.gravatar.com\/avatar\/1d3fc949d550f0b53a5f0d51e06dfd79?s=96&d=mm&r=g","contentUrl":"https:\/\/secure.gravatar.com\/avatar\/1d3fc949d550f0b53a5f0d51e06dfd79?s=96&d=mm&r=g","caption":"admin"},"url":"https:\/\/www.prijedordanas.com\/?author=1"}]}},"_links":{"self":[{"href":"https:\/\/www.prijedordanas.com\/index.php?rest_route=\/wp\/v2\/posts\/221275"}],"collection":[{"href":"https:\/\/www.prijedordanas.com\/index.php?rest_route=\/wp\/v2\/posts"}],"about":[{"href":"https:\/\/www.prijedordanas.com\/index.php?rest_route=\/wp\/v2\/types\/post"}],"author":[{"embeddable":true,"href":"https:\/\/www.prijedordanas.com\/index.php?rest_route=\/wp\/v2\/users\/1"}],"replies":[{"embeddable":true,"href":"https:\/\/www.prijedordanas.com\/index.php?rest_route=%2Fwp%2Fv2%2Fcomments&post=221275"}],"version-history":[{"count":1,"href":"https:\/\/www.prijedordanas.com\/index.php?rest_route=\/wp\/v2\/posts\/221275\/revisions"}],"predecessor-version":[{"id":221276,"href":"https:\/\/www.prijedordanas.com\/index.php?rest_route=\/wp\/v2\/posts\/221275\/revisions\/221276"}],"wp:attachment":[{"href":"https:\/\/www.prijedordanas.com\/index.php?rest_route=%2Fwp%2Fv2%2Fmedia&parent=221275"}],"wp:term":[{"taxonomy":"category","embeddable":true,"href":"https:\/\/www.prijedordanas.com\/index.php?rest_route=%2Fwp%2Fv2%2Fcategories&post=221275"},{"taxonomy":"post_tag","embeddable":true,"href":"https:\/\/www.prijedordanas.com\/index.php?rest_route=%2Fwp%2Fv2%2Ftags&post=221275"}],"curies":[{"name":"wp","href":"https:\/\/api.w.org\/{rel}","templated":true}]}}