{"id":221203,"date":"2024-03-07T15:06:28","date_gmt":"2024-03-07T14:06:28","guid":{"rendered":"https:\/\/www.prijedordanas.com\/?p=221203"},"modified":"2024-03-07T15:06:28","modified_gmt":"2024-03-07T14:06:28","slug":"prijedor-ulice-uljepsane-osmomartovskom-ponudom-foto-video","status":"publish","type":"post","link":"https:\/\/www.prijedordanas.com\/?p=221203","title":{"rendered":"Prijedor: Ulice uljep\u0161ane osmomartovskom ponudom &#8211; FOTO\/VIDEO"},"content":{"rendered":"<p><a href=\"https:\/\/www.prijedordanas.com\/wp-content\/uploads\/2024\/03\/osmomartovski-standovi-2024-1.jpg\"><img loading=\"lazy\" decoding=\"async\" class=\"alignleft size-medium wp-image-221204\" src=\"https:\/\/www.prijedordanas.com\/wp-content\/uploads\/2024\/03\/osmomartovski-standovi-2024-1-300x225.jpg\" alt=\"\" width=\"300\" height=\"225\" srcset=\"https:\/\/www.prijedordanas.com\/wp-content\/uploads\/2024\/03\/osmomartovski-standovi-2024-1-300x225.jpg 300w, https:\/\/www.prijedordanas.com\/wp-content\/uploads\/2024\/03\/osmomartovski-standovi-2024-1-640x480.jpg 640w, https:\/\/www.prijedordanas.com\/wp-content\/uploads\/2024\/03\/osmomartovski-standovi-2024-1.jpg 667w\" sizes=\"(max-width: 300px) 100vw, 300px\" \/><\/a>Osmi mart mnoge asocira na \u0161tandove ispunjene kozmetikom, cvije\u0107em i ukrasnim predmetima.<\/p>\n<p>Ni ova godina nije izuzetak.<\/p>\n<p>Uli\u010dni trgovci nude svoje proizvode, a prolaznici zastaju, razgledaju i kupuju u skladu s mogu\u0107nostima.<\/p>\n<p>Nekim na\u0161im sugra\u0111ankama Me\u0111unarodni dan \u017eena ne predstavlja ni\u0161ta posebno i smatraju da znake pa\u017enje ne teba prilago\u0111avati svjetskom kalendaru.<\/p>\n<p>\u201cIskreno da vam ka\u017eem, meni je to kao i svaki obi\u010dni dan. Jedina razlika je \u0161to na Osmi mart kupujem poklone k\u0107erkama i prijateljicama\u201d, rekla je Ozrenka Bauk.<\/p>\n<p>\u017deljana Torbica ka\u017ee da je cvije\u0107e kupila za majku i njene radnice.<\/p>\n<p><a href=\"https:\/\/www.prijedordanas.com\/wp-content\/uploads\/2024\/03\/osmomartovski-standovi-2024-3.jpg\"><img loading=\"lazy\" decoding=\"async\" class=\"alignleft size-medium wp-image-221206\" src=\"https:\/\/www.prijedordanas.com\/wp-content\/uploads\/2024\/03\/osmomartovski-standovi-2024-3-300x225.jpg\" alt=\"\" width=\"300\" height=\"225\" srcset=\"https:\/\/www.prijedordanas.com\/wp-content\/uploads\/2024\/03\/osmomartovski-standovi-2024-3-300x225.jpg 300w, https:\/\/www.prijedordanas.com\/wp-content\/uploads\/2024\/03\/osmomartovski-standovi-2024-3-640x480.jpg 640w, https:\/\/www.prijedordanas.com\/wp-content\/uploads\/2024\/03\/osmomartovski-standovi-2024-3.jpg 667w\" sizes=\"(max-width: 300px) 100vw, 300px\" \/><\/a>\u201cMislim da \u017eenama treba poklanjati svaki dan ne\u0161to, a ne samo jedan dan u godini\u201d, dodala je \u017deljana.<\/p>\n<p>\u0160to se ti\u010de prodaje, najtra\u017eenije od cvije\u0107a su ru\u017ee i karanfili, \u010dije cijene se nisu bitno promijenile u odnosu na protekli period, pa je tako cijena karanfila 1,5 KM, a ru\u017ee 5 KM.<\/p>\n<p>Ni\u0161ta manje nisu tra\u017eeni ni ukrasni predmeti od kojih su \u0161olje najprodavanije.<\/p>\n<p>\u201cTradicionalno prodajemo cvije\u0107e u centru grada. Prodajemo osmomartovski program cvije\u0107a pet dana. Kod nas podjednako kupuju mu\u0161karci i \u017eene, ali dosta \u017eena do\u0111u same sebe da po\u010daste\u201d, rekao je Goran Vukovi\u0107.<\/p>\n<p>Radionica \u201cMinimo\u201d i ove godine ima svoj \u0161tand.<\/p>\n<p><a href=\"https:\/\/www.prijedordanas.com\/wp-content\/uploads\/2024\/03\/osmomartovski-standovi-2024-2.jpg\"><img loading=\"lazy\" decoding=\"async\" class=\"alignleft size-medium wp-image-221205\" src=\"https:\/\/www.prijedordanas.com\/wp-content\/uploads\/2024\/03\/osmomartovski-standovi-2024-2-300x200.jpg\" alt=\"\" width=\"300\" height=\"200\" srcset=\"https:\/\/www.prijedordanas.com\/wp-content\/uploads\/2024\/03\/osmomartovski-standovi-2024-2-300x200.jpg 300w, https:\/\/www.prijedordanas.com\/wp-content\/uploads\/2024\/03\/osmomartovski-standovi-2024-2-480x320.jpg 480w, https:\/\/www.prijedordanas.com\/wp-content\/uploads\/2024\/03\/osmomartovski-standovi-2024-2.jpg 600w\" sizes=\"(max-width: 300px) 100vw, 300px\" \/><\/a>U ponudi su razli\u010diti ukrasni predmeti.<\/p>\n<p>Radenko Babi\u0107 navodi da njihov asortiman naj\u010de\u0161\u0107e kupuju \u017eene i djeca.<\/p>\n<p>\u201cOvih godina pokazalo se da najbolje ide prodaja \u0161olja i kutija za nakit. Djeca naj\u010de\u0161\u0107e kupuju magnete\u201d, isti\u010de Babi\u0107.<\/p>\n<p>Me\u0111unarodni dan \u017eena nije samo praznik darivanja, ve\u0107 ima istorijsku i socijalnu pozadinu.<\/p>\n<p>U svijetu se obilje\u017eava zahvaljuju\u0107i \u017eenama zaposlenim u tekstilnoj industriji koje su 8. marta 1908. godine u Njujorku protestovale zbog lo\u0161ih uslova rada i plata.<\/p>\n<p><strong><a href=\"https:\/\/kozarski.com\/ulice-uljepsane-osmomartovskom-ponudom\/\" target=\"_blank\" rel=\"noopener\">kozarski.com<\/a><\/strong><\/p>\n<p><a href=\"https:\/\/www.prijedordanas.com\/wp-content\/uploads\/2024\/03\/kozarski-osmomartovski-standovi-2.jpg\"><img loading=\"lazy\" decoding=\"async\" src=\"https:\/\/www.prijedordanas.com\/wp-content\/uploads\/2024\/03\/kozarski-osmomartovski-standovi-2-300x169.jpg\" alt=\"\" width=\"300\" height=\"169\" class=\"alignleft size-medium wp-image-221207\" srcset=\"https:\/\/www.prijedordanas.com\/wp-content\/uploads\/2024\/03\/kozarski-osmomartovski-standovi-2-300x169.jpg 300w, https:\/\/www.prijedordanas.com\/wp-content\/uploads\/2024\/03\/kozarski-osmomartovski-standovi-2.jpg 600w\" sizes=\"(max-width: 300px) 100vw, 300px\" \/><\/a> <a href=\"https:\/\/www.prijedordanas.com\/wp-content\/uploads\/2024\/03\/kozarski-osmomartovski-standovi-1.jpg\"><img loading=\"lazy\" decoding=\"async\" src=\"https:\/\/www.prijedordanas.com\/wp-content\/uploads\/2024\/03\/kozarski-osmomartovski-standovi-1-300x169.jpg\" alt=\"\" width=\"300\" height=\"169\" class=\"alignleft size-medium wp-image-221208\" srcset=\"https:\/\/www.prijedordanas.com\/wp-content\/uploads\/2024\/03\/kozarski-osmomartovski-standovi-1-300x169.jpg 300w, https:\/\/www.prijedordanas.com\/wp-content\/uploads\/2024\/03\/kozarski-osmomartovski-standovi-1.jpg 600w\" sizes=\"(max-width: 300px) 100vw, 300px\" \/><\/a><\/p>\n<p><iframe loading=\"lazy\" title=\"ULICE ULJEP\u0160ANE OSMOMARTOVSKOM PONUDOM\" width=\"500\" height=\"281\" src=\"https:\/\/www.youtube.com\/embed\/5ALPOngp4tg?feature=oembed\" frameborder=\"0\" allow=\"accelerometer; autoplay; clipboard-write; encrypted-media; gyroscope; picture-in-picture; web-share\" allowfullscreen><\/iframe><\/p>\n","protected":false},"excerpt":{"rendered":"<p>Osmi mart mnoge asocira na \u0161tandove ispunjene kozmetikom, cvije\u0107em i ukrasnim predmetima. Ni ova godina nije izuzetak. Uli\u010dni trgovci nude svoje proizvode, a prolaznici zastaju, razgledaju i kupuju u skladu [&hellip;]<\/p>\n","protected":false},"author":1,"featured_media":0,"comment_status":"closed","ping_status":"open","sticky":false,"template":"","format":"standard","meta":{"_monsterinsights_skip_tracking":false,"_monsterinsights_sitenote_active":false,"_monsterinsights_sitenote_note":"","_monsterinsights_sitenote_category":0,"footnotes":""},"categories":[7515],"tags":[],"yoast_head":"<!-- This site is optimized with the Yoast SEO plugin v21.6 - https:\/\/yoast.com\/wordpress\/plugins\/seo\/ -->\n<title>Prijedor: Ulice uljep\u0161ane osmomartovskom ponudom - FOTO\/VIDEO - PrijedorDanas.com - Prijedorski gradski portal<\/title>\n<meta name=\"robots\" content=\"index, follow, max-snippet:-1, max-image-preview:large, max-video-preview:-1\" \/>\n<link rel=\"canonical\" href=\"https:\/\/www.prijedordanas.com\/?p=221203\" \/>\n<meta property=\"og:locale\" content=\"en_US\" \/>\n<meta property=\"og:type\" content=\"article\" \/>\n<meta property=\"og:title\" content=\"Prijedor: Ulice uljep\u0161ane osmomartovskom ponudom - FOTO\/VIDEO - PrijedorDanas.com - Prijedorski gradski portal\" \/>\n<meta property=\"og:description\" content=\"Osmi mart mnoge asocira na \u0161tandove ispunjene kozmetikom, cvije\u0107em i ukrasnim predmetima. Ni ova godina nije izuzetak. Uli\u010dni trgovci nude svoje proizvode, a prolaznici zastaju, razgledaju i kupuju u skladu [&hellip;]\" \/>\n<meta property=\"og:url\" content=\"https:\/\/www.prijedordanas.com\/?p=221203\" \/>\n<meta property=\"og:site_name\" content=\"PrijedorDanas.com - Prijedorski gradski portal\" \/>\n<meta property=\"article:publisher\" content=\"https:\/\/www.facebook.com\/PrijedorDanasCom\/\" \/>\n<meta property=\"article:published_time\" content=\"2024-03-07T14:06:28+00:00\" \/>\n<meta property=\"og:image\" content=\"https:\/\/www.prijedordanas.com\/wp-content\/uploads\/2024\/03\/osmomartovski-standovi-2024-1-300x225.jpg\" \/>\n<meta name=\"author\" content=\"admin\" \/>\n<meta name=\"twitter:card\" content=\"summary_large_image\" \/>\n<meta name=\"twitter:label1\" content=\"Written by\" \/>\n\t<meta name=\"twitter:data1\" content=\"admin\" \/>\n\t<meta name=\"twitter:label2\" content=\"Est. reading time\" \/>\n\t<meta name=\"twitter:data2\" content=\"2 minutes\" \/>\n<script type=\"application\/ld+json\" class=\"yoast-schema-graph\">{\"@context\":\"https:\/\/schema.org\",\"@graph\":[{\"@type\":\"Article\",\"@id\":\"https:\/\/www.prijedordanas.com\/?p=221203#article\",\"isPartOf\":{\"@id\":\"https:\/\/www.prijedordanas.com\/?p=221203\"},\"author\":{\"name\":\"admin\",\"@id\":\"https:\/\/www.prijedordanas.com\/#\/schema\/person\/4e08ccf29b506ca916ff86d46bb700e6\"},\"headline\":\"Prijedor: Ulice uljep\u0161ane osmomartovskom ponudom &#8211; FOTO\/VIDEO\",\"datePublished\":\"2024-03-07T14:06:28+00:00\",\"dateModified\":\"2024-03-07T14:06:28+00:00\",\"mainEntityOfPage\":{\"@id\":\"https:\/\/www.prijedordanas.com\/?p=221203\"},\"wordCount\":321,\"publisher\":{\"@id\":\"https:\/\/www.prijedordanas.com\/#organization\"},\"articleSection\":[\"Foto dana\"],\"inLanguage\":\"en-US\"},{\"@type\":\"WebPage\",\"@id\":\"https:\/\/www.prijedordanas.com\/?p=221203\",\"url\":\"https:\/\/www.prijedordanas.com\/?p=221203\",\"name\":\"Prijedor: Ulice uljep\u0161ane osmomartovskom ponudom - FOTO\/VIDEO - PrijedorDanas.com - Prijedorski gradski portal\",\"isPartOf\":{\"@id\":\"https:\/\/www.prijedordanas.com\/#website\"},\"datePublished\":\"2024-03-07T14:06:28+00:00\",\"dateModified\":\"2024-03-07T14:06:28+00:00\",\"breadcrumb\":{\"@id\":\"https:\/\/www.prijedordanas.com\/?p=221203#breadcrumb\"},\"inLanguage\":\"en-US\",\"potentialAction\":[{\"@type\":\"ReadAction\",\"target\":[\"https:\/\/www.prijedordanas.com\/?p=221203\"]}]},{\"@type\":\"BreadcrumbList\",\"@id\":\"https:\/\/www.prijedordanas.com\/?p=221203#breadcrumb\",\"itemListElement\":[{\"@type\":\"ListItem\",\"position\":1,\"name\":\"Home\",\"item\":\"https:\/\/www.prijedordanas.com\/\"},{\"@type\":\"ListItem\",\"position\":2,\"name\":\"Prijedor: Ulice uljep\u0161ane osmomartovskom ponudom &#8211; FOTO\/VIDEO\"}]},{\"@type\":\"WebSite\",\"@id\":\"https:\/\/www.prijedordanas.com\/#website\",\"url\":\"https:\/\/www.prijedordanas.com\/\",\"name\":\"PrijedorDanas.com - Prijedorski gradski portal\",\"description\":\"Portal o doga\u0111anjima u gradu Prijedoru\",\"publisher\":{\"@id\":\"https:\/\/www.prijedordanas.com\/#organization\"},\"potentialAction\":[{\"@type\":\"SearchAction\",\"target\":{\"@type\":\"EntryPoint\",\"urlTemplate\":\"https:\/\/www.prijedordanas.com\/?s={search_term_string}\"},\"query-input\":\"required name=search_term_string\"}],\"inLanguage\":\"en-US\"},{\"@type\":\"Organization\",\"@id\":\"https:\/\/www.prijedordanas.com\/#organization\",\"name\":\"PrijedorDanas.com\",\"url\":\"https:\/\/www.prijedordanas.com\/\",\"logo\":{\"@type\":\"ImageObject\",\"inLanguage\":\"en-US\",\"@id\":\"https:\/\/www.prijedordanas.com\/#\/schema\/logo\/image\/\",\"url\":\"http:\/\/www.prijedordanas.com\/wp-content\/uploads\/2021\/12\/logopng.png\",\"contentUrl\":\"http:\/\/www.prijedordanas.com\/wp-content\/uploads\/2021\/12\/logopng.png\",\"width\":1019,\"height\":776,\"caption\":\"PrijedorDanas.com\"},\"image\":{\"@id\":\"https:\/\/www.prijedordanas.com\/#\/schema\/logo\/image\/\"},\"sameAs\":[\"https:\/\/www.facebook.com\/PrijedorDanasCom\/\"]},{\"@type\":\"Person\",\"@id\":\"https:\/\/www.prijedordanas.com\/#\/schema\/person\/4e08ccf29b506ca916ff86d46bb700e6\",\"name\":\"admin\",\"image\":{\"@type\":\"ImageObject\",\"inLanguage\":\"en-US\",\"@id\":\"https:\/\/www.prijedordanas.com\/#\/schema\/person\/image\/\",\"url\":\"https:\/\/secure.gravatar.com\/avatar\/1d3fc949d550f0b53a5f0d51e06dfd79?s=96&d=mm&r=g\",\"contentUrl\":\"https:\/\/secure.gravatar.com\/avatar\/1d3fc949d550f0b53a5f0d51e06dfd79?s=96&d=mm&r=g\",\"caption\":\"admin\"},\"url\":\"https:\/\/www.prijedordanas.com\/?author=1\"}]}<\/script>\n<!-- \/ Yoast SEO plugin. -->","yoast_head_json":{"title":"Prijedor: Ulice uljep\u0161ane osmomartovskom ponudom - FOTO\/VIDEO - PrijedorDanas.com - Prijedorski gradski portal","robots":{"index":"index","follow":"follow","max-snippet":"max-snippet:-1","max-image-preview":"max-image-preview:large","max-video-preview":"max-video-preview:-1"},"canonical":"https:\/\/www.prijedordanas.com\/?p=221203","og_locale":"en_US","og_type":"article","og_title":"Prijedor: Ulice uljep\u0161ane osmomartovskom ponudom - FOTO\/VIDEO - PrijedorDanas.com - Prijedorski gradski portal","og_description":"Osmi mart mnoge asocira na \u0161tandove ispunjene kozmetikom, cvije\u0107em i ukrasnim predmetima. Ni ova godina nije izuzetak. Uli\u010dni trgovci nude svoje proizvode, a prolaznici zastaju, razgledaju i kupuju u skladu [&hellip;]","og_url":"https:\/\/www.prijedordanas.com\/?p=221203","og_site_name":"PrijedorDanas.com - Prijedorski gradski portal","article_publisher":"https:\/\/www.facebook.com\/PrijedorDanasCom\/","article_published_time":"2024-03-07T14:06:28+00:00","og_image":[{"url":"https:\/\/www.prijedordanas.com\/wp-content\/uploads\/2024\/03\/osmomartovski-standovi-2024-1-300x225.jpg"}],"author":"admin","twitter_card":"summary_large_image","twitter_misc":{"Written by":"admin","Est. reading time":"2 minutes"},"schema":{"@context":"https:\/\/schema.org","@graph":[{"@type":"Article","@id":"https:\/\/www.prijedordanas.com\/?p=221203#article","isPartOf":{"@id":"https:\/\/www.prijedordanas.com\/?p=221203"},"author":{"name":"admin","@id":"https:\/\/www.prijedordanas.com\/#\/schema\/person\/4e08ccf29b506ca916ff86d46bb700e6"},"headline":"Prijedor: Ulice uljep\u0161ane osmomartovskom ponudom &#8211; FOTO\/VIDEO","datePublished":"2024-03-07T14:06:28+00:00","dateModified":"2024-03-07T14:06:28+00:00","mainEntityOfPage":{"@id":"https:\/\/www.prijedordanas.com\/?p=221203"},"wordCount":321,"publisher":{"@id":"https:\/\/www.prijedordanas.com\/#organization"},"articleSection":["Foto dana"],"inLanguage":"en-US"},{"@type":"WebPage","@id":"https:\/\/www.prijedordanas.com\/?p=221203","url":"https:\/\/www.prijedordanas.com\/?p=221203","name":"Prijedor: Ulice uljep\u0161ane osmomartovskom ponudom - FOTO\/VIDEO - PrijedorDanas.com - Prijedorski gradski portal","isPartOf":{"@id":"https:\/\/www.prijedordanas.com\/#website"},"datePublished":"2024-03-07T14:06:28+00:00","dateModified":"2024-03-07T14:06:28+00:00","breadcrumb":{"@id":"https:\/\/www.prijedordanas.com\/?p=221203#breadcrumb"},"inLanguage":"en-US","potentialAction":[{"@type":"ReadAction","target":["https:\/\/www.prijedordanas.com\/?p=221203"]}]},{"@type":"BreadcrumbList","@id":"https:\/\/www.prijedordanas.com\/?p=221203#breadcrumb","itemListElement":[{"@type":"ListItem","position":1,"name":"Home","item":"https:\/\/www.prijedordanas.com\/"},{"@type":"ListItem","position":2,"name":"Prijedor: Ulice uljep\u0161ane osmomartovskom ponudom &#8211; FOTO\/VIDEO"}]},{"@type":"WebSite","@id":"https:\/\/www.prijedordanas.com\/#website","url":"https:\/\/www.prijedordanas.com\/","name":"PrijedorDanas.com - Prijedorski gradski portal","description":"Portal o doga\u0111anjima u gradu Prijedoru","publisher":{"@id":"https:\/\/www.prijedordanas.com\/#organization"},"potentialAction":[{"@type":"SearchAction","target":{"@type":"EntryPoint","urlTemplate":"https:\/\/www.prijedordanas.com\/?s={search_term_string}"},"query-input":"required name=search_term_string"}],"inLanguage":"en-US"},{"@type":"Organization","@id":"https:\/\/www.prijedordanas.com\/#organization","name":"PrijedorDanas.com","url":"https:\/\/www.prijedordanas.com\/","logo":{"@type":"ImageObject","inLanguage":"en-US","@id":"https:\/\/www.prijedordanas.com\/#\/schema\/logo\/image\/","url":"http:\/\/www.prijedordanas.com\/wp-content\/uploads\/2021\/12\/logopng.png","contentUrl":"http:\/\/www.prijedordanas.com\/wp-content\/uploads\/2021\/12\/logopng.png","width":1019,"height":776,"caption":"PrijedorDanas.com"},"image":{"@id":"https:\/\/www.prijedordanas.com\/#\/schema\/logo\/image\/"},"sameAs":["https:\/\/www.facebook.com\/PrijedorDanasCom\/"]},{"@type":"Person","@id":"https:\/\/www.prijedordanas.com\/#\/schema\/person\/4e08ccf29b506ca916ff86d46bb700e6","name":"admin","image":{"@type":"ImageObject","inLanguage":"en-US","@id":"https:\/\/www.prijedordanas.com\/#\/schema\/person\/image\/","url":"https:\/\/secure.gravatar.com\/avatar\/1d3fc949d550f0b53a5f0d51e06dfd79?s=96&d=mm&r=g","contentUrl":"https:\/\/secure.gravatar.com\/avatar\/1d3fc949d550f0b53a5f0d51e06dfd79?s=96&d=mm&r=g","caption":"admin"},"url":"https:\/\/www.prijedordanas.com\/?author=1"}]}},"_links":{"self":[{"href":"https:\/\/www.prijedordanas.com\/index.php?rest_route=\/wp\/v2\/posts\/221203"}],"collection":[{"href":"https:\/\/www.prijedordanas.com\/index.php?rest_route=\/wp\/v2\/posts"}],"about":[{"href":"https:\/\/www.prijedordanas.com\/index.php?rest_route=\/wp\/v2\/types\/post"}],"author":[{"embeddable":true,"href":"https:\/\/www.prijedordanas.com\/index.php?rest_route=\/wp\/v2\/users\/1"}],"replies":[{"embeddable":true,"href":"https:\/\/www.prijedordanas.com\/index.php?rest_route=%2Fwp%2Fv2%2Fcomments&post=221203"}],"version-history":[{"count":1,"href":"https:\/\/www.prijedordanas.com\/index.php?rest_route=\/wp\/v2\/posts\/221203\/revisions"}],"predecessor-version":[{"id":221209,"href":"https:\/\/www.prijedordanas.com\/index.php?rest_route=\/wp\/v2\/posts\/221203\/revisions\/221209"}],"wp:attachment":[{"href":"https:\/\/www.prijedordanas.com\/index.php?rest_route=%2Fwp%2Fv2%2Fmedia&parent=221203"}],"wp:term":[{"taxonomy":"category","embeddable":true,"href":"https:\/\/www.prijedordanas.com\/index.php?rest_route=%2Fwp%2Fv2%2Fcategories&post=221203"},{"taxonomy":"post_tag","embeddable":true,"href":"https:\/\/www.prijedordanas.com\/index.php?rest_route=%2Fwp%2Fv2%2Ftags&post=221203"}],"curies":[{"name":"wp","href":"https:\/\/api.w.org\/{rel}","templated":true}]}}