{"id":221090,"date":"2024-03-05T07:49:39","date_gmt":"2024-03-05T06:49:39","guid":{"rendered":"https:\/\/www.prijedordanas.com\/?p=221090"},"modified":"2024-03-05T07:49:39","modified_gmt":"2024-03-05T06:49:39","slug":"galerija-sreten-stojanovic-prijedor-dobila-novu-rasvjetu-video","status":"publish","type":"post","link":"https:\/\/www.prijedordanas.com\/?p=221090","title":{"rendered":"Galerija &#8220;Sreten Stojanovi\u0107&#8221; Prijedor dobila novu rasvjetu &#8211; VIDEO"},"content":{"rendered":"<p><a href=\"https:\/\/www.prijedordanas.com\/wp-content\/uploads\/2024\/03\/kozarski-rasvjeta-galerija.jpg\"><img loading=\"lazy\" decoding=\"async\" src=\"https:\/\/www.prijedordanas.com\/wp-content\/uploads\/2024\/03\/kozarski-rasvjeta-galerija-300x224.jpg\" alt=\"\" width=\"300\" height=\"224\" class=\"alignleft size-medium wp-image-221091\" srcset=\"https:\/\/www.prijedordanas.com\/wp-content\/uploads\/2024\/03\/kozarski-rasvjeta-galerija-300x224.jpg 300w, https:\/\/www.prijedordanas.com\/wp-content\/uploads\/2024\/03\/kozarski-rasvjeta-galerija-640x480.jpg 640w, https:\/\/www.prijedordanas.com\/wp-content\/uploads\/2024\/03\/kozarski-rasvjeta-galerija.jpg 669w\" sizes=\"(max-width: 300px) 100vw, 300px\" \/><\/a>Galerija \u201dSreten Stojanovi\u0107\u201d nakon 24 godine dobila je novu  rasvjetu. Grad Prijedor u ovaj  projekat ulo\u017eio je oko 7.000 KM.<\/p>\n<p>\u201cZadovoljni smo novom rasvjetom i koristim priliku da se zahvalim gradona\u010delniku Slobodanu Javoru na podr\u0161ci. Mislim da \u0107e nam sada ovo dati dodatni vjetar u le\u0111a, da pravimo jo\u0161 bolje i zna\u010dajnije izlo\u017ebe. Mislim da nema galerije u Srpskoj i \u0161ire koja ima bolju rasvjetu. Nemogu\u0107e je da rasvjeta bude lo\u0161ijeg kvaliteta od butika koji je okru\u017euju, jer su ovdje kroz dvadeset i \u010detiri godine prolazila velika imena iz svijeta slikarstva, knji\u017eevnosti i muzike\u201d, rekao je Boris Eremi\u0107, direktor Galerije \u201a\u201aSreten Stojanovi\u0107\u201d.<\/p>\n<p>U okviru manifestacije No\u0107 muzeja, kao pokazatelj dobre saradnje ove kulturne ustanove sa Muzejom Kozare, najavljena je izlo\u017eba Mirjane Maodu\u0161, koja \u0107e biti otvorena 17.marta.<\/p>\n<p>Ovu izlo\u017ebu zamijeni\u0107e 29. marta izlo\u017eba  radova Milo\u0161a \u0160obaji\u0107a, a  otvori\u0107e je  njegova supruga Peruanka, Maja Iskjerdo. Kako navodi Eremi\u0107, to \u0107e  biti zna\u010dajan kulturni doga\u0111aj za  Prijedor i Republiku Srpsku.<\/p>\n<p><strong><a href=\"https:\/\/kozarski.com\/galerija-sreten-stojanovic-dobila-novu-rasvjetu\/\" rel=\"noopener\" target=\"_blank\">kozarski.com<\/a><\/strong><\/p>\n<p><iframe loading=\"lazy\" title=\"GALERIJA &quot;SRETEN STOJANOVI\u0106&quot; DOBILA NOVU RASVJETU\" width=\"500\" height=\"281\" src=\"https:\/\/www.youtube.com\/embed\/SHzBEKvhFNw?feature=oembed\" frameborder=\"0\" allow=\"accelerometer; autoplay; clipboard-write; encrypted-media; gyroscope; picture-in-picture; web-share\" allowfullscreen><\/iframe><\/p>\n","protected":false},"excerpt":{"rendered":"<p>Galerija \u201dSreten Stojanovi\u0107\u201d nakon 24 godine dobila je novu rasvjetu. Grad Prijedor u ovaj projekat ulo\u017eio je oko 7.000 KM. \u201cZadovoljni smo novom rasvjetom i koristim priliku da se zahvalim [&hellip;]<\/p>\n","protected":false},"author":1,"featured_media":0,"comment_status":"closed","ping_status":"open","sticky":false,"template":"","format":"standard","meta":{"_monsterinsights_skip_tracking":false,"_monsterinsights_sitenote_active":false,"_monsterinsights_sitenote_note":"","_monsterinsights_sitenote_category":0,"footnotes":""},"categories":[8],"tags":[],"yoast_head":"<!-- This site is optimized with the Yoast SEO plugin v21.6 - https:\/\/yoast.com\/wordpress\/plugins\/seo\/ -->\n<title>Galerija &quot;Sreten Stojanovi\u0107&quot; Prijedor dobila novu rasvjetu - VIDEO - PrijedorDanas.com - Prijedorski gradski portal<\/title>\n<meta name=\"robots\" content=\"index, follow, max-snippet:-1, max-image-preview:large, max-video-preview:-1\" \/>\n<link rel=\"canonical\" href=\"https:\/\/www.prijedordanas.com\/?p=221090\" \/>\n<meta property=\"og:locale\" content=\"en_US\" \/>\n<meta property=\"og:type\" content=\"article\" \/>\n<meta property=\"og:title\" content=\"Galerija &quot;Sreten Stojanovi\u0107&quot; Prijedor dobila novu rasvjetu - VIDEO - PrijedorDanas.com - Prijedorski gradski portal\" \/>\n<meta property=\"og:description\" content=\"Galerija \u201dSreten Stojanovi\u0107\u201d nakon 24 godine dobila je novu rasvjetu. Grad Prijedor u ovaj projekat ulo\u017eio je oko 7.000 KM. \u201cZadovoljni smo novom rasvjetom i koristim priliku da se zahvalim [&hellip;]\" \/>\n<meta property=\"og:url\" content=\"https:\/\/www.prijedordanas.com\/?p=221090\" \/>\n<meta property=\"og:site_name\" content=\"PrijedorDanas.com - Prijedorski gradski portal\" \/>\n<meta property=\"article:publisher\" content=\"https:\/\/www.facebook.com\/PrijedorDanasCom\/\" \/>\n<meta property=\"article:published_time\" content=\"2024-03-05T06:49:39+00:00\" \/>\n<meta property=\"og:image\" content=\"https:\/\/www.prijedordanas.com\/wp-content\/uploads\/2024\/03\/kozarski-rasvjeta-galerija-300x224.jpg\" \/>\n<meta name=\"author\" content=\"admin\" \/>\n<meta name=\"twitter:card\" content=\"summary_large_image\" \/>\n<meta name=\"twitter:label1\" content=\"Written by\" \/>\n\t<meta name=\"twitter:data1\" content=\"admin\" \/>\n\t<meta name=\"twitter:label2\" content=\"Est. reading time\" \/>\n\t<meta name=\"twitter:data2\" content=\"1 minute\" \/>\n<script type=\"application\/ld+json\" class=\"yoast-schema-graph\">{\"@context\":\"https:\/\/schema.org\",\"@graph\":[{\"@type\":\"Article\",\"@id\":\"https:\/\/www.prijedordanas.com\/?p=221090#article\",\"isPartOf\":{\"@id\":\"https:\/\/www.prijedordanas.com\/?p=221090\"},\"author\":{\"name\":\"admin\",\"@id\":\"https:\/\/www.prijedordanas.com\/#\/schema\/person\/4e08ccf29b506ca916ff86d46bb700e6\"},\"headline\":\"Galerija &#8220;Sreten Stojanovi\u0107&#8221; Prijedor dobila novu rasvjetu &#8211; VIDEO\",\"datePublished\":\"2024-03-05T06:49:39+00:00\",\"dateModified\":\"2024-03-05T06:49:39+00:00\",\"mainEntityOfPage\":{\"@id\":\"https:\/\/www.prijedordanas.com\/?p=221090\"},\"wordCount\":193,\"publisher\":{\"@id\":\"https:\/\/www.prijedordanas.com\/#organization\"},\"articleSection\":[\"Svakodnevno\"],\"inLanguage\":\"en-US\"},{\"@type\":\"WebPage\",\"@id\":\"https:\/\/www.prijedordanas.com\/?p=221090\",\"url\":\"https:\/\/www.prijedordanas.com\/?p=221090\",\"name\":\"Galerija \\\"Sreten Stojanovi\u0107\\\" Prijedor dobila novu rasvjetu - VIDEO - PrijedorDanas.com - Prijedorski gradski portal\",\"isPartOf\":{\"@id\":\"https:\/\/www.prijedordanas.com\/#website\"},\"datePublished\":\"2024-03-05T06:49:39+00:00\",\"dateModified\":\"2024-03-05T06:49:39+00:00\",\"breadcrumb\":{\"@id\":\"https:\/\/www.prijedordanas.com\/?p=221090#breadcrumb\"},\"inLanguage\":\"en-US\",\"potentialAction\":[{\"@type\":\"ReadAction\",\"target\":[\"https:\/\/www.prijedordanas.com\/?p=221090\"]}]},{\"@type\":\"BreadcrumbList\",\"@id\":\"https:\/\/www.prijedordanas.com\/?p=221090#breadcrumb\",\"itemListElement\":[{\"@type\":\"ListItem\",\"position\":1,\"name\":\"Home\",\"item\":\"https:\/\/www.prijedordanas.com\/\"},{\"@type\":\"ListItem\",\"position\":2,\"name\":\"Galerija &#8220;Sreten Stojanovi\u0107&#8221; Prijedor dobila novu rasvjetu &#8211; VIDEO\"}]},{\"@type\":\"WebSite\",\"@id\":\"https:\/\/www.prijedordanas.com\/#website\",\"url\":\"https:\/\/www.prijedordanas.com\/\",\"name\":\"PrijedorDanas.com - Prijedorski gradski portal\",\"description\":\"Portal o doga\u0111anjima u gradu Prijedoru\",\"publisher\":{\"@id\":\"https:\/\/www.prijedordanas.com\/#organization\"},\"potentialAction\":[{\"@type\":\"SearchAction\",\"target\":{\"@type\":\"EntryPoint\",\"urlTemplate\":\"https:\/\/www.prijedordanas.com\/?s={search_term_string}\"},\"query-input\":\"required name=search_term_string\"}],\"inLanguage\":\"en-US\"},{\"@type\":\"Organization\",\"@id\":\"https:\/\/www.prijedordanas.com\/#organization\",\"name\":\"PrijedorDanas.com\",\"url\":\"https:\/\/www.prijedordanas.com\/\",\"logo\":{\"@type\":\"ImageObject\",\"inLanguage\":\"en-US\",\"@id\":\"https:\/\/www.prijedordanas.com\/#\/schema\/logo\/image\/\",\"url\":\"http:\/\/www.prijedordanas.com\/wp-content\/uploads\/2021\/12\/logopng.png\",\"contentUrl\":\"http:\/\/www.prijedordanas.com\/wp-content\/uploads\/2021\/12\/logopng.png\",\"width\":1019,\"height\":776,\"caption\":\"PrijedorDanas.com\"},\"image\":{\"@id\":\"https:\/\/www.prijedordanas.com\/#\/schema\/logo\/image\/\"},\"sameAs\":[\"https:\/\/www.facebook.com\/PrijedorDanasCom\/\"]},{\"@type\":\"Person\",\"@id\":\"https:\/\/www.prijedordanas.com\/#\/schema\/person\/4e08ccf29b506ca916ff86d46bb700e6\",\"name\":\"admin\",\"image\":{\"@type\":\"ImageObject\",\"inLanguage\":\"en-US\",\"@id\":\"https:\/\/www.prijedordanas.com\/#\/schema\/person\/image\/\",\"url\":\"https:\/\/secure.gravatar.com\/avatar\/1d3fc949d550f0b53a5f0d51e06dfd79?s=96&d=mm&r=g\",\"contentUrl\":\"https:\/\/secure.gravatar.com\/avatar\/1d3fc949d550f0b53a5f0d51e06dfd79?s=96&d=mm&r=g\",\"caption\":\"admin\"},\"url\":\"https:\/\/www.prijedordanas.com\/?author=1\"}]}<\/script>\n<!-- \/ Yoast SEO plugin. -->","yoast_head_json":{"title":"Galerija \"Sreten Stojanovi\u0107\" Prijedor dobila novu rasvjetu - VIDEO - PrijedorDanas.com - Prijedorski gradski portal","robots":{"index":"index","follow":"follow","max-snippet":"max-snippet:-1","max-image-preview":"max-image-preview:large","max-video-preview":"max-video-preview:-1"},"canonical":"https:\/\/www.prijedordanas.com\/?p=221090","og_locale":"en_US","og_type":"article","og_title":"Galerija \"Sreten Stojanovi\u0107\" Prijedor dobila novu rasvjetu - VIDEO - PrijedorDanas.com - Prijedorski gradski portal","og_description":"Galerija \u201dSreten Stojanovi\u0107\u201d nakon 24 godine dobila je novu rasvjetu. Grad Prijedor u ovaj projekat ulo\u017eio je oko 7.000 KM. \u201cZadovoljni smo novom rasvjetom i koristim priliku da se zahvalim [&hellip;]","og_url":"https:\/\/www.prijedordanas.com\/?p=221090","og_site_name":"PrijedorDanas.com - Prijedorski gradski portal","article_publisher":"https:\/\/www.facebook.com\/PrijedorDanasCom\/","article_published_time":"2024-03-05T06:49:39+00:00","og_image":[{"url":"https:\/\/www.prijedordanas.com\/wp-content\/uploads\/2024\/03\/kozarski-rasvjeta-galerija-300x224.jpg"}],"author":"admin","twitter_card":"summary_large_image","twitter_misc":{"Written by":"admin","Est. reading time":"1 minute"},"schema":{"@context":"https:\/\/schema.org","@graph":[{"@type":"Article","@id":"https:\/\/www.prijedordanas.com\/?p=221090#article","isPartOf":{"@id":"https:\/\/www.prijedordanas.com\/?p=221090"},"author":{"name":"admin","@id":"https:\/\/www.prijedordanas.com\/#\/schema\/person\/4e08ccf29b506ca916ff86d46bb700e6"},"headline":"Galerija &#8220;Sreten Stojanovi\u0107&#8221; Prijedor dobila novu rasvjetu &#8211; VIDEO","datePublished":"2024-03-05T06:49:39+00:00","dateModified":"2024-03-05T06:49:39+00:00","mainEntityOfPage":{"@id":"https:\/\/www.prijedordanas.com\/?p=221090"},"wordCount":193,"publisher":{"@id":"https:\/\/www.prijedordanas.com\/#organization"},"articleSection":["Svakodnevno"],"inLanguage":"en-US"},{"@type":"WebPage","@id":"https:\/\/www.prijedordanas.com\/?p=221090","url":"https:\/\/www.prijedordanas.com\/?p=221090","name":"Galerija \"Sreten Stojanovi\u0107\" Prijedor dobila novu rasvjetu - VIDEO - PrijedorDanas.com - Prijedorski gradski portal","isPartOf":{"@id":"https:\/\/www.prijedordanas.com\/#website"},"datePublished":"2024-03-05T06:49:39+00:00","dateModified":"2024-03-05T06:49:39+00:00","breadcrumb":{"@id":"https:\/\/www.prijedordanas.com\/?p=221090#breadcrumb"},"inLanguage":"en-US","potentialAction":[{"@type":"ReadAction","target":["https:\/\/www.prijedordanas.com\/?p=221090"]}]},{"@type":"BreadcrumbList","@id":"https:\/\/www.prijedordanas.com\/?p=221090#breadcrumb","itemListElement":[{"@type":"ListItem","position":1,"name":"Home","item":"https:\/\/www.prijedordanas.com\/"},{"@type":"ListItem","position":2,"name":"Galerija &#8220;Sreten Stojanovi\u0107&#8221; Prijedor dobila novu rasvjetu &#8211; VIDEO"}]},{"@type":"WebSite","@id":"https:\/\/www.prijedordanas.com\/#website","url":"https:\/\/www.prijedordanas.com\/","name":"PrijedorDanas.com - Prijedorski gradski portal","description":"Portal o doga\u0111anjima u gradu Prijedoru","publisher":{"@id":"https:\/\/www.prijedordanas.com\/#organization"},"potentialAction":[{"@type":"SearchAction","target":{"@type":"EntryPoint","urlTemplate":"https:\/\/www.prijedordanas.com\/?s={search_term_string}"},"query-input":"required name=search_term_string"}],"inLanguage":"en-US"},{"@type":"Organization","@id":"https:\/\/www.prijedordanas.com\/#organization","name":"PrijedorDanas.com","url":"https:\/\/www.prijedordanas.com\/","logo":{"@type":"ImageObject","inLanguage":"en-US","@id":"https:\/\/www.prijedordanas.com\/#\/schema\/logo\/image\/","url":"http:\/\/www.prijedordanas.com\/wp-content\/uploads\/2021\/12\/logopng.png","contentUrl":"http:\/\/www.prijedordanas.com\/wp-content\/uploads\/2021\/12\/logopng.png","width":1019,"height":776,"caption":"PrijedorDanas.com"},"image":{"@id":"https:\/\/www.prijedordanas.com\/#\/schema\/logo\/image\/"},"sameAs":["https:\/\/www.facebook.com\/PrijedorDanasCom\/"]},{"@type":"Person","@id":"https:\/\/www.prijedordanas.com\/#\/schema\/person\/4e08ccf29b506ca916ff86d46bb700e6","name":"admin","image":{"@type":"ImageObject","inLanguage":"en-US","@id":"https:\/\/www.prijedordanas.com\/#\/schema\/person\/image\/","url":"https:\/\/secure.gravatar.com\/avatar\/1d3fc949d550f0b53a5f0d51e06dfd79?s=96&d=mm&r=g","contentUrl":"https:\/\/secure.gravatar.com\/avatar\/1d3fc949d550f0b53a5f0d51e06dfd79?s=96&d=mm&r=g","caption":"admin"},"url":"https:\/\/www.prijedordanas.com\/?author=1"}]}},"_links":{"self":[{"href":"https:\/\/www.prijedordanas.com\/index.php?rest_route=\/wp\/v2\/posts\/221090"}],"collection":[{"href":"https:\/\/www.prijedordanas.com\/index.php?rest_route=\/wp\/v2\/posts"}],"about":[{"href":"https:\/\/www.prijedordanas.com\/index.php?rest_route=\/wp\/v2\/types\/post"}],"author":[{"embeddable":true,"href":"https:\/\/www.prijedordanas.com\/index.php?rest_route=\/wp\/v2\/users\/1"}],"replies":[{"embeddable":true,"href":"https:\/\/www.prijedordanas.com\/index.php?rest_route=%2Fwp%2Fv2%2Fcomments&post=221090"}],"version-history":[{"count":1,"href":"https:\/\/www.prijedordanas.com\/index.php?rest_route=\/wp\/v2\/posts\/221090\/revisions"}],"predecessor-version":[{"id":221092,"href":"https:\/\/www.prijedordanas.com\/index.php?rest_route=\/wp\/v2\/posts\/221090\/revisions\/221092"}],"wp:attachment":[{"href":"https:\/\/www.prijedordanas.com\/index.php?rest_route=%2Fwp%2Fv2%2Fmedia&parent=221090"}],"wp:term":[{"taxonomy":"category","embeddable":true,"href":"https:\/\/www.prijedordanas.com\/index.php?rest_route=%2Fwp%2Fv2%2Fcategories&post=221090"},{"taxonomy":"post_tag","embeddable":true,"href":"https:\/\/www.prijedordanas.com\/index.php?rest_route=%2Fwp%2Fv2%2Ftags&post=221090"}],"curies":[{"name":"wp","href":"https:\/\/api.w.org\/{rel}","templated":true}]}}