{"id":221087,"date":"2024-03-04T19:16:50","date_gmt":"2024-03-04T18:16:50","guid":{"rendered":"https:\/\/www.prijedordanas.com\/?p=221087"},"modified":"2024-03-04T19:16:50","modified_gmt":"2024-03-04T18:16:50","slug":"vanredna-inspekcijska-kontrola-u-crnoj-dolini-kod-prijedora","status":"publish","type":"post","link":"https:\/\/www.prijedordanas.com\/?p=221087","title":{"rendered":"Vanredna inspekcijska kontrola u Crnoj dolini kod Prijedora"},"content":{"rendered":"<p><a href=\"https:\/\/www.prijedordanas.com\/wp-content\/uploads\/2024\/03\/pixabay-kopanje-ilustracija.jpg\"><img loading=\"lazy\" decoding=\"async\" src=\"https:\/\/www.prijedordanas.com\/wp-content\/uploads\/2024\/03\/pixabay-kopanje-ilustracija-300x224.jpg\" alt=\"\" width=\"300\" height=\"224\" class=\"alignleft size-medium wp-image-221088\" srcset=\"https:\/\/www.prijedordanas.com\/wp-content\/uploads\/2024\/03\/pixabay-kopanje-ilustracija-300x224.jpg 300w, https:\/\/www.prijedordanas.com\/wp-content\/uploads\/2024\/03\/pixabay-kopanje-ilustracija-640x480.jpg 640w, https:\/\/www.prijedordanas.com\/wp-content\/uploads\/2024\/03\/pixabay-kopanje-ilustracija.jpg 671w\" sizes=\"(max-width: 300px) 100vw, 300px\" \/><\/a>Republi\u010dki ekolo\u0161ki inspektori u narednim danima izvr\u0161i\u0107e kontrolu koja se odnosi na ugro\u017eavanje \u017eivotne sredine na le\u017ei\u0161tu Crna dolina kod Prijedora, potvr\u0111eno je za CAPITAL iz Inspektorata Republike Srpske.<\/p>\n<p>\u201eInspektorat RS je 29. februara 2024. godine zaprimio predstavku za inspekcijsku kontrolu. Predstavka se odnosi na ugro\u017eavanje \u017eivotne sredine pri eksploataciji kerami\u010dkih i opekarskih glina na le\u017ei\u0161tu Crna dolina kod Prijedora. Inspekcijska kontrola bi\u0107e izvr\u0161ena u narednim danima u skladu sa rokovima definisanim Zakonom o inspekcijama\u201c, potvrdila je portparol Inspektorata RS Du\u0161anka Nikoli\u0107.<\/p>\n<p>Podsje\u0107amo, CAPITAL je u petak objavio da firma \u201eNemetali\u201c iz Prijedora nezakonito vr\u0161i eksploataciju kerami\u010dkih i opekarskih glina na le\u017ei\u0161tu Crna dolina, jer ne posjeduje Ekolo\u0161ku dozvolu.<\/p>\n<p>Iz Ministarstva za prostorno ure\u0111enje, gra\u0111evinarstvo i ekologiju RS rekli su za na\u0161 portal da je \u201eu skladu sa Zakonom o za\u0161titi \u017eivotne sredine, 6. decembra pro\u0161le godine doneseno rje\u0161enje kojim se od pomenute firme zahtijeva izrada Studije uticaja na \u017eivotnu sredinu\u201c.<\/p>\n<p>Precizirali su da se zahtjev za podno\u0161enje Ekolo\u0161ke dozvole mo\u017ee podnijeti tek nakon okon\u010danog postupka odobravanja Studije uticaja, te da se ne mogu izvoditi radovi ukoliko firma nema izdatu Ekolo\u0161ku dozvolu.<\/p>\n<p>Mje\u0161tani ovog prijedorskog naselja nekoliko puta su se obra\u0107ali nadle\u017enima ukazuju\u0107i na ugro\u017eavanje \u017eivotne sredine i \u017eale\u0107i se da jalovina iz Crne doline ugro\u017eava njihove posjede i izaziva klizi\u0161ta.<\/p>\n<p>CAPITAL je u oktobru 2022. godine otkrio da firma \u201eNemetali\u201c na le\u017ei\u0161tu Crna dolina vi\u0161e od 23 godine vr\u0161i eksploataciju bez ugovora o koncesiji i bez licence za izvo\u0111enje rudarskih radova u povr\u0161inskoj eksploataciji.<\/p>\n<p>Ministar energetike i rudarstva RS Petar \u0110oki\u0107 nakon na\u0161eg pisanja je po\u010detkom novembra 2022. godine firmi \u201cNemetali\u201d izdao licencu za izvo\u0111enje rudarskih radova, a u februaru pro\u0161le godine Vlada Srpske je ovoj firmi dala koncesija za eksploataciju kerami\u010dkih i opekarskih glina na le\u017ei\u0161tu Crna dolina.<\/p>\n<p><a href=\"https:\/\/www.capital.ba\/vanredna-inspekcijska-kontrola-u-crnoj-dolini\/\" rel=\"noopener\" target=\"_blank\">capital.ba<\/a><br \/>\nfoto &#8211; pixabay<\/p>\n","protected":false},"excerpt":{"rendered":"<p>Republi\u010dki ekolo\u0161ki inspektori u narednim danima izvr\u0161i\u0107e kontrolu koja se odnosi na ugro\u017eavanje \u017eivotne sredine na le\u017ei\u0161tu Crna dolina kod Prijedora, potvr\u0111eno je za CAPITAL iz Inspektorata Republike Srpske. \u201eInspektorat [&hellip;]<\/p>\n","protected":false},"author":1,"featured_media":0,"comment_status":"closed","ping_status":"open","sticky":false,"template":"","format":"standard","meta":{"_monsterinsights_skip_tracking":false,"_monsterinsights_sitenote_active":false,"_monsterinsights_sitenote_note":"","_monsterinsights_sitenote_category":0,"footnotes":""},"categories":[8],"tags":[],"yoast_head":"<!-- This site is optimized with the Yoast SEO plugin v21.6 - https:\/\/yoast.com\/wordpress\/plugins\/seo\/ -->\n<title>Vanredna inspekcijska kontrola u Crnoj dolini kod Prijedora - PrijedorDanas.com - Prijedorski gradski portal<\/title>\n<meta name=\"robots\" content=\"index, follow, max-snippet:-1, max-image-preview:large, max-video-preview:-1\" \/>\n<link rel=\"canonical\" href=\"https:\/\/www.prijedordanas.com\/?p=221087\" \/>\n<meta property=\"og:locale\" content=\"en_US\" \/>\n<meta property=\"og:type\" content=\"article\" \/>\n<meta property=\"og:title\" content=\"Vanredna inspekcijska kontrola u Crnoj dolini kod Prijedora - PrijedorDanas.com - Prijedorski gradski portal\" \/>\n<meta property=\"og:description\" content=\"Republi\u010dki ekolo\u0161ki inspektori u narednim danima izvr\u0161i\u0107e kontrolu koja se odnosi na ugro\u017eavanje \u017eivotne sredine na le\u017ei\u0161tu Crna dolina kod Prijedora, potvr\u0111eno je za CAPITAL iz Inspektorata Republike Srpske. \u201eInspektorat [&hellip;]\" \/>\n<meta property=\"og:url\" content=\"https:\/\/www.prijedordanas.com\/?p=221087\" \/>\n<meta property=\"og:site_name\" content=\"PrijedorDanas.com - Prijedorski gradski portal\" \/>\n<meta property=\"article:publisher\" content=\"https:\/\/www.facebook.com\/PrijedorDanasCom\/\" \/>\n<meta property=\"article:published_time\" content=\"2024-03-04T18:16:50+00:00\" \/>\n<meta property=\"og:image\" content=\"https:\/\/www.prijedordanas.com\/wp-content\/uploads\/2024\/03\/pixabay-kopanje-ilustracija-300x224.jpg\" \/>\n<meta name=\"author\" content=\"admin\" \/>\n<meta name=\"twitter:card\" content=\"summary_large_image\" \/>\n<meta name=\"twitter:label1\" content=\"Written by\" \/>\n\t<meta name=\"twitter:data1\" content=\"admin\" \/>\n<script type=\"application\/ld+json\" class=\"yoast-schema-graph\">{\"@context\":\"https:\/\/schema.org\",\"@graph\":[{\"@type\":\"Article\",\"@id\":\"https:\/\/www.prijedordanas.com\/?p=221087#article\",\"isPartOf\":{\"@id\":\"https:\/\/www.prijedordanas.com\/?p=221087\"},\"author\":{\"name\":\"admin\",\"@id\":\"https:\/\/www.prijedordanas.com\/#\/schema\/person\/4e08ccf29b506ca916ff86d46bb700e6\"},\"headline\":\"Vanredna inspekcijska kontrola u Crnoj dolini kod Prijedora\",\"datePublished\":\"2024-03-04T18:16:50+00:00\",\"dateModified\":\"2024-03-04T18:16:50+00:00\",\"mainEntityOfPage\":{\"@id\":\"https:\/\/www.prijedordanas.com\/?p=221087\"},\"wordCount\":349,\"publisher\":{\"@id\":\"https:\/\/www.prijedordanas.com\/#organization\"},\"articleSection\":[\"Svakodnevno\"],\"inLanguage\":\"en-US\"},{\"@type\":\"WebPage\",\"@id\":\"https:\/\/www.prijedordanas.com\/?p=221087\",\"url\":\"https:\/\/www.prijedordanas.com\/?p=221087\",\"name\":\"Vanredna inspekcijska kontrola u Crnoj dolini kod Prijedora - PrijedorDanas.com - Prijedorski gradski portal\",\"isPartOf\":{\"@id\":\"https:\/\/www.prijedordanas.com\/#website\"},\"datePublished\":\"2024-03-04T18:16:50+00:00\",\"dateModified\":\"2024-03-04T18:16:50+00:00\",\"breadcrumb\":{\"@id\":\"https:\/\/www.prijedordanas.com\/?p=221087#breadcrumb\"},\"inLanguage\":\"en-US\",\"potentialAction\":[{\"@type\":\"ReadAction\",\"target\":[\"https:\/\/www.prijedordanas.com\/?p=221087\"]}]},{\"@type\":\"BreadcrumbList\",\"@id\":\"https:\/\/www.prijedordanas.com\/?p=221087#breadcrumb\",\"itemListElement\":[{\"@type\":\"ListItem\",\"position\":1,\"name\":\"Home\",\"item\":\"https:\/\/www.prijedordanas.com\/\"},{\"@type\":\"ListItem\",\"position\":2,\"name\":\"Vanredna inspekcijska kontrola u Crnoj dolini kod Prijedora\"}]},{\"@type\":\"WebSite\",\"@id\":\"https:\/\/www.prijedordanas.com\/#website\",\"url\":\"https:\/\/www.prijedordanas.com\/\",\"name\":\"PrijedorDanas.com - Prijedorski gradski portal\",\"description\":\"Portal o doga\u0111anjima u gradu Prijedoru\",\"publisher\":{\"@id\":\"https:\/\/www.prijedordanas.com\/#organization\"},\"potentialAction\":[{\"@type\":\"SearchAction\",\"target\":{\"@type\":\"EntryPoint\",\"urlTemplate\":\"https:\/\/www.prijedordanas.com\/?s={search_term_string}\"},\"query-input\":\"required name=search_term_string\"}],\"inLanguage\":\"en-US\"},{\"@type\":\"Organization\",\"@id\":\"https:\/\/www.prijedordanas.com\/#organization\",\"name\":\"PrijedorDanas.com\",\"url\":\"https:\/\/www.prijedordanas.com\/\",\"logo\":{\"@type\":\"ImageObject\",\"inLanguage\":\"en-US\",\"@id\":\"https:\/\/www.prijedordanas.com\/#\/schema\/logo\/image\/\",\"url\":\"http:\/\/www.prijedordanas.com\/wp-content\/uploads\/2021\/12\/logopng.png\",\"contentUrl\":\"http:\/\/www.prijedordanas.com\/wp-content\/uploads\/2021\/12\/logopng.png\",\"width\":1019,\"height\":776,\"caption\":\"PrijedorDanas.com\"},\"image\":{\"@id\":\"https:\/\/www.prijedordanas.com\/#\/schema\/logo\/image\/\"},\"sameAs\":[\"https:\/\/www.facebook.com\/PrijedorDanasCom\/\"]},{\"@type\":\"Person\",\"@id\":\"https:\/\/www.prijedordanas.com\/#\/schema\/person\/4e08ccf29b506ca916ff86d46bb700e6\",\"name\":\"admin\",\"image\":{\"@type\":\"ImageObject\",\"inLanguage\":\"en-US\",\"@id\":\"https:\/\/www.prijedordanas.com\/#\/schema\/person\/image\/\",\"url\":\"https:\/\/secure.gravatar.com\/avatar\/1d3fc949d550f0b53a5f0d51e06dfd79?s=96&d=mm&r=g\",\"contentUrl\":\"https:\/\/secure.gravatar.com\/avatar\/1d3fc949d550f0b53a5f0d51e06dfd79?s=96&d=mm&r=g\",\"caption\":\"admin\"},\"url\":\"https:\/\/www.prijedordanas.com\/?author=1\"}]}<\/script>\n<!-- \/ Yoast SEO plugin. -->","yoast_head_json":{"title":"Vanredna inspekcijska kontrola u Crnoj dolini kod Prijedora - PrijedorDanas.com - Prijedorski gradski portal","robots":{"index":"index","follow":"follow","max-snippet":"max-snippet:-1","max-image-preview":"max-image-preview:large","max-video-preview":"max-video-preview:-1"},"canonical":"https:\/\/www.prijedordanas.com\/?p=221087","og_locale":"en_US","og_type":"article","og_title":"Vanredna inspekcijska kontrola u Crnoj dolini kod Prijedora - PrijedorDanas.com - Prijedorski gradski portal","og_description":"Republi\u010dki ekolo\u0161ki inspektori u narednim danima izvr\u0161i\u0107e kontrolu koja se odnosi na ugro\u017eavanje \u017eivotne sredine na le\u017ei\u0161tu Crna dolina kod Prijedora, potvr\u0111eno je za CAPITAL iz Inspektorata Republike Srpske. \u201eInspektorat [&hellip;]","og_url":"https:\/\/www.prijedordanas.com\/?p=221087","og_site_name":"PrijedorDanas.com - Prijedorski gradski portal","article_publisher":"https:\/\/www.facebook.com\/PrijedorDanasCom\/","article_published_time":"2024-03-04T18:16:50+00:00","og_image":[{"url":"https:\/\/www.prijedordanas.com\/wp-content\/uploads\/2024\/03\/pixabay-kopanje-ilustracija-300x224.jpg"}],"author":"admin","twitter_card":"summary_large_image","twitter_misc":{"Written by":"admin"},"schema":{"@context":"https:\/\/schema.org","@graph":[{"@type":"Article","@id":"https:\/\/www.prijedordanas.com\/?p=221087#article","isPartOf":{"@id":"https:\/\/www.prijedordanas.com\/?p=221087"},"author":{"name":"admin","@id":"https:\/\/www.prijedordanas.com\/#\/schema\/person\/4e08ccf29b506ca916ff86d46bb700e6"},"headline":"Vanredna inspekcijska kontrola u Crnoj dolini kod Prijedora","datePublished":"2024-03-04T18:16:50+00:00","dateModified":"2024-03-04T18:16:50+00:00","mainEntityOfPage":{"@id":"https:\/\/www.prijedordanas.com\/?p=221087"},"wordCount":349,"publisher":{"@id":"https:\/\/www.prijedordanas.com\/#organization"},"articleSection":["Svakodnevno"],"inLanguage":"en-US"},{"@type":"WebPage","@id":"https:\/\/www.prijedordanas.com\/?p=221087","url":"https:\/\/www.prijedordanas.com\/?p=221087","name":"Vanredna inspekcijska kontrola u Crnoj dolini kod Prijedora - PrijedorDanas.com - Prijedorski gradski portal","isPartOf":{"@id":"https:\/\/www.prijedordanas.com\/#website"},"datePublished":"2024-03-04T18:16:50+00:00","dateModified":"2024-03-04T18:16:50+00:00","breadcrumb":{"@id":"https:\/\/www.prijedordanas.com\/?p=221087#breadcrumb"},"inLanguage":"en-US","potentialAction":[{"@type":"ReadAction","target":["https:\/\/www.prijedordanas.com\/?p=221087"]}]},{"@type":"BreadcrumbList","@id":"https:\/\/www.prijedordanas.com\/?p=221087#breadcrumb","itemListElement":[{"@type":"ListItem","position":1,"name":"Home","item":"https:\/\/www.prijedordanas.com\/"},{"@type":"ListItem","position":2,"name":"Vanredna inspekcijska kontrola u Crnoj dolini kod Prijedora"}]},{"@type":"WebSite","@id":"https:\/\/www.prijedordanas.com\/#website","url":"https:\/\/www.prijedordanas.com\/","name":"PrijedorDanas.com - Prijedorski gradski portal","description":"Portal o doga\u0111anjima u gradu Prijedoru","publisher":{"@id":"https:\/\/www.prijedordanas.com\/#organization"},"potentialAction":[{"@type":"SearchAction","target":{"@type":"EntryPoint","urlTemplate":"https:\/\/www.prijedordanas.com\/?s={search_term_string}"},"query-input":"required name=search_term_string"}],"inLanguage":"en-US"},{"@type":"Organization","@id":"https:\/\/www.prijedordanas.com\/#organization","name":"PrijedorDanas.com","url":"https:\/\/www.prijedordanas.com\/","logo":{"@type":"ImageObject","inLanguage":"en-US","@id":"https:\/\/www.prijedordanas.com\/#\/schema\/logo\/image\/","url":"http:\/\/www.prijedordanas.com\/wp-content\/uploads\/2021\/12\/logopng.png","contentUrl":"http:\/\/www.prijedordanas.com\/wp-content\/uploads\/2021\/12\/logopng.png","width":1019,"height":776,"caption":"PrijedorDanas.com"},"image":{"@id":"https:\/\/www.prijedordanas.com\/#\/schema\/logo\/image\/"},"sameAs":["https:\/\/www.facebook.com\/PrijedorDanasCom\/"]},{"@type":"Person","@id":"https:\/\/www.prijedordanas.com\/#\/schema\/person\/4e08ccf29b506ca916ff86d46bb700e6","name":"admin","image":{"@type":"ImageObject","inLanguage":"en-US","@id":"https:\/\/www.prijedordanas.com\/#\/schema\/person\/image\/","url":"https:\/\/secure.gravatar.com\/avatar\/1d3fc949d550f0b53a5f0d51e06dfd79?s=96&d=mm&r=g","contentUrl":"https:\/\/secure.gravatar.com\/avatar\/1d3fc949d550f0b53a5f0d51e06dfd79?s=96&d=mm&r=g","caption":"admin"},"url":"https:\/\/www.prijedordanas.com\/?author=1"}]}},"_links":{"self":[{"href":"https:\/\/www.prijedordanas.com\/index.php?rest_route=\/wp\/v2\/posts\/221087"}],"collection":[{"href":"https:\/\/www.prijedordanas.com\/index.php?rest_route=\/wp\/v2\/posts"}],"about":[{"href":"https:\/\/www.prijedordanas.com\/index.php?rest_route=\/wp\/v2\/types\/post"}],"author":[{"embeddable":true,"href":"https:\/\/www.prijedordanas.com\/index.php?rest_route=\/wp\/v2\/users\/1"}],"replies":[{"embeddable":true,"href":"https:\/\/www.prijedordanas.com\/index.php?rest_route=%2Fwp%2Fv2%2Fcomments&post=221087"}],"version-history":[{"count":1,"href":"https:\/\/www.prijedordanas.com\/index.php?rest_route=\/wp\/v2\/posts\/221087\/revisions"}],"predecessor-version":[{"id":221089,"href":"https:\/\/www.prijedordanas.com\/index.php?rest_route=\/wp\/v2\/posts\/221087\/revisions\/221089"}],"wp:attachment":[{"href":"https:\/\/www.prijedordanas.com\/index.php?rest_route=%2Fwp%2Fv2%2Fmedia&parent=221087"}],"wp:term":[{"taxonomy":"category","embeddable":true,"href":"https:\/\/www.prijedordanas.com\/index.php?rest_route=%2Fwp%2Fv2%2Fcategories&post=221087"},{"taxonomy":"post_tag","embeddable":true,"href":"https:\/\/www.prijedordanas.com\/index.php?rest_route=%2Fwp%2Fv2%2Ftags&post=221087"}],"curies":[{"name":"wp","href":"https:\/\/api.w.org\/{rel}","templated":true}]}}