{"id":221078,"date":"2024-03-04T18:45:40","date_gmt":"2024-03-04T17:45:40","guid":{"rendered":"https:\/\/www.prijedordanas.com\/?p=221078"},"modified":"2024-03-04T18:45:40","modified_gmt":"2024-03-04T17:45:40","slug":"prijedor-poceli-radovi-na-izgradnji-kanalizacije-u-naselju-krajina-celpak-foto-video","status":"publish","type":"post","link":"https:\/\/www.prijedordanas.com\/?p=221078","title":{"rendered":"Prijedor: Po\u010deli radovi na izgradnji kanalizacije u naselju Krajina-Celpak &#8211; FOTO\/VIDEO"},"content":{"rendered":"<p><a href=\"https:\/\/www.prijedordanas.com\/wp-content\/uploads\/2024\/03\/prijedorgradorg-kanalizacija-krajina-celpak-pocetak-radova-1.jpg\"><img loading=\"lazy\" decoding=\"async\" class=\"alignleft size-medium wp-image-221079\" src=\"https:\/\/www.prijedordanas.com\/wp-content\/uploads\/2024\/03\/prijedorgradorg-kanalizacija-krajina-celpak-pocetak-radova-1-300x225.jpg\" alt=\"\" width=\"300\" height=\"225\" srcset=\"https:\/\/www.prijedordanas.com\/wp-content\/uploads\/2024\/03\/prijedorgradorg-kanalizacija-krajina-celpak-pocetak-radova-1-300x225.jpg 300w, https:\/\/www.prijedordanas.com\/wp-content\/uploads\/2024\/03\/prijedorgradorg-kanalizacija-krajina-celpak-pocetak-radova-1-640x480.jpg 640w, https:\/\/www.prijedordanas.com\/wp-content\/uploads\/2024\/03\/prijedorgradorg-kanalizacija-krajina-celpak-pocetak-radova-1.jpg 667w\" sizes=\"(max-width: 300px) 100vw, 300px\" \/><\/a>Danas su po\u010deli radovi na izgradnji kanalizacije u naselju Krajina-Celpak u du\u017eini od 360 metara i kojom \u0107e ukupno 32 objekta bi\u0107e spojena na ovu mre\u017eu uklju\u010duju\u0107i i dva stambena objekta i objekat Doma za stara lica.<\/p>\n<p>Gradona\u010delnik Prijedora Slobodan Javor istakao je da \u0107e ovim biti rije\u0161en dugogodi\u0161nji problem mje\u0161tana i da je ovo jedan dobar primjer komunikacije Gradske uprave i stanovnika ovog naselja.<\/p>\n<p>&#8220;Naime, sredinom pro\u0161le godine imali smo vi\u0161e sastanaka po pitanju problematike stanovnika ovog dijela na\u0161eg grada i oni su istakli da je osnovni problem i prioritet upravo kanalizacija&#8221;, izjavio je Javor novinarima.<\/p>\n<p>On je dodao da je Grad prepoznao problem i pro\u0161le godine je odlu\u010deno da se rebalansom obezbijede sredstva u iznosu od 85.000 KM.<\/p>\n<p><a href=\"https:\/\/www.prijedordanas.com\/wp-content\/uploads\/2024\/03\/prijedorgradorg-kanalizacija-krajina-celpak-pocetak-radova-2.jpg\"><img loading=\"lazy\" decoding=\"async\" class=\"alignleft size-medium wp-image-221080\" src=\"https:\/\/www.prijedordanas.com\/wp-content\/uploads\/2024\/03\/prijedorgradorg-kanalizacija-krajina-celpak-pocetak-radova-2-300x199.jpg\" alt=\"\" width=\"300\" height=\"199\" srcset=\"https:\/\/www.prijedordanas.com\/wp-content\/uploads\/2024\/03\/prijedorgradorg-kanalizacija-krajina-celpak-pocetak-radova-2-300x199.jpg 300w, https:\/\/www.prijedordanas.com\/wp-content\/uploads\/2024\/03\/prijedorgradorg-kanalizacija-krajina-celpak-pocetak-radova-2-480x320.jpg 480w, https:\/\/www.prijedordanas.com\/wp-content\/uploads\/2024\/03\/prijedorgradorg-kanalizacija-krajina-celpak-pocetak-radova-2.jpg 600w\" sizes=\"(max-width: 300px) 100vw, 300px\" \/><\/a>&#8220;Raspisan je tender i izabran najpovoljniji ponu\u0111a\u010d, ali smo se zbog zimskog perioda odlu\u010dili da radovi po\u010dnu kada vremenski uslovi to dozvole&#8221;, rekao je Javor.<\/p>\n<p>On je dodao da projekat u cjelosti finansira Grad Prijedor.<\/p>\n<p>Izvo\u0111a\u010d radova je preduze\u0107e &#8220;Prijedorputevi&#8221;, a rok za izvo\u0111enje radova je 60 dana.<\/p>\n<p>&#8220;Odavde \u0107emo nastaviti dalje radove prema Gomjenici, to nam je cilj i donijeli smo odluku da radimo fazno s obzirom da je kompletan projekat za izgradnju kanalizacije u Gomjenici veliki i ono \u0161to je jako va\u017eno je da \u0107emo gledati da kako budemo zavr\u0161avali fazu po fazu tako i otvaramo mre\u017eu za priklju\u010denje&#8221;, rekao je Javor.<\/p>\n<p>On je dodao da je ista situacija i u Omarskoj gdje je grad Prijedor obezbijedio milion KM i da se trenutno radi na pripremi dokumentacije za raspisivanje tendera. Javor je najavio i nastavak obilaska mjesnih zajednica i razgovora oko aktuelne problematike u svakoj od njih.<\/p>\n<p><a href=\"https:\/\/www.prijedordanas.com\/wp-content\/uploads\/2024\/03\/prijedorgradorg-kanalizacija-krajina-celpak-pocetak-radova-3.jpg\"><img loading=\"lazy\" decoding=\"async\" class=\"alignleft size-medium wp-image-221081\" src=\"https:\/\/www.prijedordanas.com\/wp-content\/uploads\/2024\/03\/prijedorgradorg-kanalizacija-krajina-celpak-pocetak-radova-3-300x199.jpg\" alt=\"\" width=\"300\" height=\"199\" srcset=\"https:\/\/www.prijedordanas.com\/wp-content\/uploads\/2024\/03\/prijedorgradorg-kanalizacija-krajina-celpak-pocetak-radova-3-300x199.jpg 300w, https:\/\/www.prijedordanas.com\/wp-content\/uploads\/2024\/03\/prijedorgradorg-kanalizacija-krajina-celpak-pocetak-radova-3-480x320.jpg 480w, https:\/\/www.prijedordanas.com\/wp-content\/uploads\/2024\/03\/prijedorgradorg-kanalizacija-krajina-celpak-pocetak-radova-3.jpg 600w\" sizes=\"(max-width: 300px) 100vw, 300px\" \/><\/a>Javor je dodao da se, kada je u pitanju kanalizaciona mre\u017ea u Tukovima u koju je ranije ulo\u017eeno preko 9 miliona KM, jako malo mo\u017ee iskoristiti.<\/p>\n<p>&#8220;Mi smo anga\u017eovali firmu koja je dobila posao na tenderu i koja je napravila elaborat kojim je evidentirano da za osposobljavanje ove mre\u017ee treba dodatnih 6,5 miliona KM. Trenutno nadle\u017eni organi preispituju taj predmet i da li ima ne\u010dije odgovornosti i kada se to utvrdi ili doka\u017ee da odgovornosti nema Grad Prijedor \u0107e morati da na\u0111e na\u010dina da obezbijedi ta sredstva da se osposobi mre\u017ea&#8221;, rekao je Javor.<\/p>\n<p>Predstavnik gra\u0111ana naselja Krajina- Celpak Milan Miji\u0107 izrazio je zahvalnost Gradskoj upravi koja je krenula u rje\u0161avanje problema sa kanalizacijom, a koji se , kako je istakao , rje\u0161ava skoro 20 godina. On je dodao da naselje trenutno ima kanalizaciju koja je divlja i zavr\u0161ava u rijeci Sani.<\/p>\n<p>&#8220;Nadam se da \u0107emo sada napraviti jedan korak naprijed u rje\u0161avanju problema sa kanalizacijom u ovom dijelu grada i da \u0107emo nakon toga uspjeti da zavr\u0161imo i asfaltiranje puteva u ovom naselju&#8221;, rekao je Miji\u0107.<\/p>\n<p><a href=\"https:\/\/www.prijedorgrad.org\/sr-EU\/vijesti-sadrzaj.html?vid=19552\" target=\"_blank\" rel=\"noopener\">prijedorgrad.org<\/a><\/p>\n<p><iframe loading=\"lazy\" title=\"PO\u010cELA IZGRADNJA KANALIZACIJE U NASELJU KRAJINA - CELPAK\" width=\"500\" height=\"281\" src=\"https:\/\/www.youtube.com\/embed\/hkb62C3kkPc?feature=oembed\" frameborder=\"0\" allow=\"accelerometer; autoplay; clipboard-write; encrypted-media; gyroscope; picture-in-picture; web-share\" allowfullscreen><\/iframe><\/p>\n","protected":false},"excerpt":{"rendered":"<p>Danas su po\u010deli radovi na izgradnji kanalizacije u naselju Krajina-Celpak u du\u017eini od 360 metara i kojom \u0107e ukupno 32 objekta bi\u0107e spojena na ovu mre\u017eu uklju\u010duju\u0107i i dva stambena [&hellip;]<\/p>\n","protected":false},"author":1,"featured_media":0,"comment_status":"closed","ping_status":"open","sticky":false,"template":"","format":"standard","meta":{"_monsterinsights_skip_tracking":false,"_monsterinsights_sitenote_active":false,"_monsterinsights_sitenote_note":"","_monsterinsights_sitenote_category":0,"footnotes":""},"categories":[4],"tags":[],"yoast_head":"<!-- This site is optimized with the Yoast SEO plugin v21.6 - https:\/\/yoast.com\/wordpress\/plugins\/seo\/ -->\n<title>Prijedor: Po\u010deli radovi na izgradnji kanalizacije u naselju Krajina-Celpak - FOTO\/VIDEO - PrijedorDanas.com - Prijedorski gradski portal<\/title>\n<meta name=\"robots\" content=\"index, follow, max-snippet:-1, max-image-preview:large, max-video-preview:-1\" \/>\n<link rel=\"canonical\" href=\"https:\/\/www.prijedordanas.com\/?p=221078\" \/>\n<meta property=\"og:locale\" content=\"en_US\" \/>\n<meta property=\"og:type\" content=\"article\" \/>\n<meta property=\"og:title\" content=\"Prijedor: Po\u010deli radovi na izgradnji kanalizacije u naselju Krajina-Celpak - FOTO\/VIDEO - PrijedorDanas.com - Prijedorski gradski portal\" \/>\n<meta property=\"og:description\" content=\"Danas su po\u010deli radovi na izgradnji kanalizacije u naselju Krajina-Celpak u du\u017eini od 360 metara i kojom \u0107e ukupno 32 objekta bi\u0107e spojena na ovu mre\u017eu uklju\u010duju\u0107i i dva stambena [&hellip;]\" \/>\n<meta property=\"og:url\" content=\"https:\/\/www.prijedordanas.com\/?p=221078\" \/>\n<meta property=\"og:site_name\" content=\"PrijedorDanas.com - Prijedorski gradski portal\" \/>\n<meta property=\"article:publisher\" content=\"https:\/\/www.facebook.com\/PrijedorDanasCom\/\" \/>\n<meta property=\"article:published_time\" content=\"2024-03-04T17:45:40+00:00\" \/>\n<meta property=\"og:image\" content=\"https:\/\/www.prijedordanas.com\/wp-content\/uploads\/2024\/03\/prijedorgradorg-kanalizacija-krajina-celpak-pocetak-radova-1-300x225.jpg\" \/>\n<meta name=\"author\" content=\"admin\" \/>\n<meta name=\"twitter:card\" content=\"summary_large_image\" \/>\n<meta name=\"twitter:label1\" content=\"Written by\" \/>\n\t<meta name=\"twitter:data1\" content=\"admin\" \/>\n\t<meta name=\"twitter:label2\" content=\"Est. reading time\" \/>\n\t<meta name=\"twitter:data2\" content=\"3 minutes\" \/>\n<script type=\"application\/ld+json\" class=\"yoast-schema-graph\">{\"@context\":\"https:\/\/schema.org\",\"@graph\":[{\"@type\":\"Article\",\"@id\":\"https:\/\/www.prijedordanas.com\/?p=221078#article\",\"isPartOf\":{\"@id\":\"https:\/\/www.prijedordanas.com\/?p=221078\"},\"author\":{\"name\":\"admin\",\"@id\":\"https:\/\/www.prijedordanas.com\/#\/schema\/person\/4e08ccf29b506ca916ff86d46bb700e6\"},\"headline\":\"Prijedor: Po\u010deli radovi na izgradnji kanalizacije u naselju Krajina-Celpak &#8211; FOTO\/VIDEO\",\"datePublished\":\"2024-03-04T17:45:40+00:00\",\"dateModified\":\"2024-03-04T17:45:40+00:00\",\"mainEntityOfPage\":{\"@id\":\"https:\/\/www.prijedordanas.com\/?p=221078\"},\"wordCount\":503,\"publisher\":{\"@id\":\"https:\/\/www.prijedordanas.com\/#organization\"},\"articleSection\":[\"Dru\u0161tvo\"],\"inLanguage\":\"en-US\"},{\"@type\":\"WebPage\",\"@id\":\"https:\/\/www.prijedordanas.com\/?p=221078\",\"url\":\"https:\/\/www.prijedordanas.com\/?p=221078\",\"name\":\"Prijedor: Po\u010deli radovi na izgradnji kanalizacije u naselju Krajina-Celpak - FOTO\/VIDEO - PrijedorDanas.com - Prijedorski gradski portal\",\"isPartOf\":{\"@id\":\"https:\/\/www.prijedordanas.com\/#website\"},\"datePublished\":\"2024-03-04T17:45:40+00:00\",\"dateModified\":\"2024-03-04T17:45:40+00:00\",\"breadcrumb\":{\"@id\":\"https:\/\/www.prijedordanas.com\/?p=221078#breadcrumb\"},\"inLanguage\":\"en-US\",\"potentialAction\":[{\"@type\":\"ReadAction\",\"target\":[\"https:\/\/www.prijedordanas.com\/?p=221078\"]}]},{\"@type\":\"BreadcrumbList\",\"@id\":\"https:\/\/www.prijedordanas.com\/?p=221078#breadcrumb\",\"itemListElement\":[{\"@type\":\"ListItem\",\"position\":1,\"name\":\"Home\",\"item\":\"https:\/\/www.prijedordanas.com\/\"},{\"@type\":\"ListItem\",\"position\":2,\"name\":\"Prijedor: Po\u010deli radovi na izgradnji kanalizacije u naselju Krajina-Celpak &#8211; FOTO\/VIDEO\"}]},{\"@type\":\"WebSite\",\"@id\":\"https:\/\/www.prijedordanas.com\/#website\",\"url\":\"https:\/\/www.prijedordanas.com\/\",\"name\":\"PrijedorDanas.com - Prijedorski gradski portal\",\"description\":\"Portal o doga\u0111anjima u gradu Prijedoru\",\"publisher\":{\"@id\":\"https:\/\/www.prijedordanas.com\/#organization\"},\"potentialAction\":[{\"@type\":\"SearchAction\",\"target\":{\"@type\":\"EntryPoint\",\"urlTemplate\":\"https:\/\/www.prijedordanas.com\/?s={search_term_string}\"},\"query-input\":\"required name=search_term_string\"}],\"inLanguage\":\"en-US\"},{\"@type\":\"Organization\",\"@id\":\"https:\/\/www.prijedordanas.com\/#organization\",\"name\":\"PrijedorDanas.com\",\"url\":\"https:\/\/www.prijedordanas.com\/\",\"logo\":{\"@type\":\"ImageObject\",\"inLanguage\":\"en-US\",\"@id\":\"https:\/\/www.prijedordanas.com\/#\/schema\/logo\/image\/\",\"url\":\"http:\/\/www.prijedordanas.com\/wp-content\/uploads\/2021\/12\/logopng.png\",\"contentUrl\":\"http:\/\/www.prijedordanas.com\/wp-content\/uploads\/2021\/12\/logopng.png\",\"width\":1019,\"height\":776,\"caption\":\"PrijedorDanas.com\"},\"image\":{\"@id\":\"https:\/\/www.prijedordanas.com\/#\/schema\/logo\/image\/\"},\"sameAs\":[\"https:\/\/www.facebook.com\/PrijedorDanasCom\/\"]},{\"@type\":\"Person\",\"@id\":\"https:\/\/www.prijedordanas.com\/#\/schema\/person\/4e08ccf29b506ca916ff86d46bb700e6\",\"name\":\"admin\",\"image\":{\"@type\":\"ImageObject\",\"inLanguage\":\"en-US\",\"@id\":\"https:\/\/www.prijedordanas.com\/#\/schema\/person\/image\/\",\"url\":\"https:\/\/secure.gravatar.com\/avatar\/1d3fc949d550f0b53a5f0d51e06dfd79?s=96&d=mm&r=g\",\"contentUrl\":\"https:\/\/secure.gravatar.com\/avatar\/1d3fc949d550f0b53a5f0d51e06dfd79?s=96&d=mm&r=g\",\"caption\":\"admin\"},\"url\":\"https:\/\/www.prijedordanas.com\/?author=1\"}]}<\/script>\n<!-- \/ Yoast SEO plugin. -->","yoast_head_json":{"title":"Prijedor: Po\u010deli radovi na izgradnji kanalizacije u naselju Krajina-Celpak - FOTO\/VIDEO - PrijedorDanas.com - Prijedorski gradski portal","robots":{"index":"index","follow":"follow","max-snippet":"max-snippet:-1","max-image-preview":"max-image-preview:large","max-video-preview":"max-video-preview:-1"},"canonical":"https:\/\/www.prijedordanas.com\/?p=221078","og_locale":"en_US","og_type":"article","og_title":"Prijedor: Po\u010deli radovi na izgradnji kanalizacije u naselju Krajina-Celpak - FOTO\/VIDEO - PrijedorDanas.com - Prijedorski gradski portal","og_description":"Danas su po\u010deli radovi na izgradnji kanalizacije u naselju Krajina-Celpak u du\u017eini od 360 metara i kojom \u0107e ukupno 32 objekta bi\u0107e spojena na ovu mre\u017eu uklju\u010duju\u0107i i dva stambena [&hellip;]","og_url":"https:\/\/www.prijedordanas.com\/?p=221078","og_site_name":"PrijedorDanas.com - Prijedorski gradski portal","article_publisher":"https:\/\/www.facebook.com\/PrijedorDanasCom\/","article_published_time":"2024-03-04T17:45:40+00:00","og_image":[{"url":"https:\/\/www.prijedordanas.com\/wp-content\/uploads\/2024\/03\/prijedorgradorg-kanalizacija-krajina-celpak-pocetak-radova-1-300x225.jpg"}],"author":"admin","twitter_card":"summary_large_image","twitter_misc":{"Written by":"admin","Est. reading time":"3 minutes"},"schema":{"@context":"https:\/\/schema.org","@graph":[{"@type":"Article","@id":"https:\/\/www.prijedordanas.com\/?p=221078#article","isPartOf":{"@id":"https:\/\/www.prijedordanas.com\/?p=221078"},"author":{"name":"admin","@id":"https:\/\/www.prijedordanas.com\/#\/schema\/person\/4e08ccf29b506ca916ff86d46bb700e6"},"headline":"Prijedor: Po\u010deli radovi na izgradnji kanalizacije u naselju Krajina-Celpak &#8211; FOTO\/VIDEO","datePublished":"2024-03-04T17:45:40+00:00","dateModified":"2024-03-04T17:45:40+00:00","mainEntityOfPage":{"@id":"https:\/\/www.prijedordanas.com\/?p=221078"},"wordCount":503,"publisher":{"@id":"https:\/\/www.prijedordanas.com\/#organization"},"articleSection":["Dru\u0161tvo"],"inLanguage":"en-US"},{"@type":"WebPage","@id":"https:\/\/www.prijedordanas.com\/?p=221078","url":"https:\/\/www.prijedordanas.com\/?p=221078","name":"Prijedor: Po\u010deli radovi na izgradnji kanalizacije u naselju Krajina-Celpak - FOTO\/VIDEO - PrijedorDanas.com - Prijedorski gradski portal","isPartOf":{"@id":"https:\/\/www.prijedordanas.com\/#website"},"datePublished":"2024-03-04T17:45:40+00:00","dateModified":"2024-03-04T17:45:40+00:00","breadcrumb":{"@id":"https:\/\/www.prijedordanas.com\/?p=221078#breadcrumb"},"inLanguage":"en-US","potentialAction":[{"@type":"ReadAction","target":["https:\/\/www.prijedordanas.com\/?p=221078"]}]},{"@type":"BreadcrumbList","@id":"https:\/\/www.prijedordanas.com\/?p=221078#breadcrumb","itemListElement":[{"@type":"ListItem","position":1,"name":"Home","item":"https:\/\/www.prijedordanas.com\/"},{"@type":"ListItem","position":2,"name":"Prijedor: Po\u010deli radovi na izgradnji kanalizacije u naselju Krajina-Celpak &#8211; FOTO\/VIDEO"}]},{"@type":"WebSite","@id":"https:\/\/www.prijedordanas.com\/#website","url":"https:\/\/www.prijedordanas.com\/","name":"PrijedorDanas.com - Prijedorski gradski portal","description":"Portal o doga\u0111anjima u gradu Prijedoru","publisher":{"@id":"https:\/\/www.prijedordanas.com\/#organization"},"potentialAction":[{"@type":"SearchAction","target":{"@type":"EntryPoint","urlTemplate":"https:\/\/www.prijedordanas.com\/?s={search_term_string}"},"query-input":"required name=search_term_string"}],"inLanguage":"en-US"},{"@type":"Organization","@id":"https:\/\/www.prijedordanas.com\/#organization","name":"PrijedorDanas.com","url":"https:\/\/www.prijedordanas.com\/","logo":{"@type":"ImageObject","inLanguage":"en-US","@id":"https:\/\/www.prijedordanas.com\/#\/schema\/logo\/image\/","url":"http:\/\/www.prijedordanas.com\/wp-content\/uploads\/2021\/12\/logopng.png","contentUrl":"http:\/\/www.prijedordanas.com\/wp-content\/uploads\/2021\/12\/logopng.png","width":1019,"height":776,"caption":"PrijedorDanas.com"},"image":{"@id":"https:\/\/www.prijedordanas.com\/#\/schema\/logo\/image\/"},"sameAs":["https:\/\/www.facebook.com\/PrijedorDanasCom\/"]},{"@type":"Person","@id":"https:\/\/www.prijedordanas.com\/#\/schema\/person\/4e08ccf29b506ca916ff86d46bb700e6","name":"admin","image":{"@type":"ImageObject","inLanguage":"en-US","@id":"https:\/\/www.prijedordanas.com\/#\/schema\/person\/image\/","url":"https:\/\/secure.gravatar.com\/avatar\/1d3fc949d550f0b53a5f0d51e06dfd79?s=96&d=mm&r=g","contentUrl":"https:\/\/secure.gravatar.com\/avatar\/1d3fc949d550f0b53a5f0d51e06dfd79?s=96&d=mm&r=g","caption":"admin"},"url":"https:\/\/www.prijedordanas.com\/?author=1"}]}},"_links":{"self":[{"href":"https:\/\/www.prijedordanas.com\/index.php?rest_route=\/wp\/v2\/posts\/221078"}],"collection":[{"href":"https:\/\/www.prijedordanas.com\/index.php?rest_route=\/wp\/v2\/posts"}],"about":[{"href":"https:\/\/www.prijedordanas.com\/index.php?rest_route=\/wp\/v2\/types\/post"}],"author":[{"embeddable":true,"href":"https:\/\/www.prijedordanas.com\/index.php?rest_route=\/wp\/v2\/users\/1"}],"replies":[{"embeddable":true,"href":"https:\/\/www.prijedordanas.com\/index.php?rest_route=%2Fwp%2Fv2%2Fcomments&post=221078"}],"version-history":[{"count":1,"href":"https:\/\/www.prijedordanas.com\/index.php?rest_route=\/wp\/v2\/posts\/221078\/revisions"}],"predecessor-version":[{"id":221082,"href":"https:\/\/www.prijedordanas.com\/index.php?rest_route=\/wp\/v2\/posts\/221078\/revisions\/221082"}],"wp:attachment":[{"href":"https:\/\/www.prijedordanas.com\/index.php?rest_route=%2Fwp%2Fv2%2Fmedia&parent=221078"}],"wp:term":[{"taxonomy":"category","embeddable":true,"href":"https:\/\/www.prijedordanas.com\/index.php?rest_route=%2Fwp%2Fv2%2Fcategories&post=221078"},{"taxonomy":"post_tag","embeddable":true,"href":"https:\/\/www.prijedordanas.com\/index.php?rest_route=%2Fwp%2Fv2%2Ftags&post=221078"}],"curies":[{"name":"wp","href":"https:\/\/api.w.org\/{rel}","templated":true}]}}