{"id":220951,"date":"2024-03-02T07:10:24","date_gmt":"2024-03-02T06:10:24","guid":{"rendered":"https:\/\/www.prijedordanas.com\/?p=220951"},"modified":"2024-03-02T07:10:24","modified_gmt":"2024-03-02T06:10:24","slug":"magla-na-podrucju-prijedora-ovog-subotnjeg-jutra","status":"publish","type":"post","link":"https:\/\/www.prijedordanas.com\/?p=220951","title":{"rendered":"Magla na podru\u010dju Prijedora ovog subotnjeg jutra"},"content":{"rendered":"<p><a href=\"https:\/\/www.prijedordanas.com\/wp-content\/uploads\/2024\/03\/magla-februar2024-2.jpg\"><img loading=\"lazy\" decoding=\"async\" src=\"https:\/\/www.prijedordanas.com\/wp-content\/uploads\/2024\/03\/magla-februar2024-2-300x225.jpg\" alt=\"\" width=\"300\" height=\"225\" class=\"alignleft size-medium wp-image-220954\" srcset=\"https:\/\/www.prijedordanas.com\/wp-content\/uploads\/2024\/03\/magla-februar2024-2-300x225.jpg 300w, https:\/\/www.prijedordanas.com\/wp-content\/uploads\/2024\/03\/magla-februar2024-2-640x480.jpg 640w, https:\/\/www.prijedordanas.com\/wp-content\/uploads\/2024\/03\/magla-februar2024-2.jpg 667w\" sizes=\"(max-width: 300px) 100vw, 300px\" \/><\/a>Saobrac\u0301aj se na vec\u0301ini puteva u Republici Srpskoj odvija po prete\u017eno suvim i mjestimi\u010dno mokrim kolovozima. <\/p>\n<p>Na dionicama u usjecima skrec\u0301emo pa\u017enju na moguc\u0301e odrone a u kotlinama i vi\u0161im predjelima na maglu koja smanjuje vidljivost. <\/p>\n<p>Magla je ovog subotnjeg jutra prisutna i na podru\u010dju Prijedora.<\/p>\n<p>Voza\u010dima savjetujemo opreznu vo\u017enju uz napomenu da je posjedovanje zimske opreme obavezno. <\/p>\n<p>Auto-moto savez Republike Srpske (AMS RS) podsjec\u0301a sve voza\u010de da je od 1. novembra 2023. stupio na snagu Pravilnik o saobrac\u0301aju u zimskim uslovima kojim je propisano da sva motorna vozila u Republici Srpskoj i BiH moraju do 1. aprila sljedec\u0301e godine posjedovati zimsku opremu, bez obzira na vremenske uslove. <\/p>\n<p>U informativnoj slu\u017ebi AMS RS, u upotrebi je vec\u0301 du\u017ee vrijeme poseban broj &#8220;voza\u010dke solidarnosti&#8221; &#8211; 066\/823-000 &#8211; na koji voza\u010di mogu da po\u0161alju SMS poruku i obavijeste de\u017eurne radnike Informativno-dispe\u010derskog centra AMS RS o vanrednim zastojima, saobrac\u0301ajnim nezgodama ili drugim problemima na putu. <\/p>\n<p>Voza\u010di, obavijestite AMS RS o zastojima i problemima na putu putem SMS broja &#8220;voza\u010dke solidarnosti&#8221;, 066\/823-000. <\/p>\n<p>Zbog velikog broja poziva na broj 1285, informacije o stanju na putevima i pomoc\u0301 na putu u Republici Srpskoj mo\u017eete dobiti i na broj 066\/823-000 ili putem internet stranice. <\/p>\n<p>Na grani\u010dnim prelazima nema du\u017eih zadr\u017eavanja.<\/p>\n<p>AMS RS<br \/>\nFoto &#8211; ilustracija<\/p>\n","protected":false},"excerpt":{"rendered":"<p>Saobrac\u0301aj se na vec\u0301ini puteva u Republici Srpskoj odvija po prete\u017eno suvim i mjestimi\u010dno mokrim kolovozima. Na dionicama u usjecima skrec\u0301emo pa\u017enju na moguc\u0301e odrone a u kotlinama i vi\u0161im [&hellip;]<\/p>\n","protected":false},"author":1,"featured_media":0,"comment_status":"closed","ping_status":"open","sticky":false,"template":"","format":"standard","meta":{"_monsterinsights_skip_tracking":false,"_monsterinsights_sitenote_active":false,"_monsterinsights_sitenote_note":"","_monsterinsights_sitenote_category":0,"footnotes":""},"categories":[8],"tags":[],"yoast_head":"<!-- This site is optimized with the Yoast SEO plugin v21.6 - https:\/\/yoast.com\/wordpress\/plugins\/seo\/ -->\n<title>Magla na podru\u010dju Prijedora ovog subotnjeg jutra - PrijedorDanas.com - Prijedorski gradski portal<\/title>\n<meta name=\"robots\" content=\"index, follow, max-snippet:-1, max-image-preview:large, max-video-preview:-1\" \/>\n<link rel=\"canonical\" href=\"https:\/\/www.prijedordanas.com\/?p=220951\" \/>\n<meta property=\"og:locale\" content=\"en_US\" \/>\n<meta property=\"og:type\" content=\"article\" \/>\n<meta property=\"og:title\" content=\"Magla na podru\u010dju Prijedora ovog subotnjeg jutra - PrijedorDanas.com - Prijedorski gradski portal\" \/>\n<meta property=\"og:description\" content=\"Saobrac\u0301aj se na vec\u0301ini puteva u Republici Srpskoj odvija po prete\u017eno suvim i mjestimi\u010dno mokrim kolovozima. Na dionicama u usjecima skrec\u0301emo pa\u017enju na moguc\u0301e odrone a u kotlinama i vi\u0161im [&hellip;]\" \/>\n<meta property=\"og:url\" content=\"https:\/\/www.prijedordanas.com\/?p=220951\" \/>\n<meta property=\"og:site_name\" content=\"PrijedorDanas.com - Prijedorski gradski portal\" \/>\n<meta property=\"article:publisher\" content=\"https:\/\/www.facebook.com\/PrijedorDanasCom\/\" \/>\n<meta property=\"article:published_time\" content=\"2024-03-02T06:10:24+00:00\" \/>\n<meta property=\"og:image\" content=\"https:\/\/www.prijedordanas.com\/wp-content\/uploads\/2024\/03\/magla-februar2024-2-300x225.jpg\" \/>\n<meta name=\"author\" content=\"admin\" \/>\n<meta name=\"twitter:card\" content=\"summary_large_image\" \/>\n<meta name=\"twitter:label1\" content=\"Written by\" \/>\n\t<meta name=\"twitter:data1\" content=\"admin\" \/>\n\t<meta name=\"twitter:label2\" content=\"Est. reading time\" \/>\n\t<meta name=\"twitter:data2\" content=\"1 minute\" \/>\n<script type=\"application\/ld+json\" class=\"yoast-schema-graph\">{\"@context\":\"https:\/\/schema.org\",\"@graph\":[{\"@type\":\"Article\",\"@id\":\"https:\/\/www.prijedordanas.com\/?p=220951#article\",\"isPartOf\":{\"@id\":\"https:\/\/www.prijedordanas.com\/?p=220951\"},\"author\":{\"name\":\"admin\",\"@id\":\"https:\/\/www.prijedordanas.com\/#\/schema\/person\/4e08ccf29b506ca916ff86d46bb700e6\"},\"headline\":\"Magla na podru\u010dju Prijedora ovog subotnjeg jutra\",\"datePublished\":\"2024-03-02T06:10:24+00:00\",\"dateModified\":\"2024-03-02T06:10:24+00:00\",\"mainEntityOfPage\":{\"@id\":\"https:\/\/www.prijedordanas.com\/?p=220951\"},\"wordCount\":241,\"publisher\":{\"@id\":\"https:\/\/www.prijedordanas.com\/#organization\"},\"articleSection\":[\"Svakodnevno\"],\"inLanguage\":\"en-US\"},{\"@type\":\"WebPage\",\"@id\":\"https:\/\/www.prijedordanas.com\/?p=220951\",\"url\":\"https:\/\/www.prijedordanas.com\/?p=220951\",\"name\":\"Magla na podru\u010dju Prijedora ovog subotnjeg jutra - PrijedorDanas.com - Prijedorski gradski portal\",\"isPartOf\":{\"@id\":\"https:\/\/www.prijedordanas.com\/#website\"},\"datePublished\":\"2024-03-02T06:10:24+00:00\",\"dateModified\":\"2024-03-02T06:10:24+00:00\",\"breadcrumb\":{\"@id\":\"https:\/\/www.prijedordanas.com\/?p=220951#breadcrumb\"},\"inLanguage\":\"en-US\",\"potentialAction\":[{\"@type\":\"ReadAction\",\"target\":[\"https:\/\/www.prijedordanas.com\/?p=220951\"]}]},{\"@type\":\"BreadcrumbList\",\"@id\":\"https:\/\/www.prijedordanas.com\/?p=220951#breadcrumb\",\"itemListElement\":[{\"@type\":\"ListItem\",\"position\":1,\"name\":\"Home\",\"item\":\"https:\/\/www.prijedordanas.com\/\"},{\"@type\":\"ListItem\",\"position\":2,\"name\":\"Magla na podru\u010dju Prijedora ovog subotnjeg jutra\"}]},{\"@type\":\"WebSite\",\"@id\":\"https:\/\/www.prijedordanas.com\/#website\",\"url\":\"https:\/\/www.prijedordanas.com\/\",\"name\":\"PrijedorDanas.com - Prijedorski gradski portal\",\"description\":\"Portal o doga\u0111anjima u gradu Prijedoru\",\"publisher\":{\"@id\":\"https:\/\/www.prijedordanas.com\/#organization\"},\"potentialAction\":[{\"@type\":\"SearchAction\",\"target\":{\"@type\":\"EntryPoint\",\"urlTemplate\":\"https:\/\/www.prijedordanas.com\/?s={search_term_string}\"},\"query-input\":\"required name=search_term_string\"}],\"inLanguage\":\"en-US\"},{\"@type\":\"Organization\",\"@id\":\"https:\/\/www.prijedordanas.com\/#organization\",\"name\":\"PrijedorDanas.com\",\"url\":\"https:\/\/www.prijedordanas.com\/\",\"logo\":{\"@type\":\"ImageObject\",\"inLanguage\":\"en-US\",\"@id\":\"https:\/\/www.prijedordanas.com\/#\/schema\/logo\/image\/\",\"url\":\"http:\/\/www.prijedordanas.com\/wp-content\/uploads\/2021\/12\/logopng.png\",\"contentUrl\":\"http:\/\/www.prijedordanas.com\/wp-content\/uploads\/2021\/12\/logopng.png\",\"width\":1019,\"height\":776,\"caption\":\"PrijedorDanas.com\"},\"image\":{\"@id\":\"https:\/\/www.prijedordanas.com\/#\/schema\/logo\/image\/\"},\"sameAs\":[\"https:\/\/www.facebook.com\/PrijedorDanasCom\/\"]},{\"@type\":\"Person\",\"@id\":\"https:\/\/www.prijedordanas.com\/#\/schema\/person\/4e08ccf29b506ca916ff86d46bb700e6\",\"name\":\"admin\",\"image\":{\"@type\":\"ImageObject\",\"inLanguage\":\"en-US\",\"@id\":\"https:\/\/www.prijedordanas.com\/#\/schema\/person\/image\/\",\"url\":\"https:\/\/secure.gravatar.com\/avatar\/1d3fc949d550f0b53a5f0d51e06dfd79?s=96&d=mm&r=g\",\"contentUrl\":\"https:\/\/secure.gravatar.com\/avatar\/1d3fc949d550f0b53a5f0d51e06dfd79?s=96&d=mm&r=g\",\"caption\":\"admin\"},\"url\":\"https:\/\/www.prijedordanas.com\/?author=1\"}]}<\/script>\n<!-- \/ Yoast SEO plugin. -->","yoast_head_json":{"title":"Magla na podru\u010dju Prijedora ovog subotnjeg jutra - PrijedorDanas.com - Prijedorski gradski portal","robots":{"index":"index","follow":"follow","max-snippet":"max-snippet:-1","max-image-preview":"max-image-preview:large","max-video-preview":"max-video-preview:-1"},"canonical":"https:\/\/www.prijedordanas.com\/?p=220951","og_locale":"en_US","og_type":"article","og_title":"Magla na podru\u010dju Prijedora ovog subotnjeg jutra - PrijedorDanas.com - Prijedorski gradski portal","og_description":"Saobrac\u0301aj se na vec\u0301ini puteva u Republici Srpskoj odvija po prete\u017eno suvim i mjestimi\u010dno mokrim kolovozima. Na dionicama u usjecima skrec\u0301emo pa\u017enju na moguc\u0301e odrone a u kotlinama i vi\u0161im [&hellip;]","og_url":"https:\/\/www.prijedordanas.com\/?p=220951","og_site_name":"PrijedorDanas.com - Prijedorski gradski portal","article_publisher":"https:\/\/www.facebook.com\/PrijedorDanasCom\/","article_published_time":"2024-03-02T06:10:24+00:00","og_image":[{"url":"https:\/\/www.prijedordanas.com\/wp-content\/uploads\/2024\/03\/magla-februar2024-2-300x225.jpg"}],"author":"admin","twitter_card":"summary_large_image","twitter_misc":{"Written by":"admin","Est. reading time":"1 minute"},"schema":{"@context":"https:\/\/schema.org","@graph":[{"@type":"Article","@id":"https:\/\/www.prijedordanas.com\/?p=220951#article","isPartOf":{"@id":"https:\/\/www.prijedordanas.com\/?p=220951"},"author":{"name":"admin","@id":"https:\/\/www.prijedordanas.com\/#\/schema\/person\/4e08ccf29b506ca916ff86d46bb700e6"},"headline":"Magla na podru\u010dju Prijedora ovog subotnjeg jutra","datePublished":"2024-03-02T06:10:24+00:00","dateModified":"2024-03-02T06:10:24+00:00","mainEntityOfPage":{"@id":"https:\/\/www.prijedordanas.com\/?p=220951"},"wordCount":241,"publisher":{"@id":"https:\/\/www.prijedordanas.com\/#organization"},"articleSection":["Svakodnevno"],"inLanguage":"en-US"},{"@type":"WebPage","@id":"https:\/\/www.prijedordanas.com\/?p=220951","url":"https:\/\/www.prijedordanas.com\/?p=220951","name":"Magla na podru\u010dju Prijedora ovog subotnjeg jutra - PrijedorDanas.com - Prijedorski gradski portal","isPartOf":{"@id":"https:\/\/www.prijedordanas.com\/#website"},"datePublished":"2024-03-02T06:10:24+00:00","dateModified":"2024-03-02T06:10:24+00:00","breadcrumb":{"@id":"https:\/\/www.prijedordanas.com\/?p=220951#breadcrumb"},"inLanguage":"en-US","potentialAction":[{"@type":"ReadAction","target":["https:\/\/www.prijedordanas.com\/?p=220951"]}]},{"@type":"BreadcrumbList","@id":"https:\/\/www.prijedordanas.com\/?p=220951#breadcrumb","itemListElement":[{"@type":"ListItem","position":1,"name":"Home","item":"https:\/\/www.prijedordanas.com\/"},{"@type":"ListItem","position":2,"name":"Magla na podru\u010dju Prijedora ovog subotnjeg jutra"}]},{"@type":"WebSite","@id":"https:\/\/www.prijedordanas.com\/#website","url":"https:\/\/www.prijedordanas.com\/","name":"PrijedorDanas.com - Prijedorski gradski portal","description":"Portal o doga\u0111anjima u gradu Prijedoru","publisher":{"@id":"https:\/\/www.prijedordanas.com\/#organization"},"potentialAction":[{"@type":"SearchAction","target":{"@type":"EntryPoint","urlTemplate":"https:\/\/www.prijedordanas.com\/?s={search_term_string}"},"query-input":"required name=search_term_string"}],"inLanguage":"en-US"},{"@type":"Organization","@id":"https:\/\/www.prijedordanas.com\/#organization","name":"PrijedorDanas.com","url":"https:\/\/www.prijedordanas.com\/","logo":{"@type":"ImageObject","inLanguage":"en-US","@id":"https:\/\/www.prijedordanas.com\/#\/schema\/logo\/image\/","url":"http:\/\/www.prijedordanas.com\/wp-content\/uploads\/2021\/12\/logopng.png","contentUrl":"http:\/\/www.prijedordanas.com\/wp-content\/uploads\/2021\/12\/logopng.png","width":1019,"height":776,"caption":"PrijedorDanas.com"},"image":{"@id":"https:\/\/www.prijedordanas.com\/#\/schema\/logo\/image\/"},"sameAs":["https:\/\/www.facebook.com\/PrijedorDanasCom\/"]},{"@type":"Person","@id":"https:\/\/www.prijedordanas.com\/#\/schema\/person\/4e08ccf29b506ca916ff86d46bb700e6","name":"admin","image":{"@type":"ImageObject","inLanguage":"en-US","@id":"https:\/\/www.prijedordanas.com\/#\/schema\/person\/image\/","url":"https:\/\/secure.gravatar.com\/avatar\/1d3fc949d550f0b53a5f0d51e06dfd79?s=96&d=mm&r=g","contentUrl":"https:\/\/secure.gravatar.com\/avatar\/1d3fc949d550f0b53a5f0d51e06dfd79?s=96&d=mm&r=g","caption":"admin"},"url":"https:\/\/www.prijedordanas.com\/?author=1"}]}},"_links":{"self":[{"href":"https:\/\/www.prijedordanas.com\/index.php?rest_route=\/wp\/v2\/posts\/220951"}],"collection":[{"href":"https:\/\/www.prijedordanas.com\/index.php?rest_route=\/wp\/v2\/posts"}],"about":[{"href":"https:\/\/www.prijedordanas.com\/index.php?rest_route=\/wp\/v2\/types\/post"}],"author":[{"embeddable":true,"href":"https:\/\/www.prijedordanas.com\/index.php?rest_route=\/wp\/v2\/users\/1"}],"replies":[{"embeddable":true,"href":"https:\/\/www.prijedordanas.com\/index.php?rest_route=%2Fwp%2Fv2%2Fcomments&post=220951"}],"version-history":[{"count":1,"href":"https:\/\/www.prijedordanas.com\/index.php?rest_route=\/wp\/v2\/posts\/220951\/revisions"}],"predecessor-version":[{"id":220955,"href":"https:\/\/www.prijedordanas.com\/index.php?rest_route=\/wp\/v2\/posts\/220951\/revisions\/220955"}],"wp:attachment":[{"href":"https:\/\/www.prijedordanas.com\/index.php?rest_route=%2Fwp%2Fv2%2Fmedia&parent=220951"}],"wp:term":[{"taxonomy":"category","embeddable":true,"href":"https:\/\/www.prijedordanas.com\/index.php?rest_route=%2Fwp%2Fv2%2Fcategories&post=220951"},{"taxonomy":"post_tag","embeddable":true,"href":"https:\/\/www.prijedordanas.com\/index.php?rest_route=%2Fwp%2Fv2%2Ftags&post=220951"}],"curies":[{"name":"wp","href":"https:\/\/api.w.org\/{rel}","templated":true}]}}