{"id":220936,"date":"2024-03-01T18:45:32","date_gmt":"2024-03-01T17:45:32","guid":{"rendered":"https:\/\/www.prijedordanas.com\/?p=220936"},"modified":"2024-03-01T18:45:32","modified_gmt":"2024-03-01T17:45:32","slug":"osudivanog-doktora-lovru-zaposlili-u-hitnoj-pomoci","status":"publish","type":"post","link":"https:\/\/www.prijedordanas.com\/?p=220936","title":{"rendered":"Osu\u0111ivanog doktora Lovru zaposlili u Hitnoj pomo\u0107i"},"content":{"rendered":"<p><a href=\"https:\/\/www.prijedordanas.com\/wp-content\/uploads\/2016\/12\/marinko-lovre.jpg\"><img loading=\"lazy\" decoding=\"async\" src=\"https:\/\/www.prijedordanas.com\/wp-content\/uploads\/2016\/12\/marinko-lovre-300x222.jpg\" alt=\"\" width=\"300\" height=\"222\" class=\"alignleft size-medium wp-image-70063\" srcset=\"https:\/\/www.prijedordanas.com\/wp-content\/uploads\/2016\/12\/marinko-lovre-300x222.jpg 300w, https:\/\/www.prijedordanas.com\/wp-content\/uploads\/2016\/12\/marinko-lovre-100x74.jpg 100w, https:\/\/www.prijedordanas.com\/wp-content\/uploads\/2016\/12\/marinko-lovre.jpg 676w\" sizes=\"(max-width: 300px) 100vw, 300px\" \/><\/a>Hirurg Marinko Lovre, koji iza sebe ima dvije pravosna\u017ene osu\u0111uju\u0107e presude, od \u010dega je, u prvom slu\u010daju, za primanje mita ka\u017enjen nov\u010danom kaznom, a drugu je &#8220;odle\u017eao&#8221; u zatvoru nakon \u0161to je pacijentkinji u Prijedoru gre\u0161kom odstranio jajnik, zaposlio se u Domu zdravlja Kotor Varo\u0161, kao ljekar u Hitnoj pomo\u0107i, saznaju &#8220;Nezavisne novine&#8221;.<\/p>\n<p>To su nam potvrdili i pacijenti ove zdravstvene ustanove, koji se pitaju kako je mogu\u0107e da, kako ka\u017eu, on jo\u0161 uvijek radi taj posao.<\/p>\n<p>&#8220;Ne znam od kada radi kod nas, ali mi je bilo \u010dudno. Vidjela sam da ga odnekud poznajem, a onda sam se sjetila da je to doktor Lovre. \u010cudno mi je to \u0161to je on po\u010deo raditi kod nas, te pod kojim uslovima, s obzirom na njegovu pro\u0161lost&#8221;, rekla je jedna pacijentkinja za &#8220;Nezavisne novine&#8221;.<\/p>\n<p>A njegova pro\u0161lost je, i te kako, poznata brojnim pacijentima. Pacijentkinji je, podsjetimo, 26. jula 2014. godine u prijedorskoj bolnici, osim upaljenog slijepog crijeva, bez opravdanog medicinskog razloga odstranio i jajnik.<\/p>\n<p>Za nesavjesno pru\u017eanje ljekarske pomo\u0107i pravosna\u017eno je osu\u0111en na godinu dana zatvora i kaznu je odslu\u017eio u Kazneno-popravnom zavodu Banjaluka na Tunjicama.<\/p>\n<p>I to mu nije bila prva presuda, jer je ranije pravosna\u017eno osu\u0111en zbog primanja mita, i to na nov\u010danu kaznu. On je, kako je u toj presudi navedeno, od Sulje K. uzeo mito od 500 evra kako bi sa\u010dinio la\u017eni nalaz.<\/p>\n<p>Da je dr Lovre imao problemati\u010dno pona\u0161anje znaju u Domu zdravlja Kotor Varo\u0161, ali su im, tvrde, ruke bile vezane. Zaposlili su ga, ka\u017eu, prije nekoliko mjeseci, ali na odre\u0111eno vrijeme.<\/p>\n<p>Vladimir Bibi\u0107, direktor Doma zdravlja Kotor Varo\u0161, ka\u017ee da im je trebao ljekar u Hitnoj pomo\u0107i i da su raspisali konkurs.<\/p>\n<p><a href=\"https:\/\/www.nezavisne.com\/novosti\/bih\/Osudjivanog-doktora-Lovru-zaposlili-u-Hitnoj-pomoci\/819301\" rel=\"noopener\" target=\"_blank\">nezavisne.com<\/a><\/p>\n","protected":false},"excerpt":{"rendered":"<p>Hirurg Marinko Lovre, koji iza sebe ima dvije pravosna\u017ene osu\u0111uju\u0107e presude, od \u010dega je, u prvom slu\u010daju, za primanje mita ka\u017enjen nov\u010danom kaznom, a drugu je &#8220;odle\u017eao&#8221; u zatvoru nakon [&hellip;]<\/p>\n","protected":false},"author":1,"featured_media":0,"comment_status":"closed","ping_status":"open","sticky":false,"template":"","format":"standard","meta":{"_monsterinsights_skip_tracking":false,"_monsterinsights_sitenote_active":false,"_monsterinsights_sitenote_note":"","_monsterinsights_sitenote_category":0,"footnotes":""},"categories":[5],"tags":[],"yoast_head":"<!-- This site is optimized with the Yoast SEO plugin v21.6 - https:\/\/yoast.com\/wordpress\/plugins\/seo\/ -->\n<title>Osu\u0111ivanog doktora Lovru zaposlili u Hitnoj pomo\u0107i - PrijedorDanas.com - Prijedorski gradski portal<\/title>\n<meta name=\"robots\" content=\"index, follow, max-snippet:-1, max-image-preview:large, max-video-preview:-1\" \/>\n<link rel=\"canonical\" href=\"https:\/\/www.prijedordanas.com\/?p=220936\" \/>\n<meta property=\"og:locale\" content=\"en_US\" \/>\n<meta property=\"og:type\" content=\"article\" \/>\n<meta property=\"og:title\" content=\"Osu\u0111ivanog doktora Lovru zaposlili u Hitnoj pomo\u0107i - PrijedorDanas.com - Prijedorski gradski portal\" \/>\n<meta property=\"og:description\" content=\"Hirurg Marinko Lovre, koji iza sebe ima dvije pravosna\u017ene osu\u0111uju\u0107e presude, od \u010dega je, u prvom slu\u010daju, za primanje mita ka\u017enjen nov\u010danom kaznom, a drugu je &#8220;odle\u017eao&#8221; u zatvoru nakon [&hellip;]\" \/>\n<meta property=\"og:url\" content=\"https:\/\/www.prijedordanas.com\/?p=220936\" \/>\n<meta property=\"og:site_name\" content=\"PrijedorDanas.com - Prijedorski gradski portal\" \/>\n<meta property=\"article:publisher\" content=\"https:\/\/www.facebook.com\/PrijedorDanasCom\/\" \/>\n<meta property=\"article:published_time\" content=\"2024-03-01T17:45:32+00:00\" \/>\n<meta property=\"og:image\" content=\"https:\/\/www.prijedordanas.com\/wp-content\/uploads\/2016\/12\/marinko-lovre-300x222.jpg\" \/>\n<meta name=\"author\" content=\"admin\" \/>\n<meta name=\"twitter:card\" content=\"summary_large_image\" \/>\n<meta name=\"twitter:label1\" content=\"Written by\" \/>\n\t<meta name=\"twitter:data1\" content=\"admin\" \/>\n<script type=\"application\/ld+json\" class=\"yoast-schema-graph\">{\"@context\":\"https:\/\/schema.org\",\"@graph\":[{\"@type\":\"Article\",\"@id\":\"https:\/\/www.prijedordanas.com\/?p=220936#article\",\"isPartOf\":{\"@id\":\"https:\/\/www.prijedordanas.com\/?p=220936\"},\"author\":{\"name\":\"admin\",\"@id\":\"https:\/\/www.prijedordanas.com\/#\/schema\/person\/4e08ccf29b506ca916ff86d46bb700e6\"},\"headline\":\"Osu\u0111ivanog doktora Lovru zaposlili u Hitnoj pomo\u0107i\",\"datePublished\":\"2024-03-01T17:45:32+00:00\",\"dateModified\":\"2024-03-01T17:45:32+00:00\",\"mainEntityOfPage\":{\"@id\":\"https:\/\/www.prijedordanas.com\/?p=220936\"},\"wordCount\":316,\"publisher\":{\"@id\":\"https:\/\/www.prijedordanas.com\/#organization\"},\"articleSection\":[\"Hronika\"],\"inLanguage\":\"en-US\"},{\"@type\":\"WebPage\",\"@id\":\"https:\/\/www.prijedordanas.com\/?p=220936\",\"url\":\"https:\/\/www.prijedordanas.com\/?p=220936\",\"name\":\"Osu\u0111ivanog doktora Lovru zaposlili u Hitnoj pomo\u0107i - PrijedorDanas.com - Prijedorski gradski portal\",\"isPartOf\":{\"@id\":\"https:\/\/www.prijedordanas.com\/#website\"},\"datePublished\":\"2024-03-01T17:45:32+00:00\",\"dateModified\":\"2024-03-01T17:45:32+00:00\",\"breadcrumb\":{\"@id\":\"https:\/\/www.prijedordanas.com\/?p=220936#breadcrumb\"},\"inLanguage\":\"en-US\",\"potentialAction\":[{\"@type\":\"ReadAction\",\"target\":[\"https:\/\/www.prijedordanas.com\/?p=220936\"]}]},{\"@type\":\"BreadcrumbList\",\"@id\":\"https:\/\/www.prijedordanas.com\/?p=220936#breadcrumb\",\"itemListElement\":[{\"@type\":\"ListItem\",\"position\":1,\"name\":\"Home\",\"item\":\"https:\/\/www.prijedordanas.com\/\"},{\"@type\":\"ListItem\",\"position\":2,\"name\":\"Osu\u0111ivanog doktora Lovru zaposlili u Hitnoj pomo\u0107i\"}]},{\"@type\":\"WebSite\",\"@id\":\"https:\/\/www.prijedordanas.com\/#website\",\"url\":\"https:\/\/www.prijedordanas.com\/\",\"name\":\"PrijedorDanas.com - Prijedorski gradski portal\",\"description\":\"Portal o doga\u0111anjima u gradu Prijedoru\",\"publisher\":{\"@id\":\"https:\/\/www.prijedordanas.com\/#organization\"},\"potentialAction\":[{\"@type\":\"SearchAction\",\"target\":{\"@type\":\"EntryPoint\",\"urlTemplate\":\"https:\/\/www.prijedordanas.com\/?s={search_term_string}\"},\"query-input\":\"required name=search_term_string\"}],\"inLanguage\":\"en-US\"},{\"@type\":\"Organization\",\"@id\":\"https:\/\/www.prijedordanas.com\/#organization\",\"name\":\"PrijedorDanas.com\",\"url\":\"https:\/\/www.prijedordanas.com\/\",\"logo\":{\"@type\":\"ImageObject\",\"inLanguage\":\"en-US\",\"@id\":\"https:\/\/www.prijedordanas.com\/#\/schema\/logo\/image\/\",\"url\":\"http:\/\/www.prijedordanas.com\/wp-content\/uploads\/2021\/12\/logopng.png\",\"contentUrl\":\"http:\/\/www.prijedordanas.com\/wp-content\/uploads\/2021\/12\/logopng.png\",\"width\":1019,\"height\":776,\"caption\":\"PrijedorDanas.com\"},\"image\":{\"@id\":\"https:\/\/www.prijedordanas.com\/#\/schema\/logo\/image\/\"},\"sameAs\":[\"https:\/\/www.facebook.com\/PrijedorDanasCom\/\"]},{\"@type\":\"Person\",\"@id\":\"https:\/\/www.prijedordanas.com\/#\/schema\/person\/4e08ccf29b506ca916ff86d46bb700e6\",\"name\":\"admin\",\"image\":{\"@type\":\"ImageObject\",\"inLanguage\":\"en-US\",\"@id\":\"https:\/\/www.prijedordanas.com\/#\/schema\/person\/image\/\",\"url\":\"https:\/\/secure.gravatar.com\/avatar\/1d3fc949d550f0b53a5f0d51e06dfd79?s=96&d=mm&r=g\",\"contentUrl\":\"https:\/\/secure.gravatar.com\/avatar\/1d3fc949d550f0b53a5f0d51e06dfd79?s=96&d=mm&r=g\",\"caption\":\"admin\"},\"url\":\"https:\/\/www.prijedordanas.com\/?author=1\"}]}<\/script>\n<!-- \/ Yoast SEO plugin. -->","yoast_head_json":{"title":"Osu\u0111ivanog doktora Lovru zaposlili u Hitnoj pomo\u0107i - PrijedorDanas.com - Prijedorski gradski portal","robots":{"index":"index","follow":"follow","max-snippet":"max-snippet:-1","max-image-preview":"max-image-preview:large","max-video-preview":"max-video-preview:-1"},"canonical":"https:\/\/www.prijedordanas.com\/?p=220936","og_locale":"en_US","og_type":"article","og_title":"Osu\u0111ivanog doktora Lovru zaposlili u Hitnoj pomo\u0107i - PrijedorDanas.com - Prijedorski gradski portal","og_description":"Hirurg Marinko Lovre, koji iza sebe ima dvije pravosna\u017ene osu\u0111uju\u0107e presude, od \u010dega je, u prvom slu\u010daju, za primanje mita ka\u017enjen nov\u010danom kaznom, a drugu je &#8220;odle\u017eao&#8221; u zatvoru nakon [&hellip;]","og_url":"https:\/\/www.prijedordanas.com\/?p=220936","og_site_name":"PrijedorDanas.com - Prijedorski gradski portal","article_publisher":"https:\/\/www.facebook.com\/PrijedorDanasCom\/","article_published_time":"2024-03-01T17:45:32+00:00","og_image":[{"url":"https:\/\/www.prijedordanas.com\/wp-content\/uploads\/2016\/12\/marinko-lovre-300x222.jpg"}],"author":"admin","twitter_card":"summary_large_image","twitter_misc":{"Written by":"admin"},"schema":{"@context":"https:\/\/schema.org","@graph":[{"@type":"Article","@id":"https:\/\/www.prijedordanas.com\/?p=220936#article","isPartOf":{"@id":"https:\/\/www.prijedordanas.com\/?p=220936"},"author":{"name":"admin","@id":"https:\/\/www.prijedordanas.com\/#\/schema\/person\/4e08ccf29b506ca916ff86d46bb700e6"},"headline":"Osu\u0111ivanog doktora Lovru zaposlili u Hitnoj pomo\u0107i","datePublished":"2024-03-01T17:45:32+00:00","dateModified":"2024-03-01T17:45:32+00:00","mainEntityOfPage":{"@id":"https:\/\/www.prijedordanas.com\/?p=220936"},"wordCount":316,"publisher":{"@id":"https:\/\/www.prijedordanas.com\/#organization"},"articleSection":["Hronika"],"inLanguage":"en-US"},{"@type":"WebPage","@id":"https:\/\/www.prijedordanas.com\/?p=220936","url":"https:\/\/www.prijedordanas.com\/?p=220936","name":"Osu\u0111ivanog doktora Lovru zaposlili u Hitnoj pomo\u0107i - PrijedorDanas.com - Prijedorski gradski portal","isPartOf":{"@id":"https:\/\/www.prijedordanas.com\/#website"},"datePublished":"2024-03-01T17:45:32+00:00","dateModified":"2024-03-01T17:45:32+00:00","breadcrumb":{"@id":"https:\/\/www.prijedordanas.com\/?p=220936#breadcrumb"},"inLanguage":"en-US","potentialAction":[{"@type":"ReadAction","target":["https:\/\/www.prijedordanas.com\/?p=220936"]}]},{"@type":"BreadcrumbList","@id":"https:\/\/www.prijedordanas.com\/?p=220936#breadcrumb","itemListElement":[{"@type":"ListItem","position":1,"name":"Home","item":"https:\/\/www.prijedordanas.com\/"},{"@type":"ListItem","position":2,"name":"Osu\u0111ivanog doktora Lovru zaposlili u Hitnoj pomo\u0107i"}]},{"@type":"WebSite","@id":"https:\/\/www.prijedordanas.com\/#website","url":"https:\/\/www.prijedordanas.com\/","name":"PrijedorDanas.com - Prijedorski gradski portal","description":"Portal o doga\u0111anjima u gradu Prijedoru","publisher":{"@id":"https:\/\/www.prijedordanas.com\/#organization"},"potentialAction":[{"@type":"SearchAction","target":{"@type":"EntryPoint","urlTemplate":"https:\/\/www.prijedordanas.com\/?s={search_term_string}"},"query-input":"required name=search_term_string"}],"inLanguage":"en-US"},{"@type":"Organization","@id":"https:\/\/www.prijedordanas.com\/#organization","name":"PrijedorDanas.com","url":"https:\/\/www.prijedordanas.com\/","logo":{"@type":"ImageObject","inLanguage":"en-US","@id":"https:\/\/www.prijedordanas.com\/#\/schema\/logo\/image\/","url":"http:\/\/www.prijedordanas.com\/wp-content\/uploads\/2021\/12\/logopng.png","contentUrl":"http:\/\/www.prijedordanas.com\/wp-content\/uploads\/2021\/12\/logopng.png","width":1019,"height":776,"caption":"PrijedorDanas.com"},"image":{"@id":"https:\/\/www.prijedordanas.com\/#\/schema\/logo\/image\/"},"sameAs":["https:\/\/www.facebook.com\/PrijedorDanasCom\/"]},{"@type":"Person","@id":"https:\/\/www.prijedordanas.com\/#\/schema\/person\/4e08ccf29b506ca916ff86d46bb700e6","name":"admin","image":{"@type":"ImageObject","inLanguage":"en-US","@id":"https:\/\/www.prijedordanas.com\/#\/schema\/person\/image\/","url":"https:\/\/secure.gravatar.com\/avatar\/1d3fc949d550f0b53a5f0d51e06dfd79?s=96&d=mm&r=g","contentUrl":"https:\/\/secure.gravatar.com\/avatar\/1d3fc949d550f0b53a5f0d51e06dfd79?s=96&d=mm&r=g","caption":"admin"},"url":"https:\/\/www.prijedordanas.com\/?author=1"}]}},"_links":{"self":[{"href":"https:\/\/www.prijedordanas.com\/index.php?rest_route=\/wp\/v2\/posts\/220936"}],"collection":[{"href":"https:\/\/www.prijedordanas.com\/index.php?rest_route=\/wp\/v2\/posts"}],"about":[{"href":"https:\/\/www.prijedordanas.com\/index.php?rest_route=\/wp\/v2\/types\/post"}],"author":[{"embeddable":true,"href":"https:\/\/www.prijedordanas.com\/index.php?rest_route=\/wp\/v2\/users\/1"}],"replies":[{"embeddable":true,"href":"https:\/\/www.prijedordanas.com\/index.php?rest_route=%2Fwp%2Fv2%2Fcomments&post=220936"}],"version-history":[{"count":1,"href":"https:\/\/www.prijedordanas.com\/index.php?rest_route=\/wp\/v2\/posts\/220936\/revisions"}],"predecessor-version":[{"id":220939,"href":"https:\/\/www.prijedordanas.com\/index.php?rest_route=\/wp\/v2\/posts\/220936\/revisions\/220939"}],"wp:attachment":[{"href":"https:\/\/www.prijedordanas.com\/index.php?rest_route=%2Fwp%2Fv2%2Fmedia&parent=220936"}],"wp:term":[{"taxonomy":"category","embeddable":true,"href":"https:\/\/www.prijedordanas.com\/index.php?rest_route=%2Fwp%2Fv2%2Fcategories&post=220936"},{"taxonomy":"post_tag","embeddable":true,"href":"https:\/\/www.prijedordanas.com\/index.php?rest_route=%2Fwp%2Fv2%2Ftags&post=220936"}],"curies":[{"name":"wp","href":"https:\/\/api.w.org\/{rel}","templated":true}]}}