{"id":220935,"date":"2024-03-01T18:44:32","date_gmt":"2024-03-01T17:44:32","guid":{"rendered":"https:\/\/www.prijedordanas.com\/?p=220935"},"modified":"2024-03-01T18:44:32","modified_gmt":"2024-03-01T17:44:32","slug":"prijedor-sest-estradnih-umjetnika-dobilo-status-a-kategorije-video","status":"publish","type":"post","link":"https:\/\/www.prijedordanas.com\/?p=220935","title":{"rendered":"Prijedor: \u0160est estradnih umjetnika dobilo status &#8220;A&#8221; kategorije &#8211; VIDEO"},"content":{"rendered":"<p><a href=\"https:\/\/www.prijedordanas.com\/wp-content\/uploads\/2024\/03\/kozarski-estrada-rs-podruznica-prijedor-februar2024.jpg\"><img loading=\"lazy\" decoding=\"async\" src=\"https:\/\/www.prijedordanas.com\/wp-content\/uploads\/2024\/03\/kozarski-estrada-rs-podruznica-prijedor-februar2024-300x225.jpg\" alt=\"\" width=\"300\" height=\"225\" class=\"alignleft size-medium wp-image-220937\" srcset=\"https:\/\/www.prijedordanas.com\/wp-content\/uploads\/2024\/03\/kozarski-estrada-rs-podruznica-prijedor-februar2024-300x225.jpg 300w, https:\/\/www.prijedordanas.com\/wp-content\/uploads\/2024\/03\/kozarski-estrada-rs-podruznica-prijedor-februar2024-640x480.jpg 640w, https:\/\/www.prijedordanas.com\/wp-content\/uploads\/2024\/03\/kozarski-estrada-rs-podruznica-prijedor-februar2024.jpg 667w\" sizes=\"(max-width: 300px) 100vw, 300px\" \/><\/a>Na redovnoj Skup\u0161tini prijedorske Podru\u017enice Udru\u017eenja \u201cEstrada RS\u201d, uru\u010dena su rje\u0161enja o statusu estradnog umjetnika \u201cA\u201d kategorije. Taj status sada imaju Marinko Todoran Kajin, Dragan Maksimovi\u0107, Neboj\u0161a Dragi\u010devi\u0107, Goran Savanovi\u0107, Du\u0161an E\u0107im i Snje\u017eana Hrva\u0107anin.<\/p>\n<p>\u201cU\u017eivam u onome \u0161to muzika jeste, a to nije samo umjetni\u010dka muzika koju sam studirala na Akademiji, ve\u0107 je to puno \u017eanrova koje sam kroz \u2018Estradu\u2019 upoznala i koja mi je donijela slobodu da se razvijam kao solista. Nikada se nisam bavila pjevanjem, ali i to je ne\u0161to \u0161to mi je donijela moja priklju\u010denost svemu \u0161to \u2018Estrada\u2019 organizuje\u201d, rekla je Snje\u017eana Hrva\u0107anin, flautista i vokalni solista.<\/p>\n<p>Trajne licence za rad dobili su Rajo \u0160piri\u0107, Nedim Kazi\u0107 i Radenko Lekani\u0107.Na Skup\u0161tini, koja je bila izbornog karaktera, izabrano je novo rukovodstvo te predlo\u017eeni kandidati za republi\u010dku Skup\u0161tinu \u201cEstrade Republike Srpske\u201d. Za predsjednika i potpredsjednika Podru\u017enice Prijedor izabrani su Neboj\u0161a Aleksi\u0107 i Marinko Todoran.<\/p>\n<p>\u201cPodru\u017enica Prijedor jedna je od najaktivnijih podru\u017enica \u2018Estrade Republike Srpske\u2019. Ona je tu od samog po\u010detka i bili smo veoma aktivni u svemu tome. Neki na\u0161i \u010dlanovi uradili su dosta na normativnim aktima, pravilnicima i Statutu\u201d, rekao je Neboj\u0161a Aleksi\u0107, novoizabrani predsjednik Podru\u017enice Prijedor \u201cERS\u201d.<\/p>\n<p>Ove godine navr\u0161ava se 20 godina od osnivanja Podru\u017enice Prijedor \u201cEstrade Republike Srpske\u201d, koja ima 140 \u010dlanova.<\/p>\n<p><a href=\"https:\/\/kozarski.com\/sest-estradnih-umjetnika-dobilo-status-a-kategorije\/\" rel=\"noopener\" target=\"_blank\">kozarski.com<\/a><\/p>\n<p><iframe loading=\"lazy\" title=\"\u0160EST ESTRADNIH UMJETNIKA DOBILO STATUS &quot;A&quot; KATEGORIJE\" width=\"500\" height=\"281\" src=\"https:\/\/www.youtube.com\/embed\/BSvyoefkq2s?feature=oembed\" frameborder=\"0\" allow=\"accelerometer; autoplay; clipboard-write; encrypted-media; gyroscope; picture-in-picture; web-share\" allowfullscreen><\/iframe><\/p>\n","protected":false},"excerpt":{"rendered":"<p>Na redovnoj Skup\u0161tini prijedorske Podru\u017enice Udru\u017eenja \u201cEstrada RS\u201d, uru\u010dena su rje\u0161enja o statusu estradnog umjetnika \u201cA\u201d kategorije. Taj status sada imaju Marinko Todoran Kajin, Dragan Maksimovi\u0107, Neboj\u0161a Dragi\u010devi\u0107, Goran Savanovi\u0107, [&hellip;]<\/p>\n","protected":false},"author":1,"featured_media":0,"comment_status":"closed","ping_status":"open","sticky":false,"template":"","format":"standard","meta":{"_monsterinsights_skip_tracking":false,"_monsterinsights_sitenote_active":false,"_monsterinsights_sitenote_note":"","_monsterinsights_sitenote_category":0,"footnotes":""},"categories":[3],"tags":[],"yoast_head":"<!-- This site is optimized with the Yoast SEO plugin v21.6 - https:\/\/yoast.com\/wordpress\/plugins\/seo\/ -->\n<title>Prijedor: \u0160est estradnih umjetnika dobilo status &quot;A&quot; kategorije - VIDEO - PrijedorDanas.com - Prijedorski gradski portal<\/title>\n<meta name=\"robots\" content=\"index, follow, max-snippet:-1, max-image-preview:large, max-video-preview:-1\" \/>\n<link rel=\"canonical\" href=\"https:\/\/www.prijedordanas.com\/?p=220935\" \/>\n<meta property=\"og:locale\" content=\"en_US\" \/>\n<meta property=\"og:type\" content=\"article\" \/>\n<meta property=\"og:title\" content=\"Prijedor: \u0160est estradnih umjetnika dobilo status &quot;A&quot; kategorije - VIDEO - PrijedorDanas.com - Prijedorski gradski portal\" \/>\n<meta property=\"og:description\" content=\"Na redovnoj Skup\u0161tini prijedorske Podru\u017enice Udru\u017eenja \u201cEstrada RS\u201d, uru\u010dena su rje\u0161enja o statusu estradnog umjetnika \u201cA\u201d kategorije. Taj status sada imaju Marinko Todoran Kajin, Dragan Maksimovi\u0107, Neboj\u0161a Dragi\u010devi\u0107, Goran Savanovi\u0107, [&hellip;]\" \/>\n<meta property=\"og:url\" content=\"https:\/\/www.prijedordanas.com\/?p=220935\" \/>\n<meta property=\"og:site_name\" content=\"PrijedorDanas.com - Prijedorski gradski portal\" \/>\n<meta property=\"article:publisher\" content=\"https:\/\/www.facebook.com\/PrijedorDanasCom\/\" \/>\n<meta property=\"article:published_time\" content=\"2024-03-01T17:44:32+00:00\" \/>\n<meta property=\"og:image\" content=\"https:\/\/www.prijedordanas.com\/wp-content\/uploads\/2024\/03\/kozarski-estrada-rs-podruznica-prijedor-februar2024-300x225.jpg\" \/>\n<meta name=\"author\" content=\"admin\" \/>\n<meta name=\"twitter:card\" content=\"summary_large_image\" \/>\n<meta name=\"twitter:label1\" content=\"Written by\" \/>\n\t<meta name=\"twitter:data1\" content=\"admin\" \/>\n<script type=\"application\/ld+json\" class=\"yoast-schema-graph\">{\"@context\":\"https:\/\/schema.org\",\"@graph\":[{\"@type\":\"Article\",\"@id\":\"https:\/\/www.prijedordanas.com\/?p=220935#article\",\"isPartOf\":{\"@id\":\"https:\/\/www.prijedordanas.com\/?p=220935\"},\"author\":{\"name\":\"admin\",\"@id\":\"https:\/\/www.prijedordanas.com\/#\/schema\/person\/4e08ccf29b506ca916ff86d46bb700e6\"},\"headline\":\"Prijedor: \u0160est estradnih umjetnika dobilo status &#8220;A&#8221; kategorije &#8211; VIDEO\",\"datePublished\":\"2024-03-01T17:44:32+00:00\",\"dateModified\":\"2024-03-01T17:44:32+00:00\",\"mainEntityOfPage\":{\"@id\":\"https:\/\/www.prijedordanas.com\/?p=220935\"},\"wordCount\":259,\"publisher\":{\"@id\":\"https:\/\/www.prijedordanas.com\/#organization\"},\"articleSection\":[\"\u017divot\"],\"inLanguage\":\"en-US\"},{\"@type\":\"WebPage\",\"@id\":\"https:\/\/www.prijedordanas.com\/?p=220935\",\"url\":\"https:\/\/www.prijedordanas.com\/?p=220935\",\"name\":\"Prijedor: \u0160est estradnih umjetnika dobilo status \\\"A\\\" kategorije - VIDEO - PrijedorDanas.com - Prijedorski gradski portal\",\"isPartOf\":{\"@id\":\"https:\/\/www.prijedordanas.com\/#website\"},\"datePublished\":\"2024-03-01T17:44:32+00:00\",\"dateModified\":\"2024-03-01T17:44:32+00:00\",\"breadcrumb\":{\"@id\":\"https:\/\/www.prijedordanas.com\/?p=220935#breadcrumb\"},\"inLanguage\":\"en-US\",\"potentialAction\":[{\"@type\":\"ReadAction\",\"target\":[\"https:\/\/www.prijedordanas.com\/?p=220935\"]}]},{\"@type\":\"BreadcrumbList\",\"@id\":\"https:\/\/www.prijedordanas.com\/?p=220935#breadcrumb\",\"itemListElement\":[{\"@type\":\"ListItem\",\"position\":1,\"name\":\"Home\",\"item\":\"https:\/\/www.prijedordanas.com\/\"},{\"@type\":\"ListItem\",\"position\":2,\"name\":\"Prijedor: \u0160est estradnih umjetnika dobilo status &#8220;A&#8221; kategorije &#8211; VIDEO\"}]},{\"@type\":\"WebSite\",\"@id\":\"https:\/\/www.prijedordanas.com\/#website\",\"url\":\"https:\/\/www.prijedordanas.com\/\",\"name\":\"PrijedorDanas.com - Prijedorski gradski portal\",\"description\":\"Portal o doga\u0111anjima u gradu Prijedoru\",\"publisher\":{\"@id\":\"https:\/\/www.prijedordanas.com\/#organization\"},\"potentialAction\":[{\"@type\":\"SearchAction\",\"target\":{\"@type\":\"EntryPoint\",\"urlTemplate\":\"https:\/\/www.prijedordanas.com\/?s={search_term_string}\"},\"query-input\":\"required name=search_term_string\"}],\"inLanguage\":\"en-US\"},{\"@type\":\"Organization\",\"@id\":\"https:\/\/www.prijedordanas.com\/#organization\",\"name\":\"PrijedorDanas.com\",\"url\":\"https:\/\/www.prijedordanas.com\/\",\"logo\":{\"@type\":\"ImageObject\",\"inLanguage\":\"en-US\",\"@id\":\"https:\/\/www.prijedordanas.com\/#\/schema\/logo\/image\/\",\"url\":\"http:\/\/www.prijedordanas.com\/wp-content\/uploads\/2021\/12\/logopng.png\",\"contentUrl\":\"http:\/\/www.prijedordanas.com\/wp-content\/uploads\/2021\/12\/logopng.png\",\"width\":1019,\"height\":776,\"caption\":\"PrijedorDanas.com\"},\"image\":{\"@id\":\"https:\/\/www.prijedordanas.com\/#\/schema\/logo\/image\/\"},\"sameAs\":[\"https:\/\/www.facebook.com\/PrijedorDanasCom\/\"]},{\"@type\":\"Person\",\"@id\":\"https:\/\/www.prijedordanas.com\/#\/schema\/person\/4e08ccf29b506ca916ff86d46bb700e6\",\"name\":\"admin\",\"image\":{\"@type\":\"ImageObject\",\"inLanguage\":\"en-US\",\"@id\":\"https:\/\/www.prijedordanas.com\/#\/schema\/person\/image\/\",\"url\":\"https:\/\/secure.gravatar.com\/avatar\/1d3fc949d550f0b53a5f0d51e06dfd79?s=96&d=mm&r=g\",\"contentUrl\":\"https:\/\/secure.gravatar.com\/avatar\/1d3fc949d550f0b53a5f0d51e06dfd79?s=96&d=mm&r=g\",\"caption\":\"admin\"},\"url\":\"https:\/\/www.prijedordanas.com\/?author=1\"}]}<\/script>\n<!-- \/ Yoast SEO plugin. -->","yoast_head_json":{"title":"Prijedor: \u0160est estradnih umjetnika dobilo status \"A\" kategorije - VIDEO - PrijedorDanas.com - Prijedorski gradski portal","robots":{"index":"index","follow":"follow","max-snippet":"max-snippet:-1","max-image-preview":"max-image-preview:large","max-video-preview":"max-video-preview:-1"},"canonical":"https:\/\/www.prijedordanas.com\/?p=220935","og_locale":"en_US","og_type":"article","og_title":"Prijedor: \u0160est estradnih umjetnika dobilo status \"A\" kategorije - VIDEO - PrijedorDanas.com - Prijedorski gradski portal","og_description":"Na redovnoj Skup\u0161tini prijedorske Podru\u017enice Udru\u017eenja \u201cEstrada RS\u201d, uru\u010dena su rje\u0161enja o statusu estradnog umjetnika \u201cA\u201d kategorije. Taj status sada imaju Marinko Todoran Kajin, Dragan Maksimovi\u0107, Neboj\u0161a Dragi\u010devi\u0107, Goran Savanovi\u0107, [&hellip;]","og_url":"https:\/\/www.prijedordanas.com\/?p=220935","og_site_name":"PrijedorDanas.com - Prijedorski gradski portal","article_publisher":"https:\/\/www.facebook.com\/PrijedorDanasCom\/","article_published_time":"2024-03-01T17:44:32+00:00","og_image":[{"url":"https:\/\/www.prijedordanas.com\/wp-content\/uploads\/2024\/03\/kozarski-estrada-rs-podruznica-prijedor-februar2024-300x225.jpg"}],"author":"admin","twitter_card":"summary_large_image","twitter_misc":{"Written by":"admin"},"schema":{"@context":"https:\/\/schema.org","@graph":[{"@type":"Article","@id":"https:\/\/www.prijedordanas.com\/?p=220935#article","isPartOf":{"@id":"https:\/\/www.prijedordanas.com\/?p=220935"},"author":{"name":"admin","@id":"https:\/\/www.prijedordanas.com\/#\/schema\/person\/4e08ccf29b506ca916ff86d46bb700e6"},"headline":"Prijedor: \u0160est estradnih umjetnika dobilo status &#8220;A&#8221; kategorije &#8211; VIDEO","datePublished":"2024-03-01T17:44:32+00:00","dateModified":"2024-03-01T17:44:32+00:00","mainEntityOfPage":{"@id":"https:\/\/www.prijedordanas.com\/?p=220935"},"wordCount":259,"publisher":{"@id":"https:\/\/www.prijedordanas.com\/#organization"},"articleSection":["\u017divot"],"inLanguage":"en-US"},{"@type":"WebPage","@id":"https:\/\/www.prijedordanas.com\/?p=220935","url":"https:\/\/www.prijedordanas.com\/?p=220935","name":"Prijedor: \u0160est estradnih umjetnika dobilo status \"A\" kategorije - VIDEO - PrijedorDanas.com - Prijedorski gradski portal","isPartOf":{"@id":"https:\/\/www.prijedordanas.com\/#website"},"datePublished":"2024-03-01T17:44:32+00:00","dateModified":"2024-03-01T17:44:32+00:00","breadcrumb":{"@id":"https:\/\/www.prijedordanas.com\/?p=220935#breadcrumb"},"inLanguage":"en-US","potentialAction":[{"@type":"ReadAction","target":["https:\/\/www.prijedordanas.com\/?p=220935"]}]},{"@type":"BreadcrumbList","@id":"https:\/\/www.prijedordanas.com\/?p=220935#breadcrumb","itemListElement":[{"@type":"ListItem","position":1,"name":"Home","item":"https:\/\/www.prijedordanas.com\/"},{"@type":"ListItem","position":2,"name":"Prijedor: \u0160est estradnih umjetnika dobilo status &#8220;A&#8221; kategorije &#8211; VIDEO"}]},{"@type":"WebSite","@id":"https:\/\/www.prijedordanas.com\/#website","url":"https:\/\/www.prijedordanas.com\/","name":"PrijedorDanas.com - Prijedorski gradski portal","description":"Portal o doga\u0111anjima u gradu Prijedoru","publisher":{"@id":"https:\/\/www.prijedordanas.com\/#organization"},"potentialAction":[{"@type":"SearchAction","target":{"@type":"EntryPoint","urlTemplate":"https:\/\/www.prijedordanas.com\/?s={search_term_string}"},"query-input":"required name=search_term_string"}],"inLanguage":"en-US"},{"@type":"Organization","@id":"https:\/\/www.prijedordanas.com\/#organization","name":"PrijedorDanas.com","url":"https:\/\/www.prijedordanas.com\/","logo":{"@type":"ImageObject","inLanguage":"en-US","@id":"https:\/\/www.prijedordanas.com\/#\/schema\/logo\/image\/","url":"http:\/\/www.prijedordanas.com\/wp-content\/uploads\/2021\/12\/logopng.png","contentUrl":"http:\/\/www.prijedordanas.com\/wp-content\/uploads\/2021\/12\/logopng.png","width":1019,"height":776,"caption":"PrijedorDanas.com"},"image":{"@id":"https:\/\/www.prijedordanas.com\/#\/schema\/logo\/image\/"},"sameAs":["https:\/\/www.facebook.com\/PrijedorDanasCom\/"]},{"@type":"Person","@id":"https:\/\/www.prijedordanas.com\/#\/schema\/person\/4e08ccf29b506ca916ff86d46bb700e6","name":"admin","image":{"@type":"ImageObject","inLanguage":"en-US","@id":"https:\/\/www.prijedordanas.com\/#\/schema\/person\/image\/","url":"https:\/\/secure.gravatar.com\/avatar\/1d3fc949d550f0b53a5f0d51e06dfd79?s=96&d=mm&r=g","contentUrl":"https:\/\/secure.gravatar.com\/avatar\/1d3fc949d550f0b53a5f0d51e06dfd79?s=96&d=mm&r=g","caption":"admin"},"url":"https:\/\/www.prijedordanas.com\/?author=1"}]}},"_links":{"self":[{"href":"https:\/\/www.prijedordanas.com\/index.php?rest_route=\/wp\/v2\/posts\/220935"}],"collection":[{"href":"https:\/\/www.prijedordanas.com\/index.php?rest_route=\/wp\/v2\/posts"}],"about":[{"href":"https:\/\/www.prijedordanas.com\/index.php?rest_route=\/wp\/v2\/types\/post"}],"author":[{"embeddable":true,"href":"https:\/\/www.prijedordanas.com\/index.php?rest_route=\/wp\/v2\/users\/1"}],"replies":[{"embeddable":true,"href":"https:\/\/www.prijedordanas.com\/index.php?rest_route=%2Fwp%2Fv2%2Fcomments&post=220935"}],"version-history":[{"count":1,"href":"https:\/\/www.prijedordanas.com\/index.php?rest_route=\/wp\/v2\/posts\/220935\/revisions"}],"predecessor-version":[{"id":220938,"href":"https:\/\/www.prijedordanas.com\/index.php?rest_route=\/wp\/v2\/posts\/220935\/revisions\/220938"}],"wp:attachment":[{"href":"https:\/\/www.prijedordanas.com\/index.php?rest_route=%2Fwp%2Fv2%2Fmedia&parent=220935"}],"wp:term":[{"taxonomy":"category","embeddable":true,"href":"https:\/\/www.prijedordanas.com\/index.php?rest_route=%2Fwp%2Fv2%2Fcategories&post=220935"},{"taxonomy":"post_tag","embeddable":true,"href":"https:\/\/www.prijedordanas.com\/index.php?rest_route=%2Fwp%2Fv2%2Ftags&post=220935"}],"curies":[{"name":"wp","href":"https:\/\/api.w.org\/{rel}","templated":true}]}}