{"id":220757,"date":"2024-02-28T09:09:57","date_gmt":"2024-02-28T08:09:57","guid":{"rendered":"https:\/\/www.prijedordanas.com\/?p=220757"},"modified":"2024-02-28T09:09:57","modified_gmt":"2024-02-28T08:09:57","slug":"ucuti-smece-dok-ja-govorim-zestoka-rasprava-na-sudenju-zbog-90-000-evra-halidu-muslimovicu-cak-i-pozlilo","status":"publish","type":"post","link":"https:\/\/www.prijedordanas.com\/?p=220757","title":{"rendered":"&#8220;U\u0107uti sme\u0107e dok ja govorim&#8221;: \u017destoka rasprava na su\u0111enju zbog 90.000 evra, Halidu Muslimovi\u0107u \u010dak i pozlilo"},"content":{"rendered":"<p><a href=\"https:\/\/www.prijedordanas.com\/wp-content\/uploads\/2024\/02\/srpskainfo-muslimovic.jpg\"><img loading=\"lazy\" decoding=\"async\" class=\"alignleft size-medium wp-image-220759\" src=\"https:\/\/www.prijedordanas.com\/wp-content\/uploads\/2024\/02\/srpskainfo-muslimovic-300x225.jpg\" alt=\"\" width=\"300\" height=\"225\" srcset=\"https:\/\/www.prijedordanas.com\/wp-content\/uploads\/2024\/02\/srpskainfo-muslimovic-300x225.jpg 300w, https:\/\/www.prijedordanas.com\/wp-content\/uploads\/2024\/02\/srpskainfo-muslimovic-640x480.jpg 640w, https:\/\/www.prijedordanas.com\/wp-content\/uploads\/2024\/02\/srpskainfo-muslimovic.jpg 667w\" sizes=\"(max-width: 300px) 100vw, 300px\" \/><\/a>Nastavljeno je su\u0111enje Halidu Muslimovi\u0107u po tu\u017ebi Sonje Ba\u0161i\u0107 iz Australije da joj duguje 90.000 evra, bez kamate.<\/p>\n<p>Proces koji je odr\u017ean u Prijedoru trajao je \u010detiri sata, a po\u010delo je u 11 sati \u010ditanjem vajber poruka od 2015. do 2024. koje je Sonja razmjenjivala sa pjeva\u010dem.<\/p>\n<p>Iz njih se jasno vidi da Halid vi\u0161e puta priznaje da joj duguje novac i da joj obe\u0107ava da \u0107e isti vratiti u vi\u0161e mjese\u010dnih rata.<\/p>\n<p>Sve vrijeme dok je Ba\u0161i\u0107eva obrazlagala sadr\u017einu poruka, Muslimovi\u0107 je svojoj advokatici Jeleni Grulovi\u0107 govorio da Sonja la\u017ee. U jednom trenutku Ba\u0161iceva mu je rekla: \u201cU\u0107iti sme\u0107e dok ja govorim!\u201d<\/p>\n<p>Do\u0161lo je i do rasprave izme\u0111u Sonjinog branioca Dragana Tolimira i Halidove punomo\u0107nice. Potom je njoj data mogu\u0107nost da postavlja pitanja Sonji, ali je ona pitala sve ono na \u0161ta je Ba\u0161i\u0107eva ranije odgovorila.<\/p>\n<p>\u2013 Ako \u017eelite da se nau\u010dite pravu, do\u0111ite kod mene na praksu \u2013 rekao je Tolimir Halidovoj advokatici.<\/p>\n<p><a href=\"https:\/\/www.prijedordanas.com\/wp-content\/uploads\/2024\/02\/youtube-basic.jpg\"><img loading=\"lazy\" decoding=\"async\" src=\"https:\/\/www.prijedordanas.com\/wp-content\/uploads\/2024\/02\/youtube-basic-300x225.jpg\" alt=\"\" width=\"300\" height=\"225\" class=\"alignleft size-medium wp-image-220760\" srcset=\"https:\/\/www.prijedordanas.com\/wp-content\/uploads\/2024\/02\/youtube-basic-300x225.jpg 300w, https:\/\/www.prijedordanas.com\/wp-content\/uploads\/2024\/02\/youtube-basic-640x480.jpg 640w, https:\/\/www.prijedordanas.com\/wp-content\/uploads\/2024\/02\/youtube-basic.jpg 667w\" sizes=\"(max-width: 300px) 100vw, 300px\" \/><\/a>Dok je trajala \u017eu\u010dna rasprava, Halid se okrenuo ka novinaru Kurira, koji je pratio ro\u010di\u0161te i rekao mu: \u201cVidite li vi ovaj cirkus? Ho\u0107ete li ovaj put biti \u010dovjek prema meni, po\u0161to ranije niste bili \u010dovjek?\u201d<\/p>\n<p>Sudija je nakon toga upozorio pjeva\u010da da se ne obra\u0107a novinaru. Onda je uslijedila kulminacija su\u0111enja.<\/p>\n<p>Halidovu advokaticu je posebno zanimalo da li je Sonja osim poslovne, imala i neku drugu vezu sa Halidom. Na ovo je Sonja upitala: \u201cS***?\u201d<\/p>\n<p>Advokatica se zbunila, pa je sve vrijeme ponavljala: \u201cKoliko je to trajalo?\u201d, pa je Sonja odgovorila:<\/p>\n<p>\u2013 Mislite koliko je trajao s***? Po\u010delo je 2015. a zavr\u0161ilo se krajem 2017. Poslije smo opet po\u010deli u martu 2018. pa je trajalo dok me nije prebio u julu 2018. Ali sve to nema nikakve veze, ovo je su\u0111enje za novac koji mi duguje \u2013 rekla je ona.<\/p>\n<p>Dok je Sonja to govorila, Halid je sve vrijeme \u017evakao \u017evaku, a u jednom trenutku je tra\u017eio da se otvori prozor jer mu se slo\u0161ilo.<\/p>\n<p>Su\u0111enje je prekinuto na pola sata, pa je nastavljeno i trajalo je skoro sat i po. Zavr\u0161eno je Sonjinim odgovorima na pitanja Halidove advokatice. S obzirom na to da je ve\u0107 bio kraj radnog vremena, sudija je rekao da ce Halid dati izjavu na sljede\u0107em ro\u010di\u0161tu jer je pjeva\u010d kazao da mu treba vi\u0161e od tri sata za govor.<\/p>\n<p>Sljede\u0107e ro\u010di\u0161te bi trebalo da bude odr\u017eano u \u010detvrtak 29. februara, kada bi trebalo da budu saslu\u0161ani svjedoci: Halidova djeca Enis i Lejla, dvije prethodne Sonjine advokatice i Halidov biv\u0161i advokat, pi\u0161e Kurir.<\/p>\n<p>srpskainfo.com<\/p>\n","protected":false},"excerpt":{"rendered":"<p>Nastavljeno je su\u0111enje Halidu Muslimovi\u0107u po tu\u017ebi Sonje Ba\u0161i\u0107 iz Australije da joj duguje 90.000 evra, bez kamate. Proces koji je odr\u017ean u Prijedoru trajao je \u010detiri sata, a po\u010delo [&hellip;]<\/p>\n","protected":false},"author":1,"featured_media":0,"comment_status":"closed","ping_status":"open","sticky":false,"template":"","format":"standard","meta":{"_monsterinsights_skip_tracking":false,"_monsterinsights_sitenote_active":false,"_monsterinsights_sitenote_note":"","_monsterinsights_sitenote_category":0,"footnotes":""},"categories":[3],"tags":[],"yoast_head":"<!-- This site is optimized with the Yoast SEO plugin v21.6 - https:\/\/yoast.com\/wordpress\/plugins\/seo\/ -->\n<title>&quot;U\u0107uti sme\u0107e dok ja govorim&quot;: \u017destoka rasprava na su\u0111enju zbog 90.000 evra, Halidu Muslimovi\u0107u \u010dak i pozlilo - PrijedorDanas.com - Prijedorski gradski portal<\/title>\n<meta name=\"robots\" content=\"index, follow, max-snippet:-1, max-image-preview:large, max-video-preview:-1\" \/>\n<link rel=\"canonical\" href=\"https:\/\/www.prijedordanas.com\/?p=220757\" \/>\n<meta property=\"og:locale\" content=\"en_US\" \/>\n<meta property=\"og:type\" content=\"article\" \/>\n<meta property=\"og:title\" content=\"&quot;U\u0107uti sme\u0107e dok ja govorim&quot;: \u017destoka rasprava na su\u0111enju zbog 90.000 evra, Halidu Muslimovi\u0107u \u010dak i pozlilo - PrijedorDanas.com - Prijedorski gradski portal\" \/>\n<meta property=\"og:description\" content=\"Nastavljeno je su\u0111enje Halidu Muslimovi\u0107u po tu\u017ebi Sonje Ba\u0161i\u0107 iz Australije da joj duguje 90.000 evra, bez kamate. Proces koji je odr\u017ean u Prijedoru trajao je \u010detiri sata, a po\u010delo [&hellip;]\" \/>\n<meta property=\"og:url\" content=\"https:\/\/www.prijedordanas.com\/?p=220757\" \/>\n<meta property=\"og:site_name\" content=\"PrijedorDanas.com - Prijedorski gradski portal\" \/>\n<meta property=\"article:publisher\" content=\"https:\/\/www.facebook.com\/PrijedorDanasCom\/\" \/>\n<meta property=\"article:published_time\" content=\"2024-02-28T08:09:57+00:00\" \/>\n<meta property=\"og:image\" content=\"https:\/\/www.prijedordanas.com\/wp-content\/uploads\/2024\/02\/srpskainfo-muslimovic-300x225.jpg\" \/>\n<meta name=\"author\" content=\"admin\" \/>\n<meta name=\"twitter:card\" content=\"summary_large_image\" \/>\n<meta name=\"twitter:label1\" content=\"Written by\" \/>\n\t<meta name=\"twitter:data1\" content=\"admin\" \/>\n\t<meta name=\"twitter:label2\" content=\"Est. reading time\" \/>\n\t<meta name=\"twitter:data2\" content=\"2 minutes\" \/>\n<script type=\"application\/ld+json\" class=\"yoast-schema-graph\">{\"@context\":\"https:\/\/schema.org\",\"@graph\":[{\"@type\":\"Article\",\"@id\":\"https:\/\/www.prijedordanas.com\/?p=220757#article\",\"isPartOf\":{\"@id\":\"https:\/\/www.prijedordanas.com\/?p=220757\"},\"author\":{\"name\":\"admin\",\"@id\":\"https:\/\/www.prijedordanas.com\/#\/schema\/person\/4e08ccf29b506ca916ff86d46bb700e6\"},\"headline\":\"&#8220;U\u0107uti sme\u0107e dok ja govorim&#8221;: \u017destoka rasprava na su\u0111enju zbog 90.000 evra, Halidu Muslimovi\u0107u \u010dak i pozlilo\",\"datePublished\":\"2024-02-28T08:09:57+00:00\",\"dateModified\":\"2024-02-28T08:09:57+00:00\",\"mainEntityOfPage\":{\"@id\":\"https:\/\/www.prijedordanas.com\/?p=220757\"},\"wordCount\":475,\"publisher\":{\"@id\":\"https:\/\/www.prijedordanas.com\/#organization\"},\"articleSection\":[\"\u017divot\"],\"inLanguage\":\"en-US\"},{\"@type\":\"WebPage\",\"@id\":\"https:\/\/www.prijedordanas.com\/?p=220757\",\"url\":\"https:\/\/www.prijedordanas.com\/?p=220757\",\"name\":\"\\\"U\u0107uti sme\u0107e dok ja govorim\\\": \u017destoka rasprava na su\u0111enju zbog 90.000 evra, Halidu Muslimovi\u0107u \u010dak i pozlilo - PrijedorDanas.com - Prijedorski gradski portal\",\"isPartOf\":{\"@id\":\"https:\/\/www.prijedordanas.com\/#website\"},\"datePublished\":\"2024-02-28T08:09:57+00:00\",\"dateModified\":\"2024-02-28T08:09:57+00:00\",\"breadcrumb\":{\"@id\":\"https:\/\/www.prijedordanas.com\/?p=220757#breadcrumb\"},\"inLanguage\":\"en-US\",\"potentialAction\":[{\"@type\":\"ReadAction\",\"target\":[\"https:\/\/www.prijedordanas.com\/?p=220757\"]}]},{\"@type\":\"BreadcrumbList\",\"@id\":\"https:\/\/www.prijedordanas.com\/?p=220757#breadcrumb\",\"itemListElement\":[{\"@type\":\"ListItem\",\"position\":1,\"name\":\"Home\",\"item\":\"https:\/\/www.prijedordanas.com\/\"},{\"@type\":\"ListItem\",\"position\":2,\"name\":\"&#8220;U\u0107uti sme\u0107e dok ja govorim&#8221;: \u017destoka rasprava na su\u0111enju zbog 90.000 evra, Halidu Muslimovi\u0107u \u010dak i pozlilo\"}]},{\"@type\":\"WebSite\",\"@id\":\"https:\/\/www.prijedordanas.com\/#website\",\"url\":\"https:\/\/www.prijedordanas.com\/\",\"name\":\"PrijedorDanas.com - Prijedorski gradski portal\",\"description\":\"Portal o doga\u0111anjima u gradu Prijedoru\",\"publisher\":{\"@id\":\"https:\/\/www.prijedordanas.com\/#organization\"},\"potentialAction\":[{\"@type\":\"SearchAction\",\"target\":{\"@type\":\"EntryPoint\",\"urlTemplate\":\"https:\/\/www.prijedordanas.com\/?s={search_term_string}\"},\"query-input\":\"required name=search_term_string\"}],\"inLanguage\":\"en-US\"},{\"@type\":\"Organization\",\"@id\":\"https:\/\/www.prijedordanas.com\/#organization\",\"name\":\"PrijedorDanas.com\",\"url\":\"https:\/\/www.prijedordanas.com\/\",\"logo\":{\"@type\":\"ImageObject\",\"inLanguage\":\"en-US\",\"@id\":\"https:\/\/www.prijedordanas.com\/#\/schema\/logo\/image\/\",\"url\":\"http:\/\/www.prijedordanas.com\/wp-content\/uploads\/2021\/12\/logopng.png\",\"contentUrl\":\"http:\/\/www.prijedordanas.com\/wp-content\/uploads\/2021\/12\/logopng.png\",\"width\":1019,\"height\":776,\"caption\":\"PrijedorDanas.com\"},\"image\":{\"@id\":\"https:\/\/www.prijedordanas.com\/#\/schema\/logo\/image\/\"},\"sameAs\":[\"https:\/\/www.facebook.com\/PrijedorDanasCom\/\"]},{\"@type\":\"Person\",\"@id\":\"https:\/\/www.prijedordanas.com\/#\/schema\/person\/4e08ccf29b506ca916ff86d46bb700e6\",\"name\":\"admin\",\"image\":{\"@type\":\"ImageObject\",\"inLanguage\":\"en-US\",\"@id\":\"https:\/\/www.prijedordanas.com\/#\/schema\/person\/image\/\",\"url\":\"https:\/\/secure.gravatar.com\/avatar\/1d3fc949d550f0b53a5f0d51e06dfd79?s=96&d=mm&r=g\",\"contentUrl\":\"https:\/\/secure.gravatar.com\/avatar\/1d3fc949d550f0b53a5f0d51e06dfd79?s=96&d=mm&r=g\",\"caption\":\"admin\"},\"url\":\"https:\/\/www.prijedordanas.com\/?author=1\"}]}<\/script>\n<!-- \/ Yoast SEO plugin. -->","yoast_head_json":{"title":"\"U\u0107uti sme\u0107e dok ja govorim\": \u017destoka rasprava na su\u0111enju zbog 90.000 evra, Halidu Muslimovi\u0107u \u010dak i pozlilo - PrijedorDanas.com - Prijedorski gradski portal","robots":{"index":"index","follow":"follow","max-snippet":"max-snippet:-1","max-image-preview":"max-image-preview:large","max-video-preview":"max-video-preview:-1"},"canonical":"https:\/\/www.prijedordanas.com\/?p=220757","og_locale":"en_US","og_type":"article","og_title":"\"U\u0107uti sme\u0107e dok ja govorim\": \u017destoka rasprava na su\u0111enju zbog 90.000 evra, Halidu Muslimovi\u0107u \u010dak i pozlilo - PrijedorDanas.com - Prijedorski gradski portal","og_description":"Nastavljeno je su\u0111enje Halidu Muslimovi\u0107u po tu\u017ebi Sonje Ba\u0161i\u0107 iz Australije da joj duguje 90.000 evra, bez kamate. Proces koji je odr\u017ean u Prijedoru trajao je \u010detiri sata, a po\u010delo [&hellip;]","og_url":"https:\/\/www.prijedordanas.com\/?p=220757","og_site_name":"PrijedorDanas.com - Prijedorski gradski portal","article_publisher":"https:\/\/www.facebook.com\/PrijedorDanasCom\/","article_published_time":"2024-02-28T08:09:57+00:00","og_image":[{"url":"https:\/\/www.prijedordanas.com\/wp-content\/uploads\/2024\/02\/srpskainfo-muslimovic-300x225.jpg"}],"author":"admin","twitter_card":"summary_large_image","twitter_misc":{"Written by":"admin","Est. reading time":"2 minutes"},"schema":{"@context":"https:\/\/schema.org","@graph":[{"@type":"Article","@id":"https:\/\/www.prijedordanas.com\/?p=220757#article","isPartOf":{"@id":"https:\/\/www.prijedordanas.com\/?p=220757"},"author":{"name":"admin","@id":"https:\/\/www.prijedordanas.com\/#\/schema\/person\/4e08ccf29b506ca916ff86d46bb700e6"},"headline":"&#8220;U\u0107uti sme\u0107e dok ja govorim&#8221;: \u017destoka rasprava na su\u0111enju zbog 90.000 evra, Halidu Muslimovi\u0107u \u010dak i pozlilo","datePublished":"2024-02-28T08:09:57+00:00","dateModified":"2024-02-28T08:09:57+00:00","mainEntityOfPage":{"@id":"https:\/\/www.prijedordanas.com\/?p=220757"},"wordCount":475,"publisher":{"@id":"https:\/\/www.prijedordanas.com\/#organization"},"articleSection":["\u017divot"],"inLanguage":"en-US"},{"@type":"WebPage","@id":"https:\/\/www.prijedordanas.com\/?p=220757","url":"https:\/\/www.prijedordanas.com\/?p=220757","name":"\"U\u0107uti sme\u0107e dok ja govorim\": \u017destoka rasprava na su\u0111enju zbog 90.000 evra, Halidu Muslimovi\u0107u \u010dak i pozlilo - PrijedorDanas.com - Prijedorski gradski portal","isPartOf":{"@id":"https:\/\/www.prijedordanas.com\/#website"},"datePublished":"2024-02-28T08:09:57+00:00","dateModified":"2024-02-28T08:09:57+00:00","breadcrumb":{"@id":"https:\/\/www.prijedordanas.com\/?p=220757#breadcrumb"},"inLanguage":"en-US","potentialAction":[{"@type":"ReadAction","target":["https:\/\/www.prijedordanas.com\/?p=220757"]}]},{"@type":"BreadcrumbList","@id":"https:\/\/www.prijedordanas.com\/?p=220757#breadcrumb","itemListElement":[{"@type":"ListItem","position":1,"name":"Home","item":"https:\/\/www.prijedordanas.com\/"},{"@type":"ListItem","position":2,"name":"&#8220;U\u0107uti sme\u0107e dok ja govorim&#8221;: \u017destoka rasprava na su\u0111enju zbog 90.000 evra, Halidu Muslimovi\u0107u \u010dak i pozlilo"}]},{"@type":"WebSite","@id":"https:\/\/www.prijedordanas.com\/#website","url":"https:\/\/www.prijedordanas.com\/","name":"PrijedorDanas.com - Prijedorski gradski portal","description":"Portal o doga\u0111anjima u gradu Prijedoru","publisher":{"@id":"https:\/\/www.prijedordanas.com\/#organization"},"potentialAction":[{"@type":"SearchAction","target":{"@type":"EntryPoint","urlTemplate":"https:\/\/www.prijedordanas.com\/?s={search_term_string}"},"query-input":"required name=search_term_string"}],"inLanguage":"en-US"},{"@type":"Organization","@id":"https:\/\/www.prijedordanas.com\/#organization","name":"PrijedorDanas.com","url":"https:\/\/www.prijedordanas.com\/","logo":{"@type":"ImageObject","inLanguage":"en-US","@id":"https:\/\/www.prijedordanas.com\/#\/schema\/logo\/image\/","url":"http:\/\/www.prijedordanas.com\/wp-content\/uploads\/2021\/12\/logopng.png","contentUrl":"http:\/\/www.prijedordanas.com\/wp-content\/uploads\/2021\/12\/logopng.png","width":1019,"height":776,"caption":"PrijedorDanas.com"},"image":{"@id":"https:\/\/www.prijedordanas.com\/#\/schema\/logo\/image\/"},"sameAs":["https:\/\/www.facebook.com\/PrijedorDanasCom\/"]},{"@type":"Person","@id":"https:\/\/www.prijedordanas.com\/#\/schema\/person\/4e08ccf29b506ca916ff86d46bb700e6","name":"admin","image":{"@type":"ImageObject","inLanguage":"en-US","@id":"https:\/\/www.prijedordanas.com\/#\/schema\/person\/image\/","url":"https:\/\/secure.gravatar.com\/avatar\/1d3fc949d550f0b53a5f0d51e06dfd79?s=96&d=mm&r=g","contentUrl":"https:\/\/secure.gravatar.com\/avatar\/1d3fc949d550f0b53a5f0d51e06dfd79?s=96&d=mm&r=g","caption":"admin"},"url":"https:\/\/www.prijedordanas.com\/?author=1"}]}},"_links":{"self":[{"href":"https:\/\/www.prijedordanas.com\/index.php?rest_route=\/wp\/v2\/posts\/220757"}],"collection":[{"href":"https:\/\/www.prijedordanas.com\/index.php?rest_route=\/wp\/v2\/posts"}],"about":[{"href":"https:\/\/www.prijedordanas.com\/index.php?rest_route=\/wp\/v2\/types\/post"}],"author":[{"embeddable":true,"href":"https:\/\/www.prijedordanas.com\/index.php?rest_route=\/wp\/v2\/users\/1"}],"replies":[{"embeddable":true,"href":"https:\/\/www.prijedordanas.com\/index.php?rest_route=%2Fwp%2Fv2%2Fcomments&post=220757"}],"version-history":[{"count":2,"href":"https:\/\/www.prijedordanas.com\/index.php?rest_route=\/wp\/v2\/posts\/220757\/revisions"}],"predecessor-version":[{"id":220761,"href":"https:\/\/www.prijedordanas.com\/index.php?rest_route=\/wp\/v2\/posts\/220757\/revisions\/220761"}],"wp:attachment":[{"href":"https:\/\/www.prijedordanas.com\/index.php?rest_route=%2Fwp%2Fv2%2Fmedia&parent=220757"}],"wp:term":[{"taxonomy":"category","embeddable":true,"href":"https:\/\/www.prijedordanas.com\/index.php?rest_route=%2Fwp%2Fv2%2Fcategories&post=220757"},{"taxonomy":"post_tag","embeddable":true,"href":"https:\/\/www.prijedordanas.com\/index.php?rest_route=%2Fwp%2Fv2%2Ftags&post=220757"}],"curies":[{"name":"wp","href":"https:\/\/api.w.org\/{rel}","templated":true}]}}