{"id":220705,"date":"2024-02-26T20:03:41","date_gmt":"2024-02-26T19:03:41","guid":{"rendered":"https:\/\/www.prijedordanas.com\/?p=220705"},"modified":"2024-02-26T20:06:37","modified_gmt":"2024-02-26T19:06:37","slug":"odlican-nastup-mladih-karatista-sodana-na-prvenstvu-regije-krajina-u-celincu-osvojeno-osam-medalja","status":"publish","type":"post","link":"https:\/\/www.prijedordanas.com\/?p=220705","title":{"rendered":"Odli\u010dan nastup mladih karatista &#8220;\u0160odana&#8221; na Prvenstvu Regije &#8220;Krajina&#8221; u \u010celincu: Osvojeno osam medalja"},"content":{"rendered":"<p><a href=\"https:\/\/www.prijedordanas.com\/wp-content\/uploads\/2024\/02\/karate-sodan-prvenstvo-regije-krajina-24februar.jpg\"><img loading=\"lazy\" decoding=\"async\" src=\"https:\/\/www.prijedordanas.com\/wp-content\/uploads\/2024\/02\/karate-sodan-prvenstvo-regije-krajina-24februar-300x235.jpg\" alt=\"\" width=\"300\" height=\"235\" class=\"alignleft size-medium wp-image-220706\" srcset=\"https:\/\/www.prijedordanas.com\/wp-content\/uploads\/2024\/02\/karate-sodan-prvenstvo-regije-krajina-24februar-300x235.jpg 300w, https:\/\/www.prijedordanas.com\/wp-content\/uploads\/2024\/02\/karate-sodan-prvenstvo-regije-krajina-24februar.jpg 639w\" sizes=\"(max-width: 300px) 100vw, 300px\" \/><\/a>U organizaciji Regionalnog karate saveza &#8220;Krajina&#8221;, u subotu je u \u010celincu odr\u017eano  Prvenstvo Regije &#8220;Krajina&#8221; za djecu do 13 godina. <\/p>\n<p>karate klub &#8220;\u0160odan&#8221; iz Prijedora je na ovom takmi\u010denju u\u010destvovao sa 15 takmi\u010dara. <\/p>\n<p>-U konkurenciji 20 klubova, 342 takmi\u010dara sa 436 prijava, na\u0161 klub je osvojio osam medalja, dvije zlatne, tri srebrne i tri bronzane medalje. Zlatne medalje su osvojili Lidija Brezi\u010danin i Teodor Petrovi\u0107. Srebrne medalje su osvojili mu\u0161ki tim u borbama (11 godina), Andrej Tomi\u0107 i Andrej \u0160kori\u0107, dok su Milica Bursa\u0107, Stefan Topi\u0107 i Nikola Krupljanin osvojili bronzane medalje &#8211; rekao je predsjednik kluba Rajko Vu\u010di\u0107evi\u0107.<\/p>\n<p>Ovo takmi\u010denje je bilo kvalifikaciono za u\u010de\u0161\u0107e na Republi\u010dkom prvenstvu, koje \u0107e se odr\u017eati u Gradi\u0161ci u martu mjesecu.<\/p>\n<p>-Treba re\u0107i da je Lidija Brezi\u010danin odbranila pro\u0161logodi\u0161nju titulu regionalnog prvaka. Ona je ujedno kandidat za karate reprezentaciju BiH, koja \u0107e u Turskoj nastupiti na Balkanskom prvenstvu za djecu &#8211; dodao je Vu\u010di\u0107evi\u0107.<\/p>\n<p>Tro\u0161kove takmi\u010denja je snosila firma Lim profi iz Bi\u0161\u0107ana.<\/p>\n<p>-Zahvaljujemo se firmi Lim Profi i vlasniku Sejfi \u0160iljkovi\u0107u na velikoj podr\u0161ci na\u0161em klubu &#8211; poru\u010duju iz prijedorskog &#8220;\u0160odana&#8221;.<\/p>\n<p>Priredio \u2013 <a href=\"https:\/\/www.prijedordanas.com\" target=\"_blank\" rel=\"noopener noreferrer\">www.prijedordanas.com<\/a><br \/>\nFoto &#8211; KK \u0160odan<\/p>\n","protected":false},"excerpt":{"rendered":"<p>U organizaciji Regionalnog karate saveza &#8220;Krajina&#8221;, u subotu je u \u010celincu odr\u017eano Prvenstvo Regije &#8220;Krajina&#8221; za djecu do 13 godina. karate klub &#8220;\u0160odan&#8221; iz Prijedora je na ovom takmi\u010denju u\u010destvovao [&hellip;]<\/p>\n","protected":false},"author":1,"featured_media":0,"comment_status":"closed","ping_status":"open","sticky":false,"template":"","format":"standard","meta":{"_monsterinsights_skip_tracking":false,"_monsterinsights_sitenote_active":false,"_monsterinsights_sitenote_note":"","_monsterinsights_sitenote_category":0,"footnotes":""},"categories":[7],"tags":[],"yoast_head":"<!-- This site is optimized with the Yoast SEO plugin v21.6 - https:\/\/yoast.com\/wordpress\/plugins\/seo\/ -->\n<title>Odli\u010dan nastup mladih karatista &quot;\u0160odana&quot; na Prvenstvu Regije &quot;Krajina&quot; u \u010celincu: Osvojeno osam medalja - PrijedorDanas.com - Prijedorski gradski portal<\/title>\n<meta name=\"robots\" content=\"index, follow, max-snippet:-1, max-image-preview:large, max-video-preview:-1\" \/>\n<link rel=\"canonical\" href=\"https:\/\/www.prijedordanas.com\/?p=220705\" \/>\n<meta property=\"og:locale\" content=\"en_US\" \/>\n<meta property=\"og:type\" content=\"article\" \/>\n<meta property=\"og:title\" content=\"Odli\u010dan nastup mladih karatista &quot;\u0160odana&quot; na Prvenstvu Regije &quot;Krajina&quot; u \u010celincu: Osvojeno osam medalja - PrijedorDanas.com - Prijedorski gradski portal\" \/>\n<meta property=\"og:description\" content=\"U organizaciji Regionalnog karate saveza &#8220;Krajina&#8221;, u subotu je u \u010celincu odr\u017eano Prvenstvo Regije &#8220;Krajina&#8221; za djecu do 13 godina. karate klub &#8220;\u0160odan&#8221; iz Prijedora je na ovom takmi\u010denju u\u010destvovao [&hellip;]\" \/>\n<meta property=\"og:url\" content=\"https:\/\/www.prijedordanas.com\/?p=220705\" \/>\n<meta property=\"og:site_name\" content=\"PrijedorDanas.com - Prijedorski gradski portal\" \/>\n<meta property=\"article:publisher\" content=\"https:\/\/www.facebook.com\/PrijedorDanasCom\/\" \/>\n<meta property=\"article:published_time\" content=\"2024-02-26T19:03:41+00:00\" \/>\n<meta property=\"article:modified_time\" content=\"2024-02-26T19:06:37+00:00\" \/>\n<meta property=\"og:image\" content=\"https:\/\/www.prijedordanas.com\/wp-content\/uploads\/2024\/02\/karate-sodan-prvenstvo-regije-krajina-24februar-300x235.jpg\" \/>\n<meta name=\"author\" content=\"admin\" \/>\n<meta name=\"twitter:card\" content=\"summary_large_image\" \/>\n<meta name=\"twitter:label1\" content=\"Written by\" \/>\n\t<meta name=\"twitter:data1\" content=\"admin\" \/>\n\t<meta name=\"twitter:label2\" content=\"Est. reading time\" \/>\n\t<meta name=\"twitter:data2\" content=\"1 minute\" \/>\n<script type=\"application\/ld+json\" class=\"yoast-schema-graph\">{\"@context\":\"https:\/\/schema.org\",\"@graph\":[{\"@type\":\"Article\",\"@id\":\"https:\/\/www.prijedordanas.com\/?p=220705#article\",\"isPartOf\":{\"@id\":\"https:\/\/www.prijedordanas.com\/?p=220705\"},\"author\":{\"name\":\"admin\",\"@id\":\"https:\/\/www.prijedordanas.com\/#\/schema\/person\/4e08ccf29b506ca916ff86d46bb700e6\"},\"headline\":\"Odli\u010dan nastup mladih karatista &#8220;\u0160odana&#8221; na Prvenstvu Regije &#8220;Krajina&#8221; u \u010celincu: Osvojeno osam medalja\",\"datePublished\":\"2024-02-26T19:03:41+00:00\",\"dateModified\":\"2024-02-26T19:06:37+00:00\",\"mainEntityOfPage\":{\"@id\":\"https:\/\/www.prijedordanas.com\/?p=220705\"},\"wordCount\":224,\"publisher\":{\"@id\":\"https:\/\/www.prijedordanas.com\/#organization\"},\"articleSection\":[\"Sport\"],\"inLanguage\":\"en-US\"},{\"@type\":\"WebPage\",\"@id\":\"https:\/\/www.prijedordanas.com\/?p=220705\",\"url\":\"https:\/\/www.prijedordanas.com\/?p=220705\",\"name\":\"Odli\u010dan nastup mladih karatista \\\"\u0160odana\\\" na Prvenstvu Regije \\\"Krajina\\\" u \u010celincu: Osvojeno osam medalja - PrijedorDanas.com - Prijedorski gradski portal\",\"isPartOf\":{\"@id\":\"https:\/\/www.prijedordanas.com\/#website\"},\"datePublished\":\"2024-02-26T19:03:41+00:00\",\"dateModified\":\"2024-02-26T19:06:37+00:00\",\"breadcrumb\":{\"@id\":\"https:\/\/www.prijedordanas.com\/?p=220705#breadcrumb\"},\"inLanguage\":\"en-US\",\"potentialAction\":[{\"@type\":\"ReadAction\",\"target\":[\"https:\/\/www.prijedordanas.com\/?p=220705\"]}]},{\"@type\":\"BreadcrumbList\",\"@id\":\"https:\/\/www.prijedordanas.com\/?p=220705#breadcrumb\",\"itemListElement\":[{\"@type\":\"ListItem\",\"position\":1,\"name\":\"Home\",\"item\":\"https:\/\/www.prijedordanas.com\/\"},{\"@type\":\"ListItem\",\"position\":2,\"name\":\"Odli\u010dan nastup mladih karatista &#8220;\u0160odana&#8221; na Prvenstvu Regije &#8220;Krajina&#8221; u \u010celincu: Osvojeno osam medalja\"}]},{\"@type\":\"WebSite\",\"@id\":\"https:\/\/www.prijedordanas.com\/#website\",\"url\":\"https:\/\/www.prijedordanas.com\/\",\"name\":\"PrijedorDanas.com - Prijedorski gradski portal\",\"description\":\"Portal o doga\u0111anjima u gradu Prijedoru\",\"publisher\":{\"@id\":\"https:\/\/www.prijedordanas.com\/#organization\"},\"potentialAction\":[{\"@type\":\"SearchAction\",\"target\":{\"@type\":\"EntryPoint\",\"urlTemplate\":\"https:\/\/www.prijedordanas.com\/?s={search_term_string}\"},\"query-input\":\"required name=search_term_string\"}],\"inLanguage\":\"en-US\"},{\"@type\":\"Organization\",\"@id\":\"https:\/\/www.prijedordanas.com\/#organization\",\"name\":\"PrijedorDanas.com\",\"url\":\"https:\/\/www.prijedordanas.com\/\",\"logo\":{\"@type\":\"ImageObject\",\"inLanguage\":\"en-US\",\"@id\":\"https:\/\/www.prijedordanas.com\/#\/schema\/logo\/image\/\",\"url\":\"http:\/\/www.prijedordanas.com\/wp-content\/uploads\/2021\/12\/logopng.png\",\"contentUrl\":\"http:\/\/www.prijedordanas.com\/wp-content\/uploads\/2021\/12\/logopng.png\",\"width\":1019,\"height\":776,\"caption\":\"PrijedorDanas.com\"},\"image\":{\"@id\":\"https:\/\/www.prijedordanas.com\/#\/schema\/logo\/image\/\"},\"sameAs\":[\"https:\/\/www.facebook.com\/PrijedorDanasCom\/\"]},{\"@type\":\"Person\",\"@id\":\"https:\/\/www.prijedordanas.com\/#\/schema\/person\/4e08ccf29b506ca916ff86d46bb700e6\",\"name\":\"admin\",\"image\":{\"@type\":\"ImageObject\",\"inLanguage\":\"en-US\",\"@id\":\"https:\/\/www.prijedordanas.com\/#\/schema\/person\/image\/\",\"url\":\"https:\/\/secure.gravatar.com\/avatar\/1d3fc949d550f0b53a5f0d51e06dfd79?s=96&d=mm&r=g\",\"contentUrl\":\"https:\/\/secure.gravatar.com\/avatar\/1d3fc949d550f0b53a5f0d51e06dfd79?s=96&d=mm&r=g\",\"caption\":\"admin\"},\"url\":\"https:\/\/www.prijedordanas.com\/?author=1\"}]}<\/script>\n<!-- \/ Yoast SEO plugin. -->","yoast_head_json":{"title":"Odli\u010dan nastup mladih karatista \"\u0160odana\" na Prvenstvu Regije \"Krajina\" u \u010celincu: Osvojeno osam medalja - PrijedorDanas.com - Prijedorski gradski portal","robots":{"index":"index","follow":"follow","max-snippet":"max-snippet:-1","max-image-preview":"max-image-preview:large","max-video-preview":"max-video-preview:-1"},"canonical":"https:\/\/www.prijedordanas.com\/?p=220705","og_locale":"en_US","og_type":"article","og_title":"Odli\u010dan nastup mladih karatista \"\u0160odana\" na Prvenstvu Regije \"Krajina\" u \u010celincu: Osvojeno osam medalja - PrijedorDanas.com - Prijedorski gradski portal","og_description":"U organizaciji Regionalnog karate saveza &#8220;Krajina&#8221;, u subotu je u \u010celincu odr\u017eano Prvenstvo Regije &#8220;Krajina&#8221; za djecu do 13 godina. karate klub &#8220;\u0160odan&#8221; iz Prijedora je na ovom takmi\u010denju u\u010destvovao [&hellip;]","og_url":"https:\/\/www.prijedordanas.com\/?p=220705","og_site_name":"PrijedorDanas.com - Prijedorski gradski portal","article_publisher":"https:\/\/www.facebook.com\/PrijedorDanasCom\/","article_published_time":"2024-02-26T19:03:41+00:00","article_modified_time":"2024-02-26T19:06:37+00:00","og_image":[{"url":"https:\/\/www.prijedordanas.com\/wp-content\/uploads\/2024\/02\/karate-sodan-prvenstvo-regije-krajina-24februar-300x235.jpg"}],"author":"admin","twitter_card":"summary_large_image","twitter_misc":{"Written by":"admin","Est. reading time":"1 minute"},"schema":{"@context":"https:\/\/schema.org","@graph":[{"@type":"Article","@id":"https:\/\/www.prijedordanas.com\/?p=220705#article","isPartOf":{"@id":"https:\/\/www.prijedordanas.com\/?p=220705"},"author":{"name":"admin","@id":"https:\/\/www.prijedordanas.com\/#\/schema\/person\/4e08ccf29b506ca916ff86d46bb700e6"},"headline":"Odli\u010dan nastup mladih karatista &#8220;\u0160odana&#8221; na Prvenstvu Regije &#8220;Krajina&#8221; u \u010celincu: Osvojeno osam medalja","datePublished":"2024-02-26T19:03:41+00:00","dateModified":"2024-02-26T19:06:37+00:00","mainEntityOfPage":{"@id":"https:\/\/www.prijedordanas.com\/?p=220705"},"wordCount":224,"publisher":{"@id":"https:\/\/www.prijedordanas.com\/#organization"},"articleSection":["Sport"],"inLanguage":"en-US"},{"@type":"WebPage","@id":"https:\/\/www.prijedordanas.com\/?p=220705","url":"https:\/\/www.prijedordanas.com\/?p=220705","name":"Odli\u010dan nastup mladih karatista \"\u0160odana\" na Prvenstvu Regije \"Krajina\" u \u010celincu: Osvojeno osam medalja - PrijedorDanas.com - Prijedorski gradski portal","isPartOf":{"@id":"https:\/\/www.prijedordanas.com\/#website"},"datePublished":"2024-02-26T19:03:41+00:00","dateModified":"2024-02-26T19:06:37+00:00","breadcrumb":{"@id":"https:\/\/www.prijedordanas.com\/?p=220705#breadcrumb"},"inLanguage":"en-US","potentialAction":[{"@type":"ReadAction","target":["https:\/\/www.prijedordanas.com\/?p=220705"]}]},{"@type":"BreadcrumbList","@id":"https:\/\/www.prijedordanas.com\/?p=220705#breadcrumb","itemListElement":[{"@type":"ListItem","position":1,"name":"Home","item":"https:\/\/www.prijedordanas.com\/"},{"@type":"ListItem","position":2,"name":"Odli\u010dan nastup mladih karatista &#8220;\u0160odana&#8221; na Prvenstvu Regije &#8220;Krajina&#8221; u \u010celincu: Osvojeno osam medalja"}]},{"@type":"WebSite","@id":"https:\/\/www.prijedordanas.com\/#website","url":"https:\/\/www.prijedordanas.com\/","name":"PrijedorDanas.com - Prijedorski gradski portal","description":"Portal o doga\u0111anjima u gradu Prijedoru","publisher":{"@id":"https:\/\/www.prijedordanas.com\/#organization"},"potentialAction":[{"@type":"SearchAction","target":{"@type":"EntryPoint","urlTemplate":"https:\/\/www.prijedordanas.com\/?s={search_term_string}"},"query-input":"required name=search_term_string"}],"inLanguage":"en-US"},{"@type":"Organization","@id":"https:\/\/www.prijedordanas.com\/#organization","name":"PrijedorDanas.com","url":"https:\/\/www.prijedordanas.com\/","logo":{"@type":"ImageObject","inLanguage":"en-US","@id":"https:\/\/www.prijedordanas.com\/#\/schema\/logo\/image\/","url":"http:\/\/www.prijedordanas.com\/wp-content\/uploads\/2021\/12\/logopng.png","contentUrl":"http:\/\/www.prijedordanas.com\/wp-content\/uploads\/2021\/12\/logopng.png","width":1019,"height":776,"caption":"PrijedorDanas.com"},"image":{"@id":"https:\/\/www.prijedordanas.com\/#\/schema\/logo\/image\/"},"sameAs":["https:\/\/www.facebook.com\/PrijedorDanasCom\/"]},{"@type":"Person","@id":"https:\/\/www.prijedordanas.com\/#\/schema\/person\/4e08ccf29b506ca916ff86d46bb700e6","name":"admin","image":{"@type":"ImageObject","inLanguage":"en-US","@id":"https:\/\/www.prijedordanas.com\/#\/schema\/person\/image\/","url":"https:\/\/secure.gravatar.com\/avatar\/1d3fc949d550f0b53a5f0d51e06dfd79?s=96&d=mm&r=g","contentUrl":"https:\/\/secure.gravatar.com\/avatar\/1d3fc949d550f0b53a5f0d51e06dfd79?s=96&d=mm&r=g","caption":"admin"},"url":"https:\/\/www.prijedordanas.com\/?author=1"}]}},"_links":{"self":[{"href":"https:\/\/www.prijedordanas.com\/index.php?rest_route=\/wp\/v2\/posts\/220705"}],"collection":[{"href":"https:\/\/www.prijedordanas.com\/index.php?rest_route=\/wp\/v2\/posts"}],"about":[{"href":"https:\/\/www.prijedordanas.com\/index.php?rest_route=\/wp\/v2\/types\/post"}],"author":[{"embeddable":true,"href":"https:\/\/www.prijedordanas.com\/index.php?rest_route=\/wp\/v2\/users\/1"}],"replies":[{"embeddable":true,"href":"https:\/\/www.prijedordanas.com\/index.php?rest_route=%2Fwp%2Fv2%2Fcomments&post=220705"}],"version-history":[{"count":3,"href":"https:\/\/www.prijedordanas.com\/index.php?rest_route=\/wp\/v2\/posts\/220705\/revisions"}],"predecessor-version":[{"id":220709,"href":"https:\/\/www.prijedordanas.com\/index.php?rest_route=\/wp\/v2\/posts\/220705\/revisions\/220709"}],"wp:attachment":[{"href":"https:\/\/www.prijedordanas.com\/index.php?rest_route=%2Fwp%2Fv2%2Fmedia&parent=220705"}],"wp:term":[{"taxonomy":"category","embeddable":true,"href":"https:\/\/www.prijedordanas.com\/index.php?rest_route=%2Fwp%2Fv2%2Fcategories&post=220705"},{"taxonomy":"post_tag","embeddable":true,"href":"https:\/\/www.prijedordanas.com\/index.php?rest_route=%2Fwp%2Fv2%2Ftags&post=220705"}],"curies":[{"name":"wp","href":"https:\/\/api.w.org\/{rel}","templated":true}]}}