{"id":220363,"date":"2024-02-20T19:35:56","date_gmt":"2024-02-20T18:35:56","guid":{"rendered":"https:\/\/www.prijedordanas.com\/?p=220363"},"modified":"2024-02-20T19:35:56","modified_gmt":"2024-02-20T18:35:56","slug":"multisektorski-tim-prijedor-centar-za-socijalni-rad-primio-12-prijava-porodicnog-i-nasilja-nad-zenama-u-tri-slucaja-izrecene-mjere-zastite","status":"publish","type":"post","link":"https:\/\/www.prijedordanas.com\/?p=220363","title":{"rendered":"Multisektorski tim Prijedor: Centar za socijalni rad primio 12 prijava porodi\u010dnog i nasilja nad \u017eenama, u tri slu\u010daja izre\u010dene mjere za\u0161tite"},"content":{"rendered":"<p><a href=\"https:\/\/www.prijedordanas.com\/wp-content\/uploads\/2024\/02\/multisektorski-tim-prijedor-februar2024-1.jpg\"><img loading=\"lazy\" decoding=\"async\" class=\"alignleft size-medium wp-image-220372\" src=\"https:\/\/www.prijedordanas.com\/wp-content\/uploads\/2024\/02\/multisektorski-tim-prijedor-februar2024-1-300x225.jpg\" alt=\"\" width=\"300\" height=\"225\" srcset=\"https:\/\/www.prijedordanas.com\/wp-content\/uploads\/2024\/02\/multisektorski-tim-prijedor-februar2024-1-300x225.jpg 300w, https:\/\/www.prijedordanas.com\/wp-content\/uploads\/2024\/02\/multisektorski-tim-prijedor-februar2024-1-640x480.jpg 640w, https:\/\/www.prijedordanas.com\/wp-content\/uploads\/2024\/02\/multisektorski-tim-prijedor-februar2024-1.jpg 666w\" sizes=\"(max-width: 300px) 100vw, 300px\" \/><\/a>Centar za socijalni rad u Prijedoru u januaru je primio 12 prijava porodi\u010dnog i nasilja nad \u017eenama, a sud je u tri slu\u010daja izrekao hitne mjere za\u0161tite, istaknuto je danas na sastanku multisektorskog tima za borbu protiv porodi\u010dnog i rodno zasnovanog nasilja u Prijedoru.<\/p>\n<p>Od 12 slu\u010dajeva nasilja u januaru, u osam slu\u010dajeva po\u010dinilac je bio pod dejstvom alkohola, a u dva slu\u010daja rije\u010d je o \u017eenama.<\/p>\n<p>Socijalni radnik Dragana Gruji\u010di\u0107 rekla je da ranije nije bilo uobi\u010dajeno izricanje mjera ukoliko se nasilje prijavljuje prvi put, a da se sada i tu stvari mijenjaju u pravcu kvalitetnije za\u0161tite \u017ertve.<\/p>\n<p>&#8220;Ne treba \u010dekati da se nasilje ponovi, da bude u gorem obliku, pa onda i\u0107i s mjerama. Kada se na prvu prijavu izri\u010de mjera, ako za to postoje uslovi, onda se time \u0161alje poruka po\u010diniocima da nisu za\u0161ti\u0107eni, a \u017ertvama da jesu. Mjere nisu kazna, nego prevencija i za\u0161tita&#8221;, istakla je Gruji\u010di\u0107eva.<\/p>\n<p><a href=\"https:\/\/www.prijedordanas.com\/wp-content\/uploads\/2024\/02\/multisektorski-tim-prijedor-februar2024-2.jpg\"><img loading=\"lazy\" decoding=\"async\" class=\"alignleft size-medium wp-image-220373\" src=\"https:\/\/www.prijedordanas.com\/wp-content\/uploads\/2024\/02\/multisektorski-tim-prijedor-februar2024-2-300x225.jpg\" alt=\"\" width=\"300\" height=\"225\" srcset=\"https:\/\/www.prijedordanas.com\/wp-content\/uploads\/2024\/02\/multisektorski-tim-prijedor-februar2024-2-300x225.jpg 300w, https:\/\/www.prijedordanas.com\/wp-content\/uploads\/2024\/02\/multisektorski-tim-prijedor-februar2024-2-640x480.jpg 640w, https:\/\/www.prijedordanas.com\/wp-content\/uploads\/2024\/02\/multisektorski-tim-prijedor-februar2024-2.jpg 666w\" sizes=\"(max-width: 300px) 100vw, 300px\" \/><\/a>Prema njenim rije\u010dima, za jedan od tri slu\u010daja je karakteristi\u010dno da se \u017ertva sama obratila sudu i zatra\u017eila mjere.<\/p>\n<p>Sud je od Centra za socijalni rad zatra\u017eio anamnezu slu\u010daja i izrekao mjere.<\/p>\n<p>Zamjenik komandira za kriminalitet u Policijskoj stanici Prijedor Milan La\u0107man naveo je da je u ovom slu\u010daju suprug, kojem su izre\u010dene mjere, u stvari, do\u0161ao da prijavi policiji da je u doma\u0107instvu nestalo 450 evra.<\/p>\n<p>Za jedan od slu\u010dajeva porodi\u010dnog nasilja koje je, prema evidenciji socijalnih radnika i policije po\u010dinila sestra nad bratom, na dana\u0161njem sastanku je re\u010deno da je protiv nje podnesen i izvje\u0161taj za krivi\u010dno djelo o\u0161te\u0107enje tu\u0111e stvari jer je, navodno, o\u0161tetila \u010desmu kada je zadr\u017eana u policiji na trije\u017enjenju.<\/p>\n<p><a href=\"https:\/\/www.prijedordanas.com\/wp-content\/uploads\/2024\/02\/multisektorski-tim-prijedor-februar2024-3.jpg\"><img loading=\"lazy\" decoding=\"async\" src=\"https:\/\/www.prijedordanas.com\/wp-content\/uploads\/2024\/02\/multisektorski-tim-prijedor-februar2024-3-300x225.jpg\" alt=\"\" width=\"300\" height=\"225\" class=\"alignleft size-medium wp-image-220374\" srcset=\"https:\/\/www.prijedordanas.com\/wp-content\/uploads\/2024\/02\/multisektorski-tim-prijedor-februar2024-3-300x225.jpg 300w, https:\/\/www.prijedordanas.com\/wp-content\/uploads\/2024\/02\/multisektorski-tim-prijedor-februar2024-3-640x480.jpg 640w, https:\/\/www.prijedordanas.com\/wp-content\/uploads\/2024\/02\/multisektorski-tim-prijedor-februar2024-3.jpg 666w\" sizes=\"(max-width: 300px) 100vw, 300px\" \/><\/a>Prijedorskoj Policijskoj upravi u januaru je prijavljeno 11 krivi\u010dnih djela nasilja u porodici, a prema rije\u010dima Nemanje Predojevi\u0107a iz ove uprave, to je za tri vi\u0161e nego u januaru pro\u0161le godine.<\/p>\n<p>Okru\u017eno javno tu\u017eila\u0161tvo Prijedor imalo je 17 prijava nasilja u porodici gdje je u \u010detiri slu\u010daja po\u010dinjeno u prisustvu djece.<\/p>\n<p>Dom zdravlja imao je dva slu\u010daja, bolnica jedan, ali u nadle\u017enosti op\u0161tine Novi Grad, a osnovne i srednje \u0161kole nijedan.<\/p>\n<p>Doma\u0107in dana\u0161njeg sastanka bio je Centar &#8220;Sunce&#8221;, a prisustvovali su mu predstavnici svih 10 subjekata za\u0161tite. Doma\u0107in sastanka u martu bi\u0107e Osnovna \u0161kola &#8220;Dositej Obradovi\u0107&#8221;.<\/p>\n<p>SRNA<\/p>\n","protected":false},"excerpt":{"rendered":"<p>Centar za socijalni rad u Prijedoru u januaru je primio 12 prijava porodi\u010dnog i nasilja nad \u017eenama, a sud je u tri slu\u010daja izrekao hitne mjere za\u0161tite, istaknuto je danas [&hellip;]<\/p>\n","protected":false},"author":1,"featured_media":0,"comment_status":"closed","ping_status":"open","sticky":false,"template":"","format":"standard","meta":{"_monsterinsights_skip_tracking":false,"_monsterinsights_sitenote_active":false,"_monsterinsights_sitenote_note":"","_monsterinsights_sitenote_category":0,"footnotes":""},"categories":[4],"tags":[],"yoast_head":"<!-- This site is optimized with the Yoast SEO plugin v21.6 - https:\/\/yoast.com\/wordpress\/plugins\/seo\/ -->\n<title>Multisektorski tim Prijedor: Centar za socijalni rad primio 12 prijava porodi\u010dnog i nasilja nad \u017eenama, u tri slu\u010daja izre\u010dene mjere za\u0161tite - PrijedorDanas.com - Prijedorski gradski portal<\/title>\n<meta name=\"robots\" content=\"index, follow, max-snippet:-1, max-image-preview:large, max-video-preview:-1\" \/>\n<link rel=\"canonical\" href=\"https:\/\/www.prijedordanas.com\/?p=220363\" \/>\n<meta property=\"og:locale\" content=\"en_US\" \/>\n<meta property=\"og:type\" content=\"article\" \/>\n<meta property=\"og:title\" content=\"Multisektorski tim Prijedor: Centar za socijalni rad primio 12 prijava porodi\u010dnog i nasilja nad \u017eenama, u tri slu\u010daja izre\u010dene mjere za\u0161tite - PrijedorDanas.com - Prijedorski gradski portal\" \/>\n<meta property=\"og:description\" content=\"Centar za socijalni rad u Prijedoru u januaru je primio 12 prijava porodi\u010dnog i nasilja nad \u017eenama, a sud je u tri slu\u010daja izrekao hitne mjere za\u0161tite, istaknuto je danas [&hellip;]\" \/>\n<meta property=\"og:url\" content=\"https:\/\/www.prijedordanas.com\/?p=220363\" \/>\n<meta property=\"og:site_name\" content=\"PrijedorDanas.com - Prijedorski gradski portal\" \/>\n<meta property=\"article:publisher\" content=\"https:\/\/www.facebook.com\/PrijedorDanasCom\/\" \/>\n<meta property=\"article:published_time\" content=\"2024-02-20T18:35:56+00:00\" \/>\n<meta property=\"og:image\" content=\"https:\/\/www.prijedordanas.com\/wp-content\/uploads\/2024\/02\/multisektorski-tim-prijedor-februar2024-1-300x225.jpg\" \/>\n<meta name=\"author\" content=\"admin\" \/>\n<meta name=\"twitter:card\" content=\"summary_large_image\" \/>\n<meta name=\"twitter:label1\" content=\"Written by\" \/>\n\t<meta name=\"twitter:data1\" content=\"admin\" \/>\n\t<meta name=\"twitter:label2\" content=\"Est. reading time\" \/>\n\t<meta name=\"twitter:data2\" content=\"2 minutes\" \/>\n<script type=\"application\/ld+json\" class=\"yoast-schema-graph\">{\"@context\":\"https:\/\/schema.org\",\"@graph\":[{\"@type\":\"Article\",\"@id\":\"https:\/\/www.prijedordanas.com\/?p=220363#article\",\"isPartOf\":{\"@id\":\"https:\/\/www.prijedordanas.com\/?p=220363\"},\"author\":{\"name\":\"admin\",\"@id\":\"https:\/\/www.prijedordanas.com\/#\/schema\/person\/4e08ccf29b506ca916ff86d46bb700e6\"},\"headline\":\"Multisektorski tim Prijedor: Centar za socijalni rad primio 12 prijava porodi\u010dnog i nasilja nad \u017eenama, u tri slu\u010daja izre\u010dene mjere za\u0161tite\",\"datePublished\":\"2024-02-20T18:35:56+00:00\",\"dateModified\":\"2024-02-20T18:35:56+00:00\",\"mainEntityOfPage\":{\"@id\":\"https:\/\/www.prijedordanas.com\/?p=220363\"},\"wordCount\":442,\"publisher\":{\"@id\":\"https:\/\/www.prijedordanas.com\/#organization\"},\"articleSection\":[\"Dru\u0161tvo\"],\"inLanguage\":\"en-US\"},{\"@type\":\"WebPage\",\"@id\":\"https:\/\/www.prijedordanas.com\/?p=220363\",\"url\":\"https:\/\/www.prijedordanas.com\/?p=220363\",\"name\":\"Multisektorski tim Prijedor: Centar za socijalni rad primio 12 prijava porodi\u010dnog i nasilja nad \u017eenama, u tri slu\u010daja izre\u010dene mjere za\u0161tite - PrijedorDanas.com - Prijedorski gradski portal\",\"isPartOf\":{\"@id\":\"https:\/\/www.prijedordanas.com\/#website\"},\"datePublished\":\"2024-02-20T18:35:56+00:00\",\"dateModified\":\"2024-02-20T18:35:56+00:00\",\"breadcrumb\":{\"@id\":\"https:\/\/www.prijedordanas.com\/?p=220363#breadcrumb\"},\"inLanguage\":\"en-US\",\"potentialAction\":[{\"@type\":\"ReadAction\",\"target\":[\"https:\/\/www.prijedordanas.com\/?p=220363\"]}]},{\"@type\":\"BreadcrumbList\",\"@id\":\"https:\/\/www.prijedordanas.com\/?p=220363#breadcrumb\",\"itemListElement\":[{\"@type\":\"ListItem\",\"position\":1,\"name\":\"Home\",\"item\":\"https:\/\/www.prijedordanas.com\/\"},{\"@type\":\"ListItem\",\"position\":2,\"name\":\"Multisektorski tim Prijedor: Centar za socijalni rad primio 12 prijava porodi\u010dnog i nasilja nad \u017eenama, u tri slu\u010daja izre\u010dene mjere za\u0161tite\"}]},{\"@type\":\"WebSite\",\"@id\":\"https:\/\/www.prijedordanas.com\/#website\",\"url\":\"https:\/\/www.prijedordanas.com\/\",\"name\":\"PrijedorDanas.com - Prijedorski gradski portal\",\"description\":\"Portal o doga\u0111anjima u gradu Prijedoru\",\"publisher\":{\"@id\":\"https:\/\/www.prijedordanas.com\/#organization\"},\"potentialAction\":[{\"@type\":\"SearchAction\",\"target\":{\"@type\":\"EntryPoint\",\"urlTemplate\":\"https:\/\/www.prijedordanas.com\/?s={search_term_string}\"},\"query-input\":\"required name=search_term_string\"}],\"inLanguage\":\"en-US\"},{\"@type\":\"Organization\",\"@id\":\"https:\/\/www.prijedordanas.com\/#organization\",\"name\":\"PrijedorDanas.com\",\"url\":\"https:\/\/www.prijedordanas.com\/\",\"logo\":{\"@type\":\"ImageObject\",\"inLanguage\":\"en-US\",\"@id\":\"https:\/\/www.prijedordanas.com\/#\/schema\/logo\/image\/\",\"url\":\"http:\/\/www.prijedordanas.com\/wp-content\/uploads\/2021\/12\/logopng.png\",\"contentUrl\":\"http:\/\/www.prijedordanas.com\/wp-content\/uploads\/2021\/12\/logopng.png\",\"width\":1019,\"height\":776,\"caption\":\"PrijedorDanas.com\"},\"image\":{\"@id\":\"https:\/\/www.prijedordanas.com\/#\/schema\/logo\/image\/\"},\"sameAs\":[\"https:\/\/www.facebook.com\/PrijedorDanasCom\/\"]},{\"@type\":\"Person\",\"@id\":\"https:\/\/www.prijedordanas.com\/#\/schema\/person\/4e08ccf29b506ca916ff86d46bb700e6\",\"name\":\"admin\",\"image\":{\"@type\":\"ImageObject\",\"inLanguage\":\"en-US\",\"@id\":\"https:\/\/www.prijedordanas.com\/#\/schema\/person\/image\/\",\"url\":\"https:\/\/secure.gravatar.com\/avatar\/1d3fc949d550f0b53a5f0d51e06dfd79?s=96&d=mm&r=g\",\"contentUrl\":\"https:\/\/secure.gravatar.com\/avatar\/1d3fc949d550f0b53a5f0d51e06dfd79?s=96&d=mm&r=g\",\"caption\":\"admin\"},\"url\":\"https:\/\/www.prijedordanas.com\/?author=1\"}]}<\/script>\n<!-- \/ Yoast SEO plugin. -->","yoast_head_json":{"title":"Multisektorski tim Prijedor: Centar za socijalni rad primio 12 prijava porodi\u010dnog i nasilja nad \u017eenama, u tri slu\u010daja izre\u010dene mjere za\u0161tite - PrijedorDanas.com - Prijedorski gradski portal","robots":{"index":"index","follow":"follow","max-snippet":"max-snippet:-1","max-image-preview":"max-image-preview:large","max-video-preview":"max-video-preview:-1"},"canonical":"https:\/\/www.prijedordanas.com\/?p=220363","og_locale":"en_US","og_type":"article","og_title":"Multisektorski tim Prijedor: Centar za socijalni rad primio 12 prijava porodi\u010dnog i nasilja nad \u017eenama, u tri slu\u010daja izre\u010dene mjere za\u0161tite - PrijedorDanas.com - Prijedorski gradski portal","og_description":"Centar za socijalni rad u Prijedoru u januaru je primio 12 prijava porodi\u010dnog i nasilja nad \u017eenama, a sud je u tri slu\u010daja izrekao hitne mjere za\u0161tite, istaknuto je danas [&hellip;]","og_url":"https:\/\/www.prijedordanas.com\/?p=220363","og_site_name":"PrijedorDanas.com - Prijedorski gradski portal","article_publisher":"https:\/\/www.facebook.com\/PrijedorDanasCom\/","article_published_time":"2024-02-20T18:35:56+00:00","og_image":[{"url":"https:\/\/www.prijedordanas.com\/wp-content\/uploads\/2024\/02\/multisektorski-tim-prijedor-februar2024-1-300x225.jpg"}],"author":"admin","twitter_card":"summary_large_image","twitter_misc":{"Written by":"admin","Est. reading time":"2 minutes"},"schema":{"@context":"https:\/\/schema.org","@graph":[{"@type":"Article","@id":"https:\/\/www.prijedordanas.com\/?p=220363#article","isPartOf":{"@id":"https:\/\/www.prijedordanas.com\/?p=220363"},"author":{"name":"admin","@id":"https:\/\/www.prijedordanas.com\/#\/schema\/person\/4e08ccf29b506ca916ff86d46bb700e6"},"headline":"Multisektorski tim Prijedor: Centar za socijalni rad primio 12 prijava porodi\u010dnog i nasilja nad \u017eenama, u tri slu\u010daja izre\u010dene mjere za\u0161tite","datePublished":"2024-02-20T18:35:56+00:00","dateModified":"2024-02-20T18:35:56+00:00","mainEntityOfPage":{"@id":"https:\/\/www.prijedordanas.com\/?p=220363"},"wordCount":442,"publisher":{"@id":"https:\/\/www.prijedordanas.com\/#organization"},"articleSection":["Dru\u0161tvo"],"inLanguage":"en-US"},{"@type":"WebPage","@id":"https:\/\/www.prijedordanas.com\/?p=220363","url":"https:\/\/www.prijedordanas.com\/?p=220363","name":"Multisektorski tim Prijedor: Centar za socijalni rad primio 12 prijava porodi\u010dnog i nasilja nad \u017eenama, u tri slu\u010daja izre\u010dene mjere za\u0161tite - PrijedorDanas.com - Prijedorski gradski portal","isPartOf":{"@id":"https:\/\/www.prijedordanas.com\/#website"},"datePublished":"2024-02-20T18:35:56+00:00","dateModified":"2024-02-20T18:35:56+00:00","breadcrumb":{"@id":"https:\/\/www.prijedordanas.com\/?p=220363#breadcrumb"},"inLanguage":"en-US","potentialAction":[{"@type":"ReadAction","target":["https:\/\/www.prijedordanas.com\/?p=220363"]}]},{"@type":"BreadcrumbList","@id":"https:\/\/www.prijedordanas.com\/?p=220363#breadcrumb","itemListElement":[{"@type":"ListItem","position":1,"name":"Home","item":"https:\/\/www.prijedordanas.com\/"},{"@type":"ListItem","position":2,"name":"Multisektorski tim Prijedor: Centar za socijalni rad primio 12 prijava porodi\u010dnog i nasilja nad \u017eenama, u tri slu\u010daja izre\u010dene mjere za\u0161tite"}]},{"@type":"WebSite","@id":"https:\/\/www.prijedordanas.com\/#website","url":"https:\/\/www.prijedordanas.com\/","name":"PrijedorDanas.com - Prijedorski gradski portal","description":"Portal o doga\u0111anjima u gradu Prijedoru","publisher":{"@id":"https:\/\/www.prijedordanas.com\/#organization"},"potentialAction":[{"@type":"SearchAction","target":{"@type":"EntryPoint","urlTemplate":"https:\/\/www.prijedordanas.com\/?s={search_term_string}"},"query-input":"required name=search_term_string"}],"inLanguage":"en-US"},{"@type":"Organization","@id":"https:\/\/www.prijedordanas.com\/#organization","name":"PrijedorDanas.com","url":"https:\/\/www.prijedordanas.com\/","logo":{"@type":"ImageObject","inLanguage":"en-US","@id":"https:\/\/www.prijedordanas.com\/#\/schema\/logo\/image\/","url":"http:\/\/www.prijedordanas.com\/wp-content\/uploads\/2021\/12\/logopng.png","contentUrl":"http:\/\/www.prijedordanas.com\/wp-content\/uploads\/2021\/12\/logopng.png","width":1019,"height":776,"caption":"PrijedorDanas.com"},"image":{"@id":"https:\/\/www.prijedordanas.com\/#\/schema\/logo\/image\/"},"sameAs":["https:\/\/www.facebook.com\/PrijedorDanasCom\/"]},{"@type":"Person","@id":"https:\/\/www.prijedordanas.com\/#\/schema\/person\/4e08ccf29b506ca916ff86d46bb700e6","name":"admin","image":{"@type":"ImageObject","inLanguage":"en-US","@id":"https:\/\/www.prijedordanas.com\/#\/schema\/person\/image\/","url":"https:\/\/secure.gravatar.com\/avatar\/1d3fc949d550f0b53a5f0d51e06dfd79?s=96&d=mm&r=g","contentUrl":"https:\/\/secure.gravatar.com\/avatar\/1d3fc949d550f0b53a5f0d51e06dfd79?s=96&d=mm&r=g","caption":"admin"},"url":"https:\/\/www.prijedordanas.com\/?author=1"}]}},"_links":{"self":[{"href":"https:\/\/www.prijedordanas.com\/index.php?rest_route=\/wp\/v2\/posts\/220363"}],"collection":[{"href":"https:\/\/www.prijedordanas.com\/index.php?rest_route=\/wp\/v2\/posts"}],"about":[{"href":"https:\/\/www.prijedordanas.com\/index.php?rest_route=\/wp\/v2\/types\/post"}],"author":[{"embeddable":true,"href":"https:\/\/www.prijedordanas.com\/index.php?rest_route=\/wp\/v2\/users\/1"}],"replies":[{"embeddable":true,"href":"https:\/\/www.prijedordanas.com\/index.php?rest_route=%2Fwp%2Fv2%2Fcomments&post=220363"}],"version-history":[{"count":2,"href":"https:\/\/www.prijedordanas.com\/index.php?rest_route=\/wp\/v2\/posts\/220363\/revisions"}],"predecessor-version":[{"id":220375,"href":"https:\/\/www.prijedordanas.com\/index.php?rest_route=\/wp\/v2\/posts\/220363\/revisions\/220375"}],"wp:attachment":[{"href":"https:\/\/www.prijedordanas.com\/index.php?rest_route=%2Fwp%2Fv2%2Fmedia&parent=220363"}],"wp:term":[{"taxonomy":"category","embeddable":true,"href":"https:\/\/www.prijedordanas.com\/index.php?rest_route=%2Fwp%2Fv2%2Fcategories&post=220363"},{"taxonomy":"post_tag","embeddable":true,"href":"https:\/\/www.prijedordanas.com\/index.php?rest_route=%2Fwp%2Fv2%2Ftags&post=220363"}],"curies":[{"name":"wp","href":"https:\/\/api.w.org\/{rel}","templated":true}]}}