{"id":21984,"date":"2015-05-10T10:44:37","date_gmt":"2015-05-10T09:44:37","guid":{"rendered":"https:\/\/www.prijedordanas.com\/?p=21984"},"modified":"2015-05-10T10:46:01","modified_gmt":"2015-05-10T09:46:01","slug":"plaketa-zlatna-vila-za-beogradane-cesima-nagrada-publike-foto-i-video","status":"publish","type":"post","link":"https:\/\/www.prijedordanas.com\/?p=21984","title":{"rendered":"PLAKETA &#8220;ZLATNA VILA&#8221; ZA BEOGRA\u0110ANE, \u010cESIMA NAGRADA PUBLIKE \u2013 FOTO i VIDEO"},"content":{"rendered":"<p><a href=\"https:\/\/www.prijedordanas.com\/wp-content\/uploads\/2015\/05\/zlatna-vila-2015-drugo-vece-1.jpg\"><img loading=\"lazy\" decoding=\"async\" class=\"alignleft size-medium wp-image-21950\" src=\"https:\/\/www.prijedordanas.com\/wp-content\/uploads\/2015\/05\/zlatna-vila-2015-drugo-vece-1-300x199.jpg\" alt=\"zlatna vila 2015-drugo vece (1)\" width=\"300\" height=\"199\" srcset=\"https:\/\/www.prijedordanas.com\/wp-content\/uploads\/2015\/05\/zlatna-vila-2015-drugo-vece-1-300x199.jpg 300w, https:\/\/www.prijedordanas.com\/wp-content\/uploads\/2015\/05\/zlatna-vila-2015-drugo-vece-1-150x100.jpg 150w, https:\/\/www.prijedordanas.com\/wp-content\/uploads\/2015\/05\/zlatna-vila-2015-drugo-vece-1-200x133.jpg 200w, https:\/\/www.prijedordanas.com\/wp-content\/uploads\/2015\/05\/zlatna-vila-2015-drugo-vece-1-250x166.jpg 250w, https:\/\/www.prijedordanas.com\/wp-content\/uploads\/2015\/05\/zlatna-vila-2015-drugo-vece-1-480x320.jpg 480w, https:\/\/www.prijedordanas.com\/wp-content\/uploads\/2015\/05\/zlatna-vila-2015-drugo-vece-1.jpg 800w\" sizes=\"(max-width: 300px) 100vw, 300px\" \/><\/a>Mje\u0161oviti hor Amaterskog kulturno-umjetni\u010dkog dru\u0161tva (AKUD) &#8220;Ivo Lola Ribar&#8221; iz Beograda pod vo\u0111stvom Milovana Pan\u010di\u0107a pobjednik je 15. Me\u0111unarodnog festivala horova &#8220;Zlatna vila&#8221;, koji je odr\u017ean u Prijedoru.<\/p>\n<p>Nagradu publike dobio je \u010de\u0161ki hor &#8220;Kantika Leticija&#8221; iz Zlina pod dirigentskom palicom Jozefa Surovika, u konkurenciji devet horova iz sedam dr\u017eava.<\/p>\n<p>Osim plakete &#8220;Zlatna vila&#8221;, nagrade za vrhunske domete u horskom pjevanju koju prati nov\u010dana nagrada od 5.000 KM, te nagrade publike koju prati nov\u010dani iznos od 1.500 KM, ove godine je \u017eiri u sastavu predsjednik Darinka Mati\u0107-Marovi\u0107 i \u010dlanovi Vladimir Kranj\u010devi\u0107 i Svetislav Bo\u017ei\u0107 dodijelio pet posebnih priznanja za neke od elemenata horskog pjevanja.<\/p>\n<p><a href=\"https:\/\/www.prijedordanas.com\/wp-content\/uploads\/2015\/05\/zlatna-vila-2015-drugo-vece-12.jpg\"><img loading=\"lazy\" decoding=\"async\" class=\"alignleft size-medium wp-image-21951\" src=\"https:\/\/www.prijedordanas.com\/wp-content\/uploads\/2015\/05\/zlatna-vila-2015-drugo-vece-12-300x199.jpg\" alt=\"zlatna vila 2015-drugo vece (12)\" width=\"300\" height=\"199\" srcset=\"https:\/\/www.prijedordanas.com\/wp-content\/uploads\/2015\/05\/zlatna-vila-2015-drugo-vece-12-300x199.jpg 300w, https:\/\/www.prijedordanas.com\/wp-content\/uploads\/2015\/05\/zlatna-vila-2015-drugo-vece-12-150x100.jpg 150w, https:\/\/www.prijedordanas.com\/wp-content\/uploads\/2015\/05\/zlatna-vila-2015-drugo-vece-12-200x133.jpg 200w, https:\/\/www.prijedordanas.com\/wp-content\/uploads\/2015\/05\/zlatna-vila-2015-drugo-vece-12-250x166.jpg 250w, https:\/\/www.prijedordanas.com\/wp-content\/uploads\/2015\/05\/zlatna-vila-2015-drugo-vece-12-480x320.jpg 480w, https:\/\/www.prijedordanas.com\/wp-content\/uploads\/2015\/05\/zlatna-vila-2015-drugo-vece-12.jpg 600w\" sizes=\"(max-width: 300px) 100vw, 300px\" \/><\/a>Osim nagrade publike, \u010de\u0161ki hor dobio je priznanja za najbolju izvedbu duhovnog djela i najbolju scensku izvedbu, Novosadski kamerni hor sa dirigentom Bo\u017eidarom Crnjanskim priznanja za najbolju izvedbu djela starog majstora i najbolju izvedbu doma\u0107eg djela, a Akademski pevski zbor &#8220;Tone Tom\u0161i\u010d&#8221; Univerziteta u LJubljani sa dirigentom Stojanom Kuretom priznanje za najbolju izvedbu savremenog djela.<\/p>\n<p>Predsjednik \u017eirija Darinka Mati\u0107-Marovi\u0107 rekla je da je sve odluke \u017eiri donio jednoglasno.<\/p>\n<p>&#8220;Bilo je horova gdje je bilo te\u0161ko odrediti odre\u0111ena priznanja i \u017eao mi je zbog onih horova koji zbog ovih odli\u010dnih nisu uspjeli dobiti neku od nagrada, ali su pokazali volju, \u017eelju i radost horskog pjevanja&#8221;, izjavila je Marovi\u0107eva novinarima u Prijedoru sino\u0107 po zatvaranju festivala.<\/p>\n<p>Ona je ocijenila da je festival odli\u010dno organizovan i da \u017eeli da u Prijedor i dalje dolaze horovi iz biv\u0161e Jugoslavije, Evrope i svijeta.<\/p>\n<p>&#8220;Moja je \u017eelja da `Zlatna vila` i dalje postoji i da organizatori ulo\u017ee rad, trud i znanje da budu na ovoj visini kao \u0161to je ovaj jubilarni, petnaesti festival&#8221;, dodala je Marovi\u0107eva.<\/p>\n<p>Dirigent pobjedni\u010dkog hora Milovan Pan\u010di\u0107 rekao je da je proputovao dvije tre\u0107ine svijeta, ali da je rijetko nailazio na festivale tako dobro organizovane i koji imaju tako dobru publiku koja inspiri\u0161e i nadahnjuje.<\/p>\n<p>&#8220;Ovaj festival morate da njegujete i da \u010duvate. To je ne\u0161to \u0161to mi u Beogradu, nemamo, a vi to imate i treba da budete sre\u0107ni. To je manifestacija za koju svim mogu\u0107im sredstvima treba da se trudite da se ne ugasi i da traje&#8221;, rekao je Pan\u010di\u0107.<\/p>\n<p>Dirigent hora &#8220;Kantika Leticija&#8221; Jozef Surovik rekao je da je nagrada publike veoma zna\u010dajna.<\/p>\n<p>&#8220;To je znak da smo uspjeli prenijeti emociju&#8221;, ka\u017ee Surovik.<\/p>\n<p>Osim nagra\u0111enih, na ovogodi\u0161njoj &#8220;Zlatnoj vili&#8221; u\u010destvovali su jo\u0161 i hor &#8220;Rigovertikale&#8221; iz Trentina sa dirigentom Matijom Kulmoneom, Djevoja\u010dki hor &#8220;Evmolpeja&#8221; iz Plovdiva sa dirigentkinjom Radom Slavinskom, hor &#8220;Gortinija&#8221; iz \u0110ev\u0111elije sa dirigentom Ilijom Atanasovom, Rije\u010dki komorni zbor &#8220;Val&#8221; sa dirigentkinjom Doris Kova\u010di\u0107 i Hrvatsko pjeva\u010dko dru\u0161tvo &#8220;Kalnik&#8221; iz Kri\u017eevaca s dirigentom Ozrenom Bogdanovi\u0107em.<\/p>\n<p>Izvr\u0161ni pokrovitelj ovogodi\u0161nje &#8220;Zlatne vile&#8221; je grad Prijedor sa 50.000 KM, pokrovitelj Ministarstvo prosvjete i kulture Republike Srpske, generalni sponzor &#8220;Arselor Mital Prijedor&#8221;, a prijatelji festivala NLB Razvojna banka, keksara &#8220;Mira&#8221; i hotel &#8220;Prijedor&#8221;.<\/p>\n<p>&#8220;Zlatna vila&#8221; prva je u nizu manifestacija povodom 16. maja, Dana grada, a horsko natpjevavanje odr\u017eano je u znaku dva jubileja \u2013 15 godina festivala i 130 godina horskog pjevanja u gradu na Sani.<\/p>\n<p>Tekst \u2013 SRNA<br \/>\nFoto \u2013 Aleksandar Drakuli\u0107 \u2013 <a href=\"www.prijedordanas.com\" target=\"_blank\">www.prijedordanas.com<\/a><\/p>\n<p><a href=\"https:\/\/www.prijedordanas.com\/wp-content\/uploads\/2015\/05\/zlatna-vila-2015-drugo-vece-2.jpg\"><img loading=\"lazy\" decoding=\"async\" class=\"alignleft size-medium wp-image-21952\" src=\"https:\/\/www.prijedordanas.com\/wp-content\/uploads\/2015\/05\/zlatna-vila-2015-drugo-vece-2-300x199.jpg\" alt=\"zlatna vila 2015-drugo vece (2)\" width=\"300\" height=\"199\" srcset=\"https:\/\/www.prijedordanas.com\/wp-content\/uploads\/2015\/05\/zlatna-vila-2015-drugo-vece-2-300x199.jpg 300w, https:\/\/www.prijedordanas.com\/wp-content\/uploads\/2015\/05\/zlatna-vila-2015-drugo-vece-2-150x100.jpg 150w, https:\/\/www.prijedordanas.com\/wp-content\/uploads\/2015\/05\/zlatna-vila-2015-drugo-vece-2-200x133.jpg 200w, https:\/\/www.prijedordanas.com\/wp-content\/uploads\/2015\/05\/zlatna-vila-2015-drugo-vece-2-250x166.jpg 250w, https:\/\/www.prijedordanas.com\/wp-content\/uploads\/2015\/05\/zlatna-vila-2015-drugo-vece-2-480x320.jpg 480w, https:\/\/www.prijedordanas.com\/wp-content\/uploads\/2015\/05\/zlatna-vila-2015-drugo-vece-2.jpg 600w\" sizes=\"(max-width: 300px) 100vw, 300px\" \/><\/a> <a href=\"https:\/\/www.prijedordanas.com\/wp-content\/uploads\/2015\/05\/zlatna-vila-2015-drugo-vece-3.jpg\"><img loading=\"lazy\" decoding=\"async\" class=\"alignleft size-medium wp-image-21953\" src=\"https:\/\/www.prijedordanas.com\/wp-content\/uploads\/2015\/05\/zlatna-vila-2015-drugo-vece-3-300x199.jpg\" alt=\"zlatna vila 2015-drugo vece (3)\" width=\"300\" height=\"199\" srcset=\"https:\/\/www.prijedordanas.com\/wp-content\/uploads\/2015\/05\/zlatna-vila-2015-drugo-vece-3-300x199.jpg 300w, https:\/\/www.prijedordanas.com\/wp-content\/uploads\/2015\/05\/zlatna-vila-2015-drugo-vece-3-150x100.jpg 150w, https:\/\/www.prijedordanas.com\/wp-content\/uploads\/2015\/05\/zlatna-vila-2015-drugo-vece-3-200x133.jpg 200w, https:\/\/www.prijedordanas.com\/wp-content\/uploads\/2015\/05\/zlatna-vila-2015-drugo-vece-3-250x166.jpg 250w, https:\/\/www.prijedordanas.com\/wp-content\/uploads\/2015\/05\/zlatna-vila-2015-drugo-vece-3-480x320.jpg 480w, https:\/\/www.prijedordanas.com\/wp-content\/uploads\/2015\/05\/zlatna-vila-2015-drugo-vece-3.jpg 600w\" sizes=\"(max-width: 300px) 100vw, 300px\" \/><\/a> <a href=\"https:\/\/www.prijedordanas.com\/wp-content\/uploads\/2015\/05\/zlatna-vila-2015-drugo-vece-4.jpg\"><img loading=\"lazy\" decoding=\"async\" class=\"alignleft size-medium wp-image-21954\" src=\"https:\/\/www.prijedordanas.com\/wp-content\/uploads\/2015\/05\/zlatna-vila-2015-drugo-vece-4-300x199.jpg\" alt=\"zlatna vila 2015-drugo vece (4)\" width=\"300\" height=\"199\" srcset=\"https:\/\/www.prijedordanas.com\/wp-content\/uploads\/2015\/05\/zlatna-vila-2015-drugo-vece-4-300x199.jpg 300w, https:\/\/www.prijedordanas.com\/wp-content\/uploads\/2015\/05\/zlatna-vila-2015-drugo-vece-4-150x100.jpg 150w, https:\/\/www.prijedordanas.com\/wp-content\/uploads\/2015\/05\/zlatna-vila-2015-drugo-vece-4-200x133.jpg 200w, https:\/\/www.prijedordanas.com\/wp-content\/uploads\/2015\/05\/zlatna-vila-2015-drugo-vece-4-250x166.jpg 250w, https:\/\/www.prijedordanas.com\/wp-content\/uploads\/2015\/05\/zlatna-vila-2015-drugo-vece-4-480x320.jpg 480w, https:\/\/www.prijedordanas.com\/wp-content\/uploads\/2015\/05\/zlatna-vila-2015-drugo-vece-4.jpg 600w\" sizes=\"(max-width: 300px) 100vw, 300px\" \/><\/a> <a href=\"https:\/\/www.prijedordanas.com\/wp-content\/uploads\/2015\/05\/zlatna-vila-2015-drugo-vece-5.jpg\"><img loading=\"lazy\" decoding=\"async\" class=\"alignleft size-medium wp-image-21955\" src=\"https:\/\/www.prijedordanas.com\/wp-content\/uploads\/2015\/05\/zlatna-vila-2015-drugo-vece-5-300x199.jpg\" alt=\"zlatna vila 2015-drugo vece (5)\" width=\"300\" height=\"199\" srcset=\"https:\/\/www.prijedordanas.com\/wp-content\/uploads\/2015\/05\/zlatna-vila-2015-drugo-vece-5-300x199.jpg 300w, https:\/\/www.prijedordanas.com\/wp-content\/uploads\/2015\/05\/zlatna-vila-2015-drugo-vece-5-150x100.jpg 150w, https:\/\/www.prijedordanas.com\/wp-content\/uploads\/2015\/05\/zlatna-vila-2015-drugo-vece-5-200x133.jpg 200w, https:\/\/www.prijedordanas.com\/wp-content\/uploads\/2015\/05\/zlatna-vila-2015-drugo-vece-5-250x166.jpg 250w, https:\/\/www.prijedordanas.com\/wp-content\/uploads\/2015\/05\/zlatna-vila-2015-drugo-vece-5-480x320.jpg 480w, https:\/\/www.prijedordanas.com\/wp-content\/uploads\/2015\/05\/zlatna-vila-2015-drugo-vece-5.jpg 600w\" sizes=\"(max-width: 300px) 100vw, 300px\" \/><\/a> <a href=\"https:\/\/www.prijedordanas.com\/wp-content\/uploads\/2015\/05\/zlatna-vila-2015-drugo-vece-6.jpg\"><img loading=\"lazy\" decoding=\"async\" class=\"alignleft size-medium wp-image-21956\" src=\"https:\/\/www.prijedordanas.com\/wp-content\/uploads\/2015\/05\/zlatna-vila-2015-drugo-vece-6-300x199.jpg\" alt=\"zlatna vila 2015-drugo vece (6)\" width=\"300\" height=\"199\" srcset=\"https:\/\/www.prijedordanas.com\/wp-content\/uploads\/2015\/05\/zlatna-vila-2015-drugo-vece-6-300x199.jpg 300w, https:\/\/www.prijedordanas.com\/wp-content\/uploads\/2015\/05\/zlatna-vila-2015-drugo-vece-6-150x100.jpg 150w, https:\/\/www.prijedordanas.com\/wp-content\/uploads\/2015\/05\/zlatna-vila-2015-drugo-vece-6-200x133.jpg 200w, https:\/\/www.prijedordanas.com\/wp-content\/uploads\/2015\/05\/zlatna-vila-2015-drugo-vece-6-250x166.jpg 250w, https:\/\/www.prijedordanas.com\/wp-content\/uploads\/2015\/05\/zlatna-vila-2015-drugo-vece-6-480x320.jpg 480w, https:\/\/www.prijedordanas.com\/wp-content\/uploads\/2015\/05\/zlatna-vila-2015-drugo-vece-6.jpg 600w\" sizes=\"(max-width: 300px) 100vw, 300px\" \/><\/a> <a href=\"https:\/\/www.prijedordanas.com\/wp-content\/uploads\/2015\/05\/zlatna-vila-2015-drugo-vece-7.jpg\"><img loading=\"lazy\" decoding=\"async\" class=\"alignleft size-medium wp-image-21957\" src=\"https:\/\/www.prijedordanas.com\/wp-content\/uploads\/2015\/05\/zlatna-vila-2015-drugo-vece-7-300x199.jpg\" alt=\"zlatna vila 2015-drugo vece (7)\" width=\"300\" height=\"199\" srcset=\"https:\/\/www.prijedordanas.com\/wp-content\/uploads\/2015\/05\/zlatna-vila-2015-drugo-vece-7-300x199.jpg 300w, https:\/\/www.prijedordanas.com\/wp-content\/uploads\/2015\/05\/zlatna-vila-2015-drugo-vece-7-150x100.jpg 150w, https:\/\/www.prijedordanas.com\/wp-content\/uploads\/2015\/05\/zlatna-vila-2015-drugo-vece-7-200x133.jpg 200w, https:\/\/www.prijedordanas.com\/wp-content\/uploads\/2015\/05\/zlatna-vila-2015-drugo-vece-7-250x166.jpg 250w, https:\/\/www.prijedordanas.com\/wp-content\/uploads\/2015\/05\/zlatna-vila-2015-drugo-vece-7-480x320.jpg 480w, https:\/\/www.prijedordanas.com\/wp-content\/uploads\/2015\/05\/zlatna-vila-2015-drugo-vece-7.jpg 600w\" sizes=\"(max-width: 300px) 100vw, 300px\" \/><\/a> <a href=\"https:\/\/www.prijedordanas.com\/wp-content\/uploads\/2015\/05\/zlatna-vila-2015-drugo-vece-8.jpg\"><img loading=\"lazy\" decoding=\"async\" class=\"alignleft size-medium wp-image-21958\" src=\"https:\/\/www.prijedordanas.com\/wp-content\/uploads\/2015\/05\/zlatna-vila-2015-drugo-vece-8-300x199.jpg\" alt=\"zlatna vila 2015-drugo vece (8)\" width=\"300\" height=\"199\" srcset=\"https:\/\/www.prijedordanas.com\/wp-content\/uploads\/2015\/05\/zlatna-vila-2015-drugo-vece-8-300x199.jpg 300w, https:\/\/www.prijedordanas.com\/wp-content\/uploads\/2015\/05\/zlatna-vila-2015-drugo-vece-8-150x100.jpg 150w, https:\/\/www.prijedordanas.com\/wp-content\/uploads\/2015\/05\/zlatna-vila-2015-drugo-vece-8-200x133.jpg 200w, https:\/\/www.prijedordanas.com\/wp-content\/uploads\/2015\/05\/zlatna-vila-2015-drugo-vece-8-250x166.jpg 250w, https:\/\/www.prijedordanas.com\/wp-content\/uploads\/2015\/05\/zlatna-vila-2015-drugo-vece-8-480x320.jpg 480w, https:\/\/www.prijedordanas.com\/wp-content\/uploads\/2015\/05\/zlatna-vila-2015-drugo-vece-8.jpg 600w\" sizes=\"(max-width: 300px) 100vw, 300px\" \/><\/a> <a href=\"https:\/\/www.prijedordanas.com\/wp-content\/uploads\/2015\/05\/zlatna-vila-2015-drugo-vece-9.jpg\"><img loading=\"lazy\" decoding=\"async\" class=\"alignleft size-medium wp-image-21959\" src=\"https:\/\/www.prijedordanas.com\/wp-content\/uploads\/2015\/05\/zlatna-vila-2015-drugo-vece-9-300x199.jpg\" alt=\"zlatna vila 2015-drugo vece (9)\" width=\"300\" height=\"199\" srcset=\"https:\/\/www.prijedordanas.com\/wp-content\/uploads\/2015\/05\/zlatna-vila-2015-drugo-vece-9-300x199.jpg 300w, https:\/\/www.prijedordanas.com\/wp-content\/uploads\/2015\/05\/zlatna-vila-2015-drugo-vece-9-150x100.jpg 150w, https:\/\/www.prijedordanas.com\/wp-content\/uploads\/2015\/05\/zlatna-vila-2015-drugo-vece-9-200x133.jpg 200w, https:\/\/www.prijedordanas.com\/wp-content\/uploads\/2015\/05\/zlatna-vila-2015-drugo-vece-9-250x166.jpg 250w, https:\/\/www.prijedordanas.com\/wp-content\/uploads\/2015\/05\/zlatna-vila-2015-drugo-vece-9-480x320.jpg 480w, https:\/\/www.prijedordanas.com\/wp-content\/uploads\/2015\/05\/zlatna-vila-2015-drugo-vece-9.jpg 600w\" sizes=\"(max-width: 300px) 100vw, 300px\" \/><\/a> <a href=\"https:\/\/www.prijedordanas.com\/wp-content\/uploads\/2015\/05\/zlatna-vila-2015-drugo-vece-10.jpg\"><img loading=\"lazy\" decoding=\"async\" class=\"alignleft size-medium wp-image-21960\" src=\"https:\/\/www.prijedordanas.com\/wp-content\/uploads\/2015\/05\/zlatna-vila-2015-drugo-vece-10-300x199.jpg\" alt=\"zlatna vila 2015-drugo vece (10)\" width=\"300\" height=\"199\" srcset=\"https:\/\/www.prijedordanas.com\/wp-content\/uploads\/2015\/05\/zlatna-vila-2015-drugo-vece-10-300x199.jpg 300w, https:\/\/www.prijedordanas.com\/wp-content\/uploads\/2015\/05\/zlatna-vila-2015-drugo-vece-10-150x100.jpg 150w, https:\/\/www.prijedordanas.com\/wp-content\/uploads\/2015\/05\/zlatna-vila-2015-drugo-vece-10-200x133.jpg 200w, https:\/\/www.prijedordanas.com\/wp-content\/uploads\/2015\/05\/zlatna-vila-2015-drugo-vece-10-250x166.jpg 250w, https:\/\/www.prijedordanas.com\/wp-content\/uploads\/2015\/05\/zlatna-vila-2015-drugo-vece-10-480x320.jpg 480w, https:\/\/www.prijedordanas.com\/wp-content\/uploads\/2015\/05\/zlatna-vila-2015-drugo-vece-10.jpg 600w\" sizes=\"(max-width: 300px) 100vw, 300px\" \/><\/a> <a href=\"https:\/\/www.prijedordanas.com\/wp-content\/uploads\/2015\/05\/zlatna-vila-2015-drugo-vece-11.jpg\"><img loading=\"lazy\" decoding=\"async\" class=\"alignleft size-medium wp-image-21961\" src=\"https:\/\/www.prijedordanas.com\/wp-content\/uploads\/2015\/05\/zlatna-vila-2015-drugo-vece-11-300x199.jpg\" alt=\"zlatna vila 2015-drugo vece (11)\" width=\"300\" height=\"199\" srcset=\"https:\/\/www.prijedordanas.com\/wp-content\/uploads\/2015\/05\/zlatna-vila-2015-drugo-vece-11-300x199.jpg 300w, https:\/\/www.prijedordanas.com\/wp-content\/uploads\/2015\/05\/zlatna-vila-2015-drugo-vece-11-150x100.jpg 150w, https:\/\/www.prijedordanas.com\/wp-content\/uploads\/2015\/05\/zlatna-vila-2015-drugo-vece-11-200x133.jpg 200w, https:\/\/www.prijedordanas.com\/wp-content\/uploads\/2015\/05\/zlatna-vila-2015-drugo-vece-11-250x166.jpg 250w, https:\/\/www.prijedordanas.com\/wp-content\/uploads\/2015\/05\/zlatna-vila-2015-drugo-vece-11-480x320.jpg 480w, https:\/\/www.prijedordanas.com\/wp-content\/uploads\/2015\/05\/zlatna-vila-2015-drugo-vece-11.jpg 600w\" sizes=\"(max-width: 300px) 100vw, 300px\" \/><\/a> <a href=\"https:\/\/www.prijedordanas.com\/wp-content\/uploads\/2015\/05\/zlatna-vila-2015-drugo-vece-13.jpg\"><img loading=\"lazy\" decoding=\"async\" class=\"alignleft size-medium wp-image-21962\" src=\"https:\/\/www.prijedordanas.com\/wp-content\/uploads\/2015\/05\/zlatna-vila-2015-drugo-vece-13-300x199.jpg\" alt=\"zlatna vila 2015-drugo vece (13)\" width=\"300\" height=\"199\" srcset=\"https:\/\/www.prijedordanas.com\/wp-content\/uploads\/2015\/05\/zlatna-vila-2015-drugo-vece-13-300x199.jpg 300w, https:\/\/www.prijedordanas.com\/wp-content\/uploads\/2015\/05\/zlatna-vila-2015-drugo-vece-13-150x100.jpg 150w, https:\/\/www.prijedordanas.com\/wp-content\/uploads\/2015\/05\/zlatna-vila-2015-drugo-vece-13-200x133.jpg 200w, https:\/\/www.prijedordanas.com\/wp-content\/uploads\/2015\/05\/zlatna-vila-2015-drugo-vece-13-250x166.jpg 250w, https:\/\/www.prijedordanas.com\/wp-content\/uploads\/2015\/05\/zlatna-vila-2015-drugo-vece-13-480x320.jpg 480w, https:\/\/www.prijedordanas.com\/wp-content\/uploads\/2015\/05\/zlatna-vila-2015-drugo-vece-13.jpg 600w\" sizes=\"(max-width: 300px) 100vw, 300px\" \/><\/a> <a href=\"https:\/\/www.prijedordanas.com\/wp-content\/uploads\/2015\/05\/zlatna-vila-2015-drugo-vece-14.jpg\"><img loading=\"lazy\" decoding=\"async\" class=\"alignleft size-medium wp-image-21963\" src=\"https:\/\/www.prijedordanas.com\/wp-content\/uploads\/2015\/05\/zlatna-vila-2015-drugo-vece-14-300x199.jpg\" alt=\"zlatna vila 2015-drugo vece (14)\" width=\"300\" height=\"199\" srcset=\"https:\/\/www.prijedordanas.com\/wp-content\/uploads\/2015\/05\/zlatna-vila-2015-drugo-vece-14-300x199.jpg 300w, https:\/\/www.prijedordanas.com\/wp-content\/uploads\/2015\/05\/zlatna-vila-2015-drugo-vece-14-150x100.jpg 150w, https:\/\/www.prijedordanas.com\/wp-content\/uploads\/2015\/05\/zlatna-vila-2015-drugo-vece-14-200x133.jpg 200w, https:\/\/www.prijedordanas.com\/wp-content\/uploads\/2015\/05\/zlatna-vila-2015-drugo-vece-14-250x166.jpg 250w, https:\/\/www.prijedordanas.com\/wp-content\/uploads\/2015\/05\/zlatna-vila-2015-drugo-vece-14-480x320.jpg 480w, https:\/\/www.prijedordanas.com\/wp-content\/uploads\/2015\/05\/zlatna-vila-2015-drugo-vece-14.jpg 600w\" sizes=\"(max-width: 300px) 100vw, 300px\" \/><\/a><\/p>\n","protected":false},"excerpt":{"rendered":"<p>Mje\u0161oviti hor Amaterskog kulturno-umjetni\u010dkog dru\u0161tva (AKUD) &#8220;Ivo Lola Ribar&#8221; iz Beograda pod vo\u0111stvom Milovana Pan\u010di\u0107a pobjednik je 15. Me\u0111unarodnog festivala horova &#8220;Zlatna vila&#8221;, koji je odr\u017ean u Prijedoru. Nagradu publike [&hellip;]<\/p>\n","protected":false},"author":1,"featured_media":0,"comment_status":"closed","ping_status":"open","sticky":false,"template":"","format":"standard","meta":{"_monsterinsights_skip_tracking":false,"_monsterinsights_sitenote_active":false,"_monsterinsights_sitenote_note":"","_monsterinsights_sitenote_category":0,"footnotes":""},"categories":[6],"tags":[3308,3307,1009],"yoast_head":"<!-- This site is optimized with the Yoast SEO plugin v21.6 - https:\/\/yoast.com\/wordpress\/plugins\/seo\/ -->\n<title>PLAKETA &quot;ZLATNA VILA&quot; ZA BEOGRA\u0110ANE, \u010cESIMA NAGRADA PUBLIKE \u2013 FOTO i VIDEO - PrijedorDanas.com - Prijedorski gradski portal<\/title>\n<meta name=\"robots\" content=\"index, follow, max-snippet:-1, max-image-preview:large, max-video-preview:-1\" \/>\n<link rel=\"canonical\" href=\"https:\/\/www.prijedordanas.com\/?p=21984\" \/>\n<meta property=\"og:locale\" content=\"en_US\" \/>\n<meta property=\"og:type\" content=\"article\" \/>\n<meta property=\"og:title\" content=\"PLAKETA &quot;ZLATNA VILA&quot; ZA BEOGRA\u0110ANE, \u010cESIMA NAGRADA PUBLIKE \u2013 FOTO i VIDEO - PrijedorDanas.com - Prijedorski gradski portal\" \/>\n<meta property=\"og:description\" content=\"Mje\u0161oviti hor Amaterskog kulturno-umjetni\u010dkog dru\u0161tva (AKUD) &#8220;Ivo Lola Ribar&#8221; iz Beograda pod vo\u0111stvom Milovana Pan\u010di\u0107a pobjednik je 15. Me\u0111unarodnog festivala horova &#8220;Zlatna vila&#8221;, koji je odr\u017ean u Prijedoru. Nagradu publike [&hellip;]\" \/>\n<meta property=\"og:url\" content=\"https:\/\/www.prijedordanas.com\/?p=21984\" \/>\n<meta property=\"og:site_name\" content=\"PrijedorDanas.com - Prijedorski gradski portal\" \/>\n<meta property=\"article:publisher\" content=\"https:\/\/www.facebook.com\/PrijedorDanasCom\/\" \/>\n<meta property=\"article:published_time\" content=\"2015-05-10T09:44:37+00:00\" \/>\n<meta property=\"article:modified_time\" content=\"2015-05-10T09:46:01+00:00\" \/>\n<meta property=\"og:image\" content=\"https:\/\/www.prijedordanas.com\/wp-content\/uploads\/2015\/05\/zlatna-vila-2015-drugo-vece-1-300x199.jpg\" \/>\n<meta name=\"author\" content=\"admin\" \/>\n<meta name=\"twitter:card\" content=\"summary_large_image\" \/>\n<meta name=\"twitter:label1\" content=\"Written by\" \/>\n\t<meta name=\"twitter:data1\" content=\"admin\" \/>\n\t<meta name=\"twitter:label2\" content=\"Est. reading time\" \/>\n\t<meta name=\"twitter:data2\" content=\"3 minutes\" \/>\n<script type=\"application\/ld+json\" class=\"yoast-schema-graph\">{\"@context\":\"https:\/\/schema.org\",\"@graph\":[{\"@type\":\"Article\",\"@id\":\"https:\/\/www.prijedordanas.com\/?p=21984#article\",\"isPartOf\":{\"@id\":\"https:\/\/www.prijedordanas.com\/?p=21984\"},\"author\":{\"name\":\"admin\",\"@id\":\"https:\/\/www.prijedordanas.com\/#\/schema\/person\/4e08ccf29b506ca916ff86d46bb700e6\"},\"headline\":\"PLAKETA &#8220;ZLATNA VILA&#8221; ZA BEOGRA\u0110ANE, \u010cESIMA NAGRADA PUBLIKE \u2013 FOTO i VIDEO\",\"datePublished\":\"2015-05-10T09:44:37+00:00\",\"dateModified\":\"2015-05-10T09:46:01+00:00\",\"mainEntityOfPage\":{\"@id\":\"https:\/\/www.prijedordanas.com\/?p=21984\"},\"wordCount\":564,\"publisher\":{\"@id\":\"https:\/\/www.prijedordanas.com\/#organization\"},\"keywords\":[\"nagrada publike\",\"plaketa\",\"Zlatna vila\"],\"articleSection\":[\"Kultura\"],\"inLanguage\":\"en-US\"},{\"@type\":\"WebPage\",\"@id\":\"https:\/\/www.prijedordanas.com\/?p=21984\",\"url\":\"https:\/\/www.prijedordanas.com\/?p=21984\",\"name\":\"PLAKETA \\\"ZLATNA VILA\\\" ZA BEOGRA\u0110ANE, \u010cESIMA NAGRADA PUBLIKE \u2013 FOTO i VIDEO - PrijedorDanas.com - Prijedorski gradski portal\",\"isPartOf\":{\"@id\":\"https:\/\/www.prijedordanas.com\/#website\"},\"datePublished\":\"2015-05-10T09:44:37+00:00\",\"dateModified\":\"2015-05-10T09:46:01+00:00\",\"breadcrumb\":{\"@id\":\"https:\/\/www.prijedordanas.com\/?p=21984#breadcrumb\"},\"inLanguage\":\"en-US\",\"potentialAction\":[{\"@type\":\"ReadAction\",\"target\":[\"https:\/\/www.prijedordanas.com\/?p=21984\"]}]},{\"@type\":\"BreadcrumbList\",\"@id\":\"https:\/\/www.prijedordanas.com\/?p=21984#breadcrumb\",\"itemListElement\":[{\"@type\":\"ListItem\",\"position\":1,\"name\":\"Home\",\"item\":\"https:\/\/www.prijedordanas.com\/\"},{\"@type\":\"ListItem\",\"position\":2,\"name\":\"PLAKETA &#8220;ZLATNA VILA&#8221; ZA BEOGRA\u0110ANE, \u010cESIMA NAGRADA PUBLIKE \u2013 FOTO i VIDEO\"}]},{\"@type\":\"WebSite\",\"@id\":\"https:\/\/www.prijedordanas.com\/#website\",\"url\":\"https:\/\/www.prijedordanas.com\/\",\"name\":\"PrijedorDanas.com - Prijedorski gradski portal\",\"description\":\"Portal o doga\u0111anjima u gradu Prijedoru\",\"publisher\":{\"@id\":\"https:\/\/www.prijedordanas.com\/#organization\"},\"potentialAction\":[{\"@type\":\"SearchAction\",\"target\":{\"@type\":\"EntryPoint\",\"urlTemplate\":\"https:\/\/www.prijedordanas.com\/?s={search_term_string}\"},\"query-input\":\"required name=search_term_string\"}],\"inLanguage\":\"en-US\"},{\"@type\":\"Organization\",\"@id\":\"https:\/\/www.prijedordanas.com\/#organization\",\"name\":\"PrijedorDanas.com\",\"url\":\"https:\/\/www.prijedordanas.com\/\",\"logo\":{\"@type\":\"ImageObject\",\"inLanguage\":\"en-US\",\"@id\":\"https:\/\/www.prijedordanas.com\/#\/schema\/logo\/image\/\",\"url\":\"http:\/\/www.prijedordanas.com\/wp-content\/uploads\/2021\/12\/logopng.png\",\"contentUrl\":\"http:\/\/www.prijedordanas.com\/wp-content\/uploads\/2021\/12\/logopng.png\",\"width\":1019,\"height\":776,\"caption\":\"PrijedorDanas.com\"},\"image\":{\"@id\":\"https:\/\/www.prijedordanas.com\/#\/schema\/logo\/image\/\"},\"sameAs\":[\"https:\/\/www.facebook.com\/PrijedorDanasCom\/\"]},{\"@type\":\"Person\",\"@id\":\"https:\/\/www.prijedordanas.com\/#\/schema\/person\/4e08ccf29b506ca916ff86d46bb700e6\",\"name\":\"admin\",\"image\":{\"@type\":\"ImageObject\",\"inLanguage\":\"en-US\",\"@id\":\"https:\/\/www.prijedordanas.com\/#\/schema\/person\/image\/\",\"url\":\"https:\/\/secure.gravatar.com\/avatar\/1d3fc949d550f0b53a5f0d51e06dfd79?s=96&d=mm&r=g\",\"contentUrl\":\"https:\/\/secure.gravatar.com\/avatar\/1d3fc949d550f0b53a5f0d51e06dfd79?s=96&d=mm&r=g\",\"caption\":\"admin\"},\"url\":\"https:\/\/www.prijedordanas.com\/?author=1\"}]}<\/script>\n<!-- \/ Yoast SEO plugin. -->","yoast_head_json":{"title":"PLAKETA \"ZLATNA VILA\" ZA BEOGRA\u0110ANE, \u010cESIMA NAGRADA PUBLIKE \u2013 FOTO i VIDEO - PrijedorDanas.com - Prijedorski gradski portal","robots":{"index":"index","follow":"follow","max-snippet":"max-snippet:-1","max-image-preview":"max-image-preview:large","max-video-preview":"max-video-preview:-1"},"canonical":"https:\/\/www.prijedordanas.com\/?p=21984","og_locale":"en_US","og_type":"article","og_title":"PLAKETA \"ZLATNA VILA\" ZA BEOGRA\u0110ANE, \u010cESIMA NAGRADA PUBLIKE \u2013 FOTO i VIDEO - PrijedorDanas.com - Prijedorski gradski portal","og_description":"Mje\u0161oviti hor Amaterskog kulturno-umjetni\u010dkog dru\u0161tva (AKUD) &#8220;Ivo Lola Ribar&#8221; iz Beograda pod vo\u0111stvom Milovana Pan\u010di\u0107a pobjednik je 15. Me\u0111unarodnog festivala horova &#8220;Zlatna vila&#8221;, koji je odr\u017ean u Prijedoru. Nagradu publike [&hellip;]","og_url":"https:\/\/www.prijedordanas.com\/?p=21984","og_site_name":"PrijedorDanas.com - Prijedorski gradski portal","article_publisher":"https:\/\/www.facebook.com\/PrijedorDanasCom\/","article_published_time":"2015-05-10T09:44:37+00:00","article_modified_time":"2015-05-10T09:46:01+00:00","og_image":[{"url":"https:\/\/www.prijedordanas.com\/wp-content\/uploads\/2015\/05\/zlatna-vila-2015-drugo-vece-1-300x199.jpg"}],"author":"admin","twitter_card":"summary_large_image","twitter_misc":{"Written by":"admin","Est. reading time":"3 minutes"},"schema":{"@context":"https:\/\/schema.org","@graph":[{"@type":"Article","@id":"https:\/\/www.prijedordanas.com\/?p=21984#article","isPartOf":{"@id":"https:\/\/www.prijedordanas.com\/?p=21984"},"author":{"name":"admin","@id":"https:\/\/www.prijedordanas.com\/#\/schema\/person\/4e08ccf29b506ca916ff86d46bb700e6"},"headline":"PLAKETA &#8220;ZLATNA VILA&#8221; ZA BEOGRA\u0110ANE, \u010cESIMA NAGRADA PUBLIKE \u2013 FOTO i VIDEO","datePublished":"2015-05-10T09:44:37+00:00","dateModified":"2015-05-10T09:46:01+00:00","mainEntityOfPage":{"@id":"https:\/\/www.prijedordanas.com\/?p=21984"},"wordCount":564,"publisher":{"@id":"https:\/\/www.prijedordanas.com\/#organization"},"keywords":["nagrada publike","plaketa","Zlatna vila"],"articleSection":["Kultura"],"inLanguage":"en-US"},{"@type":"WebPage","@id":"https:\/\/www.prijedordanas.com\/?p=21984","url":"https:\/\/www.prijedordanas.com\/?p=21984","name":"PLAKETA \"ZLATNA VILA\" ZA BEOGRA\u0110ANE, \u010cESIMA NAGRADA PUBLIKE \u2013 FOTO i VIDEO - PrijedorDanas.com - Prijedorski gradski portal","isPartOf":{"@id":"https:\/\/www.prijedordanas.com\/#website"},"datePublished":"2015-05-10T09:44:37+00:00","dateModified":"2015-05-10T09:46:01+00:00","breadcrumb":{"@id":"https:\/\/www.prijedordanas.com\/?p=21984#breadcrumb"},"inLanguage":"en-US","potentialAction":[{"@type":"ReadAction","target":["https:\/\/www.prijedordanas.com\/?p=21984"]}]},{"@type":"BreadcrumbList","@id":"https:\/\/www.prijedordanas.com\/?p=21984#breadcrumb","itemListElement":[{"@type":"ListItem","position":1,"name":"Home","item":"https:\/\/www.prijedordanas.com\/"},{"@type":"ListItem","position":2,"name":"PLAKETA &#8220;ZLATNA VILA&#8221; ZA BEOGRA\u0110ANE, \u010cESIMA NAGRADA PUBLIKE \u2013 FOTO i VIDEO"}]},{"@type":"WebSite","@id":"https:\/\/www.prijedordanas.com\/#website","url":"https:\/\/www.prijedordanas.com\/","name":"PrijedorDanas.com - Prijedorski gradski portal","description":"Portal o doga\u0111anjima u gradu Prijedoru","publisher":{"@id":"https:\/\/www.prijedordanas.com\/#organization"},"potentialAction":[{"@type":"SearchAction","target":{"@type":"EntryPoint","urlTemplate":"https:\/\/www.prijedordanas.com\/?s={search_term_string}"},"query-input":"required name=search_term_string"}],"inLanguage":"en-US"},{"@type":"Organization","@id":"https:\/\/www.prijedordanas.com\/#organization","name":"PrijedorDanas.com","url":"https:\/\/www.prijedordanas.com\/","logo":{"@type":"ImageObject","inLanguage":"en-US","@id":"https:\/\/www.prijedordanas.com\/#\/schema\/logo\/image\/","url":"http:\/\/www.prijedordanas.com\/wp-content\/uploads\/2021\/12\/logopng.png","contentUrl":"http:\/\/www.prijedordanas.com\/wp-content\/uploads\/2021\/12\/logopng.png","width":1019,"height":776,"caption":"PrijedorDanas.com"},"image":{"@id":"https:\/\/www.prijedordanas.com\/#\/schema\/logo\/image\/"},"sameAs":["https:\/\/www.facebook.com\/PrijedorDanasCom\/"]},{"@type":"Person","@id":"https:\/\/www.prijedordanas.com\/#\/schema\/person\/4e08ccf29b506ca916ff86d46bb700e6","name":"admin","image":{"@type":"ImageObject","inLanguage":"en-US","@id":"https:\/\/www.prijedordanas.com\/#\/schema\/person\/image\/","url":"https:\/\/secure.gravatar.com\/avatar\/1d3fc949d550f0b53a5f0d51e06dfd79?s=96&d=mm&r=g","contentUrl":"https:\/\/secure.gravatar.com\/avatar\/1d3fc949d550f0b53a5f0d51e06dfd79?s=96&d=mm&r=g","caption":"admin"},"url":"https:\/\/www.prijedordanas.com\/?author=1"}]}},"_links":{"self":[{"href":"https:\/\/www.prijedordanas.com\/index.php?rest_route=\/wp\/v2\/posts\/21984"}],"collection":[{"href":"https:\/\/www.prijedordanas.com\/index.php?rest_route=\/wp\/v2\/posts"}],"about":[{"href":"https:\/\/www.prijedordanas.com\/index.php?rest_route=\/wp\/v2\/types\/post"}],"author":[{"embeddable":true,"href":"https:\/\/www.prijedordanas.com\/index.php?rest_route=\/wp\/v2\/users\/1"}],"replies":[{"embeddable":true,"href":"https:\/\/www.prijedordanas.com\/index.php?rest_route=%2Fwp%2Fv2%2Fcomments&post=21984"}],"version-history":[{"count":1,"href":"https:\/\/www.prijedordanas.com\/index.php?rest_route=\/wp\/v2\/posts\/21984\/revisions"}],"predecessor-version":[{"id":21985,"href":"https:\/\/www.prijedordanas.com\/index.php?rest_route=\/wp\/v2\/posts\/21984\/revisions\/21985"}],"wp:attachment":[{"href":"https:\/\/www.prijedordanas.com\/index.php?rest_route=%2Fwp%2Fv2%2Fmedia&parent=21984"}],"wp:term":[{"taxonomy":"category","embeddable":true,"href":"https:\/\/www.prijedordanas.com\/index.php?rest_route=%2Fwp%2Fv2%2Fcategories&post=21984"},{"taxonomy":"post_tag","embeddable":true,"href":"https:\/\/www.prijedordanas.com\/index.php?rest_route=%2Fwp%2Fv2%2Ftags&post=21984"}],"curies":[{"name":"wp","href":"https:\/\/api.w.org\/{rel}","templated":true}]}}