{"id":219600,"date":"2024-02-08T10:49:46","date_gmt":"2024-02-08T09:49:46","guid":{"rendered":"https:\/\/www.prijedordanas.com\/?p=219600"},"modified":"2024-02-10T09:40:49","modified_gmt":"2024-02-10T08:40:49","slug":"prijedor-obiljezeno-30-godina-od-pogibije-policajaca-na-bihackom-ratistu-foto","status":"publish","type":"post","link":"https:\/\/www.prijedordanas.com\/?p=219600","title":{"rendered":"Prijedor: Obilje\u017eeno 30 godina od pogibije policajaca na biha\u0107kom rati\u0161tu &#8211; FOTO\/VIDEO"},"content":{"rendered":"<p><a href=\"https:\/\/www.prijedordanas.com\/wp-content\/uploads\/2024\/02\/30godisnjica-stradanja-prijedorskih-policajaca-1.jpg\"><img loading=\"lazy\" decoding=\"async\" class=\"alignleft size-medium wp-image-219601\" src=\"https:\/\/www.prijedordanas.com\/wp-content\/uploads\/2024\/02\/30godisnjica-stradanja-prijedorskih-policajaca-1-300x225.jpg\" alt=\"\" width=\"300\" height=\"225\" srcset=\"https:\/\/www.prijedordanas.com\/wp-content\/uploads\/2024\/02\/30godisnjica-stradanja-prijedorskih-policajaca-1-300x225.jpg 300w, https:\/\/www.prijedordanas.com\/wp-content\/uploads\/2024\/02\/30godisnjica-stradanja-prijedorskih-policajaca-1-640x480.jpg 640w, https:\/\/www.prijedordanas.com\/wp-content\/uploads\/2024\/02\/30godisnjica-stradanja-prijedorskih-policajaca-1.jpg 667w\" sizes=\"(max-width: 300px) 100vw, 300px\" \/><\/a>Polaganjem vijenaca i prislu\u017eenjem svijec\u0301a kod spomen plo\u010de u zgradi policije na Urijama u Prijedoru je danas obilje\u017eeno 30 godina od pogibije osmorice i ranjavanja petorice prijedorskih policajaca na bihac\u0301kom rati\u0161tu.<\/p>\n<p>\u017deljko \u0160ormaz imao je nepunih 18 godina kada mu je otac Milenko, komandir \u010dete posebne jedinice policije Prijedor, na dana\u0161njin dan te\u0161ko ranjen i dva dana kasnije podlegao.<\/p>\n<p>\u201eOperisan je prvo u Petrovcu, pa transportovan na na\u010din kako je to tad valjda bilo jedino moguc\u0301e, automobilom. Nije bilo moguc\u0301e u tom trenutku, mo\u017eda, da se anga\u017euje helikopter\u201c, sjec\u0301a se \u017deljko.<\/p>\n<p>On je danas novinarima u Prijedoru rekao da su poslije 30 godina osjec\u0301anja pomije\u0161ana.<\/p>\n<p><a href=\"https:\/\/www.prijedordanas.com\/wp-content\/uploads\/2024\/02\/30godisnjica-stradanja-prijedorskih-policajaca-12.jpg\"><img loading=\"lazy\" decoding=\"async\" class=\"alignleft size-medium wp-image-219605\" src=\"https:\/\/www.prijedordanas.com\/wp-content\/uploads\/2024\/02\/30godisnjica-stradanja-prijedorskih-policajaca-12-300x225.jpg\" alt=\"\" width=\"300\" height=\"225\" srcset=\"https:\/\/www.prijedordanas.com\/wp-content\/uploads\/2024\/02\/30godisnjica-stradanja-prijedorskih-policajaca-12-300x225.jpg 300w, https:\/\/www.prijedordanas.com\/wp-content\/uploads\/2024\/02\/30godisnjica-stradanja-prijedorskih-policajaca-12-640x480.jpg 640w, https:\/\/www.prijedordanas.com\/wp-content\/uploads\/2024\/02\/30godisnjica-stradanja-prijedorskih-policajaca-12.jpg 667w\" sizes=\"(max-width: 300px) 100vw, 300px\" \/><\/a>\u201eSva ona ru\u017ena osjec\u0301anja nec\u0301u rec\u0301i da blijede, ali poprimaju neku sasvim drugu dimenziju. Tad je jedino \u0161to smo osjec\u0301ali bila velika tuga, zbog njegove li\u010dne tragedije i gubitka svih tih ljudi koji su nastradili s njim, a danas, nekako, osim tuge i te gor\u010dine, postoji odre\u0111ena doza, sigurno, ponosa. Danas ja bar \u017eelim rec\u0301i i mogu rec\u0301i da su to za mene pravi, istinski heroji\u201c, dodao je \u0160ormaz.<\/p>\n<p>Gradona\u010delanik Prijedora Slobodan Javor rekao je da su ovi ljudi heroji tog vremena, heroji dana\u0161njeg vremena i heroji buduc\u0301eg vremena.<\/p>\n<p>\u201eZahvaljujuc\u0301i njima, mi danas imamo slobodu i imamo Republiku Srpsku. To su bili istinski policajci, istinski borci i ljudi koji su \u017eeli samo jedno, a to je da o\u010duvaju svoju domovinu. Na\u0161a obaveza, obaveza mladih ljudi je da se prisjec\u0301amo svih njih, da im odamo po\u010dast i da istinu o tom vremenu prenosimo na buduc\u0301e generacije\u201c, istakao je Javor.<\/p>\n<p><a href=\"https:\/\/www.prijedordanas.com\/wp-content\/uploads\/2024\/02\/30godisnjica-stradanja-prijedorskih-policajaca-2.jpg\"><img loading=\"lazy\" decoding=\"async\" class=\"alignleft size-medium wp-image-219606\" src=\"https:\/\/www.prijedordanas.com\/wp-content\/uploads\/2024\/02\/30godisnjica-stradanja-prijedorskih-policajaca-2-300x225.jpg\" alt=\"\" width=\"300\" height=\"225\" srcset=\"https:\/\/www.prijedordanas.com\/wp-content\/uploads\/2024\/02\/30godisnjica-stradanja-prijedorskih-policajaca-2-300x225.jpg 300w, https:\/\/www.prijedordanas.com\/wp-content\/uploads\/2024\/02\/30godisnjica-stradanja-prijedorskih-policajaca-2-640x480.jpg 640w, https:\/\/www.prijedordanas.com\/wp-content\/uploads\/2024\/02\/30godisnjica-stradanja-prijedorskih-policajaca-2.jpg 667w\" sizes=\"(max-width: 300px) 100vw, 300px\" \/><\/a>Predsjednik Mjesne bora\u010dke organizacije prijedorske policije Mladen Gavranovic\u0301 rekao je da se i na ovaj na\u010din odr\u017eava kultura sjec\u0301anja na poginule saborce.<\/p>\n<p>\u201eImao sam tad 23 godine. To je bila moja prva godina u slu\u017ebi, kao aktivni policijski slu\u017ebenik. Vrijeme napada otprilike je bilo ba\u0161 u ovo vrijeme, kada smo shvatili da smo u nekoj te\u0161koj situaciji, da smo se po\u010deli povla\u010diti. Pojedini su ranjeni, ja sam tad ranjen, ali uspio sam da iza\u0111em do na\u0161e linije i da se spasim. Vec\u0301ina nas je uspjela da se izvu\u010de, da iza\u0111e na na\u0161e linije. Na\u017ealost, osam pripadnika je poginulo i petorica su ranjena, tako da skupo je ko\u0161tao nas taj dan\u201c, naveo je Gavranovic\u0301.<\/p>\n<p>Gavranovic\u0301u i komandiru \u0160ormazu, posthumno, danas su dodijeljene policijske zna\u010dke. U ime porodice \u0160ormaz, priznanje je primio Milenkov najstariji unuk, \u017deljkov sin Aleksandar.<\/p>\n<p>Zahvalnice Mjesne bora\u010dke organizacije prijedorske policije dodijeljene su Milanu \u0110uric\u0301u i Mili Mar\u010detic\u0301u koji su tako\u0111e na dana\u0161nji dan ranjeni.<\/p>\n<p><a href=\"https:\/\/www.prijedordanas.com\/wp-content\/uploads\/2024\/02\/30godisnjica-stradanja-prijedorskih-policajaca-3.jpg\"><img loading=\"lazy\" decoding=\"async\" class=\"alignleft size-medium wp-image-219607\" src=\"https:\/\/www.prijedordanas.com\/wp-content\/uploads\/2024\/02\/30godisnjica-stradanja-prijedorskih-policajaca-3-300x200.jpg\" alt=\"\" width=\"300\" height=\"200\" srcset=\"https:\/\/www.prijedordanas.com\/wp-content\/uploads\/2024\/02\/30godisnjica-stradanja-prijedorskih-policajaca-3-300x200.jpg 300w, https:\/\/www.prijedordanas.com\/wp-content\/uploads\/2024\/02\/30godisnjica-stradanja-prijedorskih-policajaca-3-480x320.jpg 480w, https:\/\/www.prijedordanas.com\/wp-content\/uploads\/2024\/02\/30godisnjica-stradanja-prijedorskih-policajaca-3.jpg 600w\" sizes=\"(max-width: 300px) 100vw, 300px\" \/><\/a>Vijence i cvijec\u0301e polo\u017eile su porodice policajaca poginulih na dana\u0161nji dan, predstavnici Mjesne bora\u010dke organizacije Ministarstva unutra\u0161njih poslova, Bora\u010dke organizacije grada Prijedora, Ministarstva rada i bora\u010dko-invalidske za\u0161tite Republike Srpske, grada Prijedora, Policijske uprave \/PU\/ Prijedor, Trec\u0301eg \/Republika Srpska\/ pje\u0161adijskog puka Oru\u017eanih snaga BiH, Organizacije porodica zarobljenih i poginulih boraca i nestalih civila grada Prijedora, Sindikalne organizacije PU Prijedor i Sedmog odreda Specijalne brigade policije.<\/p>\n<p>U Crkvi svetog proroka Ilije na Urijama slu\u017een je parastos, a porodice, saborci, prijatelji i po\u0161tovaoci posjetili su groblja Pa\u0161inac, Garevci i Brezi\u010dani gdje su sahranjeni borci poginuli na dana\u0161nji dan.<\/p>\n<p>Na bihac\u0301kom rati\u0161tu 8. februara 1994. poginuli su komandir \u010dete Milenko \u0160ormaz \/43\/, pripadnici drugog voda Miroslav Para\u0161 \/33\/, Predrag Kalinic\u0301 \/30\/, \u017deljko Bulic\u0301 \/25\/, Dragoslav Plav\u0161ic\u0301 \/25\/, Mi\u0161el Nikic\u0301 \/23\/ i Dra\u0161ko Tramo\u0161ljanin \/22\/, te pripadnik prvog voda Darko Prlina \/22\/.<\/p>\n<p>Ranjeni su pripadnici prvog voda Mile Mar\u010detic\u0301, Milan \u0110uric\u0301 i Milosav Sabljic\u0301 i pripadnik drugog voda Mladen Gavranovic\u0301.<\/p>\n<p>Ranjen i zarobljen je pripadnik drugog voda Vojislav Kondic\u0301.<\/p>\n<p>Obilje\u017eavanje ovog datuma svake godine organizuje Mjesna bora\u010dka organizacija prijedorske policije.<\/p>\n<p>SRNA<\/p>\n<p><iframe loading=\"lazy\" title=\"OBILJE\u017dENO 30 GODINA OD STRADANJA SRPSKIH POLICAJACA NA BIHAC\u0301KOM RATI\u0160TU\" width=\"500\" height=\"281\" src=\"https:\/\/www.youtube.com\/embed\/FPdMBW74mBA?feature=oembed\" frameborder=\"0\" allow=\"accelerometer; autoplay; clipboard-write; encrypted-media; gyroscope; picture-in-picture; web-share\" allowfullscreen><\/iframe><\/p>\n<p><iframe loading=\"lazy\" title=\"Mjesna boracka organizacija SJB Prijedor-8. februar Dan sjecanja na poginule prijedorske policajce\" width=\"500\" height=\"281\" src=\"https:\/\/www.youtube.com\/embed\/3S9vH9qGYh8?feature=oembed\" frameborder=\"0\" allow=\"accelerometer; autoplay; clipboard-write; encrypted-media; gyroscope; picture-in-picture; web-share\" allowfullscreen><\/iframe><\/p>\n<p><a href=\"https:\/\/www.prijedordanas.com\/wp-content\/uploads\/2024\/02\/30godisnjica-stradanja-prijedorskih-policajaca-4.jpg\"><img loading=\"lazy\" decoding=\"async\" class=\"alignleft size-medium wp-image-219608\" src=\"https:\/\/www.prijedordanas.com\/wp-content\/uploads\/2024\/02\/30godisnjica-stradanja-prijedorskih-policajaca-4-300x200.jpg\" alt=\"\" width=\"300\" height=\"200\" srcset=\"https:\/\/www.prijedordanas.com\/wp-content\/uploads\/2024\/02\/30godisnjica-stradanja-prijedorskih-policajaca-4-300x200.jpg 300w, https:\/\/www.prijedordanas.com\/wp-content\/uploads\/2024\/02\/30godisnjica-stradanja-prijedorskih-policajaca-4-480x320.jpg 480w, https:\/\/www.prijedordanas.com\/wp-content\/uploads\/2024\/02\/30godisnjica-stradanja-prijedorskih-policajaca-4.jpg 600w\" sizes=\"(max-width: 300px) 100vw, 300px\" \/><\/a> <a href=\"https:\/\/www.prijedordanas.com\/wp-content\/uploads\/2024\/02\/30godisnjica-stradanja-prijedorskih-policajaca-5.jpg\"><img loading=\"lazy\" decoding=\"async\" class=\"alignleft size-medium wp-image-219609\" src=\"https:\/\/www.prijedordanas.com\/wp-content\/uploads\/2024\/02\/30godisnjica-stradanja-prijedorskih-policajaca-5-300x200.jpg\" alt=\"\" width=\"300\" height=\"200\" srcset=\"https:\/\/www.prijedordanas.com\/wp-content\/uploads\/2024\/02\/30godisnjica-stradanja-prijedorskih-policajaca-5-300x200.jpg 300w, https:\/\/www.prijedordanas.com\/wp-content\/uploads\/2024\/02\/30godisnjica-stradanja-prijedorskih-policajaca-5-480x320.jpg 480w, https:\/\/www.prijedordanas.com\/wp-content\/uploads\/2024\/02\/30godisnjica-stradanja-prijedorskih-policajaca-5.jpg 600w\" sizes=\"(max-width: 300px) 100vw, 300px\" \/><\/a> <a href=\"https:\/\/www.prijedordanas.com\/wp-content\/uploads\/2024\/02\/30godisnjica-stradanja-prijedorskih-policajaca-6.jpg\"><img loading=\"lazy\" decoding=\"async\" class=\"alignleft size-medium wp-image-219610\" src=\"https:\/\/www.prijedordanas.com\/wp-content\/uploads\/2024\/02\/30godisnjica-stradanja-prijedorskih-policajaca-6-300x200.jpg\" alt=\"\" width=\"300\" height=\"200\" srcset=\"https:\/\/www.prijedordanas.com\/wp-content\/uploads\/2024\/02\/30godisnjica-stradanja-prijedorskih-policajaca-6-300x200.jpg 300w, https:\/\/www.prijedordanas.com\/wp-content\/uploads\/2024\/02\/30godisnjica-stradanja-prijedorskih-policajaca-6-480x320.jpg 480w, https:\/\/www.prijedordanas.com\/wp-content\/uploads\/2024\/02\/30godisnjica-stradanja-prijedorskih-policajaca-6.jpg 600w\" sizes=\"(max-width: 300px) 100vw, 300px\" \/><\/a> <a href=\"https:\/\/www.prijedordanas.com\/wp-content\/uploads\/2024\/02\/30godisnjica-stradanja-prijedorskih-policajaca-7.jpg\"><img loading=\"lazy\" decoding=\"async\" class=\"alignleft size-medium wp-image-219611\" src=\"https:\/\/www.prijedordanas.com\/wp-content\/uploads\/2024\/02\/30godisnjica-stradanja-prijedorskih-policajaca-7-300x200.jpg\" alt=\"\" width=\"300\" height=\"200\" srcset=\"https:\/\/www.prijedordanas.com\/wp-content\/uploads\/2024\/02\/30godisnjica-stradanja-prijedorskih-policajaca-7-300x200.jpg 300w, https:\/\/www.prijedordanas.com\/wp-content\/uploads\/2024\/02\/30godisnjica-stradanja-prijedorskih-policajaca-7-480x320.jpg 480w, https:\/\/www.prijedordanas.com\/wp-content\/uploads\/2024\/02\/30godisnjica-stradanja-prijedorskih-policajaca-7.jpg 600w\" sizes=\"(max-width: 300px) 100vw, 300px\" \/><\/a> <a href=\"https:\/\/www.prijedordanas.com\/wp-content\/uploads\/2024\/02\/30godisnjica-stradanja-prijedorskih-policajaca-8.jpg\"><img loading=\"lazy\" decoding=\"async\" class=\"alignleft size-medium wp-image-219612\" src=\"https:\/\/www.prijedordanas.com\/wp-content\/uploads\/2024\/02\/30godisnjica-stradanja-prijedorskih-policajaca-8-300x200.jpg\" alt=\"\" width=\"300\" height=\"200\" srcset=\"https:\/\/www.prijedordanas.com\/wp-content\/uploads\/2024\/02\/30godisnjica-stradanja-prijedorskih-policajaca-8-300x200.jpg 300w, https:\/\/www.prijedordanas.com\/wp-content\/uploads\/2024\/02\/30godisnjica-stradanja-prijedorskih-policajaca-8-480x320.jpg 480w, https:\/\/www.prijedordanas.com\/wp-content\/uploads\/2024\/02\/30godisnjica-stradanja-prijedorskih-policajaca-8.jpg 600w\" sizes=\"(max-width: 300px) 100vw, 300px\" \/><\/a> <a href=\"https:\/\/www.prijedordanas.com\/wp-content\/uploads\/2024\/02\/30godisnjica-stradanja-prijedorskih-policajaca-9.jpg\"><img loading=\"lazy\" decoding=\"async\" class=\"alignleft size-medium wp-image-219613\" src=\"https:\/\/www.prijedordanas.com\/wp-content\/uploads\/2024\/02\/30godisnjica-stradanja-prijedorskih-policajaca-9-300x200.jpg\" alt=\"\" width=\"300\" height=\"200\" srcset=\"https:\/\/www.prijedordanas.com\/wp-content\/uploads\/2024\/02\/30godisnjica-stradanja-prijedorskih-policajaca-9-300x200.jpg 300w, https:\/\/www.prijedordanas.com\/wp-content\/uploads\/2024\/02\/30godisnjica-stradanja-prijedorskih-policajaca-9-480x320.jpg 480w, https:\/\/www.prijedordanas.com\/wp-content\/uploads\/2024\/02\/30godisnjica-stradanja-prijedorskih-policajaca-9.jpg 600w\" sizes=\"(max-width: 300px) 100vw, 300px\" \/><\/a> <a href=\"https:\/\/www.prijedordanas.com\/wp-content\/uploads\/2024\/02\/30godisnjica-stradanja-prijedorskih-policajaca-10.jpg\"><img loading=\"lazy\" decoding=\"async\" class=\"alignleft size-medium wp-image-219614\" src=\"https:\/\/www.prijedordanas.com\/wp-content\/uploads\/2024\/02\/30godisnjica-stradanja-prijedorskih-policajaca-10-300x200.jpg\" alt=\"\" width=\"300\" height=\"200\" srcset=\"https:\/\/www.prijedordanas.com\/wp-content\/uploads\/2024\/02\/30godisnjica-stradanja-prijedorskih-policajaca-10-300x200.jpg 300w, https:\/\/www.prijedordanas.com\/wp-content\/uploads\/2024\/02\/30godisnjica-stradanja-prijedorskih-policajaca-10-480x320.jpg 480w, https:\/\/www.prijedordanas.com\/wp-content\/uploads\/2024\/02\/30godisnjica-stradanja-prijedorskih-policajaca-10.jpg 600w\" sizes=\"(max-width: 300px) 100vw, 300px\" \/><\/a><a href=\"https:\/\/www.prijedordanas.com\/wp-content\/uploads\/2024\/02\/30godisnjica-stradanja-prijedorskih-policajaca-11.jpg\"><img loading=\"lazy\" decoding=\"async\" class=\"alignleft size-medium wp-image-219615\" src=\"https:\/\/www.prijedordanas.com\/wp-content\/uploads\/2024\/02\/30godisnjica-stradanja-prijedorskih-policajaca-11-300x200.jpg\" alt=\"\" width=\"300\" height=\"200\" srcset=\"https:\/\/www.prijedordanas.com\/wp-content\/uploads\/2024\/02\/30godisnjica-stradanja-prijedorskih-policajaca-11-300x200.jpg 300w, https:\/\/www.prijedordanas.com\/wp-content\/uploads\/2024\/02\/30godisnjica-stradanja-prijedorskih-policajaca-11-480x320.jpg 480w, https:\/\/www.prijedordanas.com\/wp-content\/uploads\/2024\/02\/30godisnjica-stradanja-prijedorskih-policajaca-11.jpg 600w\" sizes=\"(max-width: 300px) 100vw, 300px\" \/><\/a><\/p>\n","protected":false},"excerpt":{"rendered":"<p>Polaganjem vijenaca i prislu\u017eenjem svijec\u0301a kod spomen plo\u010de u zgradi policije na Urijama u Prijedoru je danas obilje\u017eeno 30 godina od pogibije osmorice i ranjavanja petorice prijedorskih policajaca na bihac\u0301kom [&hellip;]<\/p>\n","protected":false},"author":1,"featured_media":0,"comment_status":"closed","ping_status":"open","sticky":false,"template":"","format":"standard","meta":{"_monsterinsights_skip_tracking":false,"_monsterinsights_sitenote_active":false,"_monsterinsights_sitenote_note":"","_monsterinsights_sitenote_category":0,"footnotes":""},"categories":[4],"tags":[],"yoast_head":"<!-- This site is optimized with the Yoast SEO plugin v21.6 - https:\/\/yoast.com\/wordpress\/plugins\/seo\/ -->\n<title>Prijedor: Obilje\u017eeno 30 godina od pogibije policajaca na biha\u0107kom rati\u0161tu - FOTO\/VIDEO - PrijedorDanas.com - Prijedorski gradski portal<\/title>\n<meta name=\"robots\" content=\"index, follow, max-snippet:-1, max-image-preview:large, max-video-preview:-1\" \/>\n<link rel=\"canonical\" href=\"https:\/\/www.prijedordanas.com\/?p=219600\" \/>\n<meta property=\"og:locale\" content=\"en_US\" \/>\n<meta property=\"og:type\" content=\"article\" \/>\n<meta property=\"og:title\" content=\"Prijedor: Obilje\u017eeno 30 godina od pogibije policajaca na biha\u0107kom rati\u0161tu - FOTO\/VIDEO - PrijedorDanas.com - Prijedorski gradski portal\" \/>\n<meta property=\"og:description\" content=\"Polaganjem vijenaca i prislu\u017eenjem svijec\u0301a kod spomen plo\u010de u zgradi policije na Urijama u Prijedoru je danas obilje\u017eeno 30 godina od pogibije osmorice i ranjavanja petorice prijedorskih policajaca na bihac\u0301kom [&hellip;]\" \/>\n<meta property=\"og:url\" content=\"https:\/\/www.prijedordanas.com\/?p=219600\" \/>\n<meta property=\"og:site_name\" content=\"PrijedorDanas.com - Prijedorski gradski portal\" \/>\n<meta property=\"article:publisher\" content=\"https:\/\/www.facebook.com\/PrijedorDanasCom\/\" \/>\n<meta property=\"article:published_time\" content=\"2024-02-08T09:49:46+00:00\" \/>\n<meta property=\"article:modified_time\" content=\"2024-02-10T08:40:49+00:00\" \/>\n<meta property=\"og:image\" content=\"https:\/\/www.prijedordanas.com\/wp-content\/uploads\/2024\/02\/30godisnjica-stradanja-prijedorskih-policajaca-1-300x225.jpg\" \/>\n<meta name=\"author\" content=\"admin\" \/>\n<meta name=\"twitter:card\" content=\"summary_large_image\" \/>\n<meta name=\"twitter:label1\" content=\"Written by\" \/>\n\t<meta name=\"twitter:data1\" content=\"admin\" \/>\n\t<meta name=\"twitter:label2\" content=\"Est. reading time\" \/>\n\t<meta name=\"twitter:data2\" content=\"5 minutes\" \/>\n<script type=\"application\/ld+json\" class=\"yoast-schema-graph\">{\"@context\":\"https:\/\/schema.org\",\"@graph\":[{\"@type\":\"Article\",\"@id\":\"https:\/\/www.prijedordanas.com\/?p=219600#article\",\"isPartOf\":{\"@id\":\"https:\/\/www.prijedordanas.com\/?p=219600\"},\"author\":{\"name\":\"admin\",\"@id\":\"https:\/\/www.prijedordanas.com\/#\/schema\/person\/4e08ccf29b506ca916ff86d46bb700e6\"},\"headline\":\"Prijedor: Obilje\u017eeno 30 godina od pogibije policajaca na biha\u0107kom rati\u0161tu &#8211; FOTO\/VIDEO\",\"datePublished\":\"2024-02-08T09:49:46+00:00\",\"dateModified\":\"2024-02-10T08:40:49+00:00\",\"mainEntityOfPage\":{\"@id\":\"https:\/\/www.prijedordanas.com\/?p=219600\"},\"wordCount\":690,\"publisher\":{\"@id\":\"https:\/\/www.prijedordanas.com\/#organization\"},\"articleSection\":[\"Dru\u0161tvo\"],\"inLanguage\":\"en-US\"},{\"@type\":\"WebPage\",\"@id\":\"https:\/\/www.prijedordanas.com\/?p=219600\",\"url\":\"https:\/\/www.prijedordanas.com\/?p=219600\",\"name\":\"Prijedor: Obilje\u017eeno 30 godina od pogibije policajaca na biha\u0107kom rati\u0161tu - FOTO\/VIDEO - PrijedorDanas.com - Prijedorski gradski portal\",\"isPartOf\":{\"@id\":\"https:\/\/www.prijedordanas.com\/#website\"},\"datePublished\":\"2024-02-08T09:49:46+00:00\",\"dateModified\":\"2024-02-10T08:40:49+00:00\",\"breadcrumb\":{\"@id\":\"https:\/\/www.prijedordanas.com\/?p=219600#breadcrumb\"},\"inLanguage\":\"en-US\",\"potentialAction\":[{\"@type\":\"ReadAction\",\"target\":[\"https:\/\/www.prijedordanas.com\/?p=219600\"]}]},{\"@type\":\"BreadcrumbList\",\"@id\":\"https:\/\/www.prijedordanas.com\/?p=219600#breadcrumb\",\"itemListElement\":[{\"@type\":\"ListItem\",\"position\":1,\"name\":\"Home\",\"item\":\"https:\/\/www.prijedordanas.com\/\"},{\"@type\":\"ListItem\",\"position\":2,\"name\":\"Prijedor: Obilje\u017eeno 30 godina od pogibije policajaca na biha\u0107kom rati\u0161tu &#8211; FOTO\/VIDEO\"}]},{\"@type\":\"WebSite\",\"@id\":\"https:\/\/www.prijedordanas.com\/#website\",\"url\":\"https:\/\/www.prijedordanas.com\/\",\"name\":\"PrijedorDanas.com - Prijedorski gradski portal\",\"description\":\"Portal o doga\u0111anjima u gradu Prijedoru\",\"publisher\":{\"@id\":\"https:\/\/www.prijedordanas.com\/#organization\"},\"potentialAction\":[{\"@type\":\"SearchAction\",\"target\":{\"@type\":\"EntryPoint\",\"urlTemplate\":\"https:\/\/www.prijedordanas.com\/?s={search_term_string}\"},\"query-input\":\"required name=search_term_string\"}],\"inLanguage\":\"en-US\"},{\"@type\":\"Organization\",\"@id\":\"https:\/\/www.prijedordanas.com\/#organization\",\"name\":\"PrijedorDanas.com\",\"url\":\"https:\/\/www.prijedordanas.com\/\",\"logo\":{\"@type\":\"ImageObject\",\"inLanguage\":\"en-US\",\"@id\":\"https:\/\/www.prijedordanas.com\/#\/schema\/logo\/image\/\",\"url\":\"http:\/\/www.prijedordanas.com\/wp-content\/uploads\/2021\/12\/logopng.png\",\"contentUrl\":\"http:\/\/www.prijedordanas.com\/wp-content\/uploads\/2021\/12\/logopng.png\",\"width\":1019,\"height\":776,\"caption\":\"PrijedorDanas.com\"},\"image\":{\"@id\":\"https:\/\/www.prijedordanas.com\/#\/schema\/logo\/image\/\"},\"sameAs\":[\"https:\/\/www.facebook.com\/PrijedorDanasCom\/\"]},{\"@type\":\"Person\",\"@id\":\"https:\/\/www.prijedordanas.com\/#\/schema\/person\/4e08ccf29b506ca916ff86d46bb700e6\",\"name\":\"admin\",\"image\":{\"@type\":\"ImageObject\",\"inLanguage\":\"en-US\",\"@id\":\"https:\/\/www.prijedordanas.com\/#\/schema\/person\/image\/\",\"url\":\"https:\/\/secure.gravatar.com\/avatar\/1d3fc949d550f0b53a5f0d51e06dfd79?s=96&d=mm&r=g\",\"contentUrl\":\"https:\/\/secure.gravatar.com\/avatar\/1d3fc949d550f0b53a5f0d51e06dfd79?s=96&d=mm&r=g\",\"caption\":\"admin\"},\"url\":\"https:\/\/www.prijedordanas.com\/?author=1\"}]}<\/script>\n<!-- \/ Yoast SEO plugin. -->","yoast_head_json":{"title":"Prijedor: Obilje\u017eeno 30 godina od pogibije policajaca na biha\u0107kom rati\u0161tu - FOTO\/VIDEO - PrijedorDanas.com - Prijedorski gradski portal","robots":{"index":"index","follow":"follow","max-snippet":"max-snippet:-1","max-image-preview":"max-image-preview:large","max-video-preview":"max-video-preview:-1"},"canonical":"https:\/\/www.prijedordanas.com\/?p=219600","og_locale":"en_US","og_type":"article","og_title":"Prijedor: Obilje\u017eeno 30 godina od pogibije policajaca na biha\u0107kom rati\u0161tu - FOTO\/VIDEO - PrijedorDanas.com - Prijedorski gradski portal","og_description":"Polaganjem vijenaca i prislu\u017eenjem svijec\u0301a kod spomen plo\u010de u zgradi policije na Urijama u Prijedoru je danas obilje\u017eeno 30 godina od pogibije osmorice i ranjavanja petorice prijedorskih policajaca na bihac\u0301kom [&hellip;]","og_url":"https:\/\/www.prijedordanas.com\/?p=219600","og_site_name":"PrijedorDanas.com - Prijedorski gradski portal","article_publisher":"https:\/\/www.facebook.com\/PrijedorDanasCom\/","article_published_time":"2024-02-08T09:49:46+00:00","article_modified_time":"2024-02-10T08:40:49+00:00","og_image":[{"url":"https:\/\/www.prijedordanas.com\/wp-content\/uploads\/2024\/02\/30godisnjica-stradanja-prijedorskih-policajaca-1-300x225.jpg"}],"author":"admin","twitter_card":"summary_large_image","twitter_misc":{"Written by":"admin","Est. reading time":"5 minutes"},"schema":{"@context":"https:\/\/schema.org","@graph":[{"@type":"Article","@id":"https:\/\/www.prijedordanas.com\/?p=219600#article","isPartOf":{"@id":"https:\/\/www.prijedordanas.com\/?p=219600"},"author":{"name":"admin","@id":"https:\/\/www.prijedordanas.com\/#\/schema\/person\/4e08ccf29b506ca916ff86d46bb700e6"},"headline":"Prijedor: Obilje\u017eeno 30 godina od pogibije policajaca na biha\u0107kom rati\u0161tu &#8211; FOTO\/VIDEO","datePublished":"2024-02-08T09:49:46+00:00","dateModified":"2024-02-10T08:40:49+00:00","mainEntityOfPage":{"@id":"https:\/\/www.prijedordanas.com\/?p=219600"},"wordCount":690,"publisher":{"@id":"https:\/\/www.prijedordanas.com\/#organization"},"articleSection":["Dru\u0161tvo"],"inLanguage":"en-US"},{"@type":"WebPage","@id":"https:\/\/www.prijedordanas.com\/?p=219600","url":"https:\/\/www.prijedordanas.com\/?p=219600","name":"Prijedor: Obilje\u017eeno 30 godina od pogibije policajaca na biha\u0107kom rati\u0161tu - FOTO\/VIDEO - PrijedorDanas.com - Prijedorski gradski portal","isPartOf":{"@id":"https:\/\/www.prijedordanas.com\/#website"},"datePublished":"2024-02-08T09:49:46+00:00","dateModified":"2024-02-10T08:40:49+00:00","breadcrumb":{"@id":"https:\/\/www.prijedordanas.com\/?p=219600#breadcrumb"},"inLanguage":"en-US","potentialAction":[{"@type":"ReadAction","target":["https:\/\/www.prijedordanas.com\/?p=219600"]}]},{"@type":"BreadcrumbList","@id":"https:\/\/www.prijedordanas.com\/?p=219600#breadcrumb","itemListElement":[{"@type":"ListItem","position":1,"name":"Home","item":"https:\/\/www.prijedordanas.com\/"},{"@type":"ListItem","position":2,"name":"Prijedor: Obilje\u017eeno 30 godina od pogibije policajaca na biha\u0107kom rati\u0161tu &#8211; FOTO\/VIDEO"}]},{"@type":"WebSite","@id":"https:\/\/www.prijedordanas.com\/#website","url":"https:\/\/www.prijedordanas.com\/","name":"PrijedorDanas.com - Prijedorski gradski portal","description":"Portal o doga\u0111anjima u gradu Prijedoru","publisher":{"@id":"https:\/\/www.prijedordanas.com\/#organization"},"potentialAction":[{"@type":"SearchAction","target":{"@type":"EntryPoint","urlTemplate":"https:\/\/www.prijedordanas.com\/?s={search_term_string}"},"query-input":"required name=search_term_string"}],"inLanguage":"en-US"},{"@type":"Organization","@id":"https:\/\/www.prijedordanas.com\/#organization","name":"PrijedorDanas.com","url":"https:\/\/www.prijedordanas.com\/","logo":{"@type":"ImageObject","inLanguage":"en-US","@id":"https:\/\/www.prijedordanas.com\/#\/schema\/logo\/image\/","url":"http:\/\/www.prijedordanas.com\/wp-content\/uploads\/2021\/12\/logopng.png","contentUrl":"http:\/\/www.prijedordanas.com\/wp-content\/uploads\/2021\/12\/logopng.png","width":1019,"height":776,"caption":"PrijedorDanas.com"},"image":{"@id":"https:\/\/www.prijedordanas.com\/#\/schema\/logo\/image\/"},"sameAs":["https:\/\/www.facebook.com\/PrijedorDanasCom\/"]},{"@type":"Person","@id":"https:\/\/www.prijedordanas.com\/#\/schema\/person\/4e08ccf29b506ca916ff86d46bb700e6","name":"admin","image":{"@type":"ImageObject","inLanguage":"en-US","@id":"https:\/\/www.prijedordanas.com\/#\/schema\/person\/image\/","url":"https:\/\/secure.gravatar.com\/avatar\/1d3fc949d550f0b53a5f0d51e06dfd79?s=96&d=mm&r=g","contentUrl":"https:\/\/secure.gravatar.com\/avatar\/1d3fc949d550f0b53a5f0d51e06dfd79?s=96&d=mm&r=g","caption":"admin"},"url":"https:\/\/www.prijedordanas.com\/?author=1"}]}},"_links":{"self":[{"href":"https:\/\/www.prijedordanas.com\/index.php?rest_route=\/wp\/v2\/posts\/219600"}],"collection":[{"href":"https:\/\/www.prijedordanas.com\/index.php?rest_route=\/wp\/v2\/posts"}],"about":[{"href":"https:\/\/www.prijedordanas.com\/index.php?rest_route=\/wp\/v2\/types\/post"}],"author":[{"embeddable":true,"href":"https:\/\/www.prijedordanas.com\/index.php?rest_route=\/wp\/v2\/users\/1"}],"replies":[{"embeddable":true,"href":"https:\/\/www.prijedordanas.com\/index.php?rest_route=%2Fwp%2Fv2%2Fcomments&post=219600"}],"version-history":[{"count":5,"href":"https:\/\/www.prijedordanas.com\/index.php?rest_route=\/wp\/v2\/posts\/219600\/revisions"}],"predecessor-version":[{"id":219679,"href":"https:\/\/www.prijedordanas.com\/index.php?rest_route=\/wp\/v2\/posts\/219600\/revisions\/219679"}],"wp:attachment":[{"href":"https:\/\/www.prijedordanas.com\/index.php?rest_route=%2Fwp%2Fv2%2Fmedia&parent=219600"}],"wp:term":[{"taxonomy":"category","embeddable":true,"href":"https:\/\/www.prijedordanas.com\/index.php?rest_route=%2Fwp%2Fv2%2Fcategories&post=219600"},{"taxonomy":"post_tag","embeddable":true,"href":"https:\/\/www.prijedordanas.com\/index.php?rest_route=%2Fwp%2Fv2%2Ftags&post=219600"}],"curies":[{"name":"wp","href":"https:\/\/api.w.org\/{rel}","templated":true}]}}