{"id":219515,"date":"2024-02-07T15:37:38","date_gmt":"2024-02-07T14:37:38","guid":{"rendered":"https:\/\/www.prijedordanas.com\/?p=219515"},"modified":"2024-02-07T15:37:38","modified_gmt":"2024-02-07T14:37:38","slug":"vanja-vukovic-iz-prijedora-uhapsen-zbog-prijetnji-svjedoku-u-predmetu-ubistva-radenka-basica","status":"publish","type":"post","link":"https:\/\/www.prijedordanas.com\/?p=219515","title":{"rendered":"Vanja Vukovi\u0107 iz Prijedora uhap\u0161en zbog prijetnji svjedoku u predmetu ubistva Radenka Ba\u0161i\u0107a"},"content":{"rendered":"<p><a href=\"https:\/\/www.prijedordanas.com\/wp-content\/uploads\/2020\/09\/ilustracija-policija-hapsenje-2.jpg\"><img loading=\"lazy\" decoding=\"async\" src=\"https:\/\/www.prijedordanas.com\/wp-content\/uploads\/2020\/09\/ilustracija-policija-hapsenje-2-300x225.jpg\" alt=\"\" width=\"300\" height=\"225\" class=\"alignleft size-medium wp-image-153291\" srcset=\"https:\/\/www.prijedordanas.com\/wp-content\/uploads\/2020\/09\/ilustracija-policija-hapsenje-2-300x225.jpg 300w, https:\/\/www.prijedordanas.com\/wp-content\/uploads\/2020\/09\/ilustracija-policija-hapsenje-2-640x480.jpg 640w, https:\/\/www.prijedordanas.com\/wp-content\/uploads\/2020\/09\/ilustracija-policija-hapsenje-2.jpg 667w\" sizes=\"(max-width: 300px) 100vw, 300px\" \/><\/a>Vanja Vukovi\u0107 iz Prijedora uhap\u0161en je zbog sumnje da je prijetio svjedoku tu\u017eila\u0161tva u predmetu ubistva na\u010delnika Sektora kriminalisti\u010dke policije PU Prijedor Radenka Ba\u0161i\u0107a, saznaje ATV.<\/p>\n<p>U MUP-u Republike Srpske navode da je osumnji\u010deni uhap\u0161en zbog sumnje da je po\u010dinio krivi\u010dno djelo ometanje rada pravosu\u0111a.<\/p>\n<p>\u201dPolicijski slu\u017ebenici Uprave za organizovani i te\u0161ki kriminalitet MUP-a Republike Srpske, pod nadzrorom Tu\u017eila\u0161tva BiH, uhapsili su V.V. iz Prijedora zbog postojanja osnova sumnje da je po\u010dinio krivi\u010dno djelo ometanje rada pravosu\u0111a. Radi se o djelu koje se odnosi na nastavak aktivnosti u okviru postupka koji se vodi pred Sudom BiH u predmetu te\u0161kog ubistva Radenka Ba\u0161i\u0107a\u201d, navode u MUP Srpske.<\/p>\n<p>Dodaju da \u0107e osumnji\u010deni nakon kriminalisti\u010dke obrade biti predat u nadle\u017enost Tu\u017eila\u0161tva BiH na dalje postupanje.<\/p>\n<p>Vanja Vukovi\u0107 va\u017ei za bliskog saradnika Dalibora Raili\u0107a zvanog Dugi, koji je optu\u017een kao nalogodavac Ba\u0161i\u0107evog ubistva. Prema nezvani\u010dnim saznanjima prijetnje je upu\u0107ivao svjedoku koji je dao iskaz protiv Raili\u0107a, tra\u017ee\u0107i da izmijeni iskaz i da svjedo\u010di da je izjavu dao pod prisilom policije.<\/p>\n<p>atvbl.rs<\/p>\n","protected":false},"excerpt":{"rendered":"<p>Vanja Vukovi\u0107 iz Prijedora uhap\u0161en je zbog sumnje da je prijetio svjedoku tu\u017eila\u0161tva u predmetu ubistva na\u010delnika Sektora kriminalisti\u010dke policije PU Prijedor Radenka Ba\u0161i\u0107a, saznaje ATV. U MUP-u Republike Srpske [&hellip;]<\/p>\n","protected":false},"author":1,"featured_media":0,"comment_status":"closed","ping_status":"open","sticky":false,"template":"","format":"standard","meta":{"_monsterinsights_skip_tracking":false,"_monsterinsights_sitenote_active":false,"_monsterinsights_sitenote_note":"","_monsterinsights_sitenote_category":0,"footnotes":""},"categories":[5],"tags":[],"yoast_head":"<!-- This site is optimized with the Yoast SEO plugin v21.6 - https:\/\/yoast.com\/wordpress\/plugins\/seo\/ -->\n<title>Vanja Vukovi\u0107 iz Prijedora uhap\u0161en zbog prijetnji svjedoku u predmetu ubistva Radenka Ba\u0161i\u0107a - PrijedorDanas.com - Prijedorski gradski portal<\/title>\n<meta name=\"robots\" content=\"index, follow, max-snippet:-1, max-image-preview:large, max-video-preview:-1\" \/>\n<link rel=\"canonical\" href=\"https:\/\/www.prijedordanas.com\/?p=219515\" \/>\n<meta property=\"og:locale\" content=\"en_US\" \/>\n<meta property=\"og:type\" content=\"article\" \/>\n<meta property=\"og:title\" content=\"Vanja Vukovi\u0107 iz Prijedora uhap\u0161en zbog prijetnji svjedoku u predmetu ubistva Radenka Ba\u0161i\u0107a - PrijedorDanas.com - Prijedorski gradski portal\" \/>\n<meta property=\"og:description\" content=\"Vanja Vukovi\u0107 iz Prijedora uhap\u0161en je zbog sumnje da je prijetio svjedoku tu\u017eila\u0161tva u predmetu ubistva na\u010delnika Sektora kriminalisti\u010dke policije PU Prijedor Radenka Ba\u0161i\u0107a, saznaje ATV. U MUP-u Republike Srpske [&hellip;]\" \/>\n<meta property=\"og:url\" content=\"https:\/\/www.prijedordanas.com\/?p=219515\" \/>\n<meta property=\"og:site_name\" content=\"PrijedorDanas.com - Prijedorski gradski portal\" \/>\n<meta property=\"article:publisher\" content=\"https:\/\/www.facebook.com\/PrijedorDanasCom\/\" \/>\n<meta property=\"article:published_time\" content=\"2024-02-07T14:37:38+00:00\" \/>\n<meta property=\"og:image\" content=\"https:\/\/www.prijedordanas.com\/wp-content\/uploads\/2020\/09\/ilustracija-policija-hapsenje-2-300x225.jpg\" \/>\n<meta name=\"author\" content=\"admin\" \/>\n<meta name=\"twitter:card\" content=\"summary_large_image\" \/>\n<meta name=\"twitter:label1\" content=\"Written by\" \/>\n\t<meta name=\"twitter:data1\" content=\"admin\" \/>\n<script type=\"application\/ld+json\" class=\"yoast-schema-graph\">{\"@context\":\"https:\/\/schema.org\",\"@graph\":[{\"@type\":\"Article\",\"@id\":\"https:\/\/www.prijedordanas.com\/?p=219515#article\",\"isPartOf\":{\"@id\":\"https:\/\/www.prijedordanas.com\/?p=219515\"},\"author\":{\"name\":\"admin\",\"@id\":\"https:\/\/www.prijedordanas.com\/#\/schema\/person\/4e08ccf29b506ca916ff86d46bb700e6\"},\"headline\":\"Vanja Vukovi\u0107 iz Prijedora uhap\u0161en zbog prijetnji svjedoku u predmetu ubistva Radenka Ba\u0161i\u0107a\",\"datePublished\":\"2024-02-07T14:37:38+00:00\",\"dateModified\":\"2024-02-07T14:37:38+00:00\",\"mainEntityOfPage\":{\"@id\":\"https:\/\/www.prijedordanas.com\/?p=219515\"},\"wordCount\":223,\"publisher\":{\"@id\":\"https:\/\/www.prijedordanas.com\/#organization\"},\"articleSection\":[\"Hronika\"],\"inLanguage\":\"en-US\"},{\"@type\":\"WebPage\",\"@id\":\"https:\/\/www.prijedordanas.com\/?p=219515\",\"url\":\"https:\/\/www.prijedordanas.com\/?p=219515\",\"name\":\"Vanja Vukovi\u0107 iz Prijedora uhap\u0161en zbog prijetnji svjedoku u predmetu ubistva Radenka Ba\u0161i\u0107a - PrijedorDanas.com - Prijedorski gradski portal\",\"isPartOf\":{\"@id\":\"https:\/\/www.prijedordanas.com\/#website\"},\"datePublished\":\"2024-02-07T14:37:38+00:00\",\"dateModified\":\"2024-02-07T14:37:38+00:00\",\"breadcrumb\":{\"@id\":\"https:\/\/www.prijedordanas.com\/?p=219515#breadcrumb\"},\"inLanguage\":\"en-US\",\"potentialAction\":[{\"@type\":\"ReadAction\",\"target\":[\"https:\/\/www.prijedordanas.com\/?p=219515\"]}]},{\"@type\":\"BreadcrumbList\",\"@id\":\"https:\/\/www.prijedordanas.com\/?p=219515#breadcrumb\",\"itemListElement\":[{\"@type\":\"ListItem\",\"position\":1,\"name\":\"Home\",\"item\":\"https:\/\/www.prijedordanas.com\/\"},{\"@type\":\"ListItem\",\"position\":2,\"name\":\"Vanja Vukovi\u0107 iz Prijedora uhap\u0161en zbog prijetnji svjedoku u predmetu ubistva Radenka Ba\u0161i\u0107a\"}]},{\"@type\":\"WebSite\",\"@id\":\"https:\/\/www.prijedordanas.com\/#website\",\"url\":\"https:\/\/www.prijedordanas.com\/\",\"name\":\"PrijedorDanas.com - Prijedorski gradski portal\",\"description\":\"Portal o doga\u0111anjima u gradu Prijedoru\",\"publisher\":{\"@id\":\"https:\/\/www.prijedordanas.com\/#organization\"},\"potentialAction\":[{\"@type\":\"SearchAction\",\"target\":{\"@type\":\"EntryPoint\",\"urlTemplate\":\"https:\/\/www.prijedordanas.com\/?s={search_term_string}\"},\"query-input\":\"required name=search_term_string\"}],\"inLanguage\":\"en-US\"},{\"@type\":\"Organization\",\"@id\":\"https:\/\/www.prijedordanas.com\/#organization\",\"name\":\"PrijedorDanas.com\",\"url\":\"https:\/\/www.prijedordanas.com\/\",\"logo\":{\"@type\":\"ImageObject\",\"inLanguage\":\"en-US\",\"@id\":\"https:\/\/www.prijedordanas.com\/#\/schema\/logo\/image\/\",\"url\":\"http:\/\/www.prijedordanas.com\/wp-content\/uploads\/2021\/12\/logopng.png\",\"contentUrl\":\"http:\/\/www.prijedordanas.com\/wp-content\/uploads\/2021\/12\/logopng.png\",\"width\":1019,\"height\":776,\"caption\":\"PrijedorDanas.com\"},\"image\":{\"@id\":\"https:\/\/www.prijedordanas.com\/#\/schema\/logo\/image\/\"},\"sameAs\":[\"https:\/\/www.facebook.com\/PrijedorDanasCom\/\"]},{\"@type\":\"Person\",\"@id\":\"https:\/\/www.prijedordanas.com\/#\/schema\/person\/4e08ccf29b506ca916ff86d46bb700e6\",\"name\":\"admin\",\"image\":{\"@type\":\"ImageObject\",\"inLanguage\":\"en-US\",\"@id\":\"https:\/\/www.prijedordanas.com\/#\/schema\/person\/image\/\",\"url\":\"https:\/\/secure.gravatar.com\/avatar\/1d3fc949d550f0b53a5f0d51e06dfd79?s=96&d=mm&r=g\",\"contentUrl\":\"https:\/\/secure.gravatar.com\/avatar\/1d3fc949d550f0b53a5f0d51e06dfd79?s=96&d=mm&r=g\",\"caption\":\"admin\"},\"url\":\"https:\/\/www.prijedordanas.com\/?author=1\"}]}<\/script>\n<!-- \/ Yoast SEO plugin. -->","yoast_head_json":{"title":"Vanja Vukovi\u0107 iz Prijedora uhap\u0161en zbog prijetnji svjedoku u predmetu ubistva Radenka Ba\u0161i\u0107a - PrijedorDanas.com - Prijedorski gradski portal","robots":{"index":"index","follow":"follow","max-snippet":"max-snippet:-1","max-image-preview":"max-image-preview:large","max-video-preview":"max-video-preview:-1"},"canonical":"https:\/\/www.prijedordanas.com\/?p=219515","og_locale":"en_US","og_type":"article","og_title":"Vanja Vukovi\u0107 iz Prijedora uhap\u0161en zbog prijetnji svjedoku u predmetu ubistva Radenka Ba\u0161i\u0107a - PrijedorDanas.com - Prijedorski gradski portal","og_description":"Vanja Vukovi\u0107 iz Prijedora uhap\u0161en je zbog sumnje da je prijetio svjedoku tu\u017eila\u0161tva u predmetu ubistva na\u010delnika Sektora kriminalisti\u010dke policije PU Prijedor Radenka Ba\u0161i\u0107a, saznaje ATV. U MUP-u Republike Srpske [&hellip;]","og_url":"https:\/\/www.prijedordanas.com\/?p=219515","og_site_name":"PrijedorDanas.com - Prijedorski gradski portal","article_publisher":"https:\/\/www.facebook.com\/PrijedorDanasCom\/","article_published_time":"2024-02-07T14:37:38+00:00","og_image":[{"url":"https:\/\/www.prijedordanas.com\/wp-content\/uploads\/2020\/09\/ilustracija-policija-hapsenje-2-300x225.jpg"}],"author":"admin","twitter_card":"summary_large_image","twitter_misc":{"Written by":"admin"},"schema":{"@context":"https:\/\/schema.org","@graph":[{"@type":"Article","@id":"https:\/\/www.prijedordanas.com\/?p=219515#article","isPartOf":{"@id":"https:\/\/www.prijedordanas.com\/?p=219515"},"author":{"name":"admin","@id":"https:\/\/www.prijedordanas.com\/#\/schema\/person\/4e08ccf29b506ca916ff86d46bb700e6"},"headline":"Vanja Vukovi\u0107 iz Prijedora uhap\u0161en zbog prijetnji svjedoku u predmetu ubistva Radenka Ba\u0161i\u0107a","datePublished":"2024-02-07T14:37:38+00:00","dateModified":"2024-02-07T14:37:38+00:00","mainEntityOfPage":{"@id":"https:\/\/www.prijedordanas.com\/?p=219515"},"wordCount":223,"publisher":{"@id":"https:\/\/www.prijedordanas.com\/#organization"},"articleSection":["Hronika"],"inLanguage":"en-US"},{"@type":"WebPage","@id":"https:\/\/www.prijedordanas.com\/?p=219515","url":"https:\/\/www.prijedordanas.com\/?p=219515","name":"Vanja Vukovi\u0107 iz Prijedora uhap\u0161en zbog prijetnji svjedoku u predmetu ubistva Radenka Ba\u0161i\u0107a - PrijedorDanas.com - Prijedorski gradski portal","isPartOf":{"@id":"https:\/\/www.prijedordanas.com\/#website"},"datePublished":"2024-02-07T14:37:38+00:00","dateModified":"2024-02-07T14:37:38+00:00","breadcrumb":{"@id":"https:\/\/www.prijedordanas.com\/?p=219515#breadcrumb"},"inLanguage":"en-US","potentialAction":[{"@type":"ReadAction","target":["https:\/\/www.prijedordanas.com\/?p=219515"]}]},{"@type":"BreadcrumbList","@id":"https:\/\/www.prijedordanas.com\/?p=219515#breadcrumb","itemListElement":[{"@type":"ListItem","position":1,"name":"Home","item":"https:\/\/www.prijedordanas.com\/"},{"@type":"ListItem","position":2,"name":"Vanja Vukovi\u0107 iz Prijedora uhap\u0161en zbog prijetnji svjedoku u predmetu ubistva Radenka Ba\u0161i\u0107a"}]},{"@type":"WebSite","@id":"https:\/\/www.prijedordanas.com\/#website","url":"https:\/\/www.prijedordanas.com\/","name":"PrijedorDanas.com - Prijedorski gradski portal","description":"Portal o doga\u0111anjima u gradu Prijedoru","publisher":{"@id":"https:\/\/www.prijedordanas.com\/#organization"},"potentialAction":[{"@type":"SearchAction","target":{"@type":"EntryPoint","urlTemplate":"https:\/\/www.prijedordanas.com\/?s={search_term_string}"},"query-input":"required name=search_term_string"}],"inLanguage":"en-US"},{"@type":"Organization","@id":"https:\/\/www.prijedordanas.com\/#organization","name":"PrijedorDanas.com","url":"https:\/\/www.prijedordanas.com\/","logo":{"@type":"ImageObject","inLanguage":"en-US","@id":"https:\/\/www.prijedordanas.com\/#\/schema\/logo\/image\/","url":"http:\/\/www.prijedordanas.com\/wp-content\/uploads\/2021\/12\/logopng.png","contentUrl":"http:\/\/www.prijedordanas.com\/wp-content\/uploads\/2021\/12\/logopng.png","width":1019,"height":776,"caption":"PrijedorDanas.com"},"image":{"@id":"https:\/\/www.prijedordanas.com\/#\/schema\/logo\/image\/"},"sameAs":["https:\/\/www.facebook.com\/PrijedorDanasCom\/"]},{"@type":"Person","@id":"https:\/\/www.prijedordanas.com\/#\/schema\/person\/4e08ccf29b506ca916ff86d46bb700e6","name":"admin","image":{"@type":"ImageObject","inLanguage":"en-US","@id":"https:\/\/www.prijedordanas.com\/#\/schema\/person\/image\/","url":"https:\/\/secure.gravatar.com\/avatar\/1d3fc949d550f0b53a5f0d51e06dfd79?s=96&d=mm&r=g","contentUrl":"https:\/\/secure.gravatar.com\/avatar\/1d3fc949d550f0b53a5f0d51e06dfd79?s=96&d=mm&r=g","caption":"admin"},"url":"https:\/\/www.prijedordanas.com\/?author=1"}]}},"_links":{"self":[{"href":"https:\/\/www.prijedordanas.com\/index.php?rest_route=\/wp\/v2\/posts\/219515"}],"collection":[{"href":"https:\/\/www.prijedordanas.com\/index.php?rest_route=\/wp\/v2\/posts"}],"about":[{"href":"https:\/\/www.prijedordanas.com\/index.php?rest_route=\/wp\/v2\/types\/post"}],"author":[{"embeddable":true,"href":"https:\/\/www.prijedordanas.com\/index.php?rest_route=\/wp\/v2\/users\/1"}],"replies":[{"embeddable":true,"href":"https:\/\/www.prijedordanas.com\/index.php?rest_route=%2Fwp%2Fv2%2Fcomments&post=219515"}],"version-history":[{"count":1,"href":"https:\/\/www.prijedordanas.com\/index.php?rest_route=\/wp\/v2\/posts\/219515\/revisions"}],"predecessor-version":[{"id":219517,"href":"https:\/\/www.prijedordanas.com\/index.php?rest_route=\/wp\/v2\/posts\/219515\/revisions\/219517"}],"wp:attachment":[{"href":"https:\/\/www.prijedordanas.com\/index.php?rest_route=%2Fwp%2Fv2%2Fmedia&parent=219515"}],"wp:term":[{"taxonomy":"category","embeddable":true,"href":"https:\/\/www.prijedordanas.com\/index.php?rest_route=%2Fwp%2Fv2%2Fcategories&post=219515"},{"taxonomy":"post_tag","embeddable":true,"href":"https:\/\/www.prijedordanas.com\/index.php?rest_route=%2Fwp%2Fv2%2Ftags&post=219515"}],"curies":[{"name":"wp","href":"https:\/\/api.w.org\/{rel}","templated":true}]}}