{"id":219512,"date":"2024-02-07T15:01:11","date_gmt":"2024-02-07T14:01:11","guid":{"rendered":"https:\/\/www.prijedordanas.com\/?p=219512"},"modified":"2024-02-07T15:01:11","modified_gmt":"2024-02-07T14:01:11","slug":"gradonacelnik-javor-puna-podrska-predsjedniku-miloradu-dodiku-ovo-je-politicki-montiran-proces-usmjeren-i-prema-sprskom-narodu","status":"publish","type":"post","link":"https:\/\/www.prijedordanas.com\/?p=219512","title":{"rendered":"Gradona\u010delnik Javor: Puna podr\u0161ka predsjedniku Miloradu Dodiku, ovo je politi\u010dki montiran proces usmjeren i prema sprskom narodu"},"content":{"rendered":"<p><a href=\"https:\/\/www.prijedordanas.com\/wp-content\/uploads\/2023\/08\/gradonacelnik-javor-slobodan.jpg\"><img loading=\"lazy\" decoding=\"async\" src=\"https:\/\/www.prijedordanas.com\/wp-content\/uploads\/2023\/08\/gradonacelnik-javor-slobodan-300x225.jpg\" alt=\"\" width=\"300\" height=\"225\" class=\"alignleft size-medium wp-image-210652\" srcset=\"https:\/\/www.prijedordanas.com\/wp-content\/uploads\/2023\/08\/gradonacelnik-javor-slobodan-300x225.jpg 300w, https:\/\/www.prijedordanas.com\/wp-content\/uploads\/2023\/08\/gradonacelnik-javor-slobodan-640x480.jpg 640w, https:\/\/www.prijedordanas.com\/wp-content\/uploads\/2023\/08\/gradonacelnik-javor-slobodan.jpg 667w\" sizes=\"(max-width: 300px) 100vw, 300px\" \/><\/a>Od samog po\u010detka su\u0111enja predsjedniku Republike Srpske Miloradu Dodiku u Sudu BiH jasno je da je u pitanju politi\u010dki montiran proces, koji je jo\u0161 jednom potvrdio sve ono na \u0161ta iz Srpske ukazujemo godinama, a \u0161to je na posljednjem ro\u010di\u0161tu i dokazano. <\/p>\n<p>Rije\u010d je o neutemeljenom i sasvim nelegitimnom postupku koji nije usmjeren samo prema predsjedniku Dodiku, vec\u0301 prema srpskom narodu. <\/p>\n<p>Ekspresna zamjena postupajuc\u0301ih sudija i izborom sudije Sene Uzunovic\u0301, koja je bila anga\u017eovana u Armiji BiH i SDA, dovodi u pitanje vjerodostojnost samog procesa ili bolje re\u010deno pravne farse. <\/p>\n<p>Moc\u0301nici iz pojedinih stranih ambasada smatraju da oni treba da kreiraju politi\u010dke procese u BiH. <\/p>\n<p>U tome ne prezaju ni od \u010dega pa ni ovakvih, slobodno mo\u017eemo rec\u0301i montiranih procesa, gdje je o\u010digledno da je presuda vec\u0301 napisana. <\/p>\n<p>Ovim putem jo\u0161 jednom dajem punu podr\u0161ku predsjedniku Republike Srpske Miloradu Dodiku da istraje u ovom politi\u010dkom ataku na instituciju koju predstavlja, da doka\u017ee i odbrani ono za \u0161ta se uvijek borio i \u0161to nema cijenu, a to je Republika Srpska! <\/p>\n<p>Gradona\u010delnik Slobodan Javor<\/p>\n","protected":false},"excerpt":{"rendered":"<p>Od samog po\u010detka su\u0111enja predsjedniku Republike Srpske Miloradu Dodiku u Sudu BiH jasno je da je u pitanju politi\u010dki montiran proces, koji je jo\u0161 jednom potvrdio sve ono na \u0161ta [&hellip;]<\/p>\n","protected":false},"author":1,"featured_media":0,"comment_status":"closed","ping_status":"open","sticky":false,"template":"","format":"standard","meta":{"_monsterinsights_skip_tracking":false,"_monsterinsights_sitenote_active":false,"_monsterinsights_sitenote_note":"","_monsterinsights_sitenote_category":0,"footnotes":""},"categories":[8],"tags":[],"yoast_head":"<!-- This site is optimized with the Yoast SEO plugin v21.6 - https:\/\/yoast.com\/wordpress\/plugins\/seo\/ -->\n<title>Gradona\u010delnik Javor: Puna podr\u0161ka predsjedniku Miloradu Dodiku, ovo je politi\u010dki montiran proces usmjeren i prema sprskom narodu - PrijedorDanas.com - Prijedorski gradski portal<\/title>\n<meta name=\"robots\" content=\"index, follow, max-snippet:-1, max-image-preview:large, max-video-preview:-1\" \/>\n<link rel=\"canonical\" href=\"https:\/\/www.prijedordanas.com\/?p=219512\" \/>\n<meta property=\"og:locale\" content=\"en_US\" \/>\n<meta property=\"og:type\" content=\"article\" \/>\n<meta property=\"og:title\" content=\"Gradona\u010delnik Javor: Puna podr\u0161ka predsjedniku Miloradu Dodiku, ovo je politi\u010dki montiran proces usmjeren i prema sprskom narodu - PrijedorDanas.com - Prijedorski gradski portal\" \/>\n<meta property=\"og:description\" content=\"Od samog po\u010detka su\u0111enja predsjedniku Republike Srpske Miloradu Dodiku u Sudu BiH jasno je da je u pitanju politi\u010dki montiran proces, koji je jo\u0161 jednom potvrdio sve ono na \u0161ta [&hellip;]\" \/>\n<meta property=\"og:url\" content=\"https:\/\/www.prijedordanas.com\/?p=219512\" \/>\n<meta property=\"og:site_name\" content=\"PrijedorDanas.com - Prijedorski gradski portal\" \/>\n<meta property=\"article:publisher\" content=\"https:\/\/www.facebook.com\/PrijedorDanasCom\/\" \/>\n<meta property=\"article:published_time\" content=\"2024-02-07T14:01:11+00:00\" \/>\n<meta property=\"og:image\" content=\"https:\/\/www.prijedordanas.com\/wp-content\/uploads\/2023\/08\/gradonacelnik-javor-slobodan-300x225.jpg\" \/>\n<meta name=\"author\" content=\"admin\" \/>\n<meta name=\"twitter:card\" content=\"summary_large_image\" \/>\n<meta name=\"twitter:label1\" content=\"Written by\" \/>\n\t<meta name=\"twitter:data1\" content=\"admin\" \/>\n<script type=\"application\/ld+json\" class=\"yoast-schema-graph\">{\"@context\":\"https:\/\/schema.org\",\"@graph\":[{\"@type\":\"Article\",\"@id\":\"https:\/\/www.prijedordanas.com\/?p=219512#article\",\"isPartOf\":{\"@id\":\"https:\/\/www.prijedordanas.com\/?p=219512\"},\"author\":{\"name\":\"admin\",\"@id\":\"https:\/\/www.prijedordanas.com\/#\/schema\/person\/4e08ccf29b506ca916ff86d46bb700e6\"},\"headline\":\"Gradona\u010delnik Javor: Puna podr\u0161ka predsjedniku Miloradu Dodiku, ovo je politi\u010dki montiran proces usmjeren i prema sprskom narodu\",\"datePublished\":\"2024-02-07T14:01:11+00:00\",\"dateModified\":\"2024-02-07T14:01:11+00:00\",\"mainEntityOfPage\":{\"@id\":\"https:\/\/www.prijedordanas.com\/?p=219512\"},\"wordCount\":209,\"publisher\":{\"@id\":\"https:\/\/www.prijedordanas.com\/#organization\"},\"articleSection\":[\"Svakodnevno\"],\"inLanguage\":\"en-US\"},{\"@type\":\"WebPage\",\"@id\":\"https:\/\/www.prijedordanas.com\/?p=219512\",\"url\":\"https:\/\/www.prijedordanas.com\/?p=219512\",\"name\":\"Gradona\u010delnik Javor: Puna podr\u0161ka predsjedniku Miloradu Dodiku, ovo je politi\u010dki montiran proces usmjeren i prema sprskom narodu - PrijedorDanas.com - Prijedorski gradski portal\",\"isPartOf\":{\"@id\":\"https:\/\/www.prijedordanas.com\/#website\"},\"datePublished\":\"2024-02-07T14:01:11+00:00\",\"dateModified\":\"2024-02-07T14:01:11+00:00\",\"breadcrumb\":{\"@id\":\"https:\/\/www.prijedordanas.com\/?p=219512#breadcrumb\"},\"inLanguage\":\"en-US\",\"potentialAction\":[{\"@type\":\"ReadAction\",\"target\":[\"https:\/\/www.prijedordanas.com\/?p=219512\"]}]},{\"@type\":\"BreadcrumbList\",\"@id\":\"https:\/\/www.prijedordanas.com\/?p=219512#breadcrumb\",\"itemListElement\":[{\"@type\":\"ListItem\",\"position\":1,\"name\":\"Home\",\"item\":\"https:\/\/www.prijedordanas.com\/\"},{\"@type\":\"ListItem\",\"position\":2,\"name\":\"Gradona\u010delnik Javor: Puna podr\u0161ka predsjedniku Miloradu Dodiku, ovo je politi\u010dki montiran proces usmjeren i prema sprskom narodu\"}]},{\"@type\":\"WebSite\",\"@id\":\"https:\/\/www.prijedordanas.com\/#website\",\"url\":\"https:\/\/www.prijedordanas.com\/\",\"name\":\"PrijedorDanas.com - Prijedorski gradski portal\",\"description\":\"Portal o doga\u0111anjima u gradu Prijedoru\",\"publisher\":{\"@id\":\"https:\/\/www.prijedordanas.com\/#organization\"},\"potentialAction\":[{\"@type\":\"SearchAction\",\"target\":{\"@type\":\"EntryPoint\",\"urlTemplate\":\"https:\/\/www.prijedordanas.com\/?s={search_term_string}\"},\"query-input\":\"required name=search_term_string\"}],\"inLanguage\":\"en-US\"},{\"@type\":\"Organization\",\"@id\":\"https:\/\/www.prijedordanas.com\/#organization\",\"name\":\"PrijedorDanas.com\",\"url\":\"https:\/\/www.prijedordanas.com\/\",\"logo\":{\"@type\":\"ImageObject\",\"inLanguage\":\"en-US\",\"@id\":\"https:\/\/www.prijedordanas.com\/#\/schema\/logo\/image\/\",\"url\":\"http:\/\/www.prijedordanas.com\/wp-content\/uploads\/2021\/12\/logopng.png\",\"contentUrl\":\"http:\/\/www.prijedordanas.com\/wp-content\/uploads\/2021\/12\/logopng.png\",\"width\":1019,\"height\":776,\"caption\":\"PrijedorDanas.com\"},\"image\":{\"@id\":\"https:\/\/www.prijedordanas.com\/#\/schema\/logo\/image\/\"},\"sameAs\":[\"https:\/\/www.facebook.com\/PrijedorDanasCom\/\"]},{\"@type\":\"Person\",\"@id\":\"https:\/\/www.prijedordanas.com\/#\/schema\/person\/4e08ccf29b506ca916ff86d46bb700e6\",\"name\":\"admin\",\"image\":{\"@type\":\"ImageObject\",\"inLanguage\":\"en-US\",\"@id\":\"https:\/\/www.prijedordanas.com\/#\/schema\/person\/image\/\",\"url\":\"https:\/\/secure.gravatar.com\/avatar\/1d3fc949d550f0b53a5f0d51e06dfd79?s=96&d=mm&r=g\",\"contentUrl\":\"https:\/\/secure.gravatar.com\/avatar\/1d3fc949d550f0b53a5f0d51e06dfd79?s=96&d=mm&r=g\",\"caption\":\"admin\"},\"url\":\"https:\/\/www.prijedordanas.com\/?author=1\"}]}<\/script>\n<!-- \/ Yoast SEO plugin. -->","yoast_head_json":{"title":"Gradona\u010delnik Javor: Puna podr\u0161ka predsjedniku Miloradu Dodiku, ovo je politi\u010dki montiran proces usmjeren i prema sprskom narodu - PrijedorDanas.com - Prijedorski gradski portal","robots":{"index":"index","follow":"follow","max-snippet":"max-snippet:-1","max-image-preview":"max-image-preview:large","max-video-preview":"max-video-preview:-1"},"canonical":"https:\/\/www.prijedordanas.com\/?p=219512","og_locale":"en_US","og_type":"article","og_title":"Gradona\u010delnik Javor: Puna podr\u0161ka predsjedniku Miloradu Dodiku, ovo je politi\u010dki montiran proces usmjeren i prema sprskom narodu - PrijedorDanas.com - Prijedorski gradski portal","og_description":"Od samog po\u010detka su\u0111enja predsjedniku Republike Srpske Miloradu Dodiku u Sudu BiH jasno je da je u pitanju politi\u010dki montiran proces, koji je jo\u0161 jednom potvrdio sve ono na \u0161ta [&hellip;]","og_url":"https:\/\/www.prijedordanas.com\/?p=219512","og_site_name":"PrijedorDanas.com - Prijedorski gradski portal","article_publisher":"https:\/\/www.facebook.com\/PrijedorDanasCom\/","article_published_time":"2024-02-07T14:01:11+00:00","og_image":[{"url":"https:\/\/www.prijedordanas.com\/wp-content\/uploads\/2023\/08\/gradonacelnik-javor-slobodan-300x225.jpg"}],"author":"admin","twitter_card":"summary_large_image","twitter_misc":{"Written by":"admin"},"schema":{"@context":"https:\/\/schema.org","@graph":[{"@type":"Article","@id":"https:\/\/www.prijedordanas.com\/?p=219512#article","isPartOf":{"@id":"https:\/\/www.prijedordanas.com\/?p=219512"},"author":{"name":"admin","@id":"https:\/\/www.prijedordanas.com\/#\/schema\/person\/4e08ccf29b506ca916ff86d46bb700e6"},"headline":"Gradona\u010delnik Javor: Puna podr\u0161ka predsjedniku Miloradu Dodiku, ovo je politi\u010dki montiran proces usmjeren i prema sprskom narodu","datePublished":"2024-02-07T14:01:11+00:00","dateModified":"2024-02-07T14:01:11+00:00","mainEntityOfPage":{"@id":"https:\/\/www.prijedordanas.com\/?p=219512"},"wordCount":209,"publisher":{"@id":"https:\/\/www.prijedordanas.com\/#organization"},"articleSection":["Svakodnevno"],"inLanguage":"en-US"},{"@type":"WebPage","@id":"https:\/\/www.prijedordanas.com\/?p=219512","url":"https:\/\/www.prijedordanas.com\/?p=219512","name":"Gradona\u010delnik Javor: Puna podr\u0161ka predsjedniku Miloradu Dodiku, ovo je politi\u010dki montiran proces usmjeren i prema sprskom narodu - PrijedorDanas.com - Prijedorski gradski portal","isPartOf":{"@id":"https:\/\/www.prijedordanas.com\/#website"},"datePublished":"2024-02-07T14:01:11+00:00","dateModified":"2024-02-07T14:01:11+00:00","breadcrumb":{"@id":"https:\/\/www.prijedordanas.com\/?p=219512#breadcrumb"},"inLanguage":"en-US","potentialAction":[{"@type":"ReadAction","target":["https:\/\/www.prijedordanas.com\/?p=219512"]}]},{"@type":"BreadcrumbList","@id":"https:\/\/www.prijedordanas.com\/?p=219512#breadcrumb","itemListElement":[{"@type":"ListItem","position":1,"name":"Home","item":"https:\/\/www.prijedordanas.com\/"},{"@type":"ListItem","position":2,"name":"Gradona\u010delnik Javor: Puna podr\u0161ka predsjedniku Miloradu Dodiku, ovo je politi\u010dki montiran proces usmjeren i prema sprskom narodu"}]},{"@type":"WebSite","@id":"https:\/\/www.prijedordanas.com\/#website","url":"https:\/\/www.prijedordanas.com\/","name":"PrijedorDanas.com - Prijedorski gradski portal","description":"Portal o doga\u0111anjima u gradu Prijedoru","publisher":{"@id":"https:\/\/www.prijedordanas.com\/#organization"},"potentialAction":[{"@type":"SearchAction","target":{"@type":"EntryPoint","urlTemplate":"https:\/\/www.prijedordanas.com\/?s={search_term_string}"},"query-input":"required name=search_term_string"}],"inLanguage":"en-US"},{"@type":"Organization","@id":"https:\/\/www.prijedordanas.com\/#organization","name":"PrijedorDanas.com","url":"https:\/\/www.prijedordanas.com\/","logo":{"@type":"ImageObject","inLanguage":"en-US","@id":"https:\/\/www.prijedordanas.com\/#\/schema\/logo\/image\/","url":"http:\/\/www.prijedordanas.com\/wp-content\/uploads\/2021\/12\/logopng.png","contentUrl":"http:\/\/www.prijedordanas.com\/wp-content\/uploads\/2021\/12\/logopng.png","width":1019,"height":776,"caption":"PrijedorDanas.com"},"image":{"@id":"https:\/\/www.prijedordanas.com\/#\/schema\/logo\/image\/"},"sameAs":["https:\/\/www.facebook.com\/PrijedorDanasCom\/"]},{"@type":"Person","@id":"https:\/\/www.prijedordanas.com\/#\/schema\/person\/4e08ccf29b506ca916ff86d46bb700e6","name":"admin","image":{"@type":"ImageObject","inLanguage":"en-US","@id":"https:\/\/www.prijedordanas.com\/#\/schema\/person\/image\/","url":"https:\/\/secure.gravatar.com\/avatar\/1d3fc949d550f0b53a5f0d51e06dfd79?s=96&d=mm&r=g","contentUrl":"https:\/\/secure.gravatar.com\/avatar\/1d3fc949d550f0b53a5f0d51e06dfd79?s=96&d=mm&r=g","caption":"admin"},"url":"https:\/\/www.prijedordanas.com\/?author=1"}]}},"_links":{"self":[{"href":"https:\/\/www.prijedordanas.com\/index.php?rest_route=\/wp\/v2\/posts\/219512"}],"collection":[{"href":"https:\/\/www.prijedordanas.com\/index.php?rest_route=\/wp\/v2\/posts"}],"about":[{"href":"https:\/\/www.prijedordanas.com\/index.php?rest_route=\/wp\/v2\/types\/post"}],"author":[{"embeddable":true,"href":"https:\/\/www.prijedordanas.com\/index.php?rest_route=\/wp\/v2\/users\/1"}],"replies":[{"embeddable":true,"href":"https:\/\/www.prijedordanas.com\/index.php?rest_route=%2Fwp%2Fv2%2Fcomments&post=219512"}],"version-history":[{"count":1,"href":"https:\/\/www.prijedordanas.com\/index.php?rest_route=\/wp\/v2\/posts\/219512\/revisions"}],"predecessor-version":[{"id":219514,"href":"https:\/\/www.prijedordanas.com\/index.php?rest_route=\/wp\/v2\/posts\/219512\/revisions\/219514"}],"wp:attachment":[{"href":"https:\/\/www.prijedordanas.com\/index.php?rest_route=%2Fwp%2Fv2%2Fmedia&parent=219512"}],"wp:term":[{"taxonomy":"category","embeddable":true,"href":"https:\/\/www.prijedordanas.com\/index.php?rest_route=%2Fwp%2Fv2%2Fcategories&post=219512"},{"taxonomy":"post_tag","embeddable":true,"href":"https:\/\/www.prijedordanas.com\/index.php?rest_route=%2Fwp%2Fv2%2Ftags&post=219512"}],"curies":[{"name":"wp","href":"https:\/\/api.w.org\/{rel}","templated":true}]}}