{"id":219507,"date":"2024-02-07T14:01:14","date_gmt":"2024-02-07T13:01:14","guid":{"rendered":"https:\/\/www.prijedordanas.com\/?p=219507"},"modified":"2024-02-07T23:26:45","modified_gmt":"2024-02-07T22:26:45","slug":"ministar-egic-sa-predstavnicima-boraca-prijedorske-regije-borci-korektivni-faktor-koji-daje-dobre-sugestije","status":"publish","type":"post","link":"https:\/\/www.prijedordanas.com\/?p=219507","title":{"rendered":"Ministar Egi\u0107 sa predstavnicima boraca prijedorske regije: Borci korektivni faktor koji daje dobre sugestije &#8211; VIDEO"},"content":{"rendered":"<p><a href=\"https:\/\/www.prijedordanas.com\/wp-content\/uploads\/2024\/02\/ministar-egic-borci-prijedorske-regije-1.jpg\"><img loading=\"lazy\" decoding=\"async\" class=\"alignleft size-medium wp-image-219508\" src=\"https:\/\/www.prijedordanas.com\/wp-content\/uploads\/2024\/02\/ministar-egic-borci-prijedorske-regije-1-300x225.jpg\" alt=\"\" width=\"300\" height=\"225\" srcset=\"https:\/\/www.prijedordanas.com\/wp-content\/uploads\/2024\/02\/ministar-egic-borci-prijedorske-regije-1-300x225.jpg 300w, https:\/\/www.prijedordanas.com\/wp-content\/uploads\/2024\/02\/ministar-egic-borci-prijedorske-regije-1-640x480.jpg 640w, https:\/\/www.prijedordanas.com\/wp-content\/uploads\/2024\/02\/ministar-egic-borci-prijedorske-regije-1.jpg 666w\" sizes=\"(max-width: 300px) 100vw, 300px\" \/><\/a>Ministar rada i bora\u010dko-invalidske za\u0161tite Republike Srpske Danijel Egi\u0107 izjavio je danas da je Bora\u010dka organizacija Republike Srpske stub ove republike, da su borci korektivni faktor koji daje dobre sugestije i ima dobre namjere u smislu o\u010duvanja Republike Srpske, napretka i boljitka dru\u0161tva i \u017eivota.<\/p>\n<p>Egi\u0107 isti\u010de da su pripadnici BORS-a pripadnici odbranili Republiku i da su to ljudi na koje se Srpska i dalje mora oslanjati.<\/p>\n<p>On je naveo da aktuelna politi\u010dka situacija neizbje\u017eno uti\u010de na sve sfere \u017eivota, da se razgovara o projekcijama \u0161ta bi se moglo desiti usljed postoje\u0107ih okolnosti.<\/p>\n<p>&#8220;U Republici Srpskoj imamo veliki respekt prema njima i ja, kao njihov saborac, veoma rado sjedam, saslu\u0161am i \u010desto postupim po njihovim primjedbama i sugestijama&#8221;, rekao je Egi\u0107 novinarima u Prijedoru gdje je odr\u017eao redovni radni sastanak sa gradskom i op\u0161tinskim bora\u010dkim organizacijama prijedorske regije.<\/p>\n<p>Osvr\u0107u\u0107i se na hap\u0161enja lica koja su u sudskim postupcima, Egi\u0107 je rekao da je tra\u017eio sastanak s tu\u017eila\u0161tvom &#8220;da vidi da se takva praksa ne smije vi\u0161e ponavljati&#8221;.<\/p>\n<p><a href=\"https:\/\/www.prijedordanas.com\/wp-content\/uploads\/2024\/02\/ministar-egic-borci-prijedorske-regije-2.jpg\"><img loading=\"lazy\" decoding=\"async\" class=\"alignleft size-medium wp-image-219509\" src=\"https:\/\/www.prijedordanas.com\/wp-content\/uploads\/2024\/02\/ministar-egic-borci-prijedorske-regije-2-300x223.jpg\" alt=\"\" width=\"300\" height=\"223\" srcset=\"https:\/\/www.prijedordanas.com\/wp-content\/uploads\/2024\/02\/ministar-egic-borci-prijedorske-regije-2-300x223.jpg 300w, https:\/\/www.prijedordanas.com\/wp-content\/uploads\/2024\/02\/ministar-egic-borci-prijedorske-regije-2.jpg 600w\" sizes=\"(max-width: 300px) 100vw, 300px\" \/><\/a>&#8220;Oni su ljudi koji se redovno odazivaju na te pozive, te nema potrebe da im se no\u0107u upada u ku\u0107e, da ih se hapsi i odvodi i dovodi do odre\u0111enih trauma. Moramo da povedemo ra\u010duna o ljudima koji su u postupcima u vidu materijalnog obezbje\u0111enja&#8221;, ka\u017ee on.<\/p>\n<p>Prema njegovim rije\u010dima, bora\u010dka populacija trebala bi se ugledati na penzionere i da svako odvoji jednu KM mjese\u010dno u fond.<\/p>\n<p>&#8220;To zna\u010di, ako ima 200.000 registrovanih boraca mo\u017eemo toliko KM mjese\u010dno da izdvojimo u jedan fond&#8221;, naveo je Egi\u0107.<\/p>\n<p>Prema njegovim rije\u010dima, iz tog bi se fonda pla\u0107ale advokatske ku\u0107e i pomagali ljudi koji su procesuirani, koji su sada u procesu, koji slu\u017ee kaznu i koji nakon odslu\u017eenja kazne zavr\u0161e izvan sistema i bore se za egzistenciju.<\/p>\n<p>Predsjednik Bora\u010dke organizacije grada Prijedora Vojislav Kondi\u0107 ponovio je da se u posljednjih godinu dana u kontinuitetu popravljuju neke stvari, za razliku od prethodnog stagniranja u pogledu prava boraca.<\/p>\n<p><a href=\"https:\/\/www.prijedordanas.com\/wp-content\/uploads\/2024\/02\/ministar-egic-borci-prijedorske-regije-3.jpg\"><img loading=\"lazy\" decoding=\"async\" class=\"alignleft size-medium wp-image-219510\" src=\"https:\/\/www.prijedordanas.com\/wp-content\/uploads\/2024\/02\/ministar-egic-borci-prijedorske-regije-3-300x223.jpg\" alt=\"\" width=\"300\" height=\"223\" srcset=\"https:\/\/www.prijedordanas.com\/wp-content\/uploads\/2024\/02\/ministar-egic-borci-prijedorske-regije-3-300x223.jpg 300w, https:\/\/www.prijedordanas.com\/wp-content\/uploads\/2024\/02\/ministar-egic-borci-prijedorske-regije-3.jpg 674w\" sizes=\"(max-width: 300px) 100vw, 300px\" \/><\/a>&#8220;Na\u0161 zadatak je da tra\u017eimo da budemo uporni u realnim i objektivnim zahtjevima u skladu s mogu\u0107nostima da \u0161to kvalitetnije se doprinese pobolj\u0161anju statusa boraca. Bora\u010dki dodatak mora biti permanentno u narednom periodu pove\u0107avan&#8221;, naveo je Kondi\u0107.<\/p>\n<p>On je naglasio da treba popraviti status ljudi koji su bili ratni zarobljenici.<\/p>\n<p>&#8220;Rat nije zavr\u0161io 21. novembra 1995. za te ljude. Mi imamo ljude sa podru\u010dja \u010ditave regiona koji su iz logora iza\u0161li \u010dak i 1997. godine&#8221;, dodao je Kondi\u0107.<\/p>\n<p>Prema njegovim rije\u010dima, uglavnom je dobra saradnja bora\u010dkih organizacija sa jedinicima lokalne samouprave prijedorske regije.<\/p>\n<p>&#8220;Bilo je i ranije, a ima i sada stvari koje bi se mogle na lokalnim nivoima popravljati sa lokalnim vlastima i normalno da o\u010dekujemo posredovanje od samog Ministarstva i Vlade Republike Srpske u cilju popravljanja statusa boraca&#8221;, ocijenio je Kondi\u0107.<\/p>\n<p>Predsjednik Bora\u010dke organizacije Kozarska Dubica Nenad Buli\u0107 rekao je da je goru\u0107e pitanje u ovoj op\u0161tini izgradnja spomenika u mjesnoj bora\u010dkoj organizaciji Komlenac koje bi trebalo biti izgra\u0111eno za \u0161est civilnih \u017ertava rata i 25 poginulih boraca me\u0111u kojima je major Milan Tepi\u0107, jedini narodni heroj biv\u0161e dr\u017eave i Republike Srpske.<\/p>\n<p>Prema njegovim rije\u010dima, dopunska prava boraca u op\u0161tini Kozarska Dubica su jako mala i insistira se na njnjihovom pove\u0107anju.<\/p>\n<p>Sastanku su prisustvovali i predstavnici bora\u010dkih organizacija Kostajnice, Novog Grada, O\u0161tre Luke i Krupe na Uni.<\/p>\n<p>Protokolom ministra Egi\u0107a predvi\u0111en je sastanak s gradona\u010delnikom Prijedora Slobodanom Javorom i posjeta preduze\u0107u &#8220;Mastervud&#8221;, o \u010demu \u0107e javnost biti informisana putem saop\u0161tenja.<\/p>\n<p>SRNA<\/p>\n<p><iframe loading=\"lazy\" title=\"MINISTAR EGI\u0106 SA PREDSTAVNICIMA BORACA PRIJEDORSKE REGIJE\" width=\"500\" height=\"281\" src=\"https:\/\/www.youtube.com\/embed\/zbq1vDib8KU?feature=oembed\" frameborder=\"0\" allow=\"accelerometer; autoplay; clipboard-write; encrypted-media; gyroscope; picture-in-picture; web-share\" allowfullscreen><\/iframe><\/p>\n","protected":false},"excerpt":{"rendered":"<p>Ministar rada i bora\u010dko-invalidske za\u0161tite Republike Srpske Danijel Egi\u0107 izjavio je danas da je Bora\u010dka organizacija Republike Srpske stub ove republike, da su borci korektivni faktor koji daje dobre sugestije [&hellip;]<\/p>\n","protected":false},"author":1,"featured_media":0,"comment_status":"closed","ping_status":"open","sticky":false,"template":"","format":"standard","meta":{"_monsterinsights_skip_tracking":false,"_monsterinsights_sitenote_active":false,"_monsterinsights_sitenote_note":"","_monsterinsights_sitenote_category":0,"footnotes":""},"categories":[4],"tags":[],"yoast_head":"<!-- This site is optimized with the Yoast SEO plugin v21.6 - https:\/\/yoast.com\/wordpress\/plugins\/seo\/ -->\n<title>Ministar Egi\u0107 sa predstavnicima boraca prijedorske regije: Borci korektivni faktor koji daje dobre sugestije - VIDEO - PrijedorDanas.com - Prijedorski gradski portal<\/title>\n<meta name=\"robots\" content=\"index, follow, max-snippet:-1, max-image-preview:large, max-video-preview:-1\" \/>\n<link rel=\"canonical\" href=\"https:\/\/www.prijedordanas.com\/?p=219507\" \/>\n<meta property=\"og:locale\" content=\"en_US\" \/>\n<meta property=\"og:type\" content=\"article\" \/>\n<meta property=\"og:title\" content=\"Ministar Egi\u0107 sa predstavnicima boraca prijedorske regije: Borci korektivni faktor koji daje dobre sugestije - VIDEO - PrijedorDanas.com - Prijedorski gradski portal\" \/>\n<meta property=\"og:description\" content=\"Ministar rada i bora\u010dko-invalidske za\u0161tite Republike Srpske Danijel Egi\u0107 izjavio je danas da je Bora\u010dka organizacija Republike Srpske stub ove republike, da su borci korektivni faktor koji daje dobre sugestije [&hellip;]\" \/>\n<meta property=\"og:url\" content=\"https:\/\/www.prijedordanas.com\/?p=219507\" \/>\n<meta property=\"og:site_name\" content=\"PrijedorDanas.com - Prijedorski gradski portal\" \/>\n<meta property=\"article:publisher\" content=\"https:\/\/www.facebook.com\/PrijedorDanasCom\/\" \/>\n<meta property=\"article:published_time\" content=\"2024-02-07T13:01:14+00:00\" \/>\n<meta property=\"article:modified_time\" content=\"2024-02-07T22:26:45+00:00\" \/>\n<meta property=\"og:image\" content=\"https:\/\/www.prijedordanas.com\/wp-content\/uploads\/2024\/02\/ministar-egic-borci-prijedorske-regije-1-300x225.jpg\" \/>\n<meta name=\"author\" content=\"admin\" \/>\n<meta name=\"twitter:card\" content=\"summary_large_image\" \/>\n<meta name=\"twitter:label1\" content=\"Written by\" \/>\n\t<meta name=\"twitter:data1\" content=\"admin\" \/>\n\t<meta name=\"twitter:label2\" content=\"Est. reading time\" \/>\n\t<meta name=\"twitter:data2\" content=\"4 minutes\" \/>\n<script type=\"application\/ld+json\" class=\"yoast-schema-graph\">{\"@context\":\"https:\/\/schema.org\",\"@graph\":[{\"@type\":\"Article\",\"@id\":\"https:\/\/www.prijedordanas.com\/?p=219507#article\",\"isPartOf\":{\"@id\":\"https:\/\/www.prijedordanas.com\/?p=219507\"},\"author\":{\"name\":\"admin\",\"@id\":\"https:\/\/www.prijedordanas.com\/#\/schema\/person\/4e08ccf29b506ca916ff86d46bb700e6\"},\"headline\":\"Ministar Egi\u0107 sa predstavnicima boraca prijedorske regije: Borci korektivni faktor koji daje dobre sugestije &#8211; VIDEO\",\"datePublished\":\"2024-02-07T13:01:14+00:00\",\"dateModified\":\"2024-02-07T22:26:45+00:00\",\"mainEntityOfPage\":{\"@id\":\"https:\/\/www.prijedordanas.com\/?p=219507\"},\"wordCount\":654,\"publisher\":{\"@id\":\"https:\/\/www.prijedordanas.com\/#organization\"},\"articleSection\":[\"Dru\u0161tvo\"],\"inLanguage\":\"en-US\"},{\"@type\":\"WebPage\",\"@id\":\"https:\/\/www.prijedordanas.com\/?p=219507\",\"url\":\"https:\/\/www.prijedordanas.com\/?p=219507\",\"name\":\"Ministar Egi\u0107 sa predstavnicima boraca prijedorske regije: Borci korektivni faktor koji daje dobre sugestije - VIDEO - PrijedorDanas.com - Prijedorski gradski portal\",\"isPartOf\":{\"@id\":\"https:\/\/www.prijedordanas.com\/#website\"},\"datePublished\":\"2024-02-07T13:01:14+00:00\",\"dateModified\":\"2024-02-07T22:26:45+00:00\",\"breadcrumb\":{\"@id\":\"https:\/\/www.prijedordanas.com\/?p=219507#breadcrumb\"},\"inLanguage\":\"en-US\",\"potentialAction\":[{\"@type\":\"ReadAction\",\"target\":[\"https:\/\/www.prijedordanas.com\/?p=219507\"]}]},{\"@type\":\"BreadcrumbList\",\"@id\":\"https:\/\/www.prijedordanas.com\/?p=219507#breadcrumb\",\"itemListElement\":[{\"@type\":\"ListItem\",\"position\":1,\"name\":\"Home\",\"item\":\"https:\/\/www.prijedordanas.com\/\"},{\"@type\":\"ListItem\",\"position\":2,\"name\":\"Ministar Egi\u0107 sa predstavnicima boraca prijedorske regije: Borci korektivni faktor koji daje dobre sugestije &#8211; VIDEO\"}]},{\"@type\":\"WebSite\",\"@id\":\"https:\/\/www.prijedordanas.com\/#website\",\"url\":\"https:\/\/www.prijedordanas.com\/\",\"name\":\"PrijedorDanas.com - Prijedorski gradski portal\",\"description\":\"Portal o doga\u0111anjima u gradu Prijedoru\",\"publisher\":{\"@id\":\"https:\/\/www.prijedordanas.com\/#organization\"},\"potentialAction\":[{\"@type\":\"SearchAction\",\"target\":{\"@type\":\"EntryPoint\",\"urlTemplate\":\"https:\/\/www.prijedordanas.com\/?s={search_term_string}\"},\"query-input\":\"required name=search_term_string\"}],\"inLanguage\":\"en-US\"},{\"@type\":\"Organization\",\"@id\":\"https:\/\/www.prijedordanas.com\/#organization\",\"name\":\"PrijedorDanas.com\",\"url\":\"https:\/\/www.prijedordanas.com\/\",\"logo\":{\"@type\":\"ImageObject\",\"inLanguage\":\"en-US\",\"@id\":\"https:\/\/www.prijedordanas.com\/#\/schema\/logo\/image\/\",\"url\":\"http:\/\/www.prijedordanas.com\/wp-content\/uploads\/2021\/12\/logopng.png\",\"contentUrl\":\"http:\/\/www.prijedordanas.com\/wp-content\/uploads\/2021\/12\/logopng.png\",\"width\":1019,\"height\":776,\"caption\":\"PrijedorDanas.com\"},\"image\":{\"@id\":\"https:\/\/www.prijedordanas.com\/#\/schema\/logo\/image\/\"},\"sameAs\":[\"https:\/\/www.facebook.com\/PrijedorDanasCom\/\"]},{\"@type\":\"Person\",\"@id\":\"https:\/\/www.prijedordanas.com\/#\/schema\/person\/4e08ccf29b506ca916ff86d46bb700e6\",\"name\":\"admin\",\"image\":{\"@type\":\"ImageObject\",\"inLanguage\":\"en-US\",\"@id\":\"https:\/\/www.prijedordanas.com\/#\/schema\/person\/image\/\",\"url\":\"https:\/\/secure.gravatar.com\/avatar\/1d3fc949d550f0b53a5f0d51e06dfd79?s=96&d=mm&r=g\",\"contentUrl\":\"https:\/\/secure.gravatar.com\/avatar\/1d3fc949d550f0b53a5f0d51e06dfd79?s=96&d=mm&r=g\",\"caption\":\"admin\"},\"url\":\"https:\/\/www.prijedordanas.com\/?author=1\"}]}<\/script>\n<!-- \/ Yoast SEO plugin. -->","yoast_head_json":{"title":"Ministar Egi\u0107 sa predstavnicima boraca prijedorske regije: Borci korektivni faktor koji daje dobre sugestije - VIDEO - PrijedorDanas.com - Prijedorski gradski portal","robots":{"index":"index","follow":"follow","max-snippet":"max-snippet:-1","max-image-preview":"max-image-preview:large","max-video-preview":"max-video-preview:-1"},"canonical":"https:\/\/www.prijedordanas.com\/?p=219507","og_locale":"en_US","og_type":"article","og_title":"Ministar Egi\u0107 sa predstavnicima boraca prijedorske regije: Borci korektivni faktor koji daje dobre sugestije - VIDEO - PrijedorDanas.com - Prijedorski gradski portal","og_description":"Ministar rada i bora\u010dko-invalidske za\u0161tite Republike Srpske Danijel Egi\u0107 izjavio je danas da je Bora\u010dka organizacija Republike Srpske stub ove republike, da su borci korektivni faktor koji daje dobre sugestije [&hellip;]","og_url":"https:\/\/www.prijedordanas.com\/?p=219507","og_site_name":"PrijedorDanas.com - Prijedorski gradski portal","article_publisher":"https:\/\/www.facebook.com\/PrijedorDanasCom\/","article_published_time":"2024-02-07T13:01:14+00:00","article_modified_time":"2024-02-07T22:26:45+00:00","og_image":[{"url":"https:\/\/www.prijedordanas.com\/wp-content\/uploads\/2024\/02\/ministar-egic-borci-prijedorske-regije-1-300x225.jpg"}],"author":"admin","twitter_card":"summary_large_image","twitter_misc":{"Written by":"admin","Est. reading time":"4 minutes"},"schema":{"@context":"https:\/\/schema.org","@graph":[{"@type":"Article","@id":"https:\/\/www.prijedordanas.com\/?p=219507#article","isPartOf":{"@id":"https:\/\/www.prijedordanas.com\/?p=219507"},"author":{"name":"admin","@id":"https:\/\/www.prijedordanas.com\/#\/schema\/person\/4e08ccf29b506ca916ff86d46bb700e6"},"headline":"Ministar Egi\u0107 sa predstavnicima boraca prijedorske regije: Borci korektivni faktor koji daje dobre sugestije &#8211; VIDEO","datePublished":"2024-02-07T13:01:14+00:00","dateModified":"2024-02-07T22:26:45+00:00","mainEntityOfPage":{"@id":"https:\/\/www.prijedordanas.com\/?p=219507"},"wordCount":654,"publisher":{"@id":"https:\/\/www.prijedordanas.com\/#organization"},"articleSection":["Dru\u0161tvo"],"inLanguage":"en-US"},{"@type":"WebPage","@id":"https:\/\/www.prijedordanas.com\/?p=219507","url":"https:\/\/www.prijedordanas.com\/?p=219507","name":"Ministar Egi\u0107 sa predstavnicima boraca prijedorske regije: Borci korektivni faktor koji daje dobre sugestije - VIDEO - PrijedorDanas.com - Prijedorski gradski portal","isPartOf":{"@id":"https:\/\/www.prijedordanas.com\/#website"},"datePublished":"2024-02-07T13:01:14+00:00","dateModified":"2024-02-07T22:26:45+00:00","breadcrumb":{"@id":"https:\/\/www.prijedordanas.com\/?p=219507#breadcrumb"},"inLanguage":"en-US","potentialAction":[{"@type":"ReadAction","target":["https:\/\/www.prijedordanas.com\/?p=219507"]}]},{"@type":"BreadcrumbList","@id":"https:\/\/www.prijedordanas.com\/?p=219507#breadcrumb","itemListElement":[{"@type":"ListItem","position":1,"name":"Home","item":"https:\/\/www.prijedordanas.com\/"},{"@type":"ListItem","position":2,"name":"Ministar Egi\u0107 sa predstavnicima boraca prijedorske regije: Borci korektivni faktor koji daje dobre sugestije &#8211; VIDEO"}]},{"@type":"WebSite","@id":"https:\/\/www.prijedordanas.com\/#website","url":"https:\/\/www.prijedordanas.com\/","name":"PrijedorDanas.com - Prijedorski gradski portal","description":"Portal o doga\u0111anjima u gradu Prijedoru","publisher":{"@id":"https:\/\/www.prijedordanas.com\/#organization"},"potentialAction":[{"@type":"SearchAction","target":{"@type":"EntryPoint","urlTemplate":"https:\/\/www.prijedordanas.com\/?s={search_term_string}"},"query-input":"required name=search_term_string"}],"inLanguage":"en-US"},{"@type":"Organization","@id":"https:\/\/www.prijedordanas.com\/#organization","name":"PrijedorDanas.com","url":"https:\/\/www.prijedordanas.com\/","logo":{"@type":"ImageObject","inLanguage":"en-US","@id":"https:\/\/www.prijedordanas.com\/#\/schema\/logo\/image\/","url":"http:\/\/www.prijedordanas.com\/wp-content\/uploads\/2021\/12\/logopng.png","contentUrl":"http:\/\/www.prijedordanas.com\/wp-content\/uploads\/2021\/12\/logopng.png","width":1019,"height":776,"caption":"PrijedorDanas.com"},"image":{"@id":"https:\/\/www.prijedordanas.com\/#\/schema\/logo\/image\/"},"sameAs":["https:\/\/www.facebook.com\/PrijedorDanasCom\/"]},{"@type":"Person","@id":"https:\/\/www.prijedordanas.com\/#\/schema\/person\/4e08ccf29b506ca916ff86d46bb700e6","name":"admin","image":{"@type":"ImageObject","inLanguage":"en-US","@id":"https:\/\/www.prijedordanas.com\/#\/schema\/person\/image\/","url":"https:\/\/secure.gravatar.com\/avatar\/1d3fc949d550f0b53a5f0d51e06dfd79?s=96&d=mm&r=g","contentUrl":"https:\/\/secure.gravatar.com\/avatar\/1d3fc949d550f0b53a5f0d51e06dfd79?s=96&d=mm&r=g","caption":"admin"},"url":"https:\/\/www.prijedordanas.com\/?author=1"}]}},"_links":{"self":[{"href":"https:\/\/www.prijedordanas.com\/index.php?rest_route=\/wp\/v2\/posts\/219507"}],"collection":[{"href":"https:\/\/www.prijedordanas.com\/index.php?rest_route=\/wp\/v2\/posts"}],"about":[{"href":"https:\/\/www.prijedordanas.com\/index.php?rest_route=\/wp\/v2\/types\/post"}],"author":[{"embeddable":true,"href":"https:\/\/www.prijedordanas.com\/index.php?rest_route=\/wp\/v2\/users\/1"}],"replies":[{"embeddable":true,"href":"https:\/\/www.prijedordanas.com\/index.php?rest_route=%2Fwp%2Fv2%2Fcomments&post=219507"}],"version-history":[{"count":2,"href":"https:\/\/www.prijedordanas.com\/index.php?rest_route=\/wp\/v2\/posts\/219507\/revisions"}],"predecessor-version":[{"id":219553,"href":"https:\/\/www.prijedordanas.com\/index.php?rest_route=\/wp\/v2\/posts\/219507\/revisions\/219553"}],"wp:attachment":[{"href":"https:\/\/www.prijedordanas.com\/index.php?rest_route=%2Fwp%2Fv2%2Fmedia&parent=219507"}],"wp:term":[{"taxonomy":"category","embeddable":true,"href":"https:\/\/www.prijedordanas.com\/index.php?rest_route=%2Fwp%2Fv2%2Fcategories&post=219507"},{"taxonomy":"post_tag","embeddable":true,"href":"https:\/\/www.prijedordanas.com\/index.php?rest_route=%2Fwp%2Fv2%2Ftags&post=219507"}],"curies":[{"name":"wp","href":"https:\/\/api.w.org\/{rel}","templated":true}]}}